{"id":922654,"date":"2024-06-25T13:03:02","date_gmt":"2024-06-25T16:03:02","guid":{"rendered":"https:\/\/www.pm.pb.gov.br\/portal\/?p=922654"},"modified":"2024-06-25T13:03:03","modified_gmt":"2024-06-25T16:03:03","slug":"acusado-de-homicidio-com-mais-de-19-anos-de-condenacao-e-preso-pela-pm-no-bairro-do-bessa","status":"publish","type":"post","link":"https:\/\/www.pm.pb.gov.br\/portal\/2024\/06\/25\/acusado-de-homicidio-com-mais-de-19-anos-de-condenacao-e-preso-pela-pm-no-bairro-do-bessa\/","title":{"rendered":"Acusado de homic\u00eddio com mais de 19 anos de condena\u00e7\u00e3o \u00e9 preso pela PM no bairro do Bessa"},"content":{"rendered":"\n<p>Um foragido da Justi\u00e7a condenado pelo crime de homic\u00eddio e com uma pena de 19 anos e seis meses de pris\u00e3o foi capturado pela Pol\u00edcia Militar nessa \u00faltima segunda-feira (24), no bairro do Bessa em Jo\u00e3o Pessoa (foto acima ilustrativa). A a\u00e7\u00e3o foi realizada pelo Batalh\u00e3o Especializado em Policiamento Tur\u00edstico (BEPTur), durante intensifica\u00e7\u00e3o de abordagens nesse feriad\u00e3o.<\/p>\n<p>De acordo com o comando da unidade, o condenado preso tem 35 anos de idade e foi localizado durante uma abordagem da PM, que constatou que contra ele havia um mandado de pris\u00e3o em aberto. Segundo a ordem expedida pela Vara de Execu\u00e7\u00e3o Penal, o condenado tem uma pena de 19 anos e seis meses pelos crimes de homic\u00eddio e desacato, mas estava foragido. Ele foi apresentado na Cidade da Pol\u00edcia Civil, ficando \u00e0 disposi\u00e7\u00e3o da Justi\u00e7a.<\/p>\n<p><strong>A\u00e7\u00f5es na orla \u2013<\/strong> Ainda na segunda, dois homens foram presos por crimes patrimoniais no bairro de Mana\u00edra. Um deles j\u00e1 possu\u00eda dois mandados de pris\u00e3o pelos crimes de roubo e furto. J\u00e1 o segundo acusado foi preso em flagrante, ap\u00f3s um assalto. A PM recuperou os celulares roubados e apreendeu a faca usada para o cometimento do crime. Os acusados foram encaminhados para a Cidade da Pol\u00edcia Civil.<\/p>\n\n\n","protected":false},"excerpt":{"rendered":"<p>Um foragido da Justi\u00e7a condenado pelo crime de homic\u00eddio e com uma pena de 19 anos e seis meses de<\/p>\n","protected":false},"author":12,"featured_media":916237,"comment_status":"closed","ping_status":"closed","sticky":false,"template":"","format":"standard","meta":{"_exactmetrics_skip_tracking":false,"_exactmetrics_sitenote_active":false,"_exactmetrics_sitenote_note":"","_exactmetrics_sitenote_category":0,"footnotes":""},"categories":[4],"tags":[],"yoast_head":"<!-- This site is optimized with the Yoast SEO plugin v22.0 - https:\/\/yoast.com\/wordpress\/plugins\/seo\/ -->\n<title>Acusado de homic\u00eddio com mais de 19 anos de condena\u00e7\u00e3o \u00e9 preso pela PM no bairro do Bessa - Pol\u00edcia Militar da Para\u00edba<\/title>\n<meta name=\"description\" content=\"Outros dois homens foram presos por crimes patrimoniais no bairro de Mana\u00edra; a\u00e7\u00f5es da PM foram realizadas durante intensifica\u00e7\u00e3o de abordagens nesse feriad\u00e3o.\" \/>\n<meta name=\"robots\" content=\"index, follow, max-snippet:-1, max-image-preview:large, max-video-preview:-1\" \/>\n<link rel=\"canonical\" href=\"https:\/\/www.pm.pb.gov.br\/portal\/2024\/06\/25\/acusado-de-homicidio-com-mais-de-19-anos-de-condenacao-e-preso-pela-pm-no-bairro-do-bessa\/\" \/>\n<meta property=\"og:locale\" content=\"pt_BR\" \/>\n<meta property=\"og:type\" content=\"article\" \/>\n<meta property=\"og:title\" content=\"Acusado de homic\u00eddio com mais de 19 anos de condena\u00e7\u00e3o \u00e9 preso pela PM no bairro do Bessa - Pol\u00edcia Militar da Para\u00edba\" \/>\n<meta property=\"og:description\" content=\"Outros dois homens foram presos por crimes patrimoniais no bairro de Mana\u00edra; a\u00e7\u00f5es da PM foram realizadas durante intensifica\u00e7\u00e3o de abordagens nesse feriad\u00e3o.\" \/>\n<meta property=\"og:url\" content=\"https:\/\/www.pm.pb.gov.br\/portal\/2024\/06\/25\/acusado-de-homicidio-com-mais-de-19-anos-de-condenacao-e-preso-pela-pm-no-bairro-do-bessa\/\" \/>\n<meta property=\"og:site_name\" content=\"Pol\u00edcia Militar da Para\u00edba\" \/>\n<meta property=\"article:published_time\" content=\"2024-06-25T16:03:02+00:00\" \/>\n<meta property=\"article:modified_time\" content=\"2024-06-25T16:03:03+00:00\" \/>\n<meta property=\"og:image\" content=\"http:\/\/www.pm.pb.gov.br\/portal\/wp-content\/uploads\/2023\/04\/ilustrativa-1.jpeg\" \/>\n\t<meta property=\"og:image:width\" content=\"800\" \/>\n\t<meta property=\"og:image:height\" content=\"445\" \/>\n\t<meta property=\"og:image:type\" content=\"image\/jpeg\" \/>\n<meta name=\"author\" content=\"Tarcisio Oliveira\" \/>\n<meta name=\"twitter:card\" content=\"summary_large_image\" \/>\n<meta name=\"twitter:label1\" content=\"Escrito por\" \/>\n\t<meta name=\"twitter:data1\" content=\"Tarcisio Oliveira\" \/>\n\t<meta name=\"twitter:label2\" content=\"Est. tempo de leitura\" \/>\n\t<meta name=\"twitter:data2\" content=\"2 minutos\" \/>\n<script type=\"application\/ld+json\" class=\"yoast-schema-graph\">{\"@context\":\"https:\/\/schema.org\",\"@graph\":[{\"@type\":\"Article\",\"@id\":\"https:\/\/www.pm.pb.gov.br\/portal\/2024\/06\/25\/acusado-de-homicidio-com-mais-de-19-anos-de-condenacao-e-preso-pela-pm-no-bairro-do-bessa\/#article\",\"isPartOf\":{\"@id\":\"https:\/\/www.pm.pb.gov.br\/portal\/2024\/06\/25\/acusado-de-homicidio-com-mais-de-19-anos-de-condenacao-e-preso-pela-pm-no-bairro-do-bessa\/\"},\"author\":{\"name\":\"Tarcisio Oliveira\",\"@id\":\"https:\/\/www.pm.pb.gov.br\/portal\/#\/schema\/person\/f84f56dcc78ce4357054da888b8247fd\"},\"headline\":\"Acusado de homic\u00eddio com mais de 19 anos de condena\u00e7\u00e3o \u00e9 preso pela PM no bairro do Bessa\",\"datePublished\":\"2024-06-25T16:03:02+00:00\",\"dateModified\":\"2024-06-25T16:03:03+00:00\",\"mainEntityOfPage\":{\"@id\":\"https:\/\/www.pm.pb.gov.br\/portal\/2024\/06\/25\/acusado-de-homicidio-com-mais-de-19-anos-de-condenacao-e-preso-pela-pm-no-bairro-do-bessa\/\"},\"wordCount\":237,\"publisher\":{\"@id\":\"https:\/\/www.pm.pb.gov.br\/portal\/#organization\"},\"articleSection\":[\"A\u00e7\u00f5es Policiais\"],\"inLanguage\":\"pt-BR\"},{\"@type\":\"WebPage\",\"@id\":\"https:\/\/www.pm.pb.gov.br\/portal\/2024\/06\/25\/acusado-de-homicidio-com-mais-de-19-anos-de-condenacao-e-preso-pela-pm-no-bairro-do-bessa\/\",\"url\":\"https:\/\/www.pm.pb.gov.br\/portal\/2024\/06\/25\/acusado-de-homicidio-com-mais-de-19-anos-de-condenacao-e-preso-pela-pm-no-bairro-do-bessa\/\",\"name\":\"Acusado de homic\u00eddio com mais de 19 anos de condena\u00e7\u00e3o \u00e9 preso pela PM no bairro do Bessa - Pol\u00edcia Militar da Para\u00edba\",\"isPartOf\":{\"@id\":\"https:\/\/www.pm.pb.gov.br\/portal\/#website\"},\"datePublished\":\"2024-06-25T16:03:02+00:00\",\"dateModified\":\"2024-06-25T16:03:03+00:00\",\"description\":\"Outros dois homens foram presos por crimes patrimoniais no bairro de Mana\u00edra; a\u00e7\u00f5es da PM foram realizadas durante intensifica\u00e7\u00e3o de abordagens nesse feriad\u00e3o.\",\"breadcrumb\":{\"@id\":\"https:\/\/www.pm.pb.gov.br\/portal\/2024\/06\/25\/acusado-de-homicidio-com-mais-de-19-anos-de-condenacao-e-preso-pela-pm-no-bairro-do-bessa\/#breadcrumb\"},\"inLanguage\":\"pt-BR\",\"potentialAction\":[{\"@type\":\"ReadAction\",\"target\":[\"https:\/\/www.pm.pb.gov.br\/portal\/2024\/06\/25\/acusado-de-homicidio-com-mais-de-19-anos-de-condenacao-e-preso-pela-pm-no-bairro-do-bessa\/\"]}]},{\"@type\":\"BreadcrumbList\",\"@id\":\"https:\/\/www.pm.pb.gov.br\/portal\/2024\/06\/25\/acusado-de-homicidio-com-mais-de-19-anos-de-condenacao-e-preso-pela-pm-no-bairro-do-bessa\/#breadcrumb\",\"itemListElement\":[{\"@type\":\"ListItem\",\"position\":1,\"name\":\"In\u00edcio\",\"item\":\"https:\/\/www.pm.pb.gov.br\/portal\/\"},{\"@type\":\"ListItem\",\"position\":2,\"name\":\"Acusado de homic\u00eddio com mais de 19 anos de condena\u00e7\u00e3o \u00e9 preso pela PM no bairro do Bessa\"}]},{\"@type\":\"WebSite\",\"@id\":\"https:\/\/www.pm.pb.gov.br\/portal\/#website\",\"url\":\"https:\/\/www.pm.pb.gov.br\/portal\/\",\"name\":\"Pol\u00edcia Militar da Para\u00edba\",\"description\":\"\",\"publisher\":{\"@id\":\"https:\/\/www.pm.pb.gov.br\/portal\/#organization\"},\"potentialAction\":[{\"@type\":\"SearchAction\",\"target\":{\"@type\":\"EntryPoint\",\"urlTemplate\":\"https:\/\/www.pm.pb.gov.br\/portal\/?s={search_term_string}\"},\"query-input\":\"required name=search_term_string\"}],\"inLanguage\":\"pt-BR\"},{\"@type\":\"Organization\",\"@id\":\"https:\/\/www.pm.pb.gov.br\/portal\/#organization\",\"name\":\"Pol\u00edcia Militar da Para\u00edba\",\"url\":\"https:\/\/www.pm.pb.gov.br\/portal\/\",\"logo\":{\"@type\":\"ImageObject\",\"inLanguage\":\"pt-BR\",\"@id\":\"https:\/\/www.pm.pb.gov.br\/portal\/#\/schema\/logo\/image\/\",\"url\":\"https:\/\/www.pm.pb.gov.br\/portal\/wp-content\/uploads\/2025\/03\/cropped-logo-site-mag2-1.png\",\"contentUrl\":\"https:\/\/www.pm.pb.gov.br\/portal\/wp-content\/uploads\/2025\/03\/cropped-logo-site-mag2-1.png\",\"width\":320,\"height\":90,\"caption\":\"Pol\u00edcia Militar da Para\u00edba\"},\"image\":{\"@id\":\"https:\/\/www.pm.pb.gov.br\/portal\/#\/schema\/logo\/image\/\"}},{\"@type\":\"Person\",\"@id\":\"https:\/\/www.pm.pb.gov.br\/portal\/#\/schema\/person\/f84f56dcc78ce4357054da888b8247fd\",\"name\":\"Tarcisio Oliveira\",\"image\":{\"@type\":\"ImageObject\",\"inLanguage\":\"pt-BR\",\"@id\":\"https:\/\/www.pm.pb.gov.br\/portal\/#\/schema\/person\/image\/\",\"url\":\"https:\/\/secure.gravatar.com\/avatar\/72917b630b69d31cd0297507f34bac97?s=96&d=mm&r=g\",\"contentUrl\":\"https:\/\/secure.gravatar.com\/avatar\/72917b630b69d31cd0297507f34bac97?s=96&d=mm&r=g\",\"caption\":\"Tarcisio Oliveira\"},\"url\":\"https:\/\/www.pm.pb.gov.br\/portal\/author\/tarcisio\/\"}]}<\/script>\n<!-- \/ Yoast SEO plugin. -->","yoast_head_json":{"title":"Acusado de homic\u00eddio com mais de 19 anos de condena\u00e7\u00e3o \u00e9 preso pela PM no bairro do Bessa - Pol\u00edcia Militar da Para\u00edba","description":"Outros dois homens foram presos por crimes patrimoniais no bairro de Mana\u00edra; a\u00e7\u00f5es da PM foram realizadas durante intensifica\u00e7\u00e3o de abordagens nesse feriad\u00e3o.","robots":{"index":"index","follow":"follow","max-snippet":"max-snippet:-1","max-image-preview":"max-image-preview:large","max-video-preview":"max-video-preview:-1"},"canonical":"https:\/\/www.pm.pb.gov.br\/portal\/2024\/06\/25\/acusado-de-homicidio-com-mais-de-19-anos-de-condenacao-e-preso-pela-pm-no-bairro-do-bessa\/","og_locale":"pt_BR","og_type":"article","og_title":"Acusado de homic\u00eddio com mais de 19 anos de condena\u00e7\u00e3o \u00e9 preso pela PM no bairro do Bessa - Pol\u00edcia Militar da Para\u00edba","og_description":"Outros dois homens foram presos por crimes patrimoniais no bairro de Mana\u00edra; a\u00e7\u00f5es da PM foram realizadas durante intensifica\u00e7\u00e3o de abordagens nesse feriad\u00e3o.","og_url":"https:\/\/www.pm.pb.gov.br\/portal\/2024\/06\/25\/acusado-de-homicidio-com-mais-de-19-anos-de-condenacao-e-preso-pela-pm-no-bairro-do-bessa\/","og_site_name":"Pol\u00edcia Militar da Para\u00edba","article_published_time":"2024-06-25T16:03:02+00:00","article_modified_time":"2024-06-25T16:03:03+00:00","og_image":[{"width":800,"height":445,"url":"http:\/\/www.pm.pb.gov.br\/portal\/wp-content\/uploads\/2023\/04\/ilustrativa-1.jpeg","type":"image\/jpeg"}],"author":"Tarcisio Oliveira","twitter_card":"summary_large_image","twitter_misc":{"Escrito por":"Tarcisio Oliveira","Est. tempo de leitura":"2 minutos"},"schema":{"@context":"https:\/\/schema.org","@graph":[{"@type":"Article","@id":"https:\/\/www.pm.pb.gov.br\/portal\/2024\/06\/25\/acusado-de-homicidio-com-mais-de-19-anos-de-condenacao-e-preso-pela-pm-no-bairro-do-bessa\/#article","isPartOf":{"@id":"https:\/\/www.pm.pb.gov.br\/portal\/2024\/06\/25\/acusado-de-homicidio-com-mais-de-19-anos-de-condenacao-e-preso-pela-pm-no-bairro-do-bessa\/"},"author":{"name":"Tarcisio Oliveira","@id":"https:\/\/www.pm.pb.gov.br\/portal\/#\/schema\/person\/f84f56dcc78ce4357054da888b8247fd"},"headline":"Acusado de homic\u00eddio com mais de 19 anos de condena\u00e7\u00e3o \u00e9 preso pela PM no bairro do Bessa","datePublished":"2024-06-25T16:03:02+00:00","dateModified":"2024-06-25T16:03:03+00:00","mainEntityOfPage":{"@id":"https:\/\/www.pm.pb.gov.br\/portal\/2024\/06\/25\/acusado-de-homicidio-com-mais-de-19-anos-de-condenacao-e-preso-pela-pm-no-bairro-do-bessa\/"},"wordCount":237,"publisher":{"@id":"https:\/\/www.pm.pb.gov.br\/portal\/#organization"},"articleSection":["A\u00e7\u00f5es Policiais"],"inLanguage":"pt-BR"},{"@type":"WebPage","@id":"https:\/\/www.pm.pb.gov.br\/portal\/2024\/06\/25\/acusado-de-homicidio-com-mais-de-19-anos-de-condenacao-e-preso-pela-pm-no-bairro-do-bessa\/","url":"https:\/\/www.pm.pb.gov.br\/portal\/2024\/06\/25\/acusado-de-homicidio-com-mais-de-19-anos-de-condenacao-e-preso-pela-pm-no-bairro-do-bessa\/","name":"Acusado de homic\u00eddio com mais de 19 anos de condena\u00e7\u00e3o \u00e9 preso pela PM no bairro do Bessa - Pol\u00edcia Militar da Para\u00edba","isPartOf":{"@id":"https:\/\/www.pm.pb.gov.br\/portal\/#website"},"datePublished":"2024-06-25T16:03:02+00:00","dateModified":"2024-06-25T16:03:03+00:00","description":"Outros dois homens foram presos por crimes patrimoniais no bairro de Mana\u00edra; a\u00e7\u00f5es da PM foram realizadas durante intensifica\u00e7\u00e3o de abordagens nesse feriad\u00e3o.","breadcrumb":{"@id":"https:\/\/www.pm.pb.gov.br\/portal\/2024\/06\/25\/acusado-de-homicidio-com-mais-de-19-anos-de-condenacao-e-preso-pela-pm-no-bairro-do-bessa\/#breadcrumb"},"inLanguage":"pt-BR","potentialAction":[{"@type":"ReadAction","target":["https:\/\/www.pm.pb.gov.br\/portal\/2024\/06\/25\/acusado-de-homicidio-com-mais-de-19-anos-de-condenacao-e-preso-pela-pm-no-bairro-do-bessa\/"]}]},{"@type":"BreadcrumbList","@id":"https:\/\/www.pm.pb.gov.br\/portal\/2024\/06\/25\/acusado-de-homicidio-com-mais-de-19-anos-de-condenacao-e-preso-pela-pm-no-bairro-do-bessa\/#breadcrumb","itemListElement":[{"@type":"ListItem","position":1,"name":"In\u00edcio","item":"https:\/\/www.pm.pb.gov.br\/portal\/"},{"@type":"ListItem","position":2,"name":"Acusado de homic\u00eddio com mais de 19 anos de condena\u00e7\u00e3o \u00e9 preso pela PM no bairro do Bessa"}]},{"@type":"WebSite","@id":"https:\/\/www.pm.pb.gov.br\/portal\/#website","url":"https:\/\/www.pm.pb.gov.br\/portal\/","name":"Pol\u00edcia Militar da Para\u00edba","description":"","publisher":{"@id":"https:\/\/www.pm.pb.gov.br\/portal\/#organization"},"potentialAction":[{"@type":"SearchAction","target":{"@type":"EntryPoint","urlTemplate":"https:\/\/www.pm.pb.gov.br\/portal\/?s={search_term_string}"},"query-input":"required name=search_term_string"}],"inLanguage":"pt-BR"},{"@type":"Organization","@id":"https:\/\/www.pm.pb.gov.br\/portal\/#organization","name":"Pol\u00edcia Militar da Para\u00edba","url":"https:\/\/www.pm.pb.gov.br\/portal\/","logo":{"@type":"ImageObject","inLanguage":"pt-BR","@id":"https:\/\/www.pm.pb.gov.br\/portal\/#\/schema\/logo\/image\/","url":"https:\/\/www.pm.pb.gov.br\/portal\/wp-content\/uploads\/2025\/03\/cropped-logo-site-mag2-1.png","contentUrl":"https:\/\/www.pm.pb.gov.br\/portal\/wp-content\/uploads\/2025\/03\/cropped-logo-site-mag2-1.png","width":320,"height":90,"caption":"Pol\u00edcia Militar da Para\u00edba"},"image":{"@id":"https:\/\/www.pm.pb.gov.br\/portal\/#\/schema\/logo\/image\/"}},{"@type":"Person","@id":"https:\/\/www.pm.pb.gov.br\/portal\/#\/schema\/person\/f84f56dcc78ce4357054da888b8247fd","name":"Tarcisio Oliveira","image":{"@type":"ImageObject","inLanguage":"pt-BR","@id":"https:\/\/www.pm.pb.gov.br\/portal\/#\/schema\/person\/image\/","url":"https:\/\/secure.gravatar.com\/avatar\/72917b630b69d31cd0297507f34bac97?s=96&d=mm&r=g","contentUrl":"https:\/\/secure.gravatar.com\/avatar\/72917b630b69d31cd0297507f34bac97?s=96&d=mm&r=g","caption":"Tarcisio Oliveira"},"url":"https:\/\/www.pm.pb.gov.br\/portal\/author\/tarcisio\/"}]}},"_links":{"self":[{"href":"https:\/\/www.pm.pb.gov.br\/portal\/wp-json\/wp\/v2\/posts\/922654"}],"collection":[{"href":"https:\/\/www.pm.pb.gov.br\/portal\/wp-json\/wp\/v2\/posts"}],"about":[{"href":"https:\/\/www.pm.pb.gov.br\/portal\/wp-json\/wp\/v2\/types\/post"}],"author":[{"embeddable":true,"href":"https:\/\/www.pm.pb.gov.br\/portal\/wp-json\/wp\/v2\/users\/12"}],"replies":[{"embeddable":true,"href":"https:\/\/www.pm.pb.gov.br\/portal\/wp-json\/wp\/v2\/comments?post=922654"}],"version-history":[{"count":1,"href":"https:\/\/www.pm.pb.gov.br\/portal\/wp-json\/wp\/v2\/posts\/922654\/revisions"}],"predecessor-version":[{"id":922655,"href":"https:\/\/www.pm.pb.gov.br\/portal\/wp-json\/wp\/v2\/posts\/922654\/revisions\/922655"}],"wp:featuredmedia":[{"embeddable":true,"href":"https:\/\/www.pm.pb.gov.br\/portal\/wp-json\/wp\/v2\/media\/916237"}],"wp:attachment":[{"href":"https:\/\/www.pm.pb.gov.br\/portal\/wp-json\/wp\/v2\/media?parent=922654"}],"wp:term":[{"taxonomy":"category","embeddable":true,"href":"https:\/\/www.pm.pb.gov.br\/portal\/wp-json\/wp\/v2\/categories?post=922654"},{"taxonomy":"post_tag","embeddable":true,"href":"https:\/\/www.pm.pb.gov.br\/portal\/wp-json\/wp\/v2\/tags?post=922654"}],"curies":[{"name":"wp","href":"https:\/\/api.w.org\/{rel}","templated":true}]}}