{"id":922541,"date":"2024-06-21T06:30:00","date_gmt":"2024-06-21T09:30:00","guid":{"rendered":"https:\/\/www.pm.pb.gov.br\/portal\/?p=922541"},"modified":"2024-06-21T06:59:35","modified_gmt":"2024-06-21T09:59:35","slug":"nova-fase-da-operacao-festas-juninas-acontece-na-regiao-metropolitana-da-capital","status":"publish","type":"post","link":"https:\/\/www.pm.pb.gov.br\/portal\/2024\/06\/21\/nova-fase-da-operacao-festas-juninas-acontece-na-regiao-metropolitana-da-capital\/","title":{"rendered":"Nova fase da Opera\u00e7\u00e3o Festas Juninas acontece na regi\u00e3o metropolitana da Capital"},"content":{"rendered":"\n<p>Nesta sexta-feira (21), a\u00e7\u00e3o conjunta da Pol\u00edcia Militar e do Grupo de Atua\u00e7\u00e3o Especial Contra o Crime Organizado (GAECO), do Minist\u00e9rio P\u00fablico da Para\u00edba, mira crimes patrimoniais e captura acusados de roubo na grande Jo\u00e3o Pessoa. Pris\u00f5es est\u00e3o acontecendo nos bairros na Capital, em Santa Rita, Cabedelo e Lucena (foto acima ilustrativa).<\/p>\n<p>Al\u00e9m de crimes patrimoniais, os mais de 20 acusados est\u00e3o sendo apontados tamb\u00e9m por tr\u00e1fico de drogas, homic\u00eddios, estupro, e les\u00e3o corporal, com restri\u00e7\u00f5es na Justi\u00e7a. Esta nova fase da Opera\u00e7\u00e3o Festas Juninas foi deflagrada na manh\u00e3 de hoje (21), e os presos est\u00e3o sendo apresentados na Cidade da Pol\u00edcia Civil.<\/p>\n\n\n","protected":false},"excerpt":{"rendered":"<p>Nesta sexta-feira (21), a\u00e7\u00e3o conjunta da Pol\u00edcia Militar e do Grupo de Atua\u00e7\u00e3o Especial Contra o Crime Organizado (GAECO), do<\/p>\n","protected":false},"author":12,"featured_media":917841,"comment_status":"closed","ping_status":"closed","sticky":false,"template":"","format":"standard","meta":{"_exactmetrics_skip_tracking":false,"_exactmetrics_sitenote_active":false,"_exactmetrics_sitenote_note":"","_exactmetrics_sitenote_category":0,"footnotes":""},"categories":[4],"tags":[],"yoast_head":"<!-- This site is optimized with the Yoast SEO plugin v22.0 - https:\/\/yoast.com\/wordpress\/plugins\/seo\/ -->\n<title>Nova fase da Opera\u00e7\u00e3o Festas Juninas acontece na regi\u00e3o metropolitana da Capital - Pol\u00edcia Militar da Para\u00edba<\/title>\n<meta name=\"description\" content=\"A\u00e7\u00e3o conjunta da Pol\u00edcia Militar e do Grupo de Atua\u00e7\u00e3o Especial Contra o Crime Organizado (GAECO), mira crimes patrimoniais.\" \/>\n<meta name=\"robots\" content=\"index, follow, max-snippet:-1, max-image-preview:large, max-video-preview:-1\" \/>\n<link rel=\"canonical\" href=\"https:\/\/www.pm.pb.gov.br\/portal\/2024\/06\/21\/nova-fase-da-operacao-festas-juninas-acontece-na-regiao-metropolitana-da-capital\/\" \/>\n<meta property=\"og:locale\" content=\"pt_BR\" \/>\n<meta property=\"og:type\" content=\"article\" \/>\n<meta property=\"og:title\" content=\"Nova fase da Opera\u00e7\u00e3o Festas Juninas acontece na regi\u00e3o metropolitana da Capital - Pol\u00edcia Militar da Para\u00edba\" \/>\n<meta property=\"og:description\" content=\"A\u00e7\u00e3o conjunta da Pol\u00edcia Militar e do Grupo de Atua\u00e7\u00e3o Especial Contra o Crime Organizado (GAECO), mira crimes patrimoniais.\" \/>\n<meta property=\"og:url\" content=\"https:\/\/www.pm.pb.gov.br\/portal\/2024\/06\/21\/nova-fase-da-operacao-festas-juninas-acontece-na-regiao-metropolitana-da-capital\/\" \/>\n<meta property=\"og:site_name\" content=\"Pol\u00edcia Militar da Para\u00edba\" \/>\n<meta property=\"article:published_time\" content=\"2024-06-21T09:30:00+00:00\" \/>\n<meta property=\"article:modified_time\" content=\"2024-06-21T09:59:35+00:00\" \/>\n<meta property=\"og:image\" content=\"http:\/\/www.pm.pb.gov.br\/portal\/wp-content\/uploads\/2023\/08\/1bpm.jpeg\" \/>\n\t<meta property=\"og:image:width\" content=\"800\" \/>\n\t<meta property=\"og:image:height\" content=\"445\" \/>\n\t<meta property=\"og:image:type\" content=\"image\/jpeg\" \/>\n<meta name=\"author\" content=\"Tarcisio Oliveira\" \/>\n<meta name=\"twitter:card\" content=\"summary_large_image\" \/>\n<meta name=\"twitter:label1\" content=\"Escrito por\" \/>\n\t<meta name=\"twitter:data1\" content=\"Tarcisio Oliveira\" \/>\n\t<meta name=\"twitter:label2\" content=\"Est. tempo de leitura\" \/>\n\t<meta name=\"twitter:data2\" content=\"1 minuto\" \/>\n<script type=\"application\/ld+json\" class=\"yoast-schema-graph\">{\"@context\":\"https:\/\/schema.org\",\"@graph\":[{\"@type\":\"Article\",\"@id\":\"https:\/\/www.pm.pb.gov.br\/portal\/2024\/06\/21\/nova-fase-da-operacao-festas-juninas-acontece-na-regiao-metropolitana-da-capital\/#article\",\"isPartOf\":{\"@id\":\"https:\/\/www.pm.pb.gov.br\/portal\/2024\/06\/21\/nova-fase-da-operacao-festas-juninas-acontece-na-regiao-metropolitana-da-capital\/\"},\"author\":{\"name\":\"Tarcisio Oliveira\",\"@id\":\"https:\/\/www.pm.pb.gov.br\/portal\/#\/schema\/person\/f84f56dcc78ce4357054da888b8247fd\"},\"headline\":\"Nova fase da Opera\u00e7\u00e3o Festas Juninas acontece na regi\u00e3o metropolitana da Capital\",\"datePublished\":\"2024-06-21T09:30:00+00:00\",\"dateModified\":\"2024-06-21T09:59:35+00:00\",\"mainEntityOfPage\":{\"@id\":\"https:\/\/www.pm.pb.gov.br\/portal\/2024\/06\/21\/nova-fase-da-operacao-festas-juninas-acontece-na-regiao-metropolitana-da-capital\/\"},\"wordCount\":134,\"publisher\":{\"@id\":\"https:\/\/www.pm.pb.gov.br\/portal\/#organization\"},\"articleSection\":[\"A\u00e7\u00f5es Policiais\"],\"inLanguage\":\"pt-BR\"},{\"@type\":\"WebPage\",\"@id\":\"https:\/\/www.pm.pb.gov.br\/portal\/2024\/06\/21\/nova-fase-da-operacao-festas-juninas-acontece-na-regiao-metropolitana-da-capital\/\",\"url\":\"https:\/\/www.pm.pb.gov.br\/portal\/2024\/06\/21\/nova-fase-da-operacao-festas-juninas-acontece-na-regiao-metropolitana-da-capital\/\",\"name\":\"Nova fase da Opera\u00e7\u00e3o Festas Juninas acontece na regi\u00e3o metropolitana da Capital - Pol\u00edcia Militar da Para\u00edba\",\"isPartOf\":{\"@id\":\"https:\/\/www.pm.pb.gov.br\/portal\/#website\"},\"datePublished\":\"2024-06-21T09:30:00+00:00\",\"dateModified\":\"2024-06-21T09:59:35+00:00\",\"description\":\"A\u00e7\u00e3o conjunta da Pol\u00edcia Militar e do Grupo de Atua\u00e7\u00e3o Especial Contra o Crime Organizado (GAECO), mira crimes patrimoniais.\",\"breadcrumb\":{\"@id\":\"https:\/\/www.pm.pb.gov.br\/portal\/2024\/06\/21\/nova-fase-da-operacao-festas-juninas-acontece-na-regiao-metropolitana-da-capital\/#breadcrumb\"},\"inLanguage\":\"pt-BR\",\"potentialAction\":[{\"@type\":\"ReadAction\",\"target\":[\"https:\/\/www.pm.pb.gov.br\/portal\/2024\/06\/21\/nova-fase-da-operacao-festas-juninas-acontece-na-regiao-metropolitana-da-capital\/\"]}]},{\"@type\":\"BreadcrumbList\",\"@id\":\"https:\/\/www.pm.pb.gov.br\/portal\/2024\/06\/21\/nova-fase-da-operacao-festas-juninas-acontece-na-regiao-metropolitana-da-capital\/#breadcrumb\",\"itemListElement\":[{\"@type\":\"ListItem\",\"position\":1,\"name\":\"In\u00edcio\",\"item\":\"https:\/\/www.pm.pb.gov.br\/portal\/\"},{\"@type\":\"ListItem\",\"position\":2,\"name\":\"Nova fase da Opera\u00e7\u00e3o Festas Juninas acontece na regi\u00e3o metropolitana da Capital\"}]},{\"@type\":\"WebSite\",\"@id\":\"https:\/\/www.pm.pb.gov.br\/portal\/#website\",\"url\":\"https:\/\/www.pm.pb.gov.br\/portal\/\",\"name\":\"Pol\u00edcia Militar da Para\u00edba\",\"description\":\"\",\"publisher\":{\"@id\":\"https:\/\/www.pm.pb.gov.br\/portal\/#organization\"},\"potentialAction\":[{\"@type\":\"SearchAction\",\"target\":{\"@type\":\"EntryPoint\",\"urlTemplate\":\"https:\/\/www.pm.pb.gov.br\/portal\/?s={search_term_string}\"},\"query-input\":\"required name=search_term_string\"}],\"inLanguage\":\"pt-BR\"},{\"@type\":\"Organization\",\"@id\":\"https:\/\/www.pm.pb.gov.br\/portal\/#organization\",\"name\":\"Pol\u00edcia Militar da Para\u00edba\",\"url\":\"https:\/\/www.pm.pb.gov.br\/portal\/\",\"logo\":{\"@type\":\"ImageObject\",\"inLanguage\":\"pt-BR\",\"@id\":\"https:\/\/www.pm.pb.gov.br\/portal\/#\/schema\/logo\/image\/\",\"url\":\"https:\/\/www.pm.pb.gov.br\/portal\/wp-content\/uploads\/2025\/03\/cropped-logo-site-mag2-1.png\",\"contentUrl\":\"https:\/\/www.pm.pb.gov.br\/portal\/wp-content\/uploads\/2025\/03\/cropped-logo-site-mag2-1.png\",\"width\":320,\"height\":90,\"caption\":\"Pol\u00edcia Militar da Para\u00edba\"},\"image\":{\"@id\":\"https:\/\/www.pm.pb.gov.br\/portal\/#\/schema\/logo\/image\/\"}},{\"@type\":\"Person\",\"@id\":\"https:\/\/www.pm.pb.gov.br\/portal\/#\/schema\/person\/f84f56dcc78ce4357054da888b8247fd\",\"name\":\"Tarcisio Oliveira\",\"image\":{\"@type\":\"ImageObject\",\"inLanguage\":\"pt-BR\",\"@id\":\"https:\/\/www.pm.pb.gov.br\/portal\/#\/schema\/person\/image\/\",\"url\":\"https:\/\/secure.gravatar.com\/avatar\/72917b630b69d31cd0297507f34bac97?s=96&d=mm&r=g\",\"contentUrl\":\"https:\/\/secure.gravatar.com\/avatar\/72917b630b69d31cd0297507f34bac97?s=96&d=mm&r=g\",\"caption\":\"Tarcisio Oliveira\"},\"url\":\"https:\/\/www.pm.pb.gov.br\/portal\/author\/tarcisio\/\"}]}<\/script>\n<!-- \/ Yoast SEO plugin. -->","yoast_head_json":{"title":"Nova fase da Opera\u00e7\u00e3o Festas Juninas acontece na regi\u00e3o metropolitana da Capital - Pol\u00edcia Militar da Para\u00edba","description":"A\u00e7\u00e3o conjunta da Pol\u00edcia Militar e do Grupo de Atua\u00e7\u00e3o Especial Contra o Crime Organizado (GAECO), mira crimes patrimoniais.","robots":{"index":"index","follow":"follow","max-snippet":"max-snippet:-1","max-image-preview":"max-image-preview:large","max-video-preview":"max-video-preview:-1"},"canonical":"https:\/\/www.pm.pb.gov.br\/portal\/2024\/06\/21\/nova-fase-da-operacao-festas-juninas-acontece-na-regiao-metropolitana-da-capital\/","og_locale":"pt_BR","og_type":"article","og_title":"Nova fase da Opera\u00e7\u00e3o Festas Juninas acontece na regi\u00e3o metropolitana da Capital - Pol\u00edcia Militar da Para\u00edba","og_description":"A\u00e7\u00e3o conjunta da Pol\u00edcia Militar e do Grupo de Atua\u00e7\u00e3o Especial Contra o Crime Organizado (GAECO), mira crimes patrimoniais.","og_url":"https:\/\/www.pm.pb.gov.br\/portal\/2024\/06\/21\/nova-fase-da-operacao-festas-juninas-acontece-na-regiao-metropolitana-da-capital\/","og_site_name":"Pol\u00edcia Militar da Para\u00edba","article_published_time":"2024-06-21T09:30:00+00:00","article_modified_time":"2024-06-21T09:59:35+00:00","og_image":[{"width":800,"height":445,"url":"http:\/\/www.pm.pb.gov.br\/portal\/wp-content\/uploads\/2023\/08\/1bpm.jpeg","type":"image\/jpeg"}],"author":"Tarcisio Oliveira","twitter_card":"summary_large_image","twitter_misc":{"Escrito por":"Tarcisio Oliveira","Est. tempo de leitura":"1 minuto"},"schema":{"@context":"https:\/\/schema.org","@graph":[{"@type":"Article","@id":"https:\/\/www.pm.pb.gov.br\/portal\/2024\/06\/21\/nova-fase-da-operacao-festas-juninas-acontece-na-regiao-metropolitana-da-capital\/#article","isPartOf":{"@id":"https:\/\/www.pm.pb.gov.br\/portal\/2024\/06\/21\/nova-fase-da-operacao-festas-juninas-acontece-na-regiao-metropolitana-da-capital\/"},"author":{"name":"Tarcisio Oliveira","@id":"https:\/\/www.pm.pb.gov.br\/portal\/#\/schema\/person\/f84f56dcc78ce4357054da888b8247fd"},"headline":"Nova fase da Opera\u00e7\u00e3o Festas Juninas acontece na regi\u00e3o metropolitana da Capital","datePublished":"2024-06-21T09:30:00+00:00","dateModified":"2024-06-21T09:59:35+00:00","mainEntityOfPage":{"@id":"https:\/\/www.pm.pb.gov.br\/portal\/2024\/06\/21\/nova-fase-da-operacao-festas-juninas-acontece-na-regiao-metropolitana-da-capital\/"},"wordCount":134,"publisher":{"@id":"https:\/\/www.pm.pb.gov.br\/portal\/#organization"},"articleSection":["A\u00e7\u00f5es Policiais"],"inLanguage":"pt-BR"},{"@type":"WebPage","@id":"https:\/\/www.pm.pb.gov.br\/portal\/2024\/06\/21\/nova-fase-da-operacao-festas-juninas-acontece-na-regiao-metropolitana-da-capital\/","url":"https:\/\/www.pm.pb.gov.br\/portal\/2024\/06\/21\/nova-fase-da-operacao-festas-juninas-acontece-na-regiao-metropolitana-da-capital\/","name":"Nova fase da Opera\u00e7\u00e3o Festas Juninas acontece na regi\u00e3o metropolitana da Capital - Pol\u00edcia Militar da Para\u00edba","isPartOf":{"@id":"https:\/\/www.pm.pb.gov.br\/portal\/#website"},"datePublished":"2024-06-21T09:30:00+00:00","dateModified":"2024-06-21T09:59:35+00:00","description":"A\u00e7\u00e3o conjunta da Pol\u00edcia Militar e do Grupo de Atua\u00e7\u00e3o Especial Contra o Crime Organizado (GAECO), mira crimes patrimoniais.","breadcrumb":{"@id":"https:\/\/www.pm.pb.gov.br\/portal\/2024\/06\/21\/nova-fase-da-operacao-festas-juninas-acontece-na-regiao-metropolitana-da-capital\/#breadcrumb"},"inLanguage":"pt-BR","potentialAction":[{"@type":"ReadAction","target":["https:\/\/www.pm.pb.gov.br\/portal\/2024\/06\/21\/nova-fase-da-operacao-festas-juninas-acontece-na-regiao-metropolitana-da-capital\/"]}]},{"@type":"BreadcrumbList","@id":"https:\/\/www.pm.pb.gov.br\/portal\/2024\/06\/21\/nova-fase-da-operacao-festas-juninas-acontece-na-regiao-metropolitana-da-capital\/#breadcrumb","itemListElement":[{"@type":"ListItem","position":1,"name":"In\u00edcio","item":"https:\/\/www.pm.pb.gov.br\/portal\/"},{"@type":"ListItem","position":2,"name":"Nova fase da Opera\u00e7\u00e3o Festas Juninas acontece na regi\u00e3o metropolitana da Capital"}]},{"@type":"WebSite","@id":"https:\/\/www.pm.pb.gov.br\/portal\/#website","url":"https:\/\/www.pm.pb.gov.br\/portal\/","name":"Pol\u00edcia Militar da Para\u00edba","description":"","publisher":{"@id":"https:\/\/www.pm.pb.gov.br\/portal\/#organization"},"potentialAction":[{"@type":"SearchAction","target":{"@type":"EntryPoint","urlTemplate":"https:\/\/www.pm.pb.gov.br\/portal\/?s={search_term_string}"},"query-input":"required name=search_term_string"}],"inLanguage":"pt-BR"},{"@type":"Organization","@id":"https:\/\/www.pm.pb.gov.br\/portal\/#organization","name":"Pol\u00edcia Militar da Para\u00edba","url":"https:\/\/www.pm.pb.gov.br\/portal\/","logo":{"@type":"ImageObject","inLanguage":"pt-BR","@id":"https:\/\/www.pm.pb.gov.br\/portal\/#\/schema\/logo\/image\/","url":"https:\/\/www.pm.pb.gov.br\/portal\/wp-content\/uploads\/2025\/03\/cropped-logo-site-mag2-1.png","contentUrl":"https:\/\/www.pm.pb.gov.br\/portal\/wp-content\/uploads\/2025\/03\/cropped-logo-site-mag2-1.png","width":320,"height":90,"caption":"Pol\u00edcia Militar da Para\u00edba"},"image":{"@id":"https:\/\/www.pm.pb.gov.br\/portal\/#\/schema\/logo\/image\/"}},{"@type":"Person","@id":"https:\/\/www.pm.pb.gov.br\/portal\/#\/schema\/person\/f84f56dcc78ce4357054da888b8247fd","name":"Tarcisio Oliveira","image":{"@type":"ImageObject","inLanguage":"pt-BR","@id":"https:\/\/www.pm.pb.gov.br\/portal\/#\/schema\/person\/image\/","url":"https:\/\/secure.gravatar.com\/avatar\/72917b630b69d31cd0297507f34bac97?s=96&d=mm&r=g","contentUrl":"https:\/\/secure.gravatar.com\/avatar\/72917b630b69d31cd0297507f34bac97?s=96&d=mm&r=g","caption":"Tarcisio Oliveira"},"url":"https:\/\/www.pm.pb.gov.br\/portal\/author\/tarcisio\/"}]}},"_links":{"self":[{"href":"https:\/\/www.pm.pb.gov.br\/portal\/wp-json\/wp\/v2\/posts\/922541"}],"collection":[{"href":"https:\/\/www.pm.pb.gov.br\/portal\/wp-json\/wp\/v2\/posts"}],"about":[{"href":"https:\/\/www.pm.pb.gov.br\/portal\/wp-json\/wp\/v2\/types\/post"}],"author":[{"embeddable":true,"href":"https:\/\/www.pm.pb.gov.br\/portal\/wp-json\/wp\/v2\/users\/12"}],"replies":[{"embeddable":true,"href":"https:\/\/www.pm.pb.gov.br\/portal\/wp-json\/wp\/v2\/comments?post=922541"}],"version-history":[{"count":1,"href":"https:\/\/www.pm.pb.gov.br\/portal\/wp-json\/wp\/v2\/posts\/922541\/revisions"}],"predecessor-version":[{"id":922542,"href":"https:\/\/www.pm.pb.gov.br\/portal\/wp-json\/wp\/v2\/posts\/922541\/revisions\/922542"}],"wp:featuredmedia":[{"embeddable":true,"href":"https:\/\/www.pm.pb.gov.br\/portal\/wp-json\/wp\/v2\/media\/917841"}],"wp:attachment":[{"href":"https:\/\/www.pm.pb.gov.br\/portal\/wp-json\/wp\/v2\/media?parent=922541"}],"wp:term":[{"taxonomy":"category","embeddable":true,"href":"https:\/\/www.pm.pb.gov.br\/portal\/wp-json\/wp\/v2\/categories?post=922541"},{"taxonomy":"post_tag","embeddable":true,"href":"https:\/\/www.pm.pb.gov.br\/portal\/wp-json\/wp\/v2\/tags?post=922541"}],"curies":[{"name":"wp","href":"https:\/\/api.w.org\/{rel}","templated":true}]}}