{"id":922538,"date":"2024-06-20T08:45:00","date_gmt":"2024-06-20T11:45:00","guid":{"rendered":"https:\/\/www.pm.pb.gov.br\/portal\/?p=922538"},"modified":"2024-06-20T12:57:44","modified_gmt":"2024-06-20T15:57:44","slug":"em-flagrante-policia-militar-prende-acusado-de-homicidio-em-inga","status":"publish","type":"post","link":"https:\/\/www.pm.pb.gov.br\/portal\/2024\/06\/20\/em-flagrante-policia-militar-prende-acusado-de-homicidio-em-inga\/","title":{"rendered":"EM FLAGRANTE: Pol\u00edcia Militar prende acusado de homic\u00eddio em Ing\u00e1"},"content":{"rendered":"\n<p>Na madrugada desta quinta-feira (20), durante a Opera\u00e7\u00e3o Festas Juninas, policiais militares do 8\u00b0 Batalh\u00e3o realizaram a pris\u00e3o, em flagrante, do suspeito de homic\u00eddio qualificado, ocorrido na cidade de Ing\u00e1 (foto acima ilustrativa).<br \/><br \/>Ap\u00f3s acionamento via COPOM, os policiais localizaram um homem que havia desferido golpes de faca contra sua v\u00edtima, levando-a ao \u00f3bito. O crime ocorreu ap\u00f3s acusado e v\u00edtima se desentenderam depois de ingerirem bebida alco\u00f3lica. O suspeito foi localizado em sua resid\u00eancia, momento em que foi dada a voz de pris\u00e3o. A v\u00edtima era uma mulher e que, segundo as primeiras informa\u00e7\u00f5es, tamb\u00e9m havia desferido um golpe de faca no ouvido do acusado, anteriormente.<\/p>\n<p><br \/>O homem preso foi conduzido \u00e0 Delegacia de Pol\u00edcia de Itabaiana para a tomada das medidas cab\u00edveis. A real motiva\u00e7\u00e3o do crime dever\u00e1 ser confirmada na investiga\u00e7\u00e3o.<\/p>\n<p><em>Com informa\u00e7\u00f5es do 8\u00ba BPM.<\/em><\/p>\n\n\n","protected":false},"excerpt":{"rendered":"<p>Na madrugada desta quinta-feira (20), durante a Opera\u00e7\u00e3o Festas Juninas, policiais militares do 8\u00b0 Batalh\u00e3o realizaram a pris\u00e3o, em flagrante,<\/p>\n","protected":false},"author":12,"featured_media":906903,"comment_status":"closed","ping_status":"closed","sticky":false,"template":"","format":"standard","meta":{"_exactmetrics_skip_tracking":false,"_exactmetrics_sitenote_active":false,"_exactmetrics_sitenote_note":"","_exactmetrics_sitenote_category":0,"footnotes":""},"categories":[4],"tags":[],"yoast_head":"<!-- This site is optimized with the Yoast SEO plugin v22.0 - https:\/\/yoast.com\/wordpress\/plugins\/seo\/ -->\n<title>EM FLAGRANTE: Pol\u00edcia Militar prende acusado de homic\u00eddio em Ing\u00e1 - Pol\u00edcia Militar da Para\u00edba<\/title>\n<meta name=\"description\" content=\"Captura do acusado ocorreu na madrugada desta quinta-feira ap\u00f3s desentendimentos entre acusado e v\u00edtima, levando ao crime.\" \/>\n<meta name=\"robots\" content=\"index, follow, max-snippet:-1, max-image-preview:large, max-video-preview:-1\" \/>\n<link rel=\"canonical\" href=\"https:\/\/www.pm.pb.gov.br\/portal\/2024\/06\/20\/em-flagrante-policia-militar-prende-acusado-de-homicidio-em-inga\/\" \/>\n<meta property=\"og:locale\" content=\"pt_BR\" \/>\n<meta property=\"og:type\" content=\"article\" \/>\n<meta property=\"og:title\" content=\"EM FLAGRANTE: Pol\u00edcia Militar prende acusado de homic\u00eddio em Ing\u00e1 - Pol\u00edcia Militar da Para\u00edba\" \/>\n<meta property=\"og:description\" content=\"Captura do acusado ocorreu na madrugada desta quinta-feira ap\u00f3s desentendimentos entre acusado e v\u00edtima, levando ao crime.\" \/>\n<meta property=\"og:url\" content=\"https:\/\/www.pm.pb.gov.br\/portal\/2024\/06\/20\/em-flagrante-policia-militar-prende-acusado-de-homicidio-em-inga\/\" \/>\n<meta property=\"og:site_name\" content=\"Pol\u00edcia Militar da Para\u00edba\" \/>\n<meta property=\"article:published_time\" content=\"2024-06-20T11:45:00+00:00\" \/>\n<meta property=\"article:modified_time\" content=\"2024-06-20T15:57:44+00:00\" \/>\n<meta property=\"og:image\" content=\"http:\/\/www.pm.pb.gov.br\/portal\/wp-content\/uploads\/2020\/08\/8bpm.jpeg\" \/>\n\t<meta property=\"og:image:width\" content=\"800\" \/>\n\t<meta property=\"og:image:height\" content=\"445\" \/>\n\t<meta property=\"og:image:type\" content=\"image\/jpeg\" \/>\n<meta name=\"author\" content=\"Tarcisio Oliveira\" \/>\n<meta name=\"twitter:card\" content=\"summary_large_image\" \/>\n<meta name=\"twitter:label1\" content=\"Escrito por\" \/>\n\t<meta name=\"twitter:data1\" content=\"Tarcisio Oliveira\" \/>\n\t<meta name=\"twitter:label2\" content=\"Est. tempo de leitura\" \/>\n\t<meta name=\"twitter:data2\" content=\"1 minuto\" \/>\n<script type=\"application\/ld+json\" class=\"yoast-schema-graph\">{\"@context\":\"https:\/\/schema.org\",\"@graph\":[{\"@type\":\"Article\",\"@id\":\"https:\/\/www.pm.pb.gov.br\/portal\/2024\/06\/20\/em-flagrante-policia-militar-prende-acusado-de-homicidio-em-inga\/#article\",\"isPartOf\":{\"@id\":\"https:\/\/www.pm.pb.gov.br\/portal\/2024\/06\/20\/em-flagrante-policia-militar-prende-acusado-de-homicidio-em-inga\/\"},\"author\":{\"name\":\"Tarcisio Oliveira\",\"@id\":\"https:\/\/www.pm.pb.gov.br\/portal\/#\/schema\/person\/f84f56dcc78ce4357054da888b8247fd\"},\"headline\":\"EM FLAGRANTE: Pol\u00edcia Militar prende acusado de homic\u00eddio em Ing\u00e1\",\"datePublished\":\"2024-06-20T11:45:00+00:00\",\"dateModified\":\"2024-06-20T15:57:44+00:00\",\"mainEntityOfPage\":{\"@id\":\"https:\/\/www.pm.pb.gov.br\/portal\/2024\/06\/20\/em-flagrante-policia-militar-prende-acusado-de-homicidio-em-inga\/\"},\"wordCount\":166,\"publisher\":{\"@id\":\"https:\/\/www.pm.pb.gov.br\/portal\/#organization\"},\"articleSection\":[\"A\u00e7\u00f5es Policiais\"],\"inLanguage\":\"pt-BR\"},{\"@type\":\"WebPage\",\"@id\":\"https:\/\/www.pm.pb.gov.br\/portal\/2024\/06\/20\/em-flagrante-policia-militar-prende-acusado-de-homicidio-em-inga\/\",\"url\":\"https:\/\/www.pm.pb.gov.br\/portal\/2024\/06\/20\/em-flagrante-policia-militar-prende-acusado-de-homicidio-em-inga\/\",\"name\":\"EM FLAGRANTE: Pol\u00edcia Militar prende acusado de homic\u00eddio em Ing\u00e1 - Pol\u00edcia Militar da Para\u00edba\",\"isPartOf\":{\"@id\":\"https:\/\/www.pm.pb.gov.br\/portal\/#website\"},\"datePublished\":\"2024-06-20T11:45:00+00:00\",\"dateModified\":\"2024-06-20T15:57:44+00:00\",\"description\":\"Captura do acusado ocorreu na madrugada desta quinta-feira ap\u00f3s desentendimentos entre acusado e v\u00edtima, levando ao crime.\",\"breadcrumb\":{\"@id\":\"https:\/\/www.pm.pb.gov.br\/portal\/2024\/06\/20\/em-flagrante-policia-militar-prende-acusado-de-homicidio-em-inga\/#breadcrumb\"},\"inLanguage\":\"pt-BR\",\"potentialAction\":[{\"@type\":\"ReadAction\",\"target\":[\"https:\/\/www.pm.pb.gov.br\/portal\/2024\/06\/20\/em-flagrante-policia-militar-prende-acusado-de-homicidio-em-inga\/\"]}]},{\"@type\":\"BreadcrumbList\",\"@id\":\"https:\/\/www.pm.pb.gov.br\/portal\/2024\/06\/20\/em-flagrante-policia-militar-prende-acusado-de-homicidio-em-inga\/#breadcrumb\",\"itemListElement\":[{\"@type\":\"ListItem\",\"position\":1,\"name\":\"In\u00edcio\",\"item\":\"https:\/\/www.pm.pb.gov.br\/portal\/\"},{\"@type\":\"ListItem\",\"position\":2,\"name\":\"EM FLAGRANTE: Pol\u00edcia Militar prende acusado de homic\u00eddio em Ing\u00e1\"}]},{\"@type\":\"WebSite\",\"@id\":\"https:\/\/www.pm.pb.gov.br\/portal\/#website\",\"url\":\"https:\/\/www.pm.pb.gov.br\/portal\/\",\"name\":\"Pol\u00edcia Militar da Para\u00edba\",\"description\":\"\",\"publisher\":{\"@id\":\"https:\/\/www.pm.pb.gov.br\/portal\/#organization\"},\"potentialAction\":[{\"@type\":\"SearchAction\",\"target\":{\"@type\":\"EntryPoint\",\"urlTemplate\":\"https:\/\/www.pm.pb.gov.br\/portal\/?s={search_term_string}\"},\"query-input\":\"required name=search_term_string\"}],\"inLanguage\":\"pt-BR\"},{\"@type\":\"Organization\",\"@id\":\"https:\/\/www.pm.pb.gov.br\/portal\/#organization\",\"name\":\"Pol\u00edcia Militar da Para\u00edba\",\"url\":\"https:\/\/www.pm.pb.gov.br\/portal\/\",\"logo\":{\"@type\":\"ImageObject\",\"inLanguage\":\"pt-BR\",\"@id\":\"https:\/\/www.pm.pb.gov.br\/portal\/#\/schema\/logo\/image\/\",\"url\":\"https:\/\/www.pm.pb.gov.br\/portal\/wp-content\/uploads\/2025\/03\/cropped-logo-site-mag2-1.png\",\"contentUrl\":\"https:\/\/www.pm.pb.gov.br\/portal\/wp-content\/uploads\/2025\/03\/cropped-logo-site-mag2-1.png\",\"width\":320,\"height\":90,\"caption\":\"Pol\u00edcia Militar da Para\u00edba\"},\"image\":{\"@id\":\"https:\/\/www.pm.pb.gov.br\/portal\/#\/schema\/logo\/image\/\"}},{\"@type\":\"Person\",\"@id\":\"https:\/\/www.pm.pb.gov.br\/portal\/#\/schema\/person\/f84f56dcc78ce4357054da888b8247fd\",\"name\":\"Tarcisio Oliveira\",\"image\":{\"@type\":\"ImageObject\",\"inLanguage\":\"pt-BR\",\"@id\":\"https:\/\/www.pm.pb.gov.br\/portal\/#\/schema\/person\/image\/\",\"url\":\"https:\/\/secure.gravatar.com\/avatar\/72917b630b69d31cd0297507f34bac97?s=96&d=mm&r=g\",\"contentUrl\":\"https:\/\/secure.gravatar.com\/avatar\/72917b630b69d31cd0297507f34bac97?s=96&d=mm&r=g\",\"caption\":\"Tarcisio Oliveira\"},\"url\":\"https:\/\/www.pm.pb.gov.br\/portal\/author\/tarcisio\/\"}]}<\/script>\n<!-- \/ Yoast SEO plugin. -->","yoast_head_json":{"title":"EM FLAGRANTE: Pol\u00edcia Militar prende acusado de homic\u00eddio em Ing\u00e1 - Pol\u00edcia Militar da Para\u00edba","description":"Captura do acusado ocorreu na madrugada desta quinta-feira ap\u00f3s desentendimentos entre acusado e v\u00edtima, levando ao crime.","robots":{"index":"index","follow":"follow","max-snippet":"max-snippet:-1","max-image-preview":"max-image-preview:large","max-video-preview":"max-video-preview:-1"},"canonical":"https:\/\/www.pm.pb.gov.br\/portal\/2024\/06\/20\/em-flagrante-policia-militar-prende-acusado-de-homicidio-em-inga\/","og_locale":"pt_BR","og_type":"article","og_title":"EM FLAGRANTE: Pol\u00edcia Militar prende acusado de homic\u00eddio em Ing\u00e1 - Pol\u00edcia Militar da Para\u00edba","og_description":"Captura do acusado ocorreu na madrugada desta quinta-feira ap\u00f3s desentendimentos entre acusado e v\u00edtima, levando ao crime.","og_url":"https:\/\/www.pm.pb.gov.br\/portal\/2024\/06\/20\/em-flagrante-policia-militar-prende-acusado-de-homicidio-em-inga\/","og_site_name":"Pol\u00edcia Militar da Para\u00edba","article_published_time":"2024-06-20T11:45:00+00:00","article_modified_time":"2024-06-20T15:57:44+00:00","og_image":[{"width":800,"height":445,"url":"http:\/\/www.pm.pb.gov.br\/portal\/wp-content\/uploads\/2020\/08\/8bpm.jpeg","type":"image\/jpeg"}],"author":"Tarcisio Oliveira","twitter_card":"summary_large_image","twitter_misc":{"Escrito por":"Tarcisio Oliveira","Est. tempo de leitura":"1 minuto"},"schema":{"@context":"https:\/\/schema.org","@graph":[{"@type":"Article","@id":"https:\/\/www.pm.pb.gov.br\/portal\/2024\/06\/20\/em-flagrante-policia-militar-prende-acusado-de-homicidio-em-inga\/#article","isPartOf":{"@id":"https:\/\/www.pm.pb.gov.br\/portal\/2024\/06\/20\/em-flagrante-policia-militar-prende-acusado-de-homicidio-em-inga\/"},"author":{"name":"Tarcisio Oliveira","@id":"https:\/\/www.pm.pb.gov.br\/portal\/#\/schema\/person\/f84f56dcc78ce4357054da888b8247fd"},"headline":"EM FLAGRANTE: Pol\u00edcia Militar prende acusado de homic\u00eddio em Ing\u00e1","datePublished":"2024-06-20T11:45:00+00:00","dateModified":"2024-06-20T15:57:44+00:00","mainEntityOfPage":{"@id":"https:\/\/www.pm.pb.gov.br\/portal\/2024\/06\/20\/em-flagrante-policia-militar-prende-acusado-de-homicidio-em-inga\/"},"wordCount":166,"publisher":{"@id":"https:\/\/www.pm.pb.gov.br\/portal\/#organization"},"articleSection":["A\u00e7\u00f5es Policiais"],"inLanguage":"pt-BR"},{"@type":"WebPage","@id":"https:\/\/www.pm.pb.gov.br\/portal\/2024\/06\/20\/em-flagrante-policia-militar-prende-acusado-de-homicidio-em-inga\/","url":"https:\/\/www.pm.pb.gov.br\/portal\/2024\/06\/20\/em-flagrante-policia-militar-prende-acusado-de-homicidio-em-inga\/","name":"EM FLAGRANTE: Pol\u00edcia Militar prende acusado de homic\u00eddio em Ing\u00e1 - Pol\u00edcia Militar da Para\u00edba","isPartOf":{"@id":"https:\/\/www.pm.pb.gov.br\/portal\/#website"},"datePublished":"2024-06-20T11:45:00+00:00","dateModified":"2024-06-20T15:57:44+00:00","description":"Captura do acusado ocorreu na madrugada desta quinta-feira ap\u00f3s desentendimentos entre acusado e v\u00edtima, levando ao crime.","breadcrumb":{"@id":"https:\/\/www.pm.pb.gov.br\/portal\/2024\/06\/20\/em-flagrante-policia-militar-prende-acusado-de-homicidio-em-inga\/#breadcrumb"},"inLanguage":"pt-BR","potentialAction":[{"@type":"ReadAction","target":["https:\/\/www.pm.pb.gov.br\/portal\/2024\/06\/20\/em-flagrante-policia-militar-prende-acusado-de-homicidio-em-inga\/"]}]},{"@type":"BreadcrumbList","@id":"https:\/\/www.pm.pb.gov.br\/portal\/2024\/06\/20\/em-flagrante-policia-militar-prende-acusado-de-homicidio-em-inga\/#breadcrumb","itemListElement":[{"@type":"ListItem","position":1,"name":"In\u00edcio","item":"https:\/\/www.pm.pb.gov.br\/portal\/"},{"@type":"ListItem","position":2,"name":"EM FLAGRANTE: Pol\u00edcia Militar prende acusado de homic\u00eddio em Ing\u00e1"}]},{"@type":"WebSite","@id":"https:\/\/www.pm.pb.gov.br\/portal\/#website","url":"https:\/\/www.pm.pb.gov.br\/portal\/","name":"Pol\u00edcia Militar da Para\u00edba","description":"","publisher":{"@id":"https:\/\/www.pm.pb.gov.br\/portal\/#organization"},"potentialAction":[{"@type":"SearchAction","target":{"@type":"EntryPoint","urlTemplate":"https:\/\/www.pm.pb.gov.br\/portal\/?s={search_term_string}"},"query-input":"required name=search_term_string"}],"inLanguage":"pt-BR"},{"@type":"Organization","@id":"https:\/\/www.pm.pb.gov.br\/portal\/#organization","name":"Pol\u00edcia Militar da Para\u00edba","url":"https:\/\/www.pm.pb.gov.br\/portal\/","logo":{"@type":"ImageObject","inLanguage":"pt-BR","@id":"https:\/\/www.pm.pb.gov.br\/portal\/#\/schema\/logo\/image\/","url":"https:\/\/www.pm.pb.gov.br\/portal\/wp-content\/uploads\/2025\/03\/cropped-logo-site-mag2-1.png","contentUrl":"https:\/\/www.pm.pb.gov.br\/portal\/wp-content\/uploads\/2025\/03\/cropped-logo-site-mag2-1.png","width":320,"height":90,"caption":"Pol\u00edcia Militar da Para\u00edba"},"image":{"@id":"https:\/\/www.pm.pb.gov.br\/portal\/#\/schema\/logo\/image\/"}},{"@type":"Person","@id":"https:\/\/www.pm.pb.gov.br\/portal\/#\/schema\/person\/f84f56dcc78ce4357054da888b8247fd","name":"Tarcisio Oliveira","image":{"@type":"ImageObject","inLanguage":"pt-BR","@id":"https:\/\/www.pm.pb.gov.br\/portal\/#\/schema\/person\/image\/","url":"https:\/\/secure.gravatar.com\/avatar\/72917b630b69d31cd0297507f34bac97?s=96&d=mm&r=g","contentUrl":"https:\/\/secure.gravatar.com\/avatar\/72917b630b69d31cd0297507f34bac97?s=96&d=mm&r=g","caption":"Tarcisio Oliveira"},"url":"https:\/\/www.pm.pb.gov.br\/portal\/author\/tarcisio\/"}]}},"_links":{"self":[{"href":"https:\/\/www.pm.pb.gov.br\/portal\/wp-json\/wp\/v2\/posts\/922538"}],"collection":[{"href":"https:\/\/www.pm.pb.gov.br\/portal\/wp-json\/wp\/v2\/posts"}],"about":[{"href":"https:\/\/www.pm.pb.gov.br\/portal\/wp-json\/wp\/v2\/types\/post"}],"author":[{"embeddable":true,"href":"https:\/\/www.pm.pb.gov.br\/portal\/wp-json\/wp\/v2\/users\/12"}],"replies":[{"embeddable":true,"href":"https:\/\/www.pm.pb.gov.br\/portal\/wp-json\/wp\/v2\/comments?post=922538"}],"version-history":[{"count":2,"href":"https:\/\/www.pm.pb.gov.br\/portal\/wp-json\/wp\/v2\/posts\/922538\/revisions"}],"predecessor-version":[{"id":922540,"href":"https:\/\/www.pm.pb.gov.br\/portal\/wp-json\/wp\/v2\/posts\/922538\/revisions\/922540"}],"wp:featuredmedia":[{"embeddable":true,"href":"https:\/\/www.pm.pb.gov.br\/portal\/wp-json\/wp\/v2\/media\/906903"}],"wp:attachment":[{"href":"https:\/\/www.pm.pb.gov.br\/portal\/wp-json\/wp\/v2\/media?parent=922538"}],"wp:term":[{"taxonomy":"category","embeddable":true,"href":"https:\/\/www.pm.pb.gov.br\/portal\/wp-json\/wp\/v2\/categories?post=922538"},{"taxonomy":"post_tag","embeddable":true,"href":"https:\/\/www.pm.pb.gov.br\/portal\/wp-json\/wp\/v2\/tags?post=922538"}],"curies":[{"name":"wp","href":"https:\/\/api.w.org\/{rel}","templated":true}]}}