{"id":922528,"date":"2024-06-19T23:51:00","date_gmt":"2024-06-20T02:51:00","guid":{"rendered":"https:\/\/www.pm.pb.gov.br\/portal\/?p=922528"},"modified":"2024-06-20T09:54:13","modified_gmt":"2024-06-20T12:54:13","slug":"reducao-de-assassinatos-na-paraiba-e-seguranca-em-joao-pessoa-sao-destaque-no-atlas-da-violencia-2024","status":"publish","type":"post","link":"https:\/\/www.pm.pb.gov.br\/portal\/2024\/06\/19\/reducao-de-assassinatos-na-paraiba-e-seguranca-em-joao-pessoa-sao-destaque-no-atlas-da-violencia-2024\/","title":{"rendered":"Redu\u00e7\u00e3o de assassinatos na Para\u00edba e seguran\u00e7a em Jo\u00e3o Pessoa s\u00e3o destaque no Atlas da Viol\u00eancia 2024"},"content":{"rendered":"\n<p>A Para\u00edba foi confirmada como o estado com a terceira menor taxa de homic\u00eddios do Nordeste, de acordo com o Atlas da Viol\u00eancia 2024, divulgado nessa ter\u00e7a-feira (18). Os dados apontam ainda Jo\u00e3o Pessoa como a capital mais segura do Nordeste (foto acima ilustrativa). O estudo, realizado pelo Instituto de Pesquisa Econ\u00f4mica Aplicada (Ipea) em parceria com pesquisadores do F\u00f3rum Brasileiro de Seguran\u00e7a P\u00fablica (FBSP), utiliza dados do Sistema de Informa\u00e7\u00f5es de Mortalidade (SIM) do Datasus, fornecendo dados consolidados at\u00e9 o ano de 2022.<br \/><br \/>Conforme o Atlas, a Para\u00edba registrou em 2022 uma taxa de 27,2 homic\u00eddios por 100 mil habitantes, totalizando 1.105 v\u00edtimas. Os estados do Maranh\u00e3o (27,1) e Piau\u00ed (24,1) foram os \u00fanicos a apresentarem taxas inferiores. Desde 2012, a Para\u00edba acumula uma queda de 31,3% na taxa de homic\u00eddios.<br \/><br \/>Destaca-se tamb\u00e9m a significativa redu\u00e7\u00e3o em homic\u00eddios de jovens, crian\u00e7as e adolescentes no estado desde 2012, com quedas de 43,2%, 47,1% e 48,7%, respectivamente. No que diz respeito aos homic\u00eddios de mulheres, a Para\u00edba possui a terceira menor taxa do Nordeste, com 4,1 homic\u00eddios por 100 mil mulheres, atr\u00e1s apenas de Sergipe (2,9) e Rio Grande do Norte (3,9). Foram registrados 84 casos de mulheres assassinadas em 2022, uma redu\u00e7\u00e3o de 38,7% em compara\u00e7\u00e3o a 2012.<br \/><br \/>O estudo de 2024 tamb\u00e9m introduziu uma inova\u00e7\u00e3o ao calcular estatisticamente os homic\u00eddios n\u00e3o registrados no Brasil. O pesquisador do Ipea, Daniel Cerqueira, identificou S\u00e3o Paulo, Minas Gerais e Pernambuco como os estados com maior quantidade de \u201chomic\u00eddios ocultos\u201d. A Para\u00edba, por outro lado, foi classificada como tendo baixas taxas de homic\u00eddios ocultos, com uma varia\u00e7\u00e3o de apenas 1,1 ponto entre a taxa registrada e a estimada de homic\u00eddios.<br \/><br \/>\u201cOs resultados do Atlas da Viol\u00eancia 2024 reafirmam a posi\u00e7\u00e3o da Para\u00edba como um dos estados mais seguros do Nordeste. Estes n\u00fameros s\u00e3o frutos de um trabalho \u00e1rduo e cont\u00ednuo de qualifica\u00e7\u00e3o e integra\u00e7\u00e3o dos \u00f3rg\u00e3os operativos da Seguran\u00e7a P\u00fablica, que \u00e9 a Pol\u00edcia Militar, Pol\u00edcia Civil e Corpo de Bombeiros Militar, bem como parcerias estrat\u00e9gicas feitas com o Detran e a Secretaria de Administra\u00e7\u00e3o Penitenci\u00e1ria. Investimos fortemente na an\u00e1lise criminal e na intelig\u00eancia o que t\u00eam nos permitido identificar e neutralizar as amea\u00e7as de maneira proativa. Esse trabalho integrado \u00e9 fundamental para a nossa filosofia de gest\u00e3o orientada por resultados, onde cada a\u00e7\u00e3o \u00e9 planejada e executada com o objetivo de reduzir os crimes violentos em todo o nosso estado\u201d, afirmou o secret\u00e1rio da Seguran\u00e7a e da Defesa Social, Jean Nunes.<br \/><br \/><strong>Jo\u00e3o Pessoa \u00e9 a capital mais segura do Nordeste<\/strong><br \/><br \/>Al\u00e9m disso, a publica\u00e7\u00e3o ressaltou que Jo\u00e3o Pessoa \u00e9 a capital do Nordeste mais segura e a d\u00e9cima do Brasil com menor taxa de homic\u00eddios. Um aspecto destacado foram as pol\u00edticas de seguran\u00e7a p\u00fablica qualificadas, baseadas em evid\u00eancias e orientadas por resultados, que contribu\u00edram para a redu\u00e7\u00e3o dos homic\u00eddios. Este fen\u00f4meno, descrito por Cerqueira (2022) como a \u201crevolu\u00e7\u00e3o invis\u00edvel\u201d, enfatizou a gest\u00e3o eficaz, o aprimoramento da intelig\u00eancia policial e programas multissetoriais de preven\u00e7\u00e3o \u00e0 viol\u00eancia, proporcionando alternativas de vida para os jovens vulner\u00e1veis.<br \/>\u00a0<br \/>Outro ponto crucial apontado no Atlas diz respeito \u00e0 seguran\u00e7a e efetividade dos dados registrados, apontando que Jo\u00e3o Pessoa (PB) e Florian\u00f3polis (SC) foram as \u00fanicas capitais a zerarem a estat\u00edstica de homic\u00eddios ocultos, refletindo um bom preenchimento dos dados de homic\u00eddios no SIM (Sistema de Informa\u00e7\u00f5es sobre Mortalidade).<br \/><br \/>\u201cReiteramos que esses avan\u00e7os s\u00f3 foram poss\u00edveis gra\u00e7as \u00e0 dedica\u00e7\u00e3o e ao trabalho incans\u00e1vel dos nossos profissionais de seguran\u00e7a p\u00fablica e \u00e0 implementa\u00e7\u00e3o de pol\u00edticas baseadas em evid\u00eancias e avan\u00e7os no uso de tecnologia. Continuaremos a trabalhar com seriedade e comprometimento para garantir a seguran\u00e7a de todos os paraibanos e reduzir ainda mais os \u00edndices de criminalidade em nosso estado\u201d, afirmou o secret\u00e1rio Jean Nunes.<\/p>\n<p><em>Fonte: Secom-PB.<\/em><\/p>\n\n\n","protected":false},"excerpt":{"rendered":"<p>A Para\u00edba foi confirmada como o estado com a terceira menor taxa de homic\u00eddios do Nordeste, de acordo com o<\/p>\n","protected":false},"author":12,"featured_media":903544,"comment_status":"closed","ping_status":"closed","sticky":false,"template":"","format":"standard","meta":{"_exactmetrics_skip_tracking":false,"_exactmetrics_sitenote_active":false,"_exactmetrics_sitenote_note":"","_exactmetrics_sitenote_category":0,"footnotes":""},"categories":[4],"tags":[],"yoast_head":"<!-- This site is optimized with the Yoast SEO plugin v22.0 - https:\/\/yoast.com\/wordpress\/plugins\/seo\/ -->\n<title>Redu\u00e7\u00e3o de assassinatos na Para\u00edba e seguran\u00e7a em Jo\u00e3o Pessoa s\u00e3o destaque no Atlas da Viol\u00eancia 2024 - Pol\u00edcia Militar da Para\u00edba<\/title>\n<meta name=\"robots\" content=\"index, follow, max-snippet:-1, max-image-preview:large, max-video-preview:-1\" \/>\n<link rel=\"canonical\" href=\"https:\/\/www.pm.pb.gov.br\/portal\/2024\/06\/19\/reducao-de-assassinatos-na-paraiba-e-seguranca-em-joao-pessoa-sao-destaque-no-atlas-da-violencia-2024\/\" \/>\n<meta property=\"og:locale\" content=\"pt_BR\" \/>\n<meta property=\"og:type\" content=\"article\" \/>\n<meta property=\"og:title\" content=\"Redu\u00e7\u00e3o de assassinatos na Para\u00edba e seguran\u00e7a em Jo\u00e3o Pessoa s\u00e3o destaque no Atlas da Viol\u00eancia 2024 - Pol\u00edcia Militar da Para\u00edba\" \/>\n<meta property=\"og:description\" content=\"A Para\u00edba foi confirmada como o estado com a terceira menor taxa de homic\u00eddios do Nordeste, de acordo com o\" \/>\n<meta property=\"og:url\" content=\"https:\/\/www.pm.pb.gov.br\/portal\/2024\/06\/19\/reducao-de-assassinatos-na-paraiba-e-seguranca-em-joao-pessoa-sao-destaque-no-atlas-da-violencia-2024\/\" \/>\n<meta property=\"og:site_name\" content=\"Pol\u00edcia Militar da Para\u00edba\" \/>\n<meta property=\"article:published_time\" content=\"2024-06-20T02:51:00+00:00\" \/>\n<meta property=\"article:modified_time\" content=\"2024-06-20T12:54:13+00:00\" \/>\n<meta property=\"og:image\" content=\"http:\/\/www.pm.pb.gov.br\/portal\/wp-content\/uploads\/2020\/01\/imagemilustrativa.jpeg\" \/>\n\t<meta property=\"og:image:width\" content=\"800\" \/>\n\t<meta property=\"og:image:height\" content=\"445\" \/>\n\t<meta property=\"og:image:type\" content=\"image\/jpeg\" \/>\n<meta name=\"author\" content=\"Tarcisio Oliveira\" \/>\n<meta name=\"twitter:card\" content=\"summary_large_image\" \/>\n<meta name=\"twitter:label1\" content=\"Escrito por\" \/>\n\t<meta name=\"twitter:data1\" content=\"Tarcisio Oliveira\" \/>\n\t<meta name=\"twitter:label2\" content=\"Est. tempo de leitura\" \/>\n\t<meta name=\"twitter:data2\" content=\"4 minutos\" \/>\n<script type=\"application\/ld+json\" class=\"yoast-schema-graph\">{\"@context\":\"https:\/\/schema.org\",\"@graph\":[{\"@type\":\"Article\",\"@id\":\"https:\/\/www.pm.pb.gov.br\/portal\/2024\/06\/19\/reducao-de-assassinatos-na-paraiba-e-seguranca-em-joao-pessoa-sao-destaque-no-atlas-da-violencia-2024\/#article\",\"isPartOf\":{\"@id\":\"https:\/\/www.pm.pb.gov.br\/portal\/2024\/06\/19\/reducao-de-assassinatos-na-paraiba-e-seguranca-em-joao-pessoa-sao-destaque-no-atlas-da-violencia-2024\/\"},\"author\":{\"name\":\"Tarcisio Oliveira\",\"@id\":\"https:\/\/www.pm.pb.gov.br\/portal\/#\/schema\/person\/f84f56dcc78ce4357054da888b8247fd\"},\"headline\":\"Redu\u00e7\u00e3o de assassinatos na Para\u00edba e seguran\u00e7a em Jo\u00e3o Pessoa s\u00e3o destaque no Atlas da Viol\u00eancia 2024\",\"datePublished\":\"2024-06-20T02:51:00+00:00\",\"dateModified\":\"2024-06-20T12:54:13+00:00\",\"mainEntityOfPage\":{\"@id\":\"https:\/\/www.pm.pb.gov.br\/portal\/2024\/06\/19\/reducao-de-assassinatos-na-paraiba-e-seguranca-em-joao-pessoa-sao-destaque-no-atlas-da-violencia-2024\/\"},\"wordCount\":704,\"publisher\":{\"@id\":\"https:\/\/www.pm.pb.gov.br\/portal\/#organization\"},\"articleSection\":[\"A\u00e7\u00f5es Policiais\"],\"inLanguage\":\"pt-BR\"},{\"@type\":\"WebPage\",\"@id\":\"https:\/\/www.pm.pb.gov.br\/portal\/2024\/06\/19\/reducao-de-assassinatos-na-paraiba-e-seguranca-em-joao-pessoa-sao-destaque-no-atlas-da-violencia-2024\/\",\"url\":\"https:\/\/www.pm.pb.gov.br\/portal\/2024\/06\/19\/reducao-de-assassinatos-na-paraiba-e-seguranca-em-joao-pessoa-sao-destaque-no-atlas-da-violencia-2024\/\",\"name\":\"Redu\u00e7\u00e3o de assassinatos na Para\u00edba e seguran\u00e7a em Jo\u00e3o Pessoa s\u00e3o destaque no Atlas da Viol\u00eancia 2024 - Pol\u00edcia Militar da Para\u00edba\",\"isPartOf\":{\"@id\":\"https:\/\/www.pm.pb.gov.br\/portal\/#website\"},\"datePublished\":\"2024-06-20T02:51:00+00:00\",\"dateModified\":\"2024-06-20T12:54:13+00:00\",\"breadcrumb\":{\"@id\":\"https:\/\/www.pm.pb.gov.br\/portal\/2024\/06\/19\/reducao-de-assassinatos-na-paraiba-e-seguranca-em-joao-pessoa-sao-destaque-no-atlas-da-violencia-2024\/#breadcrumb\"},\"inLanguage\":\"pt-BR\",\"potentialAction\":[{\"@type\":\"ReadAction\",\"target\":[\"https:\/\/www.pm.pb.gov.br\/portal\/2024\/06\/19\/reducao-de-assassinatos-na-paraiba-e-seguranca-em-joao-pessoa-sao-destaque-no-atlas-da-violencia-2024\/\"]}]},{\"@type\":\"BreadcrumbList\",\"@id\":\"https:\/\/www.pm.pb.gov.br\/portal\/2024\/06\/19\/reducao-de-assassinatos-na-paraiba-e-seguranca-em-joao-pessoa-sao-destaque-no-atlas-da-violencia-2024\/#breadcrumb\",\"itemListElement\":[{\"@type\":\"ListItem\",\"position\":1,\"name\":\"In\u00edcio\",\"item\":\"https:\/\/www.pm.pb.gov.br\/portal\/\"},{\"@type\":\"ListItem\",\"position\":2,\"name\":\"Redu\u00e7\u00e3o de assassinatos na Para\u00edba e seguran\u00e7a em Jo\u00e3o Pessoa s\u00e3o destaque no Atlas da Viol\u00eancia 2024\"}]},{\"@type\":\"WebSite\",\"@id\":\"https:\/\/www.pm.pb.gov.br\/portal\/#website\",\"url\":\"https:\/\/www.pm.pb.gov.br\/portal\/\",\"name\":\"Pol\u00edcia Militar da Para\u00edba\",\"description\":\"\",\"publisher\":{\"@id\":\"https:\/\/www.pm.pb.gov.br\/portal\/#organization\"},\"potentialAction\":[{\"@type\":\"SearchAction\",\"target\":{\"@type\":\"EntryPoint\",\"urlTemplate\":\"https:\/\/www.pm.pb.gov.br\/portal\/?s={search_term_string}\"},\"query-input\":\"required name=search_term_string\"}],\"inLanguage\":\"pt-BR\"},{\"@type\":\"Organization\",\"@id\":\"https:\/\/www.pm.pb.gov.br\/portal\/#organization\",\"name\":\"Pol\u00edcia Militar da Para\u00edba\",\"url\":\"https:\/\/www.pm.pb.gov.br\/portal\/\",\"logo\":{\"@type\":\"ImageObject\",\"inLanguage\":\"pt-BR\",\"@id\":\"https:\/\/www.pm.pb.gov.br\/portal\/#\/schema\/logo\/image\/\",\"url\":\"https:\/\/www.pm.pb.gov.br\/portal\/wp-content\/uploads\/2025\/03\/cropped-logo-site-mag2-1.png\",\"contentUrl\":\"https:\/\/www.pm.pb.gov.br\/portal\/wp-content\/uploads\/2025\/03\/cropped-logo-site-mag2-1.png\",\"width\":320,\"height\":90,\"caption\":\"Pol\u00edcia Militar da Para\u00edba\"},\"image\":{\"@id\":\"https:\/\/www.pm.pb.gov.br\/portal\/#\/schema\/logo\/image\/\"}},{\"@type\":\"Person\",\"@id\":\"https:\/\/www.pm.pb.gov.br\/portal\/#\/schema\/person\/f84f56dcc78ce4357054da888b8247fd\",\"name\":\"Tarcisio Oliveira\",\"image\":{\"@type\":\"ImageObject\",\"inLanguage\":\"pt-BR\",\"@id\":\"https:\/\/www.pm.pb.gov.br\/portal\/#\/schema\/person\/image\/\",\"url\":\"https:\/\/secure.gravatar.com\/avatar\/72917b630b69d31cd0297507f34bac97?s=96&d=mm&r=g\",\"contentUrl\":\"https:\/\/secure.gravatar.com\/avatar\/72917b630b69d31cd0297507f34bac97?s=96&d=mm&r=g\",\"caption\":\"Tarcisio Oliveira\"},\"url\":\"https:\/\/www.pm.pb.gov.br\/portal\/author\/tarcisio\/\"}]}<\/script>\n<!-- \/ Yoast SEO plugin. -->","yoast_head_json":{"title":"Redu\u00e7\u00e3o de assassinatos na Para\u00edba e seguran\u00e7a em Jo\u00e3o Pessoa s\u00e3o destaque no Atlas da Viol\u00eancia 2024 - Pol\u00edcia Militar da Para\u00edba","robots":{"index":"index","follow":"follow","max-snippet":"max-snippet:-1","max-image-preview":"max-image-preview:large","max-video-preview":"max-video-preview:-1"},"canonical":"https:\/\/www.pm.pb.gov.br\/portal\/2024\/06\/19\/reducao-de-assassinatos-na-paraiba-e-seguranca-em-joao-pessoa-sao-destaque-no-atlas-da-violencia-2024\/","og_locale":"pt_BR","og_type":"article","og_title":"Redu\u00e7\u00e3o de assassinatos na Para\u00edba e seguran\u00e7a em Jo\u00e3o Pessoa s\u00e3o destaque no Atlas da Viol\u00eancia 2024 - Pol\u00edcia Militar da Para\u00edba","og_description":"A Para\u00edba foi confirmada como o estado com a terceira menor taxa de homic\u00eddios do Nordeste, de acordo com o","og_url":"https:\/\/www.pm.pb.gov.br\/portal\/2024\/06\/19\/reducao-de-assassinatos-na-paraiba-e-seguranca-em-joao-pessoa-sao-destaque-no-atlas-da-violencia-2024\/","og_site_name":"Pol\u00edcia Militar da Para\u00edba","article_published_time":"2024-06-20T02:51:00+00:00","article_modified_time":"2024-06-20T12:54:13+00:00","og_image":[{"width":800,"height":445,"url":"http:\/\/www.pm.pb.gov.br\/portal\/wp-content\/uploads\/2020\/01\/imagemilustrativa.jpeg","type":"image\/jpeg"}],"author":"Tarcisio Oliveira","twitter_card":"summary_large_image","twitter_misc":{"Escrito por":"Tarcisio Oliveira","Est. tempo de leitura":"4 minutos"},"schema":{"@context":"https:\/\/schema.org","@graph":[{"@type":"Article","@id":"https:\/\/www.pm.pb.gov.br\/portal\/2024\/06\/19\/reducao-de-assassinatos-na-paraiba-e-seguranca-em-joao-pessoa-sao-destaque-no-atlas-da-violencia-2024\/#article","isPartOf":{"@id":"https:\/\/www.pm.pb.gov.br\/portal\/2024\/06\/19\/reducao-de-assassinatos-na-paraiba-e-seguranca-em-joao-pessoa-sao-destaque-no-atlas-da-violencia-2024\/"},"author":{"name":"Tarcisio Oliveira","@id":"https:\/\/www.pm.pb.gov.br\/portal\/#\/schema\/person\/f84f56dcc78ce4357054da888b8247fd"},"headline":"Redu\u00e7\u00e3o de assassinatos na Para\u00edba e seguran\u00e7a em Jo\u00e3o Pessoa s\u00e3o destaque no Atlas da Viol\u00eancia 2024","datePublished":"2024-06-20T02:51:00+00:00","dateModified":"2024-06-20T12:54:13+00:00","mainEntityOfPage":{"@id":"https:\/\/www.pm.pb.gov.br\/portal\/2024\/06\/19\/reducao-de-assassinatos-na-paraiba-e-seguranca-em-joao-pessoa-sao-destaque-no-atlas-da-violencia-2024\/"},"wordCount":704,"publisher":{"@id":"https:\/\/www.pm.pb.gov.br\/portal\/#organization"},"articleSection":["A\u00e7\u00f5es Policiais"],"inLanguage":"pt-BR"},{"@type":"WebPage","@id":"https:\/\/www.pm.pb.gov.br\/portal\/2024\/06\/19\/reducao-de-assassinatos-na-paraiba-e-seguranca-em-joao-pessoa-sao-destaque-no-atlas-da-violencia-2024\/","url":"https:\/\/www.pm.pb.gov.br\/portal\/2024\/06\/19\/reducao-de-assassinatos-na-paraiba-e-seguranca-em-joao-pessoa-sao-destaque-no-atlas-da-violencia-2024\/","name":"Redu\u00e7\u00e3o de assassinatos na Para\u00edba e seguran\u00e7a em Jo\u00e3o Pessoa s\u00e3o destaque no Atlas da Viol\u00eancia 2024 - Pol\u00edcia Militar da Para\u00edba","isPartOf":{"@id":"https:\/\/www.pm.pb.gov.br\/portal\/#website"},"datePublished":"2024-06-20T02:51:00+00:00","dateModified":"2024-06-20T12:54:13+00:00","breadcrumb":{"@id":"https:\/\/www.pm.pb.gov.br\/portal\/2024\/06\/19\/reducao-de-assassinatos-na-paraiba-e-seguranca-em-joao-pessoa-sao-destaque-no-atlas-da-violencia-2024\/#breadcrumb"},"inLanguage":"pt-BR","potentialAction":[{"@type":"ReadAction","target":["https:\/\/www.pm.pb.gov.br\/portal\/2024\/06\/19\/reducao-de-assassinatos-na-paraiba-e-seguranca-em-joao-pessoa-sao-destaque-no-atlas-da-violencia-2024\/"]}]},{"@type":"BreadcrumbList","@id":"https:\/\/www.pm.pb.gov.br\/portal\/2024\/06\/19\/reducao-de-assassinatos-na-paraiba-e-seguranca-em-joao-pessoa-sao-destaque-no-atlas-da-violencia-2024\/#breadcrumb","itemListElement":[{"@type":"ListItem","position":1,"name":"In\u00edcio","item":"https:\/\/www.pm.pb.gov.br\/portal\/"},{"@type":"ListItem","position":2,"name":"Redu\u00e7\u00e3o de assassinatos na Para\u00edba e seguran\u00e7a em Jo\u00e3o Pessoa s\u00e3o destaque no Atlas da Viol\u00eancia 2024"}]},{"@type":"WebSite","@id":"https:\/\/www.pm.pb.gov.br\/portal\/#website","url":"https:\/\/www.pm.pb.gov.br\/portal\/","name":"Pol\u00edcia Militar da Para\u00edba","description":"","publisher":{"@id":"https:\/\/www.pm.pb.gov.br\/portal\/#organization"},"potentialAction":[{"@type":"SearchAction","target":{"@type":"EntryPoint","urlTemplate":"https:\/\/www.pm.pb.gov.br\/portal\/?s={search_term_string}"},"query-input":"required name=search_term_string"}],"inLanguage":"pt-BR"},{"@type":"Organization","@id":"https:\/\/www.pm.pb.gov.br\/portal\/#organization","name":"Pol\u00edcia Militar da Para\u00edba","url":"https:\/\/www.pm.pb.gov.br\/portal\/","logo":{"@type":"ImageObject","inLanguage":"pt-BR","@id":"https:\/\/www.pm.pb.gov.br\/portal\/#\/schema\/logo\/image\/","url":"https:\/\/www.pm.pb.gov.br\/portal\/wp-content\/uploads\/2025\/03\/cropped-logo-site-mag2-1.png","contentUrl":"https:\/\/www.pm.pb.gov.br\/portal\/wp-content\/uploads\/2025\/03\/cropped-logo-site-mag2-1.png","width":320,"height":90,"caption":"Pol\u00edcia Militar da Para\u00edba"},"image":{"@id":"https:\/\/www.pm.pb.gov.br\/portal\/#\/schema\/logo\/image\/"}},{"@type":"Person","@id":"https:\/\/www.pm.pb.gov.br\/portal\/#\/schema\/person\/f84f56dcc78ce4357054da888b8247fd","name":"Tarcisio Oliveira","image":{"@type":"ImageObject","inLanguage":"pt-BR","@id":"https:\/\/www.pm.pb.gov.br\/portal\/#\/schema\/person\/image\/","url":"https:\/\/secure.gravatar.com\/avatar\/72917b630b69d31cd0297507f34bac97?s=96&d=mm&r=g","contentUrl":"https:\/\/secure.gravatar.com\/avatar\/72917b630b69d31cd0297507f34bac97?s=96&d=mm&r=g","caption":"Tarcisio Oliveira"},"url":"https:\/\/www.pm.pb.gov.br\/portal\/author\/tarcisio\/"}]}},"_links":{"self":[{"href":"https:\/\/www.pm.pb.gov.br\/portal\/wp-json\/wp\/v2\/posts\/922528"}],"collection":[{"href":"https:\/\/www.pm.pb.gov.br\/portal\/wp-json\/wp\/v2\/posts"}],"about":[{"href":"https:\/\/www.pm.pb.gov.br\/portal\/wp-json\/wp\/v2\/types\/post"}],"author":[{"embeddable":true,"href":"https:\/\/www.pm.pb.gov.br\/portal\/wp-json\/wp\/v2\/users\/12"}],"replies":[{"embeddable":true,"href":"https:\/\/www.pm.pb.gov.br\/portal\/wp-json\/wp\/v2\/comments?post=922528"}],"version-history":[{"count":1,"href":"https:\/\/www.pm.pb.gov.br\/portal\/wp-json\/wp\/v2\/posts\/922528\/revisions"}],"predecessor-version":[{"id":922529,"href":"https:\/\/www.pm.pb.gov.br\/portal\/wp-json\/wp\/v2\/posts\/922528\/revisions\/922529"}],"wp:featuredmedia":[{"embeddable":true,"href":"https:\/\/www.pm.pb.gov.br\/portal\/wp-json\/wp\/v2\/media\/903544"}],"wp:attachment":[{"href":"https:\/\/www.pm.pb.gov.br\/portal\/wp-json\/wp\/v2\/media?parent=922528"}],"wp:term":[{"taxonomy":"category","embeddable":true,"href":"https:\/\/www.pm.pb.gov.br\/portal\/wp-json\/wp\/v2\/categories?post=922528"},{"taxonomy":"post_tag","embeddable":true,"href":"https:\/\/www.pm.pb.gov.br\/portal\/wp-json\/wp\/v2\/tags?post=922528"}],"curies":[{"name":"wp","href":"https:\/\/api.w.org\/{rel}","templated":true}]}}