{"id":922512,"date":"2024-06-19T06:29:00","date_gmt":"2024-06-19T09:29:00","guid":{"rendered":"https:\/\/www.pm.pb.gov.br\/portal\/?p=922512"},"modified":"2024-06-19T12:40:21","modified_gmt":"2024-06-19T15:40:21","slug":"na-paraiba-tres-acusados-sao-presos-por-violencia-contra-mulher","status":"publish","type":"post","link":"https:\/\/www.pm.pb.gov.br\/portal\/2024\/06\/19\/na-paraiba-tres-acusados-sao-presos-por-violencia-contra-mulher\/","title":{"rendered":"Na Para\u00edba, tr\u00eas acusados s\u00e3o presos por viol\u00eancia contra mulher"},"content":{"rendered":"\n<p>Tr\u00eas homens acusados de crimes contra mulheres foram presos pela Pol\u00edcia Militar nos munic\u00edpios de Esperan\u00e7a, Sousa e Cajazeiras (foto acima ilustrativa). A pris\u00e3o dos agressores aconteceu na \u00faltima ter\u00e7a-feira (18).<\/p>\n<p>Entre os acusados estava um homem preso por tentativa de feminic\u00eddio contra a ex-companheira. O acusado teria desferido golpes de faca na v\u00edtima. J\u00e1 no Sert\u00e3o, em Cajazeiras, o acusado amea\u00e7ou a esposa com uma barra de ferro e tentou agredi-la. Em Sousa, filho e esposa do acusado foram agredidos fisicamente e verbalmente.<\/p>\n<p>Os acusados foram encaminhados para as delegacias para os procedimentos cab\u00edveis e as v\u00edtimas receberam atendimento conforme cada caso.<\/p>\n\n\n","protected":false},"excerpt":{"rendered":"<p>Tr\u00eas homens acusados de crimes contra mulheres foram presos pela Pol\u00edcia Militar nos munic\u00edpios de Esperan\u00e7a, Sousa e Cajazeiras (foto<\/p>\n","protected":false},"author":12,"featured_media":916513,"comment_status":"closed","ping_status":"closed","sticky":false,"template":"","format":"standard","meta":{"_exactmetrics_skip_tracking":false,"_exactmetrics_sitenote_active":false,"_exactmetrics_sitenote_note":"","_exactmetrics_sitenote_category":0,"footnotes":""},"categories":[4],"tags":[],"yoast_head":"<!-- This site is optimized with the Yoast SEO plugin v22.0 - https:\/\/yoast.com\/wordpress\/plugins\/seo\/ -->\n<title>Na Para\u00edba, tr\u00eas acusados s\u00e3o presos por viol\u00eancia contra mulher - Pol\u00edcia Militar da Para\u00edba<\/title>\n<meta name=\"description\" content=\"A pris\u00e3o dos agressores aconteceu na \u00faltima ter\u00e7a-feira nas cidades de Esperan\u00e7a, Sousa e Cajazeiras.\" \/>\n<meta name=\"robots\" content=\"index, follow, max-snippet:-1, max-image-preview:large, max-video-preview:-1\" \/>\n<link rel=\"canonical\" href=\"https:\/\/www.pm.pb.gov.br\/portal\/2024\/06\/19\/na-paraiba-tres-acusados-sao-presos-por-violencia-contra-mulher\/\" \/>\n<meta property=\"og:locale\" content=\"pt_BR\" \/>\n<meta property=\"og:type\" content=\"article\" \/>\n<meta property=\"og:title\" content=\"Na Para\u00edba, tr\u00eas acusados s\u00e3o presos por viol\u00eancia contra mulher - Pol\u00edcia Militar da Para\u00edba\" \/>\n<meta property=\"og:description\" content=\"A pris\u00e3o dos agressores aconteceu na \u00faltima ter\u00e7a-feira nas cidades de Esperan\u00e7a, Sousa e Cajazeiras.\" \/>\n<meta property=\"og:url\" content=\"https:\/\/www.pm.pb.gov.br\/portal\/2024\/06\/19\/na-paraiba-tres-acusados-sao-presos-por-violencia-contra-mulher\/\" \/>\n<meta property=\"og:site_name\" content=\"Pol\u00edcia Militar da Para\u00edba\" \/>\n<meta property=\"article:published_time\" content=\"2024-06-19T09:29:00+00:00\" \/>\n<meta property=\"article:modified_time\" content=\"2024-06-19T15:40:21+00:00\" \/>\n<meta property=\"og:image\" content=\"http:\/\/www.pm.pb.gov.br\/portal\/wp-content\/uploads\/2023\/05\/ilustrativa-2.jpeg\" \/>\n\t<meta property=\"og:image:width\" content=\"800\" \/>\n\t<meta property=\"og:image:height\" content=\"445\" \/>\n\t<meta property=\"og:image:type\" content=\"image\/jpeg\" \/>\n<meta name=\"author\" content=\"Tarcisio Oliveira\" \/>\n<meta name=\"twitter:card\" content=\"summary_large_image\" \/>\n<meta name=\"twitter:label1\" content=\"Escrito por\" \/>\n\t<meta name=\"twitter:data1\" content=\"Tarcisio Oliveira\" \/>\n\t<meta name=\"twitter:label2\" content=\"Est. tempo de leitura\" \/>\n\t<meta name=\"twitter:data2\" content=\"1 minuto\" \/>\n<script type=\"application\/ld+json\" class=\"yoast-schema-graph\">{\"@context\":\"https:\/\/schema.org\",\"@graph\":[{\"@type\":\"Article\",\"@id\":\"https:\/\/www.pm.pb.gov.br\/portal\/2024\/06\/19\/na-paraiba-tres-acusados-sao-presos-por-violencia-contra-mulher\/#article\",\"isPartOf\":{\"@id\":\"https:\/\/www.pm.pb.gov.br\/portal\/2024\/06\/19\/na-paraiba-tres-acusados-sao-presos-por-violencia-contra-mulher\/\"},\"author\":{\"name\":\"Tarcisio Oliveira\",\"@id\":\"https:\/\/www.pm.pb.gov.br\/portal\/#\/schema\/person\/f84f56dcc78ce4357054da888b8247fd\"},\"headline\":\"Na Para\u00edba, tr\u00eas acusados s\u00e3o presos por viol\u00eancia contra mulher\",\"datePublished\":\"2024-06-19T09:29:00+00:00\",\"dateModified\":\"2024-06-19T15:40:21+00:00\",\"mainEntityOfPage\":{\"@id\":\"https:\/\/www.pm.pb.gov.br\/portal\/2024\/06\/19\/na-paraiba-tres-acusados-sao-presos-por-violencia-contra-mulher\/\"},\"wordCount\":128,\"publisher\":{\"@id\":\"https:\/\/www.pm.pb.gov.br\/portal\/#organization\"},\"articleSection\":[\"A\u00e7\u00f5es Policiais\"],\"inLanguage\":\"pt-BR\"},{\"@type\":\"WebPage\",\"@id\":\"https:\/\/www.pm.pb.gov.br\/portal\/2024\/06\/19\/na-paraiba-tres-acusados-sao-presos-por-violencia-contra-mulher\/\",\"url\":\"https:\/\/www.pm.pb.gov.br\/portal\/2024\/06\/19\/na-paraiba-tres-acusados-sao-presos-por-violencia-contra-mulher\/\",\"name\":\"Na Para\u00edba, tr\u00eas acusados s\u00e3o presos por viol\u00eancia contra mulher - Pol\u00edcia Militar da Para\u00edba\",\"isPartOf\":{\"@id\":\"https:\/\/www.pm.pb.gov.br\/portal\/#website\"},\"datePublished\":\"2024-06-19T09:29:00+00:00\",\"dateModified\":\"2024-06-19T15:40:21+00:00\",\"description\":\"A pris\u00e3o dos agressores aconteceu na \u00faltima ter\u00e7a-feira nas cidades de Esperan\u00e7a, Sousa e Cajazeiras.\",\"breadcrumb\":{\"@id\":\"https:\/\/www.pm.pb.gov.br\/portal\/2024\/06\/19\/na-paraiba-tres-acusados-sao-presos-por-violencia-contra-mulher\/#breadcrumb\"},\"inLanguage\":\"pt-BR\",\"potentialAction\":[{\"@type\":\"ReadAction\",\"target\":[\"https:\/\/www.pm.pb.gov.br\/portal\/2024\/06\/19\/na-paraiba-tres-acusados-sao-presos-por-violencia-contra-mulher\/\"]}]},{\"@type\":\"BreadcrumbList\",\"@id\":\"https:\/\/www.pm.pb.gov.br\/portal\/2024\/06\/19\/na-paraiba-tres-acusados-sao-presos-por-violencia-contra-mulher\/#breadcrumb\",\"itemListElement\":[{\"@type\":\"ListItem\",\"position\":1,\"name\":\"In\u00edcio\",\"item\":\"https:\/\/www.pm.pb.gov.br\/portal\/\"},{\"@type\":\"ListItem\",\"position\":2,\"name\":\"Na Para\u00edba, tr\u00eas acusados s\u00e3o presos por viol\u00eancia contra mulher\"}]},{\"@type\":\"WebSite\",\"@id\":\"https:\/\/www.pm.pb.gov.br\/portal\/#website\",\"url\":\"https:\/\/www.pm.pb.gov.br\/portal\/\",\"name\":\"Pol\u00edcia Militar da Para\u00edba\",\"description\":\"\",\"publisher\":{\"@id\":\"https:\/\/www.pm.pb.gov.br\/portal\/#organization\"},\"potentialAction\":[{\"@type\":\"SearchAction\",\"target\":{\"@type\":\"EntryPoint\",\"urlTemplate\":\"https:\/\/www.pm.pb.gov.br\/portal\/?s={search_term_string}\"},\"query-input\":\"required name=search_term_string\"}],\"inLanguage\":\"pt-BR\"},{\"@type\":\"Organization\",\"@id\":\"https:\/\/www.pm.pb.gov.br\/portal\/#organization\",\"name\":\"Pol\u00edcia Militar da Para\u00edba\",\"url\":\"https:\/\/www.pm.pb.gov.br\/portal\/\",\"logo\":{\"@type\":\"ImageObject\",\"inLanguage\":\"pt-BR\",\"@id\":\"https:\/\/www.pm.pb.gov.br\/portal\/#\/schema\/logo\/image\/\",\"url\":\"https:\/\/www.pm.pb.gov.br\/portal\/wp-content\/uploads\/2025\/03\/cropped-logo-site-mag2-1.png\",\"contentUrl\":\"https:\/\/www.pm.pb.gov.br\/portal\/wp-content\/uploads\/2025\/03\/cropped-logo-site-mag2-1.png\",\"width\":320,\"height\":90,\"caption\":\"Pol\u00edcia Militar da Para\u00edba\"},\"image\":{\"@id\":\"https:\/\/www.pm.pb.gov.br\/portal\/#\/schema\/logo\/image\/\"}},{\"@type\":\"Person\",\"@id\":\"https:\/\/www.pm.pb.gov.br\/portal\/#\/schema\/person\/f84f56dcc78ce4357054da888b8247fd\",\"name\":\"Tarcisio Oliveira\",\"image\":{\"@type\":\"ImageObject\",\"inLanguage\":\"pt-BR\",\"@id\":\"https:\/\/www.pm.pb.gov.br\/portal\/#\/schema\/person\/image\/\",\"url\":\"https:\/\/secure.gravatar.com\/avatar\/72917b630b69d31cd0297507f34bac97?s=96&d=mm&r=g\",\"contentUrl\":\"https:\/\/secure.gravatar.com\/avatar\/72917b630b69d31cd0297507f34bac97?s=96&d=mm&r=g\",\"caption\":\"Tarcisio Oliveira\"},\"url\":\"https:\/\/www.pm.pb.gov.br\/portal\/author\/tarcisio\/\"}]}<\/script>\n<!-- \/ Yoast SEO plugin. -->","yoast_head_json":{"title":"Na Para\u00edba, tr\u00eas acusados s\u00e3o presos por viol\u00eancia contra mulher - Pol\u00edcia Militar da Para\u00edba","description":"A pris\u00e3o dos agressores aconteceu na \u00faltima ter\u00e7a-feira nas cidades de Esperan\u00e7a, Sousa e Cajazeiras.","robots":{"index":"index","follow":"follow","max-snippet":"max-snippet:-1","max-image-preview":"max-image-preview:large","max-video-preview":"max-video-preview:-1"},"canonical":"https:\/\/www.pm.pb.gov.br\/portal\/2024\/06\/19\/na-paraiba-tres-acusados-sao-presos-por-violencia-contra-mulher\/","og_locale":"pt_BR","og_type":"article","og_title":"Na Para\u00edba, tr\u00eas acusados s\u00e3o presos por viol\u00eancia contra mulher - Pol\u00edcia Militar da Para\u00edba","og_description":"A pris\u00e3o dos agressores aconteceu na \u00faltima ter\u00e7a-feira nas cidades de Esperan\u00e7a, Sousa e Cajazeiras.","og_url":"https:\/\/www.pm.pb.gov.br\/portal\/2024\/06\/19\/na-paraiba-tres-acusados-sao-presos-por-violencia-contra-mulher\/","og_site_name":"Pol\u00edcia Militar da Para\u00edba","article_published_time":"2024-06-19T09:29:00+00:00","article_modified_time":"2024-06-19T15:40:21+00:00","og_image":[{"width":800,"height":445,"url":"http:\/\/www.pm.pb.gov.br\/portal\/wp-content\/uploads\/2023\/05\/ilustrativa-2.jpeg","type":"image\/jpeg"}],"author":"Tarcisio Oliveira","twitter_card":"summary_large_image","twitter_misc":{"Escrito por":"Tarcisio Oliveira","Est. tempo de leitura":"1 minuto"},"schema":{"@context":"https:\/\/schema.org","@graph":[{"@type":"Article","@id":"https:\/\/www.pm.pb.gov.br\/portal\/2024\/06\/19\/na-paraiba-tres-acusados-sao-presos-por-violencia-contra-mulher\/#article","isPartOf":{"@id":"https:\/\/www.pm.pb.gov.br\/portal\/2024\/06\/19\/na-paraiba-tres-acusados-sao-presos-por-violencia-contra-mulher\/"},"author":{"name":"Tarcisio Oliveira","@id":"https:\/\/www.pm.pb.gov.br\/portal\/#\/schema\/person\/f84f56dcc78ce4357054da888b8247fd"},"headline":"Na Para\u00edba, tr\u00eas acusados s\u00e3o presos por viol\u00eancia contra mulher","datePublished":"2024-06-19T09:29:00+00:00","dateModified":"2024-06-19T15:40:21+00:00","mainEntityOfPage":{"@id":"https:\/\/www.pm.pb.gov.br\/portal\/2024\/06\/19\/na-paraiba-tres-acusados-sao-presos-por-violencia-contra-mulher\/"},"wordCount":128,"publisher":{"@id":"https:\/\/www.pm.pb.gov.br\/portal\/#organization"},"articleSection":["A\u00e7\u00f5es Policiais"],"inLanguage":"pt-BR"},{"@type":"WebPage","@id":"https:\/\/www.pm.pb.gov.br\/portal\/2024\/06\/19\/na-paraiba-tres-acusados-sao-presos-por-violencia-contra-mulher\/","url":"https:\/\/www.pm.pb.gov.br\/portal\/2024\/06\/19\/na-paraiba-tres-acusados-sao-presos-por-violencia-contra-mulher\/","name":"Na Para\u00edba, tr\u00eas acusados s\u00e3o presos por viol\u00eancia contra mulher - Pol\u00edcia Militar da Para\u00edba","isPartOf":{"@id":"https:\/\/www.pm.pb.gov.br\/portal\/#website"},"datePublished":"2024-06-19T09:29:00+00:00","dateModified":"2024-06-19T15:40:21+00:00","description":"A pris\u00e3o dos agressores aconteceu na \u00faltima ter\u00e7a-feira nas cidades de Esperan\u00e7a, Sousa e Cajazeiras.","breadcrumb":{"@id":"https:\/\/www.pm.pb.gov.br\/portal\/2024\/06\/19\/na-paraiba-tres-acusados-sao-presos-por-violencia-contra-mulher\/#breadcrumb"},"inLanguage":"pt-BR","potentialAction":[{"@type":"ReadAction","target":["https:\/\/www.pm.pb.gov.br\/portal\/2024\/06\/19\/na-paraiba-tres-acusados-sao-presos-por-violencia-contra-mulher\/"]}]},{"@type":"BreadcrumbList","@id":"https:\/\/www.pm.pb.gov.br\/portal\/2024\/06\/19\/na-paraiba-tres-acusados-sao-presos-por-violencia-contra-mulher\/#breadcrumb","itemListElement":[{"@type":"ListItem","position":1,"name":"In\u00edcio","item":"https:\/\/www.pm.pb.gov.br\/portal\/"},{"@type":"ListItem","position":2,"name":"Na Para\u00edba, tr\u00eas acusados s\u00e3o presos por viol\u00eancia contra mulher"}]},{"@type":"WebSite","@id":"https:\/\/www.pm.pb.gov.br\/portal\/#website","url":"https:\/\/www.pm.pb.gov.br\/portal\/","name":"Pol\u00edcia Militar da Para\u00edba","description":"","publisher":{"@id":"https:\/\/www.pm.pb.gov.br\/portal\/#organization"},"potentialAction":[{"@type":"SearchAction","target":{"@type":"EntryPoint","urlTemplate":"https:\/\/www.pm.pb.gov.br\/portal\/?s={search_term_string}"},"query-input":"required name=search_term_string"}],"inLanguage":"pt-BR"},{"@type":"Organization","@id":"https:\/\/www.pm.pb.gov.br\/portal\/#organization","name":"Pol\u00edcia Militar da Para\u00edba","url":"https:\/\/www.pm.pb.gov.br\/portal\/","logo":{"@type":"ImageObject","inLanguage":"pt-BR","@id":"https:\/\/www.pm.pb.gov.br\/portal\/#\/schema\/logo\/image\/","url":"https:\/\/www.pm.pb.gov.br\/portal\/wp-content\/uploads\/2025\/03\/cropped-logo-site-mag2-1.png","contentUrl":"https:\/\/www.pm.pb.gov.br\/portal\/wp-content\/uploads\/2025\/03\/cropped-logo-site-mag2-1.png","width":320,"height":90,"caption":"Pol\u00edcia Militar da Para\u00edba"},"image":{"@id":"https:\/\/www.pm.pb.gov.br\/portal\/#\/schema\/logo\/image\/"}},{"@type":"Person","@id":"https:\/\/www.pm.pb.gov.br\/portal\/#\/schema\/person\/f84f56dcc78ce4357054da888b8247fd","name":"Tarcisio Oliveira","image":{"@type":"ImageObject","inLanguage":"pt-BR","@id":"https:\/\/www.pm.pb.gov.br\/portal\/#\/schema\/person\/image\/","url":"https:\/\/secure.gravatar.com\/avatar\/72917b630b69d31cd0297507f34bac97?s=96&d=mm&r=g","contentUrl":"https:\/\/secure.gravatar.com\/avatar\/72917b630b69d31cd0297507f34bac97?s=96&d=mm&r=g","caption":"Tarcisio Oliveira"},"url":"https:\/\/www.pm.pb.gov.br\/portal\/author\/tarcisio\/"}]}},"_links":{"self":[{"href":"https:\/\/www.pm.pb.gov.br\/portal\/wp-json\/wp\/v2\/posts\/922512"}],"collection":[{"href":"https:\/\/www.pm.pb.gov.br\/portal\/wp-json\/wp\/v2\/posts"}],"about":[{"href":"https:\/\/www.pm.pb.gov.br\/portal\/wp-json\/wp\/v2\/types\/post"}],"author":[{"embeddable":true,"href":"https:\/\/www.pm.pb.gov.br\/portal\/wp-json\/wp\/v2\/users\/12"}],"replies":[{"embeddable":true,"href":"https:\/\/www.pm.pb.gov.br\/portal\/wp-json\/wp\/v2\/comments?post=922512"}],"version-history":[{"count":2,"href":"https:\/\/www.pm.pb.gov.br\/portal\/wp-json\/wp\/v2\/posts\/922512\/revisions"}],"predecessor-version":[{"id":922514,"href":"https:\/\/www.pm.pb.gov.br\/portal\/wp-json\/wp\/v2\/posts\/922512\/revisions\/922514"}],"wp:featuredmedia":[{"embeddable":true,"href":"https:\/\/www.pm.pb.gov.br\/portal\/wp-json\/wp\/v2\/media\/916513"}],"wp:attachment":[{"href":"https:\/\/www.pm.pb.gov.br\/portal\/wp-json\/wp\/v2\/media?parent=922512"}],"wp:term":[{"taxonomy":"category","embeddable":true,"href":"https:\/\/www.pm.pb.gov.br\/portal\/wp-json\/wp\/v2\/categories?post=922512"},{"taxonomy":"post_tag","embeddable":true,"href":"https:\/\/www.pm.pb.gov.br\/portal\/wp-json\/wp\/v2\/tags?post=922512"}],"curies":[{"name":"wp","href":"https:\/\/api.w.org\/{rel}","templated":true}]}}