{"id":922505,"date":"2024-06-18T19:16:07","date_gmt":"2024-06-18T22:16:07","guid":{"rendered":"https:\/\/www.pm.pb.gov.br\/portal\/?p=922505"},"modified":"2024-06-18T19:16:09","modified_gmt":"2024-06-18T22:16:09","slug":"lider-criminoso-do-maranhao-e-preso-novamente-pela-policia-militar-em-joao-pessoa","status":"publish","type":"post","link":"https:\/\/www.pm.pb.gov.br\/portal\/2024\/06\/18\/lider-criminoso-do-maranhao-e-preso-novamente-pela-policia-militar-em-joao-pessoa\/","title":{"rendered":"L\u00edder criminoso do Maranh\u00e3o \u00e9 preso novamente pela Pol\u00edcia Militar em Jo\u00e3o Pessoa"},"content":{"rendered":"\n<p>Um foragido da Justi\u00e7a apontado como uma das maiores lideran\u00e7as criminosas do Maranh\u00e3o foi preso no in\u00edcio da noite desta ter\u00e7a-feira (18) em Jo\u00e3o Pessoa. A captura do acusado foi realizada pela Pol\u00edcia Militar na regi\u00e3o do bairro dos Banc\u00e1rios (foto acima ilustrativa).<\/p>\n<p>Esta j\u00e1 e a segunda vez que esse mesmo acusado \u00e9 preso pela PM em Jo\u00e3o Pessoa. No ano passado ele havia sido encontrado com documentos falsos, levando uma vida de luxo na Capital. Ele respondia na Justi\u00e7a pelo crime de tr\u00e1fico de drogas e havia sido preso em 2017 em uma grande opera\u00e7\u00e3o para desarticular o tr\u00e1fico no Maranh\u00e3o.<\/p>\n<p>A pris\u00e3o de hoje ocorre ap\u00f3s os policiais da For\u00e7a T\u00e1tica do 5\u00ba Batalh\u00e3o constataram que o acusado havia quebrado regime prisional, sendo considerado um foragido da Justi\u00e7a. Preso, o condenado foi apresentado na Cidade da Pol\u00edcia Civil onde segue a disposi\u00e7\u00e3o da Justi\u00e7a<\/p>\n\n\n","protected":false},"excerpt":{"rendered":"<p>Um foragido da Justi\u00e7a apontado como uma das maiores lideran\u00e7as criminosas do Maranh\u00e3o foi preso no in\u00edcio da noite desta<\/p>\n","protected":false},"author":12,"featured_media":909498,"comment_status":"closed","ping_status":"closed","sticky":false,"template":"","format":"standard","meta":{"_exactmetrics_skip_tracking":false,"_exactmetrics_sitenote_active":false,"_exactmetrics_sitenote_note":"","_exactmetrics_sitenote_category":0,"footnotes":""},"categories":[4],"tags":[],"yoast_head":"<!-- This site is optimized with the Yoast SEO plugin v22.0 - https:\/\/yoast.com\/wordpress\/plugins\/seo\/ -->\n<title>L\u00edder criminoso do Maranh\u00e3o \u00e9 preso novamente pela Pol\u00edcia Militar em Jo\u00e3o Pessoa - Pol\u00edcia Militar da Para\u00edba<\/title>\n<meta name=\"description\" content=\"Esta j\u00e1 e a segunda vez que esse mesmo acusado \u00e9 preso pela PM. No ano passado ele havia sido encontrado com documentos falsos, levando uma vida de luxo.\" \/>\n<meta name=\"robots\" content=\"index, follow, max-snippet:-1, max-image-preview:large, max-video-preview:-1\" \/>\n<link rel=\"canonical\" href=\"https:\/\/www.pm.pb.gov.br\/portal\/2024\/06\/18\/lider-criminoso-do-maranhao-e-preso-novamente-pela-policia-militar-em-joao-pessoa\/\" \/>\n<meta property=\"og:locale\" content=\"pt_BR\" \/>\n<meta property=\"og:type\" content=\"article\" \/>\n<meta property=\"og:title\" content=\"L\u00edder criminoso do Maranh\u00e3o \u00e9 preso novamente pela Pol\u00edcia Militar em Jo\u00e3o Pessoa - Pol\u00edcia Militar da Para\u00edba\" \/>\n<meta property=\"og:description\" content=\"Esta j\u00e1 e a segunda vez que esse mesmo acusado \u00e9 preso pela PM. No ano passado ele havia sido encontrado com documentos falsos, levando uma vida de luxo.\" \/>\n<meta property=\"og:url\" content=\"https:\/\/www.pm.pb.gov.br\/portal\/2024\/06\/18\/lider-criminoso-do-maranhao-e-preso-novamente-pela-policia-militar-em-joao-pessoa\/\" \/>\n<meta property=\"og:site_name\" content=\"Pol\u00edcia Militar da Para\u00edba\" \/>\n<meta property=\"article:published_time\" content=\"2024-06-18T22:16:07+00:00\" \/>\n<meta property=\"article:modified_time\" content=\"2024-06-18T22:16:09+00:00\" \/>\n<meta property=\"og:image\" content=\"http:\/\/www.pm.pb.gov.br\/portal\/wp-content\/uploads\/2021\/02\/tatica.jpeg\" \/>\n\t<meta property=\"og:image:width\" content=\"800\" \/>\n\t<meta property=\"og:image:height\" content=\"445\" \/>\n\t<meta property=\"og:image:type\" content=\"image\/jpeg\" \/>\n<meta name=\"author\" content=\"Tarcisio Oliveira\" \/>\n<meta name=\"twitter:card\" content=\"summary_large_image\" \/>\n<meta name=\"twitter:label1\" content=\"Escrito por\" \/>\n\t<meta name=\"twitter:data1\" content=\"Tarcisio Oliveira\" \/>\n\t<meta name=\"twitter:label2\" content=\"Est. tempo de leitura\" \/>\n\t<meta name=\"twitter:data2\" content=\"2 minutos\" \/>\n<script type=\"application\/ld+json\" class=\"yoast-schema-graph\">{\"@context\":\"https:\/\/schema.org\",\"@graph\":[{\"@type\":\"Article\",\"@id\":\"https:\/\/www.pm.pb.gov.br\/portal\/2024\/06\/18\/lider-criminoso-do-maranhao-e-preso-novamente-pela-policia-militar-em-joao-pessoa\/#article\",\"isPartOf\":{\"@id\":\"https:\/\/www.pm.pb.gov.br\/portal\/2024\/06\/18\/lider-criminoso-do-maranhao-e-preso-novamente-pela-policia-militar-em-joao-pessoa\/\"},\"author\":{\"name\":\"Tarcisio Oliveira\",\"@id\":\"https:\/\/www.pm.pb.gov.br\/portal\/#\/schema\/person\/f84f56dcc78ce4357054da888b8247fd\"},\"headline\":\"L\u00edder criminoso do Maranh\u00e3o \u00e9 preso novamente pela Pol\u00edcia Militar em Jo\u00e3o Pessoa\",\"datePublished\":\"2024-06-18T22:16:07+00:00\",\"dateModified\":\"2024-06-18T22:16:09+00:00\",\"mainEntityOfPage\":{\"@id\":\"https:\/\/www.pm.pb.gov.br\/portal\/2024\/06\/18\/lider-criminoso-do-maranhao-e-preso-novamente-pela-policia-militar-em-joao-pessoa\/\"},\"wordCount\":183,\"publisher\":{\"@id\":\"https:\/\/www.pm.pb.gov.br\/portal\/#organization\"},\"articleSection\":[\"A\u00e7\u00f5es Policiais\"],\"inLanguage\":\"pt-BR\"},{\"@type\":\"WebPage\",\"@id\":\"https:\/\/www.pm.pb.gov.br\/portal\/2024\/06\/18\/lider-criminoso-do-maranhao-e-preso-novamente-pela-policia-militar-em-joao-pessoa\/\",\"url\":\"https:\/\/www.pm.pb.gov.br\/portal\/2024\/06\/18\/lider-criminoso-do-maranhao-e-preso-novamente-pela-policia-militar-em-joao-pessoa\/\",\"name\":\"L\u00edder criminoso do Maranh\u00e3o \u00e9 preso novamente pela Pol\u00edcia Militar em Jo\u00e3o Pessoa - Pol\u00edcia Militar da Para\u00edba\",\"isPartOf\":{\"@id\":\"https:\/\/www.pm.pb.gov.br\/portal\/#website\"},\"datePublished\":\"2024-06-18T22:16:07+00:00\",\"dateModified\":\"2024-06-18T22:16:09+00:00\",\"description\":\"Esta j\u00e1 e a segunda vez que esse mesmo acusado \u00e9 preso pela PM. No ano passado ele havia sido encontrado com documentos falsos, levando uma vida de luxo.\",\"breadcrumb\":{\"@id\":\"https:\/\/www.pm.pb.gov.br\/portal\/2024\/06\/18\/lider-criminoso-do-maranhao-e-preso-novamente-pela-policia-militar-em-joao-pessoa\/#breadcrumb\"},\"inLanguage\":\"pt-BR\",\"potentialAction\":[{\"@type\":\"ReadAction\",\"target\":[\"https:\/\/www.pm.pb.gov.br\/portal\/2024\/06\/18\/lider-criminoso-do-maranhao-e-preso-novamente-pela-policia-militar-em-joao-pessoa\/\"]}]},{\"@type\":\"BreadcrumbList\",\"@id\":\"https:\/\/www.pm.pb.gov.br\/portal\/2024\/06\/18\/lider-criminoso-do-maranhao-e-preso-novamente-pela-policia-militar-em-joao-pessoa\/#breadcrumb\",\"itemListElement\":[{\"@type\":\"ListItem\",\"position\":1,\"name\":\"In\u00edcio\",\"item\":\"https:\/\/www.pm.pb.gov.br\/portal\/\"},{\"@type\":\"ListItem\",\"position\":2,\"name\":\"L\u00edder criminoso do Maranh\u00e3o \u00e9 preso novamente pela Pol\u00edcia Militar em Jo\u00e3o Pessoa\"}]},{\"@type\":\"WebSite\",\"@id\":\"https:\/\/www.pm.pb.gov.br\/portal\/#website\",\"url\":\"https:\/\/www.pm.pb.gov.br\/portal\/\",\"name\":\"Pol\u00edcia Militar da Para\u00edba\",\"description\":\"\",\"publisher\":{\"@id\":\"https:\/\/www.pm.pb.gov.br\/portal\/#organization\"},\"potentialAction\":[{\"@type\":\"SearchAction\",\"target\":{\"@type\":\"EntryPoint\",\"urlTemplate\":\"https:\/\/www.pm.pb.gov.br\/portal\/?s={search_term_string}\"},\"query-input\":\"required name=search_term_string\"}],\"inLanguage\":\"pt-BR\"},{\"@type\":\"Organization\",\"@id\":\"https:\/\/www.pm.pb.gov.br\/portal\/#organization\",\"name\":\"Pol\u00edcia Militar da Para\u00edba\",\"url\":\"https:\/\/www.pm.pb.gov.br\/portal\/\",\"logo\":{\"@type\":\"ImageObject\",\"inLanguage\":\"pt-BR\",\"@id\":\"https:\/\/www.pm.pb.gov.br\/portal\/#\/schema\/logo\/image\/\",\"url\":\"https:\/\/www.pm.pb.gov.br\/portal\/wp-content\/uploads\/2025\/03\/cropped-logo-site-mag2-1.png\",\"contentUrl\":\"https:\/\/www.pm.pb.gov.br\/portal\/wp-content\/uploads\/2025\/03\/cropped-logo-site-mag2-1.png\",\"width\":320,\"height\":90,\"caption\":\"Pol\u00edcia Militar da Para\u00edba\"},\"image\":{\"@id\":\"https:\/\/www.pm.pb.gov.br\/portal\/#\/schema\/logo\/image\/\"}},{\"@type\":\"Person\",\"@id\":\"https:\/\/www.pm.pb.gov.br\/portal\/#\/schema\/person\/f84f56dcc78ce4357054da888b8247fd\",\"name\":\"Tarcisio Oliveira\",\"image\":{\"@type\":\"ImageObject\",\"inLanguage\":\"pt-BR\",\"@id\":\"https:\/\/www.pm.pb.gov.br\/portal\/#\/schema\/person\/image\/\",\"url\":\"https:\/\/secure.gravatar.com\/avatar\/72917b630b69d31cd0297507f34bac97?s=96&d=mm&r=g\",\"contentUrl\":\"https:\/\/secure.gravatar.com\/avatar\/72917b630b69d31cd0297507f34bac97?s=96&d=mm&r=g\",\"caption\":\"Tarcisio Oliveira\"},\"url\":\"https:\/\/www.pm.pb.gov.br\/portal\/author\/tarcisio\/\"}]}<\/script>\n<!-- \/ Yoast SEO plugin. -->","yoast_head_json":{"title":"L\u00edder criminoso do Maranh\u00e3o \u00e9 preso novamente pela Pol\u00edcia Militar em Jo\u00e3o Pessoa - Pol\u00edcia Militar da Para\u00edba","description":"Esta j\u00e1 e a segunda vez que esse mesmo acusado \u00e9 preso pela PM. No ano passado ele havia sido encontrado com documentos falsos, levando uma vida de luxo.","robots":{"index":"index","follow":"follow","max-snippet":"max-snippet:-1","max-image-preview":"max-image-preview:large","max-video-preview":"max-video-preview:-1"},"canonical":"https:\/\/www.pm.pb.gov.br\/portal\/2024\/06\/18\/lider-criminoso-do-maranhao-e-preso-novamente-pela-policia-militar-em-joao-pessoa\/","og_locale":"pt_BR","og_type":"article","og_title":"L\u00edder criminoso do Maranh\u00e3o \u00e9 preso novamente pela Pol\u00edcia Militar em Jo\u00e3o Pessoa - Pol\u00edcia Militar da Para\u00edba","og_description":"Esta j\u00e1 e a segunda vez que esse mesmo acusado \u00e9 preso pela PM. No ano passado ele havia sido encontrado com documentos falsos, levando uma vida de luxo.","og_url":"https:\/\/www.pm.pb.gov.br\/portal\/2024\/06\/18\/lider-criminoso-do-maranhao-e-preso-novamente-pela-policia-militar-em-joao-pessoa\/","og_site_name":"Pol\u00edcia Militar da Para\u00edba","article_published_time":"2024-06-18T22:16:07+00:00","article_modified_time":"2024-06-18T22:16:09+00:00","og_image":[{"width":800,"height":445,"url":"http:\/\/www.pm.pb.gov.br\/portal\/wp-content\/uploads\/2021\/02\/tatica.jpeg","type":"image\/jpeg"}],"author":"Tarcisio Oliveira","twitter_card":"summary_large_image","twitter_misc":{"Escrito por":"Tarcisio Oliveira","Est. tempo de leitura":"2 minutos"},"schema":{"@context":"https:\/\/schema.org","@graph":[{"@type":"Article","@id":"https:\/\/www.pm.pb.gov.br\/portal\/2024\/06\/18\/lider-criminoso-do-maranhao-e-preso-novamente-pela-policia-militar-em-joao-pessoa\/#article","isPartOf":{"@id":"https:\/\/www.pm.pb.gov.br\/portal\/2024\/06\/18\/lider-criminoso-do-maranhao-e-preso-novamente-pela-policia-militar-em-joao-pessoa\/"},"author":{"name":"Tarcisio Oliveira","@id":"https:\/\/www.pm.pb.gov.br\/portal\/#\/schema\/person\/f84f56dcc78ce4357054da888b8247fd"},"headline":"L\u00edder criminoso do Maranh\u00e3o \u00e9 preso novamente pela Pol\u00edcia Militar em Jo\u00e3o Pessoa","datePublished":"2024-06-18T22:16:07+00:00","dateModified":"2024-06-18T22:16:09+00:00","mainEntityOfPage":{"@id":"https:\/\/www.pm.pb.gov.br\/portal\/2024\/06\/18\/lider-criminoso-do-maranhao-e-preso-novamente-pela-policia-militar-em-joao-pessoa\/"},"wordCount":183,"publisher":{"@id":"https:\/\/www.pm.pb.gov.br\/portal\/#organization"},"articleSection":["A\u00e7\u00f5es Policiais"],"inLanguage":"pt-BR"},{"@type":"WebPage","@id":"https:\/\/www.pm.pb.gov.br\/portal\/2024\/06\/18\/lider-criminoso-do-maranhao-e-preso-novamente-pela-policia-militar-em-joao-pessoa\/","url":"https:\/\/www.pm.pb.gov.br\/portal\/2024\/06\/18\/lider-criminoso-do-maranhao-e-preso-novamente-pela-policia-militar-em-joao-pessoa\/","name":"L\u00edder criminoso do Maranh\u00e3o \u00e9 preso novamente pela Pol\u00edcia Militar em Jo\u00e3o Pessoa - Pol\u00edcia Militar da Para\u00edba","isPartOf":{"@id":"https:\/\/www.pm.pb.gov.br\/portal\/#website"},"datePublished":"2024-06-18T22:16:07+00:00","dateModified":"2024-06-18T22:16:09+00:00","description":"Esta j\u00e1 e a segunda vez que esse mesmo acusado \u00e9 preso pela PM. No ano passado ele havia sido encontrado com documentos falsos, levando uma vida de luxo.","breadcrumb":{"@id":"https:\/\/www.pm.pb.gov.br\/portal\/2024\/06\/18\/lider-criminoso-do-maranhao-e-preso-novamente-pela-policia-militar-em-joao-pessoa\/#breadcrumb"},"inLanguage":"pt-BR","potentialAction":[{"@type":"ReadAction","target":["https:\/\/www.pm.pb.gov.br\/portal\/2024\/06\/18\/lider-criminoso-do-maranhao-e-preso-novamente-pela-policia-militar-em-joao-pessoa\/"]}]},{"@type":"BreadcrumbList","@id":"https:\/\/www.pm.pb.gov.br\/portal\/2024\/06\/18\/lider-criminoso-do-maranhao-e-preso-novamente-pela-policia-militar-em-joao-pessoa\/#breadcrumb","itemListElement":[{"@type":"ListItem","position":1,"name":"In\u00edcio","item":"https:\/\/www.pm.pb.gov.br\/portal\/"},{"@type":"ListItem","position":2,"name":"L\u00edder criminoso do Maranh\u00e3o \u00e9 preso novamente pela Pol\u00edcia Militar em Jo\u00e3o Pessoa"}]},{"@type":"WebSite","@id":"https:\/\/www.pm.pb.gov.br\/portal\/#website","url":"https:\/\/www.pm.pb.gov.br\/portal\/","name":"Pol\u00edcia Militar da Para\u00edba","description":"","publisher":{"@id":"https:\/\/www.pm.pb.gov.br\/portal\/#organization"},"potentialAction":[{"@type":"SearchAction","target":{"@type":"EntryPoint","urlTemplate":"https:\/\/www.pm.pb.gov.br\/portal\/?s={search_term_string}"},"query-input":"required name=search_term_string"}],"inLanguage":"pt-BR"},{"@type":"Organization","@id":"https:\/\/www.pm.pb.gov.br\/portal\/#organization","name":"Pol\u00edcia Militar da Para\u00edba","url":"https:\/\/www.pm.pb.gov.br\/portal\/","logo":{"@type":"ImageObject","inLanguage":"pt-BR","@id":"https:\/\/www.pm.pb.gov.br\/portal\/#\/schema\/logo\/image\/","url":"https:\/\/www.pm.pb.gov.br\/portal\/wp-content\/uploads\/2025\/03\/cropped-logo-site-mag2-1.png","contentUrl":"https:\/\/www.pm.pb.gov.br\/portal\/wp-content\/uploads\/2025\/03\/cropped-logo-site-mag2-1.png","width":320,"height":90,"caption":"Pol\u00edcia Militar da Para\u00edba"},"image":{"@id":"https:\/\/www.pm.pb.gov.br\/portal\/#\/schema\/logo\/image\/"}},{"@type":"Person","@id":"https:\/\/www.pm.pb.gov.br\/portal\/#\/schema\/person\/f84f56dcc78ce4357054da888b8247fd","name":"Tarcisio Oliveira","image":{"@type":"ImageObject","inLanguage":"pt-BR","@id":"https:\/\/www.pm.pb.gov.br\/portal\/#\/schema\/person\/image\/","url":"https:\/\/secure.gravatar.com\/avatar\/72917b630b69d31cd0297507f34bac97?s=96&d=mm&r=g","contentUrl":"https:\/\/secure.gravatar.com\/avatar\/72917b630b69d31cd0297507f34bac97?s=96&d=mm&r=g","caption":"Tarcisio Oliveira"},"url":"https:\/\/www.pm.pb.gov.br\/portal\/author\/tarcisio\/"}]}},"_links":{"self":[{"href":"https:\/\/www.pm.pb.gov.br\/portal\/wp-json\/wp\/v2\/posts\/922505"}],"collection":[{"href":"https:\/\/www.pm.pb.gov.br\/portal\/wp-json\/wp\/v2\/posts"}],"about":[{"href":"https:\/\/www.pm.pb.gov.br\/portal\/wp-json\/wp\/v2\/types\/post"}],"author":[{"embeddable":true,"href":"https:\/\/www.pm.pb.gov.br\/portal\/wp-json\/wp\/v2\/users\/12"}],"replies":[{"embeddable":true,"href":"https:\/\/www.pm.pb.gov.br\/portal\/wp-json\/wp\/v2\/comments?post=922505"}],"version-history":[{"count":1,"href":"https:\/\/www.pm.pb.gov.br\/portal\/wp-json\/wp\/v2\/posts\/922505\/revisions"}],"predecessor-version":[{"id":922506,"href":"https:\/\/www.pm.pb.gov.br\/portal\/wp-json\/wp\/v2\/posts\/922505\/revisions\/922506"}],"wp:featuredmedia":[{"embeddable":true,"href":"https:\/\/www.pm.pb.gov.br\/portal\/wp-json\/wp\/v2\/media\/909498"}],"wp:attachment":[{"href":"https:\/\/www.pm.pb.gov.br\/portal\/wp-json\/wp\/v2\/media?parent=922505"}],"wp:term":[{"taxonomy":"category","embeddable":true,"href":"https:\/\/www.pm.pb.gov.br\/portal\/wp-json\/wp\/v2\/categories?post=922505"},{"taxonomy":"post_tag","embeddable":true,"href":"https:\/\/www.pm.pb.gov.br\/portal\/wp-json\/wp\/v2\/tags?post=922505"}],"curies":[{"name":"wp","href":"https:\/\/api.w.org\/{rel}","templated":true}]}}