{"id":922492,"date":"2024-06-18T09:33:00","date_gmt":"2024-06-18T12:33:00","guid":{"rendered":"https:\/\/www.pm.pb.gov.br\/portal\/?p=922492"},"modified":"2024-06-18T11:41:39","modified_gmt":"2024-06-18T14:41:39","slug":"combate-aos-crimes-patrimoniais-policia-militar-apreende-adolescentes-apos-roubo-de-motocicleta-e-recupera-veiculo-em-campina-grande","status":"publish","type":"post","link":"https:\/\/www.pm.pb.gov.br\/portal\/2024\/06\/18\/combate-aos-crimes-patrimoniais-policia-militar-apreende-adolescentes-apos-roubo-de-motocicleta-e-recupera-veiculo-em-campina-grande\/","title":{"rendered":"COMBATE AOS CRIMES PATRIMONIAIS: Pol\u00edcia Militar apreende adolescentes ap\u00f3s roubo de motocicleta e recupera ve\u00edculo em Campina Grande"},"content":{"rendered":"\n<p>No final da noite desta segunda-feira (17), policiais militares do 2\u00b0 Esquadr\u00e3o do Regimento de Opera\u00e7\u00f5es T\u00e1ticas com Apoio de Motocicletas (Rotam) apreenderam tr\u00eas adolescentes e recuperaram uma motocicleta roubada poucos minutos depois do ato infracional. A a\u00e7\u00e3o ocorreu em Campina Grande (foto acima ilustrativa).<\/p>\n<p>De acordo com a unidade, policiais foram informados pelo Centro Integrado de Comando e Controle (CICC) do roubo de uma motocicleta no bairro do Centen\u00e1rio, onde os acusados haviam usando de viol\u00eancia, agredindo a v\u00edtima e levando a moto.<\/p>\n<p>Foram iniciadas rondas em poss\u00edveis rotas de fuga, tendo a guarni\u00e7\u00e3o de \u00c1guias, como s\u00e3o conhecidos os policiais do Rotam, conseguido intercepta-los j\u00e1 no bairro do Monte Santo, ap\u00f3s o cerco. Os adolescentes apreendidos foram apresentados na central de Pol\u00edcia Civil com seus respectivos respons\u00e1veis para confec\u00e7\u00e3o dos procedimentos legais pertinentes.<\/p>\n<p><strong>Tr\u00e1fico &#8211;<\/strong> Ainda na noite de segunda, duas pessoas foram presas pelo 2\u00ba Eotam pelo crime de tr\u00e1fico de drogas. Um homem e uma mulher foram localizados em becos do bairro do Catol\u00e9, com mais de 30 por\u00e7\u00f5es de crack, e dinheiro. Eles foram conduzidos para a delegacia.<\/p>\n<p><em>Atualizado \u00e0s 12h05.<\/em><\/p>\n","protected":false},"excerpt":{"rendered":"<p>No final da noite desta segunda-feira (17), policiais militares do 2\u00b0 Esquadr\u00e3o do Regimento de Opera\u00e7\u00f5es T\u00e1ticas com Apoio de<\/p>\n","protected":false},"author":12,"featured_media":920358,"comment_status":"closed","ping_status":"closed","sticky":false,"template":"","format":"standard","meta":{"_exactmetrics_skip_tracking":false,"_exactmetrics_sitenote_active":false,"_exactmetrics_sitenote_note":"","_exactmetrics_sitenote_category":0,"footnotes":""},"categories":[4],"tags":[],"yoast_head":"<!-- This site is optimized with the Yoast SEO plugin v22.0 - https:\/\/yoast.com\/wordpress\/plugins\/seo\/ -->\n<title>COMBATE AOS CRIMES PATRIMONIAIS: Pol\u00edcia Militar apreende adolescentes ap\u00f3s roubo de motocicleta e recupera ve\u00edculo em Campina Grande - Pol\u00edcia Militar da Para\u00edba<\/title>\n<meta name=\"description\" content=\"Intercepta\u00e7\u00e3o dos infratores aconteceu no bairro do Monte Santo, ap\u00f3s um cerco montado pelos \u00c1guias.\" \/>\n<meta name=\"robots\" content=\"index, follow, max-snippet:-1, max-image-preview:large, max-video-preview:-1\" \/>\n<link rel=\"canonical\" href=\"https:\/\/www.pm.pb.gov.br\/portal\/2024\/06\/18\/combate-aos-crimes-patrimoniais-policia-militar-apreende-adolescentes-apos-roubo-de-motocicleta-e-recupera-veiculo-em-campina-grande\/\" \/>\n<meta property=\"og:locale\" content=\"pt_BR\" \/>\n<meta property=\"og:type\" content=\"article\" \/>\n<meta property=\"og:title\" content=\"COMBATE AOS CRIMES PATRIMONIAIS: Pol\u00edcia Militar apreende adolescentes ap\u00f3s roubo de motocicleta e recupera ve\u00edculo em Campina Grande - Pol\u00edcia Militar da Para\u00edba\" \/>\n<meta property=\"og:description\" content=\"Intercepta\u00e7\u00e3o dos infratores aconteceu no bairro do Monte Santo, ap\u00f3s um cerco montado pelos \u00c1guias.\" \/>\n<meta property=\"og:url\" content=\"https:\/\/www.pm.pb.gov.br\/portal\/2024\/06\/18\/combate-aos-crimes-patrimoniais-policia-militar-apreende-adolescentes-apos-roubo-de-motocicleta-e-recupera-veiculo-em-campina-grande\/\" \/>\n<meta property=\"og:site_name\" content=\"Pol\u00edcia Militar da Para\u00edba\" \/>\n<meta property=\"article:published_time\" content=\"2024-06-18T12:33:00+00:00\" \/>\n<meta property=\"article:modified_time\" content=\"2024-06-18T14:41:39+00:00\" \/>\n<meta property=\"og:image\" content=\"http:\/\/www.pm.pb.gov.br\/portal\/wp-content\/uploads\/2024\/01\/eotamcg-1.jpeg\" \/>\n\t<meta property=\"og:image:width\" content=\"800\" \/>\n\t<meta property=\"og:image:height\" content=\"445\" \/>\n\t<meta property=\"og:image:type\" content=\"image\/jpeg\" \/>\n<meta name=\"author\" content=\"Tarcisio Oliveira\" \/>\n<meta name=\"twitter:card\" content=\"summary_large_image\" \/>\n<meta name=\"twitter:label1\" content=\"Escrito por\" \/>\n\t<meta name=\"twitter:data1\" content=\"Tarcisio Oliveira\" \/>\n\t<meta name=\"twitter:label2\" content=\"Est. tempo de leitura\" \/>\n\t<meta name=\"twitter:data2\" content=\"2 minutos\" \/>\n<script type=\"application\/ld+json\" class=\"yoast-schema-graph\">{\"@context\":\"https:\/\/schema.org\",\"@graph\":[{\"@type\":\"Article\",\"@id\":\"https:\/\/www.pm.pb.gov.br\/portal\/2024\/06\/18\/combate-aos-crimes-patrimoniais-policia-militar-apreende-adolescentes-apos-roubo-de-motocicleta-e-recupera-veiculo-em-campina-grande\/#article\",\"isPartOf\":{\"@id\":\"https:\/\/www.pm.pb.gov.br\/portal\/2024\/06\/18\/combate-aos-crimes-patrimoniais-policia-militar-apreende-adolescentes-apos-roubo-de-motocicleta-e-recupera-veiculo-em-campina-grande\/\"},\"author\":{\"name\":\"Tarcisio Oliveira\",\"@id\":\"https:\/\/www.pm.pb.gov.br\/portal\/#\/schema\/person\/f84f56dcc78ce4357054da888b8247fd\"},\"headline\":\"COMBATE AOS CRIMES PATRIMONIAIS: Pol\u00edcia Militar apreende adolescentes ap\u00f3s roubo de motocicleta e recupera ve\u00edculo em Campina Grande\",\"datePublished\":\"2024-06-18T12:33:00+00:00\",\"dateModified\":\"2024-06-18T14:41:39+00:00\",\"mainEntityOfPage\":{\"@id\":\"https:\/\/www.pm.pb.gov.br\/portal\/2024\/06\/18\/combate-aos-crimes-patrimoniais-policia-militar-apreende-adolescentes-apos-roubo-de-motocicleta-e-recupera-veiculo-em-campina-grande\/\"},\"wordCount\":221,\"publisher\":{\"@id\":\"https:\/\/www.pm.pb.gov.br\/portal\/#organization\"},\"articleSection\":[\"A\u00e7\u00f5es Policiais\"],\"inLanguage\":\"pt-BR\"},{\"@type\":\"WebPage\",\"@id\":\"https:\/\/www.pm.pb.gov.br\/portal\/2024\/06\/18\/combate-aos-crimes-patrimoniais-policia-militar-apreende-adolescentes-apos-roubo-de-motocicleta-e-recupera-veiculo-em-campina-grande\/\",\"url\":\"https:\/\/www.pm.pb.gov.br\/portal\/2024\/06\/18\/combate-aos-crimes-patrimoniais-policia-militar-apreende-adolescentes-apos-roubo-de-motocicleta-e-recupera-veiculo-em-campina-grande\/\",\"name\":\"COMBATE AOS CRIMES PATRIMONIAIS: Pol\u00edcia Militar apreende adolescentes ap\u00f3s roubo de motocicleta e recupera ve\u00edculo em Campina Grande - Pol\u00edcia Militar da Para\u00edba\",\"isPartOf\":{\"@id\":\"https:\/\/www.pm.pb.gov.br\/portal\/#website\"},\"datePublished\":\"2024-06-18T12:33:00+00:00\",\"dateModified\":\"2024-06-18T14:41:39+00:00\",\"description\":\"Intercepta\u00e7\u00e3o dos infratores aconteceu no bairro do Monte Santo, ap\u00f3s um cerco montado pelos \u00c1guias.\",\"breadcrumb\":{\"@id\":\"https:\/\/www.pm.pb.gov.br\/portal\/2024\/06\/18\/combate-aos-crimes-patrimoniais-policia-militar-apreende-adolescentes-apos-roubo-de-motocicleta-e-recupera-veiculo-em-campina-grande\/#breadcrumb\"},\"inLanguage\":\"pt-BR\",\"potentialAction\":[{\"@type\":\"ReadAction\",\"target\":[\"https:\/\/www.pm.pb.gov.br\/portal\/2024\/06\/18\/combate-aos-crimes-patrimoniais-policia-militar-apreende-adolescentes-apos-roubo-de-motocicleta-e-recupera-veiculo-em-campina-grande\/\"]}]},{\"@type\":\"BreadcrumbList\",\"@id\":\"https:\/\/www.pm.pb.gov.br\/portal\/2024\/06\/18\/combate-aos-crimes-patrimoniais-policia-militar-apreende-adolescentes-apos-roubo-de-motocicleta-e-recupera-veiculo-em-campina-grande\/#breadcrumb\",\"itemListElement\":[{\"@type\":\"ListItem\",\"position\":1,\"name\":\"In\u00edcio\",\"item\":\"https:\/\/www.pm.pb.gov.br\/portal\/\"},{\"@type\":\"ListItem\",\"position\":2,\"name\":\"COMBATE AOS CRIMES PATRIMONIAIS: Pol\u00edcia Militar apreende adolescentes ap\u00f3s roubo de motocicleta e recupera ve\u00edculo em Campina Grande\"}]},{\"@type\":\"WebSite\",\"@id\":\"https:\/\/www.pm.pb.gov.br\/portal\/#website\",\"url\":\"https:\/\/www.pm.pb.gov.br\/portal\/\",\"name\":\"Pol\u00edcia Militar da Para\u00edba\",\"description\":\"\",\"publisher\":{\"@id\":\"https:\/\/www.pm.pb.gov.br\/portal\/#organization\"},\"potentialAction\":[{\"@type\":\"SearchAction\",\"target\":{\"@type\":\"EntryPoint\",\"urlTemplate\":\"https:\/\/www.pm.pb.gov.br\/portal\/?s={search_term_string}\"},\"query-input\":\"required name=search_term_string\"}],\"inLanguage\":\"pt-BR\"},{\"@type\":\"Organization\",\"@id\":\"https:\/\/www.pm.pb.gov.br\/portal\/#organization\",\"name\":\"Pol\u00edcia Militar da Para\u00edba\",\"url\":\"https:\/\/www.pm.pb.gov.br\/portal\/\",\"logo\":{\"@type\":\"ImageObject\",\"inLanguage\":\"pt-BR\",\"@id\":\"https:\/\/www.pm.pb.gov.br\/portal\/#\/schema\/logo\/image\/\",\"url\":\"https:\/\/www.pm.pb.gov.br\/portal\/wp-content\/uploads\/2025\/03\/cropped-logo-site-mag2-1.png\",\"contentUrl\":\"https:\/\/www.pm.pb.gov.br\/portal\/wp-content\/uploads\/2025\/03\/cropped-logo-site-mag2-1.png\",\"width\":320,\"height\":90,\"caption\":\"Pol\u00edcia Militar da Para\u00edba\"},\"image\":{\"@id\":\"https:\/\/www.pm.pb.gov.br\/portal\/#\/schema\/logo\/image\/\"}},{\"@type\":\"Person\",\"@id\":\"https:\/\/www.pm.pb.gov.br\/portal\/#\/schema\/person\/f84f56dcc78ce4357054da888b8247fd\",\"name\":\"Tarcisio Oliveira\",\"image\":{\"@type\":\"ImageObject\",\"inLanguage\":\"pt-BR\",\"@id\":\"https:\/\/www.pm.pb.gov.br\/portal\/#\/schema\/person\/image\/\",\"url\":\"https:\/\/secure.gravatar.com\/avatar\/72917b630b69d31cd0297507f34bac97?s=96&d=mm&r=g\",\"contentUrl\":\"https:\/\/secure.gravatar.com\/avatar\/72917b630b69d31cd0297507f34bac97?s=96&d=mm&r=g\",\"caption\":\"Tarcisio Oliveira\"},\"url\":\"https:\/\/www.pm.pb.gov.br\/portal\/author\/tarcisio\/\"}]}<\/script>\n<!-- \/ Yoast SEO plugin. -->","yoast_head_json":{"title":"COMBATE AOS CRIMES PATRIMONIAIS: Pol\u00edcia Militar apreende adolescentes ap\u00f3s roubo de motocicleta e recupera ve\u00edculo em Campina Grande - Pol\u00edcia Militar da Para\u00edba","description":"Intercepta\u00e7\u00e3o dos infratores aconteceu no bairro do Monte Santo, ap\u00f3s um cerco montado pelos \u00c1guias.","robots":{"index":"index","follow":"follow","max-snippet":"max-snippet:-1","max-image-preview":"max-image-preview:large","max-video-preview":"max-video-preview:-1"},"canonical":"https:\/\/www.pm.pb.gov.br\/portal\/2024\/06\/18\/combate-aos-crimes-patrimoniais-policia-militar-apreende-adolescentes-apos-roubo-de-motocicleta-e-recupera-veiculo-em-campina-grande\/","og_locale":"pt_BR","og_type":"article","og_title":"COMBATE AOS CRIMES PATRIMONIAIS: Pol\u00edcia Militar apreende adolescentes ap\u00f3s roubo de motocicleta e recupera ve\u00edculo em Campina Grande - Pol\u00edcia Militar da Para\u00edba","og_description":"Intercepta\u00e7\u00e3o dos infratores aconteceu no bairro do Monte Santo, ap\u00f3s um cerco montado pelos \u00c1guias.","og_url":"https:\/\/www.pm.pb.gov.br\/portal\/2024\/06\/18\/combate-aos-crimes-patrimoniais-policia-militar-apreende-adolescentes-apos-roubo-de-motocicleta-e-recupera-veiculo-em-campina-grande\/","og_site_name":"Pol\u00edcia Militar da Para\u00edba","article_published_time":"2024-06-18T12:33:00+00:00","article_modified_time":"2024-06-18T14:41:39+00:00","og_image":[{"width":800,"height":445,"url":"http:\/\/www.pm.pb.gov.br\/portal\/wp-content\/uploads\/2024\/01\/eotamcg-1.jpeg","type":"image\/jpeg"}],"author":"Tarcisio Oliveira","twitter_card":"summary_large_image","twitter_misc":{"Escrito por":"Tarcisio Oliveira","Est. tempo de leitura":"2 minutos"},"schema":{"@context":"https:\/\/schema.org","@graph":[{"@type":"Article","@id":"https:\/\/www.pm.pb.gov.br\/portal\/2024\/06\/18\/combate-aos-crimes-patrimoniais-policia-militar-apreende-adolescentes-apos-roubo-de-motocicleta-e-recupera-veiculo-em-campina-grande\/#article","isPartOf":{"@id":"https:\/\/www.pm.pb.gov.br\/portal\/2024\/06\/18\/combate-aos-crimes-patrimoniais-policia-militar-apreende-adolescentes-apos-roubo-de-motocicleta-e-recupera-veiculo-em-campina-grande\/"},"author":{"name":"Tarcisio Oliveira","@id":"https:\/\/www.pm.pb.gov.br\/portal\/#\/schema\/person\/f84f56dcc78ce4357054da888b8247fd"},"headline":"COMBATE AOS CRIMES PATRIMONIAIS: Pol\u00edcia Militar apreende adolescentes ap\u00f3s roubo de motocicleta e recupera ve\u00edculo em Campina Grande","datePublished":"2024-06-18T12:33:00+00:00","dateModified":"2024-06-18T14:41:39+00:00","mainEntityOfPage":{"@id":"https:\/\/www.pm.pb.gov.br\/portal\/2024\/06\/18\/combate-aos-crimes-patrimoniais-policia-militar-apreende-adolescentes-apos-roubo-de-motocicleta-e-recupera-veiculo-em-campina-grande\/"},"wordCount":221,"publisher":{"@id":"https:\/\/www.pm.pb.gov.br\/portal\/#organization"},"articleSection":["A\u00e7\u00f5es Policiais"],"inLanguage":"pt-BR"},{"@type":"WebPage","@id":"https:\/\/www.pm.pb.gov.br\/portal\/2024\/06\/18\/combate-aos-crimes-patrimoniais-policia-militar-apreende-adolescentes-apos-roubo-de-motocicleta-e-recupera-veiculo-em-campina-grande\/","url":"https:\/\/www.pm.pb.gov.br\/portal\/2024\/06\/18\/combate-aos-crimes-patrimoniais-policia-militar-apreende-adolescentes-apos-roubo-de-motocicleta-e-recupera-veiculo-em-campina-grande\/","name":"COMBATE AOS CRIMES PATRIMONIAIS: Pol\u00edcia Militar apreende adolescentes ap\u00f3s roubo de motocicleta e recupera ve\u00edculo em Campina Grande - Pol\u00edcia Militar da Para\u00edba","isPartOf":{"@id":"https:\/\/www.pm.pb.gov.br\/portal\/#website"},"datePublished":"2024-06-18T12:33:00+00:00","dateModified":"2024-06-18T14:41:39+00:00","description":"Intercepta\u00e7\u00e3o dos infratores aconteceu no bairro do Monte Santo, ap\u00f3s um cerco montado pelos \u00c1guias.","breadcrumb":{"@id":"https:\/\/www.pm.pb.gov.br\/portal\/2024\/06\/18\/combate-aos-crimes-patrimoniais-policia-militar-apreende-adolescentes-apos-roubo-de-motocicleta-e-recupera-veiculo-em-campina-grande\/#breadcrumb"},"inLanguage":"pt-BR","potentialAction":[{"@type":"ReadAction","target":["https:\/\/www.pm.pb.gov.br\/portal\/2024\/06\/18\/combate-aos-crimes-patrimoniais-policia-militar-apreende-adolescentes-apos-roubo-de-motocicleta-e-recupera-veiculo-em-campina-grande\/"]}]},{"@type":"BreadcrumbList","@id":"https:\/\/www.pm.pb.gov.br\/portal\/2024\/06\/18\/combate-aos-crimes-patrimoniais-policia-militar-apreende-adolescentes-apos-roubo-de-motocicleta-e-recupera-veiculo-em-campina-grande\/#breadcrumb","itemListElement":[{"@type":"ListItem","position":1,"name":"In\u00edcio","item":"https:\/\/www.pm.pb.gov.br\/portal\/"},{"@type":"ListItem","position":2,"name":"COMBATE AOS CRIMES PATRIMONIAIS: Pol\u00edcia Militar apreende adolescentes ap\u00f3s roubo de motocicleta e recupera ve\u00edculo em Campina Grande"}]},{"@type":"WebSite","@id":"https:\/\/www.pm.pb.gov.br\/portal\/#website","url":"https:\/\/www.pm.pb.gov.br\/portal\/","name":"Pol\u00edcia Militar da Para\u00edba","description":"","publisher":{"@id":"https:\/\/www.pm.pb.gov.br\/portal\/#organization"},"potentialAction":[{"@type":"SearchAction","target":{"@type":"EntryPoint","urlTemplate":"https:\/\/www.pm.pb.gov.br\/portal\/?s={search_term_string}"},"query-input":"required name=search_term_string"}],"inLanguage":"pt-BR"},{"@type":"Organization","@id":"https:\/\/www.pm.pb.gov.br\/portal\/#organization","name":"Pol\u00edcia Militar da Para\u00edba","url":"https:\/\/www.pm.pb.gov.br\/portal\/","logo":{"@type":"ImageObject","inLanguage":"pt-BR","@id":"https:\/\/www.pm.pb.gov.br\/portal\/#\/schema\/logo\/image\/","url":"https:\/\/www.pm.pb.gov.br\/portal\/wp-content\/uploads\/2025\/03\/cropped-logo-site-mag2-1.png","contentUrl":"https:\/\/www.pm.pb.gov.br\/portal\/wp-content\/uploads\/2025\/03\/cropped-logo-site-mag2-1.png","width":320,"height":90,"caption":"Pol\u00edcia Militar da Para\u00edba"},"image":{"@id":"https:\/\/www.pm.pb.gov.br\/portal\/#\/schema\/logo\/image\/"}},{"@type":"Person","@id":"https:\/\/www.pm.pb.gov.br\/portal\/#\/schema\/person\/f84f56dcc78ce4357054da888b8247fd","name":"Tarcisio Oliveira","image":{"@type":"ImageObject","inLanguage":"pt-BR","@id":"https:\/\/www.pm.pb.gov.br\/portal\/#\/schema\/person\/image\/","url":"https:\/\/secure.gravatar.com\/avatar\/72917b630b69d31cd0297507f34bac97?s=96&d=mm&r=g","contentUrl":"https:\/\/secure.gravatar.com\/avatar\/72917b630b69d31cd0297507f34bac97?s=96&d=mm&r=g","caption":"Tarcisio Oliveira"},"url":"https:\/\/www.pm.pb.gov.br\/portal\/author\/tarcisio\/"}]}},"_links":{"self":[{"href":"https:\/\/www.pm.pb.gov.br\/portal\/wp-json\/wp\/v2\/posts\/922492"}],"collection":[{"href":"https:\/\/www.pm.pb.gov.br\/portal\/wp-json\/wp\/v2\/posts"}],"about":[{"href":"https:\/\/www.pm.pb.gov.br\/portal\/wp-json\/wp\/v2\/types\/post"}],"author":[{"embeddable":true,"href":"https:\/\/www.pm.pb.gov.br\/portal\/wp-json\/wp\/v2\/users\/12"}],"replies":[{"embeddable":true,"href":"https:\/\/www.pm.pb.gov.br\/portal\/wp-json\/wp\/v2\/comments?post=922492"}],"version-history":[{"count":2,"href":"https:\/\/www.pm.pb.gov.br\/portal\/wp-json\/wp\/v2\/posts\/922492\/revisions"}],"predecessor-version":[{"id":922495,"href":"https:\/\/www.pm.pb.gov.br\/portal\/wp-json\/wp\/v2\/posts\/922492\/revisions\/922495"}],"wp:featuredmedia":[{"embeddable":true,"href":"https:\/\/www.pm.pb.gov.br\/portal\/wp-json\/wp\/v2\/media\/920358"}],"wp:attachment":[{"href":"https:\/\/www.pm.pb.gov.br\/portal\/wp-json\/wp\/v2\/media?parent=922492"}],"wp:term":[{"taxonomy":"category","embeddable":true,"href":"https:\/\/www.pm.pb.gov.br\/portal\/wp-json\/wp\/v2\/categories?post=922492"},{"taxonomy":"post_tag","embeddable":true,"href":"https:\/\/www.pm.pb.gov.br\/portal\/wp-json\/wp\/v2\/tags?post=922492"}],"curies":[{"name":"wp","href":"https:\/\/api.w.org\/{rel}","templated":true}]}}