{"id":922488,"date":"2024-06-18T11:01:37","date_gmt":"2024-06-18T14:01:37","guid":{"rendered":"https:\/\/www.pm.pb.gov.br\/portal\/?p=922488"},"modified":"2024-06-18T11:01:40","modified_gmt":"2024-06-18T14:01:40","slug":"policia-militar-da-paraiba-participa-da-10a-sessao-ordinaria-do-conselho-nacional-do-ministerio-publico","status":"publish","type":"post","link":"https:\/\/www.pm.pb.gov.br\/portal\/2024\/06\/18\/policia-militar-da-paraiba-participa-da-10a-sessao-ordinaria-do-conselho-nacional-do-ministerio-publico\/","title":{"rendered":"Pol\u00edcia Militar da Para\u00edba participa da 10\u00aa sess\u00e3o ordin\u00e1ria do Conselho Nacional do Minist\u00e9rio P\u00fablico"},"content":{"rendered":"\n<p>De forma virtual, a Pol\u00edcia Militar da Para\u00edba participou, na manh\u00e3 desta ter\u00e7a-feira (18), da 10\u00aa sess\u00e3o ordin\u00e1ria do Conselho Nacional do Minist\u00e9rio P\u00fablico (CNMP). O \u00f3rg\u00e3o atua fiscalizando a atua\u00e7\u00e3o do Minist\u00e9rio P\u00fablico, auxiliando assim diretamente o cidad\u00e3o.<\/p>\n<p>Acompanharam a sess\u00e3o os coron\u00e9is Ronildo, subcomandante-geral da PM, e que na ocasi\u00e3o representou o coronel S\u00e9rgio Fonseca, comandante-geral, coronel Sena, corregedor auxiliar da PMPB, e o coronel Benevides, diretor de gest\u00e3o de pessoas da corpora\u00e7\u00e3o (nas fotos acima e abaixo).<\/p>\n<p>Entre as pautas da 10\u00aa sess\u00e3o estava o fortalecimento da Ouvidoria do MP e o lan\u00e7amento nacional do canal especializado de Combate \u00e0 Viol\u00eancia Policial. A sess\u00e3o foi presidida pelo presidente do \u00f3rg\u00e3o, o procurador-geral da Rep\u00fablica Paulo Gustavo Gonet Branco (em detalhe na foto acima).<\/p>\n<p><img loading=\"lazy\" decoding=\"async\" class=\" wp-image-922490 aligncenter\" src=\"http:\/\/www.pm.pb.gov.br\/portal\/wp-content\/uploads\/2024\/06\/WhatsApp-Image-2024-06-18-at-10.26.25-791x445.jpeg\" alt=\"\" width=\"652\" height=\"367\" srcset=\"https:\/\/www.pm.pb.gov.br\/portal\/wp-content\/uploads\/2024\/06\/WhatsApp-Image-2024-06-18-at-10.26.25-791x445.jpeg 791w, https:\/\/www.pm.pb.gov.br\/portal\/wp-content\/uploads\/2024\/06\/WhatsApp-Image-2024-06-18-at-10.26.25-1013x570.jpeg 1013w, https:\/\/www.pm.pb.gov.br\/portal\/wp-content\/uploads\/2024\/06\/WhatsApp-Image-2024-06-18-at-10.26.25-768x432.jpeg 768w, https:\/\/www.pm.pb.gov.br\/portal\/wp-content\/uploads\/2024\/06\/WhatsApp-Image-2024-06-18-at-10.26.25-1536x864.jpeg 1536w, https:\/\/www.pm.pb.gov.br\/portal\/wp-content\/uploads\/2024\/06\/WhatsApp-Image-2024-06-18-at-10.26.25-2048x1152.jpeg 2048w\" sizes=\"(max-width: 652px) 100vw, 652px\" \/><\/p>\n\n\n","protected":false},"excerpt":{"rendered":"<p>De forma virtual, a Pol\u00edcia Militar da Para\u00edba participou, na manh\u00e3 desta ter\u00e7a-feira (18), da 10\u00aa sess\u00e3o ordin\u00e1ria do Conselho<\/p>\n","protected":false},"author":12,"featured_media":922489,"comment_status":"closed","ping_status":"closed","sticky":false,"template":"","format":"standard","meta":{"_exactmetrics_skip_tracking":false,"_exactmetrics_sitenote_active":false,"_exactmetrics_sitenote_note":"","_exactmetrics_sitenote_category":0,"footnotes":""},"categories":[29],"tags":[],"yoast_head":"<!-- This site is optimized with the Yoast SEO plugin v22.0 - https:\/\/yoast.com\/wordpress\/plugins\/seo\/ -->\n<title>Pol\u00edcia Militar da Para\u00edba participa da 10\u00aa sess\u00e3o ordin\u00e1ria do Conselho Nacional do Minist\u00e9rio P\u00fablico - Pol\u00edcia Militar da Para\u00edba<\/title>\n<meta name=\"description\" content=\"A sess\u00e3o foi presidida pelo presidente do \u00f3rg\u00e3o, o procurador-geral da Rep\u00fablica Paulo Gustavo Gonet Branco\" \/>\n<meta name=\"robots\" content=\"index, follow, max-snippet:-1, max-image-preview:large, max-video-preview:-1\" \/>\n<link rel=\"canonical\" href=\"https:\/\/www.pm.pb.gov.br\/portal\/2024\/06\/18\/policia-militar-da-paraiba-participa-da-10a-sessao-ordinaria-do-conselho-nacional-do-ministerio-publico\/\" \/>\n<meta property=\"og:locale\" content=\"pt_BR\" \/>\n<meta property=\"og:type\" content=\"article\" \/>\n<meta property=\"og:title\" content=\"Pol\u00edcia Militar da Para\u00edba participa da 10\u00aa sess\u00e3o ordin\u00e1ria do Conselho Nacional do Minist\u00e9rio P\u00fablico - Pol\u00edcia Militar da Para\u00edba\" \/>\n<meta property=\"og:description\" content=\"A sess\u00e3o foi presidida pelo presidente do \u00f3rg\u00e3o, o procurador-geral da Rep\u00fablica Paulo Gustavo Gonet Branco\" \/>\n<meta property=\"og:url\" content=\"https:\/\/www.pm.pb.gov.br\/portal\/2024\/06\/18\/policia-militar-da-paraiba-participa-da-10a-sessao-ordinaria-do-conselho-nacional-do-ministerio-publico\/\" \/>\n<meta property=\"og:site_name\" content=\"Pol\u00edcia Militar da Para\u00edba\" \/>\n<meta property=\"article:published_time\" content=\"2024-06-18T14:01:37+00:00\" \/>\n<meta property=\"article:modified_time\" content=\"2024-06-18T14:01:40+00:00\" \/>\n<meta property=\"og:image\" content=\"http:\/\/www.pm.pb.gov.br\/portal\/wp-content\/uploads\/2024\/06\/WhatsApp-Image-2024-06-18-at-10.26.20.jpeg\" \/>\n\t<meta property=\"og:image:width\" content=\"800\" \/>\n\t<meta property=\"og:image:height\" content=\"445\" \/>\n\t<meta property=\"og:image:type\" content=\"image\/jpeg\" \/>\n<meta name=\"author\" content=\"Tarcisio Oliveira\" \/>\n<meta name=\"twitter:card\" content=\"summary_large_image\" \/>\n<meta name=\"twitter:label1\" content=\"Escrito por\" \/>\n\t<meta name=\"twitter:data1\" content=\"Tarcisio Oliveira\" \/>\n\t<meta name=\"twitter:label2\" content=\"Est. tempo de leitura\" \/>\n\t<meta name=\"twitter:data2\" content=\"2 minutos\" \/>\n<script type=\"application\/ld+json\" class=\"yoast-schema-graph\">{\"@context\":\"https:\/\/schema.org\",\"@graph\":[{\"@type\":\"Article\",\"@id\":\"https:\/\/www.pm.pb.gov.br\/portal\/2024\/06\/18\/policia-militar-da-paraiba-participa-da-10a-sessao-ordinaria-do-conselho-nacional-do-ministerio-publico\/#article\",\"isPartOf\":{\"@id\":\"https:\/\/www.pm.pb.gov.br\/portal\/2024\/06\/18\/policia-militar-da-paraiba-participa-da-10a-sessao-ordinaria-do-conselho-nacional-do-ministerio-publico\/\"},\"author\":{\"name\":\"Tarcisio Oliveira\",\"@id\":\"https:\/\/www.pm.pb.gov.br\/portal\/#\/schema\/person\/f84f56dcc78ce4357054da888b8247fd\"},\"headline\":\"Pol\u00edcia Militar da Para\u00edba participa da 10\u00aa sess\u00e3o ordin\u00e1ria do Conselho Nacional do Minist\u00e9rio P\u00fablico\",\"datePublished\":\"2024-06-18T14:01:37+00:00\",\"dateModified\":\"2024-06-18T14:01:40+00:00\",\"mainEntityOfPage\":{\"@id\":\"https:\/\/www.pm.pb.gov.br\/portal\/2024\/06\/18\/policia-militar-da-paraiba-participa-da-10a-sessao-ordinaria-do-conselho-nacional-do-ministerio-publico\/\"},\"wordCount\":166,\"publisher\":{\"@id\":\"https:\/\/www.pm.pb.gov.br\/portal\/#organization\"},\"articleSection\":[\"Gest\u00e3o e planejamento\"],\"inLanguage\":\"pt-BR\"},{\"@type\":\"WebPage\",\"@id\":\"https:\/\/www.pm.pb.gov.br\/portal\/2024\/06\/18\/policia-militar-da-paraiba-participa-da-10a-sessao-ordinaria-do-conselho-nacional-do-ministerio-publico\/\",\"url\":\"https:\/\/www.pm.pb.gov.br\/portal\/2024\/06\/18\/policia-militar-da-paraiba-participa-da-10a-sessao-ordinaria-do-conselho-nacional-do-ministerio-publico\/\",\"name\":\"Pol\u00edcia Militar da Para\u00edba participa da 10\u00aa sess\u00e3o ordin\u00e1ria do Conselho Nacional do Minist\u00e9rio P\u00fablico - Pol\u00edcia Militar da Para\u00edba\",\"isPartOf\":{\"@id\":\"https:\/\/www.pm.pb.gov.br\/portal\/#website\"},\"datePublished\":\"2024-06-18T14:01:37+00:00\",\"dateModified\":\"2024-06-18T14:01:40+00:00\",\"description\":\"A sess\u00e3o foi presidida pelo presidente do \u00f3rg\u00e3o, o procurador-geral da Rep\u00fablica Paulo Gustavo Gonet Branco\",\"breadcrumb\":{\"@id\":\"https:\/\/www.pm.pb.gov.br\/portal\/2024\/06\/18\/policia-militar-da-paraiba-participa-da-10a-sessao-ordinaria-do-conselho-nacional-do-ministerio-publico\/#breadcrumb\"},\"inLanguage\":\"pt-BR\",\"potentialAction\":[{\"@type\":\"ReadAction\",\"target\":[\"https:\/\/www.pm.pb.gov.br\/portal\/2024\/06\/18\/policia-militar-da-paraiba-participa-da-10a-sessao-ordinaria-do-conselho-nacional-do-ministerio-publico\/\"]}]},{\"@type\":\"BreadcrumbList\",\"@id\":\"https:\/\/www.pm.pb.gov.br\/portal\/2024\/06\/18\/policia-militar-da-paraiba-participa-da-10a-sessao-ordinaria-do-conselho-nacional-do-ministerio-publico\/#breadcrumb\",\"itemListElement\":[{\"@type\":\"ListItem\",\"position\":1,\"name\":\"In\u00edcio\",\"item\":\"https:\/\/www.pm.pb.gov.br\/portal\/\"},{\"@type\":\"ListItem\",\"position\":2,\"name\":\"Pol\u00edcia Militar da Para\u00edba participa da 10\u00aa sess\u00e3o ordin\u00e1ria do Conselho Nacional do Minist\u00e9rio P\u00fablico\"}]},{\"@type\":\"WebSite\",\"@id\":\"https:\/\/www.pm.pb.gov.br\/portal\/#website\",\"url\":\"https:\/\/www.pm.pb.gov.br\/portal\/\",\"name\":\"Pol\u00edcia Militar da Para\u00edba\",\"description\":\"\",\"publisher\":{\"@id\":\"https:\/\/www.pm.pb.gov.br\/portal\/#organization\"},\"potentialAction\":[{\"@type\":\"SearchAction\",\"target\":{\"@type\":\"EntryPoint\",\"urlTemplate\":\"https:\/\/www.pm.pb.gov.br\/portal\/?s={search_term_string}\"},\"query-input\":\"required name=search_term_string\"}],\"inLanguage\":\"pt-BR\"},{\"@type\":\"Organization\",\"@id\":\"https:\/\/www.pm.pb.gov.br\/portal\/#organization\",\"name\":\"Pol\u00edcia Militar da Para\u00edba\",\"url\":\"https:\/\/www.pm.pb.gov.br\/portal\/\",\"logo\":{\"@type\":\"ImageObject\",\"inLanguage\":\"pt-BR\",\"@id\":\"https:\/\/www.pm.pb.gov.br\/portal\/#\/schema\/logo\/image\/\",\"url\":\"https:\/\/www.pm.pb.gov.br\/portal\/wp-content\/uploads\/2025\/03\/cropped-logo-site-mag2-1.png\",\"contentUrl\":\"https:\/\/www.pm.pb.gov.br\/portal\/wp-content\/uploads\/2025\/03\/cropped-logo-site-mag2-1.png\",\"width\":320,\"height\":90,\"caption\":\"Pol\u00edcia Militar da Para\u00edba\"},\"image\":{\"@id\":\"https:\/\/www.pm.pb.gov.br\/portal\/#\/schema\/logo\/image\/\"}},{\"@type\":\"Person\",\"@id\":\"https:\/\/www.pm.pb.gov.br\/portal\/#\/schema\/person\/f84f56dcc78ce4357054da888b8247fd\",\"name\":\"Tarcisio Oliveira\",\"image\":{\"@type\":\"ImageObject\",\"inLanguage\":\"pt-BR\",\"@id\":\"https:\/\/www.pm.pb.gov.br\/portal\/#\/schema\/person\/image\/\",\"url\":\"https:\/\/secure.gravatar.com\/avatar\/72917b630b69d31cd0297507f34bac97?s=96&d=mm&r=g\",\"contentUrl\":\"https:\/\/secure.gravatar.com\/avatar\/72917b630b69d31cd0297507f34bac97?s=96&d=mm&r=g\",\"caption\":\"Tarcisio Oliveira\"},\"url\":\"https:\/\/www.pm.pb.gov.br\/portal\/author\/tarcisio\/\"}]}<\/script>\n<!-- \/ Yoast SEO plugin. -->","yoast_head_json":{"title":"Pol\u00edcia Militar da Para\u00edba participa da 10\u00aa sess\u00e3o ordin\u00e1ria do Conselho Nacional do Minist\u00e9rio P\u00fablico - Pol\u00edcia Militar da Para\u00edba","description":"A sess\u00e3o foi presidida pelo presidente do \u00f3rg\u00e3o, o procurador-geral da Rep\u00fablica Paulo Gustavo Gonet Branco","robots":{"index":"index","follow":"follow","max-snippet":"max-snippet:-1","max-image-preview":"max-image-preview:large","max-video-preview":"max-video-preview:-1"},"canonical":"https:\/\/www.pm.pb.gov.br\/portal\/2024\/06\/18\/policia-militar-da-paraiba-participa-da-10a-sessao-ordinaria-do-conselho-nacional-do-ministerio-publico\/","og_locale":"pt_BR","og_type":"article","og_title":"Pol\u00edcia Militar da Para\u00edba participa da 10\u00aa sess\u00e3o ordin\u00e1ria do Conselho Nacional do Minist\u00e9rio P\u00fablico - Pol\u00edcia Militar da Para\u00edba","og_description":"A sess\u00e3o foi presidida pelo presidente do \u00f3rg\u00e3o, o procurador-geral da Rep\u00fablica Paulo Gustavo Gonet Branco","og_url":"https:\/\/www.pm.pb.gov.br\/portal\/2024\/06\/18\/policia-militar-da-paraiba-participa-da-10a-sessao-ordinaria-do-conselho-nacional-do-ministerio-publico\/","og_site_name":"Pol\u00edcia Militar da Para\u00edba","article_published_time":"2024-06-18T14:01:37+00:00","article_modified_time":"2024-06-18T14:01:40+00:00","og_image":[{"width":800,"height":445,"url":"http:\/\/www.pm.pb.gov.br\/portal\/wp-content\/uploads\/2024\/06\/WhatsApp-Image-2024-06-18-at-10.26.20.jpeg","type":"image\/jpeg"}],"author":"Tarcisio Oliveira","twitter_card":"summary_large_image","twitter_misc":{"Escrito por":"Tarcisio Oliveira","Est. tempo de leitura":"2 minutos"},"schema":{"@context":"https:\/\/schema.org","@graph":[{"@type":"Article","@id":"https:\/\/www.pm.pb.gov.br\/portal\/2024\/06\/18\/policia-militar-da-paraiba-participa-da-10a-sessao-ordinaria-do-conselho-nacional-do-ministerio-publico\/#article","isPartOf":{"@id":"https:\/\/www.pm.pb.gov.br\/portal\/2024\/06\/18\/policia-militar-da-paraiba-participa-da-10a-sessao-ordinaria-do-conselho-nacional-do-ministerio-publico\/"},"author":{"name":"Tarcisio Oliveira","@id":"https:\/\/www.pm.pb.gov.br\/portal\/#\/schema\/person\/f84f56dcc78ce4357054da888b8247fd"},"headline":"Pol\u00edcia Militar da Para\u00edba participa da 10\u00aa sess\u00e3o ordin\u00e1ria do Conselho Nacional do Minist\u00e9rio P\u00fablico","datePublished":"2024-06-18T14:01:37+00:00","dateModified":"2024-06-18T14:01:40+00:00","mainEntityOfPage":{"@id":"https:\/\/www.pm.pb.gov.br\/portal\/2024\/06\/18\/policia-militar-da-paraiba-participa-da-10a-sessao-ordinaria-do-conselho-nacional-do-ministerio-publico\/"},"wordCount":166,"publisher":{"@id":"https:\/\/www.pm.pb.gov.br\/portal\/#organization"},"articleSection":["Gest\u00e3o e planejamento"],"inLanguage":"pt-BR"},{"@type":"WebPage","@id":"https:\/\/www.pm.pb.gov.br\/portal\/2024\/06\/18\/policia-militar-da-paraiba-participa-da-10a-sessao-ordinaria-do-conselho-nacional-do-ministerio-publico\/","url":"https:\/\/www.pm.pb.gov.br\/portal\/2024\/06\/18\/policia-militar-da-paraiba-participa-da-10a-sessao-ordinaria-do-conselho-nacional-do-ministerio-publico\/","name":"Pol\u00edcia Militar da Para\u00edba participa da 10\u00aa sess\u00e3o ordin\u00e1ria do Conselho Nacional do Minist\u00e9rio P\u00fablico - Pol\u00edcia Militar da Para\u00edba","isPartOf":{"@id":"https:\/\/www.pm.pb.gov.br\/portal\/#website"},"datePublished":"2024-06-18T14:01:37+00:00","dateModified":"2024-06-18T14:01:40+00:00","description":"A sess\u00e3o foi presidida pelo presidente do \u00f3rg\u00e3o, o procurador-geral da Rep\u00fablica Paulo Gustavo Gonet Branco","breadcrumb":{"@id":"https:\/\/www.pm.pb.gov.br\/portal\/2024\/06\/18\/policia-militar-da-paraiba-participa-da-10a-sessao-ordinaria-do-conselho-nacional-do-ministerio-publico\/#breadcrumb"},"inLanguage":"pt-BR","potentialAction":[{"@type":"ReadAction","target":["https:\/\/www.pm.pb.gov.br\/portal\/2024\/06\/18\/policia-militar-da-paraiba-participa-da-10a-sessao-ordinaria-do-conselho-nacional-do-ministerio-publico\/"]}]},{"@type":"BreadcrumbList","@id":"https:\/\/www.pm.pb.gov.br\/portal\/2024\/06\/18\/policia-militar-da-paraiba-participa-da-10a-sessao-ordinaria-do-conselho-nacional-do-ministerio-publico\/#breadcrumb","itemListElement":[{"@type":"ListItem","position":1,"name":"In\u00edcio","item":"https:\/\/www.pm.pb.gov.br\/portal\/"},{"@type":"ListItem","position":2,"name":"Pol\u00edcia Militar da Para\u00edba participa da 10\u00aa sess\u00e3o ordin\u00e1ria do Conselho Nacional do Minist\u00e9rio P\u00fablico"}]},{"@type":"WebSite","@id":"https:\/\/www.pm.pb.gov.br\/portal\/#website","url":"https:\/\/www.pm.pb.gov.br\/portal\/","name":"Pol\u00edcia Militar da Para\u00edba","description":"","publisher":{"@id":"https:\/\/www.pm.pb.gov.br\/portal\/#organization"},"potentialAction":[{"@type":"SearchAction","target":{"@type":"EntryPoint","urlTemplate":"https:\/\/www.pm.pb.gov.br\/portal\/?s={search_term_string}"},"query-input":"required name=search_term_string"}],"inLanguage":"pt-BR"},{"@type":"Organization","@id":"https:\/\/www.pm.pb.gov.br\/portal\/#organization","name":"Pol\u00edcia Militar da Para\u00edba","url":"https:\/\/www.pm.pb.gov.br\/portal\/","logo":{"@type":"ImageObject","inLanguage":"pt-BR","@id":"https:\/\/www.pm.pb.gov.br\/portal\/#\/schema\/logo\/image\/","url":"https:\/\/www.pm.pb.gov.br\/portal\/wp-content\/uploads\/2025\/03\/cropped-logo-site-mag2-1.png","contentUrl":"https:\/\/www.pm.pb.gov.br\/portal\/wp-content\/uploads\/2025\/03\/cropped-logo-site-mag2-1.png","width":320,"height":90,"caption":"Pol\u00edcia Militar da Para\u00edba"},"image":{"@id":"https:\/\/www.pm.pb.gov.br\/portal\/#\/schema\/logo\/image\/"}},{"@type":"Person","@id":"https:\/\/www.pm.pb.gov.br\/portal\/#\/schema\/person\/f84f56dcc78ce4357054da888b8247fd","name":"Tarcisio Oliveira","image":{"@type":"ImageObject","inLanguage":"pt-BR","@id":"https:\/\/www.pm.pb.gov.br\/portal\/#\/schema\/person\/image\/","url":"https:\/\/secure.gravatar.com\/avatar\/72917b630b69d31cd0297507f34bac97?s=96&d=mm&r=g","contentUrl":"https:\/\/secure.gravatar.com\/avatar\/72917b630b69d31cd0297507f34bac97?s=96&d=mm&r=g","caption":"Tarcisio Oliveira"},"url":"https:\/\/www.pm.pb.gov.br\/portal\/author\/tarcisio\/"}]}},"_links":{"self":[{"href":"https:\/\/www.pm.pb.gov.br\/portal\/wp-json\/wp\/v2\/posts\/922488"}],"collection":[{"href":"https:\/\/www.pm.pb.gov.br\/portal\/wp-json\/wp\/v2\/posts"}],"about":[{"href":"https:\/\/www.pm.pb.gov.br\/portal\/wp-json\/wp\/v2\/types\/post"}],"author":[{"embeddable":true,"href":"https:\/\/www.pm.pb.gov.br\/portal\/wp-json\/wp\/v2\/users\/12"}],"replies":[{"embeddable":true,"href":"https:\/\/www.pm.pb.gov.br\/portal\/wp-json\/wp\/v2\/comments?post=922488"}],"version-history":[{"count":1,"href":"https:\/\/www.pm.pb.gov.br\/portal\/wp-json\/wp\/v2\/posts\/922488\/revisions"}],"predecessor-version":[{"id":922491,"href":"https:\/\/www.pm.pb.gov.br\/portal\/wp-json\/wp\/v2\/posts\/922488\/revisions\/922491"}],"wp:featuredmedia":[{"embeddable":true,"href":"https:\/\/www.pm.pb.gov.br\/portal\/wp-json\/wp\/v2\/media\/922489"}],"wp:attachment":[{"href":"https:\/\/www.pm.pb.gov.br\/portal\/wp-json\/wp\/v2\/media?parent=922488"}],"wp:term":[{"taxonomy":"category","embeddable":true,"href":"https:\/\/www.pm.pb.gov.br\/portal\/wp-json\/wp\/v2\/categories?post=922488"},{"taxonomy":"post_tag","embeddable":true,"href":"https:\/\/www.pm.pb.gov.br\/portal\/wp-json\/wp\/v2\/tags?post=922488"}],"curies":[{"name":"wp","href":"https:\/\/api.w.org\/{rel}","templated":true}]}}