{"id":922486,"date":"2024-06-17T10:51:03","date_gmt":"2024-06-17T13:51:03","guid":{"rendered":"https:\/\/www.pm.pb.gov.br\/portal\/?p=922486"},"modified":"2024-06-17T10:51:05","modified_gmt":"2024-06-17T13:51:05","slug":"resultado-final-de-semana-tem-26-armas-de-fogo-apreendidas-e-131-presos-pela-pm","status":"publish","type":"post","link":"https:\/\/www.pm.pb.gov.br\/portal\/2024\/06\/17\/resultado-final-de-semana-tem-26-armas-de-fogo-apreendidas-e-131-presos-pela-pm\/","title":{"rendered":"RESULTADO: Final de semana tem 26 armas de fogo apreendidas e 131 presos pela PM"},"content":{"rendered":"\n<p>Vinte e seis armas de fogo foram apreendidas pela Pol\u00edcia Militar neste final de semana na Para\u00edba. No total, 131 pessoas acusadas de diversos crimes foram presas ou apreendidas. O dado \u00e9 de um relat\u00f3rio do Estado-Maior Estrat\u00e9gico da corpora\u00e7\u00e3o, que analisou as ocorr\u00eancias policiais da \u00faltima sexta-feira (14) at\u00e9 o domingo (16).<\/p>\n<p>No per\u00edodo, 11 foragidos da Justi\u00e7a que tinham mandados de pris\u00e3o em aberto foram capturados. Entre eles estava um homem acusado de homic\u00eddio, e que j\u00e1 havia sido preso outras duas vezes e apreendido quando era menor de idade. Ele foi encontrado na sexta-feira no Gama, em Cabedelo, com uma arma de fogo e por\u00e7\u00f5es de drogas. 16 adolescentes tamb\u00e9m foram apreendidos por atos infracionais.<\/p>\n<p>A preven\u00e7\u00e3o tamb\u00e9m foi fortalecida em ruas e estradas com a realiza\u00e7\u00e3o de 245 checkpoints no tr\u00e2nsito, abordando cerca de 2834 ve\u00edculos entre carros e motocicletas. O n\u00famero de ve\u00edculos autuados e removidos por irregularidades foi de 771, colaborando diretamente com a seguran\u00e7a vi\u00e1ria. O relat\u00f3rio tamb\u00e9m estima que mais de cinco mil pessoas foram abordadas pela PM, e 14 quilos de droga foram retiradas de circula\u00e7\u00e3o.<\/p>\n<p>A avalia\u00e7\u00e3o segue para o alto comando da institui\u00e7\u00e3o, que se prepara para o per\u00edodo de maior destaque do S\u00e3o Jo\u00e3o, no pr\u00f3ximo final de semana.<\/p>\n\n\n","protected":false},"excerpt":{"rendered":"<p>Vinte e seis armas de fogo foram apreendidas pela Pol\u00edcia Militar neste final de semana na Para\u00edba. No total, 131<\/p>\n","protected":false},"author":12,"featured_media":916513,"comment_status":"closed","ping_status":"closed","sticky":false,"template":"","format":"standard","meta":{"_exactmetrics_skip_tracking":false,"_exactmetrics_sitenote_active":false,"_exactmetrics_sitenote_note":"","_exactmetrics_sitenote_category":0,"footnotes":""},"categories":[4],"tags":[],"yoast_head":"<!-- This site is optimized with the Yoast SEO plugin v22.0 - https:\/\/yoast.com\/wordpress\/plugins\/seo\/ -->\n<title>RESULTADO: Final de semana tem 26 armas de fogo apreendidas e 131 presos pela PM - Pol\u00edcia Militar da Para\u00edba<\/title>\n<meta name=\"description\" content=\"O dado \u00e9 de um relat\u00f3rio do Estado-Maior Estrat\u00e9gico da corpora\u00e7\u00e3o, que analisou as ocorr\u00eancias policiais da \u00faltima sexta-feira at\u00e9 o domingo.\" \/>\n<meta name=\"robots\" content=\"index, follow, max-snippet:-1, max-image-preview:large, max-video-preview:-1\" \/>\n<link rel=\"canonical\" href=\"https:\/\/www.pm.pb.gov.br\/portal\/2024\/06\/17\/resultado-final-de-semana-tem-26-armas-de-fogo-apreendidas-e-131-presos-pela-pm\/\" \/>\n<meta property=\"og:locale\" content=\"pt_BR\" \/>\n<meta property=\"og:type\" content=\"article\" \/>\n<meta property=\"og:title\" content=\"RESULTADO: Final de semana tem 26 armas de fogo apreendidas e 131 presos pela PM - Pol\u00edcia Militar da Para\u00edba\" \/>\n<meta property=\"og:description\" content=\"O dado \u00e9 de um relat\u00f3rio do Estado-Maior Estrat\u00e9gico da corpora\u00e7\u00e3o, que analisou as ocorr\u00eancias policiais da \u00faltima sexta-feira at\u00e9 o domingo.\" \/>\n<meta property=\"og:url\" content=\"https:\/\/www.pm.pb.gov.br\/portal\/2024\/06\/17\/resultado-final-de-semana-tem-26-armas-de-fogo-apreendidas-e-131-presos-pela-pm\/\" \/>\n<meta property=\"og:site_name\" content=\"Pol\u00edcia Militar da Para\u00edba\" \/>\n<meta property=\"article:published_time\" content=\"2024-06-17T13:51:03+00:00\" \/>\n<meta property=\"article:modified_time\" content=\"2024-06-17T13:51:05+00:00\" \/>\n<meta property=\"og:image\" content=\"http:\/\/www.pm.pb.gov.br\/portal\/wp-content\/uploads\/2023\/05\/ilustrativa-2.jpeg\" \/>\n\t<meta property=\"og:image:width\" content=\"800\" \/>\n\t<meta property=\"og:image:height\" content=\"445\" \/>\n\t<meta property=\"og:image:type\" content=\"image\/jpeg\" \/>\n<meta name=\"author\" content=\"Tarcisio Oliveira\" \/>\n<meta name=\"twitter:card\" content=\"summary_large_image\" \/>\n<meta name=\"twitter:label1\" content=\"Escrito por\" \/>\n\t<meta name=\"twitter:data1\" content=\"Tarcisio Oliveira\" \/>\n\t<meta name=\"twitter:label2\" content=\"Est. tempo de leitura\" \/>\n\t<meta name=\"twitter:data2\" content=\"2 minutos\" \/>\n<script type=\"application\/ld+json\" class=\"yoast-schema-graph\">{\"@context\":\"https:\/\/schema.org\",\"@graph\":[{\"@type\":\"Article\",\"@id\":\"https:\/\/www.pm.pb.gov.br\/portal\/2024\/06\/17\/resultado-final-de-semana-tem-26-armas-de-fogo-apreendidas-e-131-presos-pela-pm\/#article\",\"isPartOf\":{\"@id\":\"https:\/\/www.pm.pb.gov.br\/portal\/2024\/06\/17\/resultado-final-de-semana-tem-26-armas-de-fogo-apreendidas-e-131-presos-pela-pm\/\"},\"author\":{\"name\":\"Tarcisio Oliveira\",\"@id\":\"https:\/\/www.pm.pb.gov.br\/portal\/#\/schema\/person\/f84f56dcc78ce4357054da888b8247fd\"},\"headline\":\"RESULTADO: Final de semana tem 26 armas de fogo apreendidas e 131 presos pela PM\",\"datePublished\":\"2024-06-17T13:51:03+00:00\",\"dateModified\":\"2024-06-17T13:51:05+00:00\",\"mainEntityOfPage\":{\"@id\":\"https:\/\/www.pm.pb.gov.br\/portal\/2024\/06\/17\/resultado-final-de-semana-tem-26-armas-de-fogo-apreendidas-e-131-presos-pela-pm\/\"},\"wordCount\":244,\"publisher\":{\"@id\":\"https:\/\/www.pm.pb.gov.br\/portal\/#organization\"},\"articleSection\":[\"A\u00e7\u00f5es Policiais\"],\"inLanguage\":\"pt-BR\"},{\"@type\":\"WebPage\",\"@id\":\"https:\/\/www.pm.pb.gov.br\/portal\/2024\/06\/17\/resultado-final-de-semana-tem-26-armas-de-fogo-apreendidas-e-131-presos-pela-pm\/\",\"url\":\"https:\/\/www.pm.pb.gov.br\/portal\/2024\/06\/17\/resultado-final-de-semana-tem-26-armas-de-fogo-apreendidas-e-131-presos-pela-pm\/\",\"name\":\"RESULTADO: Final de semana tem 26 armas de fogo apreendidas e 131 presos pela PM - Pol\u00edcia Militar da Para\u00edba\",\"isPartOf\":{\"@id\":\"https:\/\/www.pm.pb.gov.br\/portal\/#website\"},\"datePublished\":\"2024-06-17T13:51:03+00:00\",\"dateModified\":\"2024-06-17T13:51:05+00:00\",\"description\":\"O dado \u00e9 de um relat\u00f3rio do Estado-Maior Estrat\u00e9gico da corpora\u00e7\u00e3o, que analisou as ocorr\u00eancias policiais da \u00faltima sexta-feira at\u00e9 o domingo.\",\"breadcrumb\":{\"@id\":\"https:\/\/www.pm.pb.gov.br\/portal\/2024\/06\/17\/resultado-final-de-semana-tem-26-armas-de-fogo-apreendidas-e-131-presos-pela-pm\/#breadcrumb\"},\"inLanguage\":\"pt-BR\",\"potentialAction\":[{\"@type\":\"ReadAction\",\"target\":[\"https:\/\/www.pm.pb.gov.br\/portal\/2024\/06\/17\/resultado-final-de-semana-tem-26-armas-de-fogo-apreendidas-e-131-presos-pela-pm\/\"]}]},{\"@type\":\"BreadcrumbList\",\"@id\":\"https:\/\/www.pm.pb.gov.br\/portal\/2024\/06\/17\/resultado-final-de-semana-tem-26-armas-de-fogo-apreendidas-e-131-presos-pela-pm\/#breadcrumb\",\"itemListElement\":[{\"@type\":\"ListItem\",\"position\":1,\"name\":\"In\u00edcio\",\"item\":\"https:\/\/www.pm.pb.gov.br\/portal\/\"},{\"@type\":\"ListItem\",\"position\":2,\"name\":\"RESULTADO: Final de semana tem 26 armas de fogo apreendidas e 131 presos pela PM\"}]},{\"@type\":\"WebSite\",\"@id\":\"https:\/\/www.pm.pb.gov.br\/portal\/#website\",\"url\":\"https:\/\/www.pm.pb.gov.br\/portal\/\",\"name\":\"Pol\u00edcia Militar da Para\u00edba\",\"description\":\"\",\"publisher\":{\"@id\":\"https:\/\/www.pm.pb.gov.br\/portal\/#organization\"},\"potentialAction\":[{\"@type\":\"SearchAction\",\"target\":{\"@type\":\"EntryPoint\",\"urlTemplate\":\"https:\/\/www.pm.pb.gov.br\/portal\/?s={search_term_string}\"},\"query-input\":\"required name=search_term_string\"}],\"inLanguage\":\"pt-BR\"},{\"@type\":\"Organization\",\"@id\":\"https:\/\/www.pm.pb.gov.br\/portal\/#organization\",\"name\":\"Pol\u00edcia Militar da Para\u00edba\",\"url\":\"https:\/\/www.pm.pb.gov.br\/portal\/\",\"logo\":{\"@type\":\"ImageObject\",\"inLanguage\":\"pt-BR\",\"@id\":\"https:\/\/www.pm.pb.gov.br\/portal\/#\/schema\/logo\/image\/\",\"url\":\"https:\/\/www.pm.pb.gov.br\/portal\/wp-content\/uploads\/2025\/03\/cropped-logo-site-mag2-1.png\",\"contentUrl\":\"https:\/\/www.pm.pb.gov.br\/portal\/wp-content\/uploads\/2025\/03\/cropped-logo-site-mag2-1.png\",\"width\":320,\"height\":90,\"caption\":\"Pol\u00edcia Militar da Para\u00edba\"},\"image\":{\"@id\":\"https:\/\/www.pm.pb.gov.br\/portal\/#\/schema\/logo\/image\/\"}},{\"@type\":\"Person\",\"@id\":\"https:\/\/www.pm.pb.gov.br\/portal\/#\/schema\/person\/f84f56dcc78ce4357054da888b8247fd\",\"name\":\"Tarcisio Oliveira\",\"image\":{\"@type\":\"ImageObject\",\"inLanguage\":\"pt-BR\",\"@id\":\"https:\/\/www.pm.pb.gov.br\/portal\/#\/schema\/person\/image\/\",\"url\":\"https:\/\/secure.gravatar.com\/avatar\/72917b630b69d31cd0297507f34bac97?s=96&d=mm&r=g\",\"contentUrl\":\"https:\/\/secure.gravatar.com\/avatar\/72917b630b69d31cd0297507f34bac97?s=96&d=mm&r=g\",\"caption\":\"Tarcisio Oliveira\"},\"url\":\"https:\/\/www.pm.pb.gov.br\/portal\/author\/tarcisio\/\"}]}<\/script>\n<!-- \/ Yoast SEO plugin. -->","yoast_head_json":{"title":"RESULTADO: Final de semana tem 26 armas de fogo apreendidas e 131 presos pela PM - Pol\u00edcia Militar da Para\u00edba","description":"O dado \u00e9 de um relat\u00f3rio do Estado-Maior Estrat\u00e9gico da corpora\u00e7\u00e3o, que analisou as ocorr\u00eancias policiais da \u00faltima sexta-feira at\u00e9 o domingo.","robots":{"index":"index","follow":"follow","max-snippet":"max-snippet:-1","max-image-preview":"max-image-preview:large","max-video-preview":"max-video-preview:-1"},"canonical":"https:\/\/www.pm.pb.gov.br\/portal\/2024\/06\/17\/resultado-final-de-semana-tem-26-armas-de-fogo-apreendidas-e-131-presos-pela-pm\/","og_locale":"pt_BR","og_type":"article","og_title":"RESULTADO: Final de semana tem 26 armas de fogo apreendidas e 131 presos pela PM - Pol\u00edcia Militar da Para\u00edba","og_description":"O dado \u00e9 de um relat\u00f3rio do Estado-Maior Estrat\u00e9gico da corpora\u00e7\u00e3o, que analisou as ocorr\u00eancias policiais da \u00faltima sexta-feira at\u00e9 o domingo.","og_url":"https:\/\/www.pm.pb.gov.br\/portal\/2024\/06\/17\/resultado-final-de-semana-tem-26-armas-de-fogo-apreendidas-e-131-presos-pela-pm\/","og_site_name":"Pol\u00edcia Militar da Para\u00edba","article_published_time":"2024-06-17T13:51:03+00:00","article_modified_time":"2024-06-17T13:51:05+00:00","og_image":[{"width":800,"height":445,"url":"http:\/\/www.pm.pb.gov.br\/portal\/wp-content\/uploads\/2023\/05\/ilustrativa-2.jpeg","type":"image\/jpeg"}],"author":"Tarcisio Oliveira","twitter_card":"summary_large_image","twitter_misc":{"Escrito por":"Tarcisio Oliveira","Est. tempo de leitura":"2 minutos"},"schema":{"@context":"https:\/\/schema.org","@graph":[{"@type":"Article","@id":"https:\/\/www.pm.pb.gov.br\/portal\/2024\/06\/17\/resultado-final-de-semana-tem-26-armas-de-fogo-apreendidas-e-131-presos-pela-pm\/#article","isPartOf":{"@id":"https:\/\/www.pm.pb.gov.br\/portal\/2024\/06\/17\/resultado-final-de-semana-tem-26-armas-de-fogo-apreendidas-e-131-presos-pela-pm\/"},"author":{"name":"Tarcisio Oliveira","@id":"https:\/\/www.pm.pb.gov.br\/portal\/#\/schema\/person\/f84f56dcc78ce4357054da888b8247fd"},"headline":"RESULTADO: Final de semana tem 26 armas de fogo apreendidas e 131 presos pela PM","datePublished":"2024-06-17T13:51:03+00:00","dateModified":"2024-06-17T13:51:05+00:00","mainEntityOfPage":{"@id":"https:\/\/www.pm.pb.gov.br\/portal\/2024\/06\/17\/resultado-final-de-semana-tem-26-armas-de-fogo-apreendidas-e-131-presos-pela-pm\/"},"wordCount":244,"publisher":{"@id":"https:\/\/www.pm.pb.gov.br\/portal\/#organization"},"articleSection":["A\u00e7\u00f5es Policiais"],"inLanguage":"pt-BR"},{"@type":"WebPage","@id":"https:\/\/www.pm.pb.gov.br\/portal\/2024\/06\/17\/resultado-final-de-semana-tem-26-armas-de-fogo-apreendidas-e-131-presos-pela-pm\/","url":"https:\/\/www.pm.pb.gov.br\/portal\/2024\/06\/17\/resultado-final-de-semana-tem-26-armas-de-fogo-apreendidas-e-131-presos-pela-pm\/","name":"RESULTADO: Final de semana tem 26 armas de fogo apreendidas e 131 presos pela PM - Pol\u00edcia Militar da Para\u00edba","isPartOf":{"@id":"https:\/\/www.pm.pb.gov.br\/portal\/#website"},"datePublished":"2024-06-17T13:51:03+00:00","dateModified":"2024-06-17T13:51:05+00:00","description":"O dado \u00e9 de um relat\u00f3rio do Estado-Maior Estrat\u00e9gico da corpora\u00e7\u00e3o, que analisou as ocorr\u00eancias policiais da \u00faltima sexta-feira at\u00e9 o domingo.","breadcrumb":{"@id":"https:\/\/www.pm.pb.gov.br\/portal\/2024\/06\/17\/resultado-final-de-semana-tem-26-armas-de-fogo-apreendidas-e-131-presos-pela-pm\/#breadcrumb"},"inLanguage":"pt-BR","potentialAction":[{"@type":"ReadAction","target":["https:\/\/www.pm.pb.gov.br\/portal\/2024\/06\/17\/resultado-final-de-semana-tem-26-armas-de-fogo-apreendidas-e-131-presos-pela-pm\/"]}]},{"@type":"BreadcrumbList","@id":"https:\/\/www.pm.pb.gov.br\/portal\/2024\/06\/17\/resultado-final-de-semana-tem-26-armas-de-fogo-apreendidas-e-131-presos-pela-pm\/#breadcrumb","itemListElement":[{"@type":"ListItem","position":1,"name":"In\u00edcio","item":"https:\/\/www.pm.pb.gov.br\/portal\/"},{"@type":"ListItem","position":2,"name":"RESULTADO: Final de semana tem 26 armas de fogo apreendidas e 131 presos pela PM"}]},{"@type":"WebSite","@id":"https:\/\/www.pm.pb.gov.br\/portal\/#website","url":"https:\/\/www.pm.pb.gov.br\/portal\/","name":"Pol\u00edcia Militar da Para\u00edba","description":"","publisher":{"@id":"https:\/\/www.pm.pb.gov.br\/portal\/#organization"},"potentialAction":[{"@type":"SearchAction","target":{"@type":"EntryPoint","urlTemplate":"https:\/\/www.pm.pb.gov.br\/portal\/?s={search_term_string}"},"query-input":"required name=search_term_string"}],"inLanguage":"pt-BR"},{"@type":"Organization","@id":"https:\/\/www.pm.pb.gov.br\/portal\/#organization","name":"Pol\u00edcia Militar da Para\u00edba","url":"https:\/\/www.pm.pb.gov.br\/portal\/","logo":{"@type":"ImageObject","inLanguage":"pt-BR","@id":"https:\/\/www.pm.pb.gov.br\/portal\/#\/schema\/logo\/image\/","url":"https:\/\/www.pm.pb.gov.br\/portal\/wp-content\/uploads\/2025\/03\/cropped-logo-site-mag2-1.png","contentUrl":"https:\/\/www.pm.pb.gov.br\/portal\/wp-content\/uploads\/2025\/03\/cropped-logo-site-mag2-1.png","width":320,"height":90,"caption":"Pol\u00edcia Militar da Para\u00edba"},"image":{"@id":"https:\/\/www.pm.pb.gov.br\/portal\/#\/schema\/logo\/image\/"}},{"@type":"Person","@id":"https:\/\/www.pm.pb.gov.br\/portal\/#\/schema\/person\/f84f56dcc78ce4357054da888b8247fd","name":"Tarcisio Oliveira","image":{"@type":"ImageObject","inLanguage":"pt-BR","@id":"https:\/\/www.pm.pb.gov.br\/portal\/#\/schema\/person\/image\/","url":"https:\/\/secure.gravatar.com\/avatar\/72917b630b69d31cd0297507f34bac97?s=96&d=mm&r=g","contentUrl":"https:\/\/secure.gravatar.com\/avatar\/72917b630b69d31cd0297507f34bac97?s=96&d=mm&r=g","caption":"Tarcisio Oliveira"},"url":"https:\/\/www.pm.pb.gov.br\/portal\/author\/tarcisio\/"}]}},"_links":{"self":[{"href":"https:\/\/www.pm.pb.gov.br\/portal\/wp-json\/wp\/v2\/posts\/922486"}],"collection":[{"href":"https:\/\/www.pm.pb.gov.br\/portal\/wp-json\/wp\/v2\/posts"}],"about":[{"href":"https:\/\/www.pm.pb.gov.br\/portal\/wp-json\/wp\/v2\/types\/post"}],"author":[{"embeddable":true,"href":"https:\/\/www.pm.pb.gov.br\/portal\/wp-json\/wp\/v2\/users\/12"}],"replies":[{"embeddable":true,"href":"https:\/\/www.pm.pb.gov.br\/portal\/wp-json\/wp\/v2\/comments?post=922486"}],"version-history":[{"count":1,"href":"https:\/\/www.pm.pb.gov.br\/portal\/wp-json\/wp\/v2\/posts\/922486\/revisions"}],"predecessor-version":[{"id":922487,"href":"https:\/\/www.pm.pb.gov.br\/portal\/wp-json\/wp\/v2\/posts\/922486\/revisions\/922487"}],"wp:featuredmedia":[{"embeddable":true,"href":"https:\/\/www.pm.pb.gov.br\/portal\/wp-json\/wp\/v2\/media\/916513"}],"wp:attachment":[{"href":"https:\/\/www.pm.pb.gov.br\/portal\/wp-json\/wp\/v2\/media?parent=922486"}],"wp:term":[{"taxonomy":"category","embeddable":true,"href":"https:\/\/www.pm.pb.gov.br\/portal\/wp-json\/wp\/v2\/categories?post=922486"},{"taxonomy":"post_tag","embeddable":true,"href":"https:\/\/www.pm.pb.gov.br\/portal\/wp-json\/wp\/v2\/tags?post=922486"}],"curies":[{"name":"wp","href":"https:\/\/api.w.org\/{rel}","templated":true}]}}