{"id":922477,"date":"2024-06-16T07:36:43","date_gmt":"2024-06-16T10:36:43","guid":{"rendered":"https:\/\/www.pm.pb.gov.br\/portal\/?p=922477"},"modified":"2024-06-16T07:36:44","modified_gmt":"2024-06-16T10:36:44","slug":"policia-militar-prende-dois-homens-por-porte-ilegal-de-armas-durante-festejo-junino-em-santa-rita","status":"publish","type":"post","link":"https:\/\/www.pm.pb.gov.br\/portal\/2024\/06\/16\/policia-militar-prende-dois-homens-por-porte-ilegal-de-armas-durante-festejo-junino-em-santa-rita\/","title":{"rendered":"Pol\u00edcia Militar prende dois homens por porte ilegal de armas durante festejo junino em Santa Rita"},"content":{"rendered":"\n<p><\/p>\n<p>Na madrugada deste domingo (16), a Pol\u00edcia Militar prendeu dois homens por porte ilegal de armas nas proximidades da Pra\u00e7a do Povo, na cidade de Santa Rita-PB. Os suspeitos foram presos ap\u00f3s terem amea\u00e7ado pessoas nas proximidades do festejo junino.<\/p>\n<p>Policiais militares da For\u00e7a T\u00e1tica do 7\u00b0 BPM, que estavam no policiamento do evento, receberam a informa\u00e7\u00e3o de que dois indiv\u00edduos teriam amea\u00e7ado pessoas nas proximidades da Pra\u00e7a do Povo. Rapidamente, a equipe policial localizou os dois homens suspeitos e na abordagem foram encontradas uma pistola, calibre 9mm, com 6 muni\u00e7\u00f5es intactas; uma pistola, calibre 765, com 12 muni\u00e7\u00f5es intactas; al\u00e9m de dois celulares, R$ 1709,00, em esp\u00e9cie; e uma motocicleta.<\/p>\n<p>Os suspeitos e o material apreendido foram levados \u00e0 6\u00aa Delegacia Distrital da cidade, para os demais procedimentos.<\/p>\n<p><\/p>\n","protected":false},"excerpt":{"rendered":"","protected":false},"author":5,"featured_media":922478,"comment_status":"closed","ping_status":"closed","sticky":false,"template":"","format":"standard","meta":{"_exactmetrics_skip_tracking":false,"_exactmetrics_sitenote_active":false,"_exactmetrics_sitenote_note":"","_exactmetrics_sitenote_category":0,"footnotes":""},"categories":[4],"tags":[],"yoast_head":"<!-- This site is optimized with the Yoast SEO plugin v22.0 - https:\/\/yoast.com\/wordpress\/plugins\/seo\/ -->\n<title>Pol\u00edcia Militar prende dois homens por porte ilegal de armas durante festejo junino em Santa Rita - Pol\u00edcia Militar da Para\u00edba<\/title>\n<meta name=\"robots\" content=\"index, follow, max-snippet:-1, max-image-preview:large, max-video-preview:-1\" \/>\n<link rel=\"canonical\" href=\"https:\/\/www.pm.pb.gov.br\/portal\/2024\/06\/16\/policia-militar-prende-dois-homens-por-porte-ilegal-de-armas-durante-festejo-junino-em-santa-rita\/\" \/>\n<meta property=\"og:locale\" content=\"pt_BR\" \/>\n<meta property=\"og:type\" content=\"article\" \/>\n<meta property=\"og:title\" content=\"Pol\u00edcia Militar prende dois homens por porte ilegal de armas durante festejo junino em Santa Rita - Pol\u00edcia Militar da Para\u00edba\" \/>\n<meta property=\"og:url\" content=\"https:\/\/www.pm.pb.gov.br\/portal\/2024\/06\/16\/policia-militar-prende-dois-homens-por-porte-ilegal-de-armas-durante-festejo-junino-em-santa-rita\/\" \/>\n<meta property=\"og:site_name\" content=\"Pol\u00edcia Militar da Para\u00edba\" \/>\n<meta property=\"article:published_time\" content=\"2024-06-16T10:36:43+00:00\" \/>\n<meta property=\"article:modified_time\" content=\"2024-06-16T10:36:44+00:00\" \/>\n<meta property=\"og:image\" content=\"http:\/\/www.pm.pb.gov.br\/portal\/wp-content\/uploads\/2024\/06\/pistolas-apreendidas-1024x570.png\" \/>\n\t<meta property=\"og:image:width\" content=\"1024\" \/>\n\t<meta property=\"og:image:height\" content=\"570\" \/>\n\t<meta property=\"og:image:type\" content=\"image\/png\" \/>\n<meta name=\"author\" content=\"Assessoria de Imprensa da PMPB\" \/>\n<meta name=\"twitter:card\" content=\"summary_large_image\" \/>\n<meta name=\"twitter:label1\" content=\"Escrito por\" \/>\n\t<meta name=\"twitter:data1\" content=\"Assessoria de Imprensa da PMPB\" \/>\n\t<meta name=\"twitter:label2\" content=\"Est. tempo de leitura\" \/>\n\t<meta name=\"twitter:data2\" content=\"1 minuto\" \/>\n<script type=\"application\/ld+json\" class=\"yoast-schema-graph\">{\"@context\":\"https:\/\/schema.org\",\"@graph\":[{\"@type\":\"Article\",\"@id\":\"https:\/\/www.pm.pb.gov.br\/portal\/2024\/06\/16\/policia-militar-prende-dois-homens-por-porte-ilegal-de-armas-durante-festejo-junino-em-santa-rita\/#article\",\"isPartOf\":{\"@id\":\"https:\/\/www.pm.pb.gov.br\/portal\/2024\/06\/16\/policia-militar-prende-dois-homens-por-porte-ilegal-de-armas-durante-festejo-junino-em-santa-rita\/\"},\"author\":{\"name\":\"Assessoria de Imprensa da PMPB\",\"@id\":\"https:\/\/www.pm.pb.gov.br\/portal\/#\/schema\/person\/e8454f46651c3ecf0e1ba3c1666d9947\"},\"headline\":\"Pol\u00edcia Militar prende dois homens por porte ilegal de armas durante festejo junino em Santa Rita\",\"datePublished\":\"2024-06-16T10:36:43+00:00\",\"dateModified\":\"2024-06-16T10:36:44+00:00\",\"mainEntityOfPage\":{\"@id\":\"https:\/\/www.pm.pb.gov.br\/portal\/2024\/06\/16\/policia-militar-prende-dois-homens-por-porte-ilegal-de-armas-durante-festejo-junino-em-santa-rita\/\"},\"wordCount\":152,\"publisher\":{\"@id\":\"https:\/\/www.pm.pb.gov.br\/portal\/#organization\"},\"articleSection\":[\"A\u00e7\u00f5es Policiais\"],\"inLanguage\":\"pt-BR\"},{\"@type\":\"WebPage\",\"@id\":\"https:\/\/www.pm.pb.gov.br\/portal\/2024\/06\/16\/policia-militar-prende-dois-homens-por-porte-ilegal-de-armas-durante-festejo-junino-em-santa-rita\/\",\"url\":\"https:\/\/www.pm.pb.gov.br\/portal\/2024\/06\/16\/policia-militar-prende-dois-homens-por-porte-ilegal-de-armas-durante-festejo-junino-em-santa-rita\/\",\"name\":\"Pol\u00edcia Militar prende dois homens por porte ilegal de armas durante festejo junino em Santa Rita - Pol\u00edcia Militar da Para\u00edba\",\"isPartOf\":{\"@id\":\"https:\/\/www.pm.pb.gov.br\/portal\/#website\"},\"datePublished\":\"2024-06-16T10:36:43+00:00\",\"dateModified\":\"2024-06-16T10:36:44+00:00\",\"breadcrumb\":{\"@id\":\"https:\/\/www.pm.pb.gov.br\/portal\/2024\/06\/16\/policia-militar-prende-dois-homens-por-porte-ilegal-de-armas-durante-festejo-junino-em-santa-rita\/#breadcrumb\"},\"inLanguage\":\"pt-BR\",\"potentialAction\":[{\"@type\":\"ReadAction\",\"target\":[\"https:\/\/www.pm.pb.gov.br\/portal\/2024\/06\/16\/policia-militar-prende-dois-homens-por-porte-ilegal-de-armas-durante-festejo-junino-em-santa-rita\/\"]}]},{\"@type\":\"BreadcrumbList\",\"@id\":\"https:\/\/www.pm.pb.gov.br\/portal\/2024\/06\/16\/policia-militar-prende-dois-homens-por-porte-ilegal-de-armas-durante-festejo-junino-em-santa-rita\/#breadcrumb\",\"itemListElement\":[{\"@type\":\"ListItem\",\"position\":1,\"name\":\"In\u00edcio\",\"item\":\"https:\/\/www.pm.pb.gov.br\/portal\/\"},{\"@type\":\"ListItem\",\"position\":2,\"name\":\"Pol\u00edcia Militar prende dois homens por porte ilegal de armas durante festejo junino em Santa Rita\"}]},{\"@type\":\"WebSite\",\"@id\":\"https:\/\/www.pm.pb.gov.br\/portal\/#website\",\"url\":\"https:\/\/www.pm.pb.gov.br\/portal\/\",\"name\":\"Pol\u00edcia Militar da Para\u00edba\",\"description\":\"\",\"publisher\":{\"@id\":\"https:\/\/www.pm.pb.gov.br\/portal\/#organization\"},\"potentialAction\":[{\"@type\":\"SearchAction\",\"target\":{\"@type\":\"EntryPoint\",\"urlTemplate\":\"https:\/\/www.pm.pb.gov.br\/portal\/?s={search_term_string}\"},\"query-input\":\"required name=search_term_string\"}],\"inLanguage\":\"pt-BR\"},{\"@type\":\"Organization\",\"@id\":\"https:\/\/www.pm.pb.gov.br\/portal\/#organization\",\"name\":\"Pol\u00edcia Militar da Para\u00edba\",\"url\":\"https:\/\/www.pm.pb.gov.br\/portal\/\",\"logo\":{\"@type\":\"ImageObject\",\"inLanguage\":\"pt-BR\",\"@id\":\"https:\/\/www.pm.pb.gov.br\/portal\/#\/schema\/logo\/image\/\",\"url\":\"https:\/\/www.pm.pb.gov.br\/portal\/wp-content\/uploads\/2025\/03\/cropped-logo-site-mag2-1.png\",\"contentUrl\":\"https:\/\/www.pm.pb.gov.br\/portal\/wp-content\/uploads\/2025\/03\/cropped-logo-site-mag2-1.png\",\"width\":320,\"height\":90,\"caption\":\"Pol\u00edcia Militar da Para\u00edba\"},\"image\":{\"@id\":\"https:\/\/www.pm.pb.gov.br\/portal\/#\/schema\/logo\/image\/\"}},{\"@type\":\"Person\",\"@id\":\"https:\/\/www.pm.pb.gov.br\/portal\/#\/schema\/person\/e8454f46651c3ecf0e1ba3c1666d9947\",\"name\":\"Assessoria de Imprensa da PMPB\",\"image\":{\"@type\":\"ImageObject\",\"inLanguage\":\"pt-BR\",\"@id\":\"https:\/\/www.pm.pb.gov.br\/portal\/#\/schema\/person\/image\/\",\"url\":\"https:\/\/secure.gravatar.com\/avatar\/2efe197438265d1e90bd98c4c8e1acf8?s=96&d=mm&r=g\",\"contentUrl\":\"https:\/\/secure.gravatar.com\/avatar\/2efe197438265d1e90bd98c4c8e1acf8?s=96&d=mm&r=g\",\"caption\":\"Assessoria de Imprensa da PMPB\"},\"url\":\"https:\/\/www.pm.pb.gov.br\/portal\/author\/assessoria\/\"}]}<\/script>\n<!-- \/ Yoast SEO plugin. -->","yoast_head_json":{"title":"Pol\u00edcia Militar prende dois homens por porte ilegal de armas durante festejo junino em Santa Rita - Pol\u00edcia Militar da Para\u00edba","robots":{"index":"index","follow":"follow","max-snippet":"max-snippet:-1","max-image-preview":"max-image-preview:large","max-video-preview":"max-video-preview:-1"},"canonical":"https:\/\/www.pm.pb.gov.br\/portal\/2024\/06\/16\/policia-militar-prende-dois-homens-por-porte-ilegal-de-armas-durante-festejo-junino-em-santa-rita\/","og_locale":"pt_BR","og_type":"article","og_title":"Pol\u00edcia Militar prende dois homens por porte ilegal de armas durante festejo junino em Santa Rita - Pol\u00edcia Militar da Para\u00edba","og_url":"https:\/\/www.pm.pb.gov.br\/portal\/2024\/06\/16\/policia-militar-prende-dois-homens-por-porte-ilegal-de-armas-durante-festejo-junino-em-santa-rita\/","og_site_name":"Pol\u00edcia Militar da Para\u00edba","article_published_time":"2024-06-16T10:36:43+00:00","article_modified_time":"2024-06-16T10:36:44+00:00","og_image":[{"width":1024,"height":570,"url":"http:\/\/www.pm.pb.gov.br\/portal\/wp-content\/uploads\/2024\/06\/pistolas-apreendidas-1024x570.png","type":"image\/png"}],"author":"Assessoria de Imprensa da PMPB","twitter_card":"summary_large_image","twitter_misc":{"Escrito por":"Assessoria de Imprensa da PMPB","Est. tempo de leitura":"1 minuto"},"schema":{"@context":"https:\/\/schema.org","@graph":[{"@type":"Article","@id":"https:\/\/www.pm.pb.gov.br\/portal\/2024\/06\/16\/policia-militar-prende-dois-homens-por-porte-ilegal-de-armas-durante-festejo-junino-em-santa-rita\/#article","isPartOf":{"@id":"https:\/\/www.pm.pb.gov.br\/portal\/2024\/06\/16\/policia-militar-prende-dois-homens-por-porte-ilegal-de-armas-durante-festejo-junino-em-santa-rita\/"},"author":{"name":"Assessoria de Imprensa da PMPB","@id":"https:\/\/www.pm.pb.gov.br\/portal\/#\/schema\/person\/e8454f46651c3ecf0e1ba3c1666d9947"},"headline":"Pol\u00edcia Militar prende dois homens por porte ilegal de armas durante festejo junino em Santa Rita","datePublished":"2024-06-16T10:36:43+00:00","dateModified":"2024-06-16T10:36:44+00:00","mainEntityOfPage":{"@id":"https:\/\/www.pm.pb.gov.br\/portal\/2024\/06\/16\/policia-militar-prende-dois-homens-por-porte-ilegal-de-armas-durante-festejo-junino-em-santa-rita\/"},"wordCount":152,"publisher":{"@id":"https:\/\/www.pm.pb.gov.br\/portal\/#organization"},"articleSection":["A\u00e7\u00f5es Policiais"],"inLanguage":"pt-BR"},{"@type":"WebPage","@id":"https:\/\/www.pm.pb.gov.br\/portal\/2024\/06\/16\/policia-militar-prende-dois-homens-por-porte-ilegal-de-armas-durante-festejo-junino-em-santa-rita\/","url":"https:\/\/www.pm.pb.gov.br\/portal\/2024\/06\/16\/policia-militar-prende-dois-homens-por-porte-ilegal-de-armas-durante-festejo-junino-em-santa-rita\/","name":"Pol\u00edcia Militar prende dois homens por porte ilegal de armas durante festejo junino em Santa Rita - Pol\u00edcia Militar da Para\u00edba","isPartOf":{"@id":"https:\/\/www.pm.pb.gov.br\/portal\/#website"},"datePublished":"2024-06-16T10:36:43+00:00","dateModified":"2024-06-16T10:36:44+00:00","breadcrumb":{"@id":"https:\/\/www.pm.pb.gov.br\/portal\/2024\/06\/16\/policia-militar-prende-dois-homens-por-porte-ilegal-de-armas-durante-festejo-junino-em-santa-rita\/#breadcrumb"},"inLanguage":"pt-BR","potentialAction":[{"@type":"ReadAction","target":["https:\/\/www.pm.pb.gov.br\/portal\/2024\/06\/16\/policia-militar-prende-dois-homens-por-porte-ilegal-de-armas-durante-festejo-junino-em-santa-rita\/"]}]},{"@type":"BreadcrumbList","@id":"https:\/\/www.pm.pb.gov.br\/portal\/2024\/06\/16\/policia-militar-prende-dois-homens-por-porte-ilegal-de-armas-durante-festejo-junino-em-santa-rita\/#breadcrumb","itemListElement":[{"@type":"ListItem","position":1,"name":"In\u00edcio","item":"https:\/\/www.pm.pb.gov.br\/portal\/"},{"@type":"ListItem","position":2,"name":"Pol\u00edcia Militar prende dois homens por porte ilegal de armas durante festejo junino em Santa Rita"}]},{"@type":"WebSite","@id":"https:\/\/www.pm.pb.gov.br\/portal\/#website","url":"https:\/\/www.pm.pb.gov.br\/portal\/","name":"Pol\u00edcia Militar da Para\u00edba","description":"","publisher":{"@id":"https:\/\/www.pm.pb.gov.br\/portal\/#organization"},"potentialAction":[{"@type":"SearchAction","target":{"@type":"EntryPoint","urlTemplate":"https:\/\/www.pm.pb.gov.br\/portal\/?s={search_term_string}"},"query-input":"required name=search_term_string"}],"inLanguage":"pt-BR"},{"@type":"Organization","@id":"https:\/\/www.pm.pb.gov.br\/portal\/#organization","name":"Pol\u00edcia Militar da Para\u00edba","url":"https:\/\/www.pm.pb.gov.br\/portal\/","logo":{"@type":"ImageObject","inLanguage":"pt-BR","@id":"https:\/\/www.pm.pb.gov.br\/portal\/#\/schema\/logo\/image\/","url":"https:\/\/www.pm.pb.gov.br\/portal\/wp-content\/uploads\/2025\/03\/cropped-logo-site-mag2-1.png","contentUrl":"https:\/\/www.pm.pb.gov.br\/portal\/wp-content\/uploads\/2025\/03\/cropped-logo-site-mag2-1.png","width":320,"height":90,"caption":"Pol\u00edcia Militar da Para\u00edba"},"image":{"@id":"https:\/\/www.pm.pb.gov.br\/portal\/#\/schema\/logo\/image\/"}},{"@type":"Person","@id":"https:\/\/www.pm.pb.gov.br\/portal\/#\/schema\/person\/e8454f46651c3ecf0e1ba3c1666d9947","name":"Assessoria de Imprensa da PMPB","image":{"@type":"ImageObject","inLanguage":"pt-BR","@id":"https:\/\/www.pm.pb.gov.br\/portal\/#\/schema\/person\/image\/","url":"https:\/\/secure.gravatar.com\/avatar\/2efe197438265d1e90bd98c4c8e1acf8?s=96&d=mm&r=g","contentUrl":"https:\/\/secure.gravatar.com\/avatar\/2efe197438265d1e90bd98c4c8e1acf8?s=96&d=mm&r=g","caption":"Assessoria de Imprensa da PMPB"},"url":"https:\/\/www.pm.pb.gov.br\/portal\/author\/assessoria\/"}]}},"_links":{"self":[{"href":"https:\/\/www.pm.pb.gov.br\/portal\/wp-json\/wp\/v2\/posts\/922477"}],"collection":[{"href":"https:\/\/www.pm.pb.gov.br\/portal\/wp-json\/wp\/v2\/posts"}],"about":[{"href":"https:\/\/www.pm.pb.gov.br\/portal\/wp-json\/wp\/v2\/types\/post"}],"author":[{"embeddable":true,"href":"https:\/\/www.pm.pb.gov.br\/portal\/wp-json\/wp\/v2\/users\/5"}],"replies":[{"embeddable":true,"href":"https:\/\/www.pm.pb.gov.br\/portal\/wp-json\/wp\/v2\/comments?post=922477"}],"version-history":[{"count":1,"href":"https:\/\/www.pm.pb.gov.br\/portal\/wp-json\/wp\/v2\/posts\/922477\/revisions"}],"predecessor-version":[{"id":922479,"href":"https:\/\/www.pm.pb.gov.br\/portal\/wp-json\/wp\/v2\/posts\/922477\/revisions\/922479"}],"wp:featuredmedia":[{"embeddable":true,"href":"https:\/\/www.pm.pb.gov.br\/portal\/wp-json\/wp\/v2\/media\/922478"}],"wp:attachment":[{"href":"https:\/\/www.pm.pb.gov.br\/portal\/wp-json\/wp\/v2\/media?parent=922477"}],"wp:term":[{"taxonomy":"category","embeddable":true,"href":"https:\/\/www.pm.pb.gov.br\/portal\/wp-json\/wp\/v2\/categories?post=922477"},{"taxonomy":"post_tag","embeddable":true,"href":"https:\/\/www.pm.pb.gov.br\/portal\/wp-json\/wp\/v2\/tags?post=922477"}],"curies":[{"name":"wp","href":"https:\/\/api.w.org\/{rel}","templated":true}]}}