{"id":922442,"date":"2024-06-13T18:21:14","date_gmt":"2024-06-13T21:21:14","guid":{"rendered":"https:\/\/www.pm.pb.gov.br\/portal\/?p=922442"},"modified":"2024-06-13T21:22:01","modified_gmt":"2024-06-14T00:22:01","slug":"combate-ao-trafico-acao-conjunta-destroi-plantacao-com-19-mil-pes-de-maconha-no-cariri-paraibano","status":"publish","type":"post","link":"https:\/\/www.pm.pb.gov.br\/portal\/2024\/06\/13\/combate-ao-trafico-acao-conjunta-destroi-plantacao-com-19-mil-pes-de-maconha-no-cariri-paraibano\/","title":{"rendered":"COMBATE AO TR\u00c1FICO: A\u00e7\u00e3o conjunta destr\u00f3i planta\u00e7\u00e3o com 19 mil p\u00e9s de maconha, no cariri paraibano"},"content":{"rendered":"\n<p>Uma a\u00e7\u00e3o conjunta das Pol\u00edcias Militar e Federal destruiu uma planta\u00e7\u00e3o de 19 mil p\u00e9s de maconha, que estava localizada no cariri da Para\u00edba. A a\u00e7\u00e3o de combate ao tr\u00e1fico aconteceu na manh\u00e3 desta quarta-feira (13) na zona rural do munic\u00edpio de Monteiro.<\/p>\n<p>De acordo com as unidades policiais, a planta\u00e7\u00e3o de Cannabis sativa tinha aproximadamente 9 mil metros quadrados. Os p\u00e9s de maconha foram incinerados no local. Materiais de apoio \u00e0 planta\u00e7\u00e3o que foram localizados pelas Pol\u00edcias foram apreendidos e encaminhados para a investiga\u00e7\u00e3o.<\/p>\n<p><img loading=\"lazy\" decoding=\"async\" class=\" wp-image-922444 aligncenter\" src=\"http:\/\/www.pm.pb.gov.br\/portal\/wp-content\/uploads\/2024\/06\/WhatsApp-Image-2024-06-13-at-16.40.31-1-593x445.jpeg\" alt=\"\" width=\"533\" height=\"400\" srcset=\"https:\/\/www.pm.pb.gov.br\/portal\/wp-content\/uploads\/2024\/06\/WhatsApp-Image-2024-06-13-at-16.40.31-1-593x445.jpeg 593w, https:\/\/www.pm.pb.gov.br\/portal\/wp-content\/uploads\/2024\/06\/WhatsApp-Image-2024-06-13-at-16.40.31-1-760x570.jpeg 760w, https:\/\/www.pm.pb.gov.br\/portal\/wp-content\/uploads\/2024\/06\/WhatsApp-Image-2024-06-13-at-16.40.31-1-768x576.jpeg 768w, https:\/\/www.pm.pb.gov.br\/portal\/wp-content\/uploads\/2024\/06\/WhatsApp-Image-2024-06-13-at-16.40.31-1-1536x1152.jpeg 1536w, https:\/\/www.pm.pb.gov.br\/portal\/wp-content\/uploads\/2024\/06\/WhatsApp-Image-2024-06-13-at-16.40.31-1.jpeg 1600w\" sizes=\"(max-width: 533px) 100vw, 533px\" \/><\/p>\n<p>Policiais do 11\u00ba Batalh\u00e3o, do Grupamento Especial de Opera\u00e7\u00f5es em \u00c1rea de Caatinga (GEOsAC) e policiais federais participaram da a\u00e7\u00e3o.<\/p>\n<p><img loading=\"lazy\" decoding=\"async\" class=\" wp-image-922445 aligncenter\" src=\"http:\/\/www.pm.pb.gov.br\/portal\/wp-content\/uploads\/2024\/06\/WhatsApp-Image-2024-06-13-at-16.40.31-593x445.jpeg\" alt=\"\" width=\"554\" height=\"416\" srcset=\"https:\/\/www.pm.pb.gov.br\/portal\/wp-content\/uploads\/2024\/06\/WhatsApp-Image-2024-06-13-at-16.40.31-593x445.jpeg 593w, https:\/\/www.pm.pb.gov.br\/portal\/wp-content\/uploads\/2024\/06\/WhatsApp-Image-2024-06-13-at-16.40.31-760x570.jpeg 760w, https:\/\/www.pm.pb.gov.br\/portal\/wp-content\/uploads\/2024\/06\/WhatsApp-Image-2024-06-13-at-16.40.31-768x576.jpeg 768w, https:\/\/www.pm.pb.gov.br\/portal\/wp-content\/uploads\/2024\/06\/WhatsApp-Image-2024-06-13-at-16.40.31-1536x1152.jpeg 1536w, https:\/\/www.pm.pb.gov.br\/portal\/wp-content\/uploads\/2024\/06\/WhatsApp-Image-2024-06-13-at-16.40.31.jpeg 1600w\" sizes=\"(max-width: 554px) 100vw, 554px\" \/><\/p>\n<p><img loading=\"lazy\" decoding=\"async\" class=\" wp-image-922446 aligncenter\" src=\"http:\/\/www.pm.pb.gov.br\/portal\/wp-content\/uploads\/2024\/06\/WhatsApp-Image-2024-06-13-at-16.40.30-1-800x360.jpeg\" alt=\"\" width=\"676\" height=\"304\" srcset=\"https:\/\/www.pm.pb.gov.br\/portal\/wp-content\/uploads\/2024\/06\/WhatsApp-Image-2024-06-13-at-16.40.30-1-800x360.jpeg 800w, https:\/\/www.pm.pb.gov.br\/portal\/wp-content\/uploads\/2024\/06\/WhatsApp-Image-2024-06-13-at-16.40.30-1-1024x461.jpeg 1024w, https:\/\/www.pm.pb.gov.br\/portal\/wp-content\/uploads\/2024\/06\/WhatsApp-Image-2024-06-13-at-16.40.30-1-768x346.jpeg 768w, https:\/\/www.pm.pb.gov.br\/portal\/wp-content\/uploads\/2024\/06\/WhatsApp-Image-2024-06-13-at-16.40.30-1.jpeg 1280w\" sizes=\"(max-width: 676px) 100vw, 676px\" \/><\/p>\n<p><em>Com informa\u00e7\u00f5es do 11\u00ba BPM.<\/em><\/p>\n\n\n\n<p>Atualizado \u00e0s 21h45.<\/p>\n","protected":false},"excerpt":{"rendered":"<p>Uma a\u00e7\u00e3o conjunta das Pol\u00edcias Militar e Federal destruiu uma planta\u00e7\u00e3o de 19 mil p\u00e9s de maconha, que estava localizada<\/p>\n","protected":false},"author":12,"featured_media":922443,"comment_status":"closed","ping_status":"closed","sticky":false,"template":"","format":"standard","meta":{"_exactmetrics_skip_tracking":false,"_exactmetrics_sitenote_active":false,"_exactmetrics_sitenote_note":"","_exactmetrics_sitenote_category":0,"footnotes":""},"categories":[4],"tags":[],"yoast_head":"<!-- This site is optimized with the Yoast SEO plugin v22.0 - https:\/\/yoast.com\/wordpress\/plugins\/seo\/ -->\n<title>COMBATE AO TR\u00c1FICO: A\u00e7\u00e3o conjunta destr\u00f3i planta\u00e7\u00e3o com 19 mil p\u00e9s de maconha, no cariri paraibano - Pol\u00edcia Militar da Para\u00edba<\/title>\n<meta name=\"description\" content=\"Pol\u00edcias agiram na zona rural do munic\u00edpio de Monteiro, em uma \u00e1rea de aproximadamente 9 mil metros quadrados\" \/>\n<meta name=\"robots\" content=\"index, follow, max-snippet:-1, max-image-preview:large, max-video-preview:-1\" \/>\n<link rel=\"canonical\" href=\"https:\/\/www.pm.pb.gov.br\/portal\/2024\/06\/13\/combate-ao-trafico-acao-conjunta-destroi-plantacao-com-19-mil-pes-de-maconha-no-cariri-paraibano\/\" \/>\n<meta property=\"og:locale\" content=\"pt_BR\" \/>\n<meta property=\"og:type\" content=\"article\" \/>\n<meta property=\"og:title\" content=\"COMBATE AO TR\u00c1FICO: A\u00e7\u00e3o conjunta destr\u00f3i planta\u00e7\u00e3o com 19 mil p\u00e9s de maconha, no cariri paraibano - Pol\u00edcia Militar da Para\u00edba\" \/>\n<meta property=\"og:description\" content=\"Pol\u00edcias agiram na zona rural do munic\u00edpio de Monteiro, em uma \u00e1rea de aproximadamente 9 mil metros quadrados\" \/>\n<meta property=\"og:url\" content=\"https:\/\/www.pm.pb.gov.br\/portal\/2024\/06\/13\/combate-ao-trafico-acao-conjunta-destroi-plantacao-com-19-mil-pes-de-maconha-no-cariri-paraibano\/\" \/>\n<meta property=\"og:site_name\" content=\"Pol\u00edcia Militar da Para\u00edba\" \/>\n<meta property=\"article:published_time\" content=\"2024-06-13T21:21:14+00:00\" \/>\n<meta property=\"article:modified_time\" content=\"2024-06-14T00:22:01+00:00\" \/>\n<meta property=\"og:image\" content=\"http:\/\/www.pm.pb.gov.br\/portal\/wp-content\/uploads\/2024\/06\/geosac.jpeg\" \/>\n\t<meta property=\"og:image:width\" content=\"800\" \/>\n\t<meta property=\"og:image:height\" content=\"445\" \/>\n\t<meta property=\"og:image:type\" content=\"image\/jpeg\" \/>\n<meta name=\"author\" content=\"Tarcisio Oliveira\" \/>\n<meta name=\"twitter:card\" content=\"summary_large_image\" \/>\n<meta name=\"twitter:label1\" content=\"Escrito por\" \/>\n\t<meta name=\"twitter:data1\" content=\"Tarcisio Oliveira\" \/>\n\t<meta name=\"twitter:label2\" content=\"Est. tempo de leitura\" \/>\n\t<meta name=\"twitter:data2\" content=\"2 minutos\" \/>\n<script type=\"application\/ld+json\" class=\"yoast-schema-graph\">{\"@context\":\"https:\/\/schema.org\",\"@graph\":[{\"@type\":\"Article\",\"@id\":\"https:\/\/www.pm.pb.gov.br\/portal\/2024\/06\/13\/combate-ao-trafico-acao-conjunta-destroi-plantacao-com-19-mil-pes-de-maconha-no-cariri-paraibano\/#article\",\"isPartOf\":{\"@id\":\"https:\/\/www.pm.pb.gov.br\/portal\/2024\/06\/13\/combate-ao-trafico-acao-conjunta-destroi-plantacao-com-19-mil-pes-de-maconha-no-cariri-paraibano\/\"},\"author\":{\"name\":\"Tarcisio Oliveira\",\"@id\":\"https:\/\/www.pm.pb.gov.br\/portal\/#\/schema\/person\/f84f56dcc78ce4357054da888b8247fd\"},\"headline\":\"COMBATE AO TR\u00c1FICO: A\u00e7\u00e3o conjunta destr\u00f3i planta\u00e7\u00e3o com 19 mil p\u00e9s de maconha, no cariri paraibano\",\"datePublished\":\"2024-06-13T21:21:14+00:00\",\"dateModified\":\"2024-06-14T00:22:01+00:00\",\"mainEntityOfPage\":{\"@id\":\"https:\/\/www.pm.pb.gov.br\/portal\/2024\/06\/13\/combate-ao-trafico-acao-conjunta-destroi-plantacao-com-19-mil-pes-de-maconha-no-cariri-paraibano\/\"},\"wordCount\":144,\"publisher\":{\"@id\":\"https:\/\/www.pm.pb.gov.br\/portal\/#organization\"},\"articleSection\":[\"A\u00e7\u00f5es Policiais\"],\"inLanguage\":\"pt-BR\"},{\"@type\":\"WebPage\",\"@id\":\"https:\/\/www.pm.pb.gov.br\/portal\/2024\/06\/13\/combate-ao-trafico-acao-conjunta-destroi-plantacao-com-19-mil-pes-de-maconha-no-cariri-paraibano\/\",\"url\":\"https:\/\/www.pm.pb.gov.br\/portal\/2024\/06\/13\/combate-ao-trafico-acao-conjunta-destroi-plantacao-com-19-mil-pes-de-maconha-no-cariri-paraibano\/\",\"name\":\"COMBATE AO TR\u00c1FICO: A\u00e7\u00e3o conjunta destr\u00f3i planta\u00e7\u00e3o com 19 mil p\u00e9s de maconha, no cariri paraibano - Pol\u00edcia Militar da Para\u00edba\",\"isPartOf\":{\"@id\":\"https:\/\/www.pm.pb.gov.br\/portal\/#website\"},\"datePublished\":\"2024-06-13T21:21:14+00:00\",\"dateModified\":\"2024-06-14T00:22:01+00:00\",\"description\":\"Pol\u00edcias agiram na zona rural do munic\u00edpio de Monteiro, em uma \u00e1rea de aproximadamente 9 mil metros quadrados\",\"breadcrumb\":{\"@id\":\"https:\/\/www.pm.pb.gov.br\/portal\/2024\/06\/13\/combate-ao-trafico-acao-conjunta-destroi-plantacao-com-19-mil-pes-de-maconha-no-cariri-paraibano\/#breadcrumb\"},\"inLanguage\":\"pt-BR\",\"potentialAction\":[{\"@type\":\"ReadAction\",\"target\":[\"https:\/\/www.pm.pb.gov.br\/portal\/2024\/06\/13\/combate-ao-trafico-acao-conjunta-destroi-plantacao-com-19-mil-pes-de-maconha-no-cariri-paraibano\/\"]}]},{\"@type\":\"BreadcrumbList\",\"@id\":\"https:\/\/www.pm.pb.gov.br\/portal\/2024\/06\/13\/combate-ao-trafico-acao-conjunta-destroi-plantacao-com-19-mil-pes-de-maconha-no-cariri-paraibano\/#breadcrumb\",\"itemListElement\":[{\"@type\":\"ListItem\",\"position\":1,\"name\":\"In\u00edcio\",\"item\":\"https:\/\/www.pm.pb.gov.br\/portal\/\"},{\"@type\":\"ListItem\",\"position\":2,\"name\":\"COMBATE AO TR\u00c1FICO: A\u00e7\u00e3o conjunta destr\u00f3i planta\u00e7\u00e3o com 19 mil p\u00e9s de maconha, no cariri paraibano\"}]},{\"@type\":\"WebSite\",\"@id\":\"https:\/\/www.pm.pb.gov.br\/portal\/#website\",\"url\":\"https:\/\/www.pm.pb.gov.br\/portal\/\",\"name\":\"Pol\u00edcia Militar da Para\u00edba\",\"description\":\"\",\"publisher\":{\"@id\":\"https:\/\/www.pm.pb.gov.br\/portal\/#organization\"},\"potentialAction\":[{\"@type\":\"SearchAction\",\"target\":{\"@type\":\"EntryPoint\",\"urlTemplate\":\"https:\/\/www.pm.pb.gov.br\/portal\/?s={search_term_string}\"},\"query-input\":\"required name=search_term_string\"}],\"inLanguage\":\"pt-BR\"},{\"@type\":\"Organization\",\"@id\":\"https:\/\/www.pm.pb.gov.br\/portal\/#organization\",\"name\":\"Pol\u00edcia Militar da Para\u00edba\",\"url\":\"https:\/\/www.pm.pb.gov.br\/portal\/\",\"logo\":{\"@type\":\"ImageObject\",\"inLanguage\":\"pt-BR\",\"@id\":\"https:\/\/www.pm.pb.gov.br\/portal\/#\/schema\/logo\/image\/\",\"url\":\"https:\/\/www.pm.pb.gov.br\/portal\/wp-content\/uploads\/2025\/03\/cropped-logo-site-mag2-1.png\",\"contentUrl\":\"https:\/\/www.pm.pb.gov.br\/portal\/wp-content\/uploads\/2025\/03\/cropped-logo-site-mag2-1.png\",\"width\":320,\"height\":90,\"caption\":\"Pol\u00edcia Militar da Para\u00edba\"},\"image\":{\"@id\":\"https:\/\/www.pm.pb.gov.br\/portal\/#\/schema\/logo\/image\/\"}},{\"@type\":\"Person\",\"@id\":\"https:\/\/www.pm.pb.gov.br\/portal\/#\/schema\/person\/f84f56dcc78ce4357054da888b8247fd\",\"name\":\"Tarcisio Oliveira\",\"image\":{\"@type\":\"ImageObject\",\"inLanguage\":\"pt-BR\",\"@id\":\"https:\/\/www.pm.pb.gov.br\/portal\/#\/schema\/person\/image\/\",\"url\":\"https:\/\/secure.gravatar.com\/avatar\/72917b630b69d31cd0297507f34bac97?s=96&d=mm&r=g\",\"contentUrl\":\"https:\/\/secure.gravatar.com\/avatar\/72917b630b69d31cd0297507f34bac97?s=96&d=mm&r=g\",\"caption\":\"Tarcisio Oliveira\"},\"url\":\"https:\/\/www.pm.pb.gov.br\/portal\/author\/tarcisio\/\"}]}<\/script>\n<!-- \/ Yoast SEO plugin. -->","yoast_head_json":{"title":"COMBATE AO TR\u00c1FICO: A\u00e7\u00e3o conjunta destr\u00f3i planta\u00e7\u00e3o com 19 mil p\u00e9s de maconha, no cariri paraibano - Pol\u00edcia Militar da Para\u00edba","description":"Pol\u00edcias agiram na zona rural do munic\u00edpio de Monteiro, em uma \u00e1rea de aproximadamente 9 mil metros quadrados","robots":{"index":"index","follow":"follow","max-snippet":"max-snippet:-1","max-image-preview":"max-image-preview:large","max-video-preview":"max-video-preview:-1"},"canonical":"https:\/\/www.pm.pb.gov.br\/portal\/2024\/06\/13\/combate-ao-trafico-acao-conjunta-destroi-plantacao-com-19-mil-pes-de-maconha-no-cariri-paraibano\/","og_locale":"pt_BR","og_type":"article","og_title":"COMBATE AO TR\u00c1FICO: A\u00e7\u00e3o conjunta destr\u00f3i planta\u00e7\u00e3o com 19 mil p\u00e9s de maconha, no cariri paraibano - Pol\u00edcia Militar da Para\u00edba","og_description":"Pol\u00edcias agiram na zona rural do munic\u00edpio de Monteiro, em uma \u00e1rea de aproximadamente 9 mil metros quadrados","og_url":"https:\/\/www.pm.pb.gov.br\/portal\/2024\/06\/13\/combate-ao-trafico-acao-conjunta-destroi-plantacao-com-19-mil-pes-de-maconha-no-cariri-paraibano\/","og_site_name":"Pol\u00edcia Militar da Para\u00edba","article_published_time":"2024-06-13T21:21:14+00:00","article_modified_time":"2024-06-14T00:22:01+00:00","og_image":[{"width":800,"height":445,"url":"http:\/\/www.pm.pb.gov.br\/portal\/wp-content\/uploads\/2024\/06\/geosac.jpeg","type":"image\/jpeg"}],"author":"Tarcisio Oliveira","twitter_card":"summary_large_image","twitter_misc":{"Escrito por":"Tarcisio Oliveira","Est. tempo de leitura":"2 minutos"},"schema":{"@context":"https:\/\/schema.org","@graph":[{"@type":"Article","@id":"https:\/\/www.pm.pb.gov.br\/portal\/2024\/06\/13\/combate-ao-trafico-acao-conjunta-destroi-plantacao-com-19-mil-pes-de-maconha-no-cariri-paraibano\/#article","isPartOf":{"@id":"https:\/\/www.pm.pb.gov.br\/portal\/2024\/06\/13\/combate-ao-trafico-acao-conjunta-destroi-plantacao-com-19-mil-pes-de-maconha-no-cariri-paraibano\/"},"author":{"name":"Tarcisio Oliveira","@id":"https:\/\/www.pm.pb.gov.br\/portal\/#\/schema\/person\/f84f56dcc78ce4357054da888b8247fd"},"headline":"COMBATE AO TR\u00c1FICO: A\u00e7\u00e3o conjunta destr\u00f3i planta\u00e7\u00e3o com 19 mil p\u00e9s de maconha, no cariri paraibano","datePublished":"2024-06-13T21:21:14+00:00","dateModified":"2024-06-14T00:22:01+00:00","mainEntityOfPage":{"@id":"https:\/\/www.pm.pb.gov.br\/portal\/2024\/06\/13\/combate-ao-trafico-acao-conjunta-destroi-plantacao-com-19-mil-pes-de-maconha-no-cariri-paraibano\/"},"wordCount":144,"publisher":{"@id":"https:\/\/www.pm.pb.gov.br\/portal\/#organization"},"articleSection":["A\u00e7\u00f5es Policiais"],"inLanguage":"pt-BR"},{"@type":"WebPage","@id":"https:\/\/www.pm.pb.gov.br\/portal\/2024\/06\/13\/combate-ao-trafico-acao-conjunta-destroi-plantacao-com-19-mil-pes-de-maconha-no-cariri-paraibano\/","url":"https:\/\/www.pm.pb.gov.br\/portal\/2024\/06\/13\/combate-ao-trafico-acao-conjunta-destroi-plantacao-com-19-mil-pes-de-maconha-no-cariri-paraibano\/","name":"COMBATE AO TR\u00c1FICO: A\u00e7\u00e3o conjunta destr\u00f3i planta\u00e7\u00e3o com 19 mil p\u00e9s de maconha, no cariri paraibano - Pol\u00edcia Militar da Para\u00edba","isPartOf":{"@id":"https:\/\/www.pm.pb.gov.br\/portal\/#website"},"datePublished":"2024-06-13T21:21:14+00:00","dateModified":"2024-06-14T00:22:01+00:00","description":"Pol\u00edcias agiram na zona rural do munic\u00edpio de Monteiro, em uma \u00e1rea de aproximadamente 9 mil metros quadrados","breadcrumb":{"@id":"https:\/\/www.pm.pb.gov.br\/portal\/2024\/06\/13\/combate-ao-trafico-acao-conjunta-destroi-plantacao-com-19-mil-pes-de-maconha-no-cariri-paraibano\/#breadcrumb"},"inLanguage":"pt-BR","potentialAction":[{"@type":"ReadAction","target":["https:\/\/www.pm.pb.gov.br\/portal\/2024\/06\/13\/combate-ao-trafico-acao-conjunta-destroi-plantacao-com-19-mil-pes-de-maconha-no-cariri-paraibano\/"]}]},{"@type":"BreadcrumbList","@id":"https:\/\/www.pm.pb.gov.br\/portal\/2024\/06\/13\/combate-ao-trafico-acao-conjunta-destroi-plantacao-com-19-mil-pes-de-maconha-no-cariri-paraibano\/#breadcrumb","itemListElement":[{"@type":"ListItem","position":1,"name":"In\u00edcio","item":"https:\/\/www.pm.pb.gov.br\/portal\/"},{"@type":"ListItem","position":2,"name":"COMBATE AO TR\u00c1FICO: A\u00e7\u00e3o conjunta destr\u00f3i planta\u00e7\u00e3o com 19 mil p\u00e9s de maconha, no cariri paraibano"}]},{"@type":"WebSite","@id":"https:\/\/www.pm.pb.gov.br\/portal\/#website","url":"https:\/\/www.pm.pb.gov.br\/portal\/","name":"Pol\u00edcia Militar da Para\u00edba","description":"","publisher":{"@id":"https:\/\/www.pm.pb.gov.br\/portal\/#organization"},"potentialAction":[{"@type":"SearchAction","target":{"@type":"EntryPoint","urlTemplate":"https:\/\/www.pm.pb.gov.br\/portal\/?s={search_term_string}"},"query-input":"required name=search_term_string"}],"inLanguage":"pt-BR"},{"@type":"Organization","@id":"https:\/\/www.pm.pb.gov.br\/portal\/#organization","name":"Pol\u00edcia Militar da Para\u00edba","url":"https:\/\/www.pm.pb.gov.br\/portal\/","logo":{"@type":"ImageObject","inLanguage":"pt-BR","@id":"https:\/\/www.pm.pb.gov.br\/portal\/#\/schema\/logo\/image\/","url":"https:\/\/www.pm.pb.gov.br\/portal\/wp-content\/uploads\/2025\/03\/cropped-logo-site-mag2-1.png","contentUrl":"https:\/\/www.pm.pb.gov.br\/portal\/wp-content\/uploads\/2025\/03\/cropped-logo-site-mag2-1.png","width":320,"height":90,"caption":"Pol\u00edcia Militar da Para\u00edba"},"image":{"@id":"https:\/\/www.pm.pb.gov.br\/portal\/#\/schema\/logo\/image\/"}},{"@type":"Person","@id":"https:\/\/www.pm.pb.gov.br\/portal\/#\/schema\/person\/f84f56dcc78ce4357054da888b8247fd","name":"Tarcisio Oliveira","image":{"@type":"ImageObject","inLanguage":"pt-BR","@id":"https:\/\/www.pm.pb.gov.br\/portal\/#\/schema\/person\/image\/","url":"https:\/\/secure.gravatar.com\/avatar\/72917b630b69d31cd0297507f34bac97?s=96&d=mm&r=g","contentUrl":"https:\/\/secure.gravatar.com\/avatar\/72917b630b69d31cd0297507f34bac97?s=96&d=mm&r=g","caption":"Tarcisio Oliveira"},"url":"https:\/\/www.pm.pb.gov.br\/portal\/author\/tarcisio\/"}]}},"_links":{"self":[{"href":"https:\/\/www.pm.pb.gov.br\/portal\/wp-json\/wp\/v2\/posts\/922442"}],"collection":[{"href":"https:\/\/www.pm.pb.gov.br\/portal\/wp-json\/wp\/v2\/posts"}],"about":[{"href":"https:\/\/www.pm.pb.gov.br\/portal\/wp-json\/wp\/v2\/types\/post"}],"author":[{"embeddable":true,"href":"https:\/\/www.pm.pb.gov.br\/portal\/wp-json\/wp\/v2\/users\/12"}],"replies":[{"embeddable":true,"href":"https:\/\/www.pm.pb.gov.br\/portal\/wp-json\/wp\/v2\/comments?post=922442"}],"version-history":[{"count":3,"href":"https:\/\/www.pm.pb.gov.br\/portal\/wp-json\/wp\/v2\/posts\/922442\/revisions"}],"predecessor-version":[{"id":922451,"href":"https:\/\/www.pm.pb.gov.br\/portal\/wp-json\/wp\/v2\/posts\/922442\/revisions\/922451"}],"wp:featuredmedia":[{"embeddable":true,"href":"https:\/\/www.pm.pb.gov.br\/portal\/wp-json\/wp\/v2\/media\/922443"}],"wp:attachment":[{"href":"https:\/\/www.pm.pb.gov.br\/portal\/wp-json\/wp\/v2\/media?parent=922442"}],"wp:term":[{"taxonomy":"category","embeddable":true,"href":"https:\/\/www.pm.pb.gov.br\/portal\/wp-json\/wp\/v2\/categories?post=922442"},{"taxonomy":"post_tag","embeddable":true,"href":"https:\/\/www.pm.pb.gov.br\/portal\/wp-json\/wp\/v2\/tags?post=922442"}],"curies":[{"name":"wp","href":"https:\/\/api.w.org\/{rel}","templated":true}]}}