{"id":922372,"date":"2024-06-09T08:46:00","date_gmt":"2024-06-09T11:46:00","guid":{"rendered":"https:\/\/www.pm.pb.gov.br\/portal\/?p=922372"},"modified":"2024-06-09T12:52:28","modified_gmt":"2024-06-09T15:52:28","slug":"fiscalizacoes-de-transito-ja-resultaram-em-70-armas-de-fogo-apreendidas-pela-pm-em-2024","status":"publish","type":"post","link":"https:\/\/www.pm.pb.gov.br\/portal\/2024\/06\/09\/fiscalizacoes-de-transito-ja-resultaram-em-70-armas-de-fogo-apreendidas-pela-pm-em-2024\/","title":{"rendered":"Fiscaliza\u00e7\u00f5es de tr\u00e2nsito j\u00e1 resultaram em 70 armas de fogo apreendidas pela PM em 2024"},"content":{"rendered":"\n\n\n<p>As fiscaliza\u00e7\u00f5es no tr\u00e2nsito realizadas pela Pol\u00edcia Militar j\u00e1 resultaram na apreens\u00e3o de 70 armas de fogo somente este ano na Para\u00edba (foto acima ilustrativa). O dado \u00e9 do Batalh\u00e3o de Pol\u00edcia de Tr\u00e2nsito (BPTran), que vem intensificando as a\u00e7\u00f5es para um tr\u00e2nsito cada vez mais seguro.<\/p>\n<p><img loading=\"lazy\" decoding=\"async\" class=\" wp-image-922371 alignright\" src=\"http:\/\/www.pm.pb.gov.br\/portal\/wp-content\/uploads\/2024\/06\/WhatsApp-Image-2024-06-09-at-12.43.01-356x445.jpeg\" alt=\"\" width=\"288\" height=\"360\" srcset=\"https:\/\/www.pm.pb.gov.br\/portal\/wp-content\/uploads\/2024\/06\/WhatsApp-Image-2024-06-09-at-12.43.01-356x445.jpeg 356w, https:\/\/www.pm.pb.gov.br\/portal\/wp-content\/uploads\/2024\/06\/WhatsApp-Image-2024-06-09-at-12.43.01-456x570.jpeg 456w, https:\/\/www.pm.pb.gov.br\/portal\/wp-content\/uploads\/2024\/06\/WhatsApp-Image-2024-06-09-at-12.43.01-768x961.jpeg 768w, https:\/\/www.pm.pb.gov.br\/portal\/wp-content\/uploads\/2024\/06\/WhatsApp-Image-2024-06-09-at-12.43.01-1228x1536.jpeg 1228w, https:\/\/www.pm.pb.gov.br\/portal\/wp-content\/uploads\/2024\/06\/WhatsApp-Image-2024-06-09-at-12.43.01.jpeg 1279w\" sizes=\"(max-width: 288px) 100vw, 288px\" \/>De acordo com a unidade, as fiscaliza\u00e7\u00f5es t\u00eam acontecido em pontos estrat\u00e9gicos, com vistorias em carros, motocicletas, caminh\u00f5es, em vias urbanas e rurais. A atua\u00e7\u00e3o do BPTran tamb\u00e9m tem sido refor\u00e7ada com o policiamento em motocicletas, e com apoio prestado a outras unidades operacionais da PMPB. \u201cEm uma das mais recentes fiscaliza\u00e7\u00f5es no tr\u00e2nsito, realizada na noite de s\u00e1bado (8) no bairro de Mana\u00edra, em Jo\u00e3o Pessoa, apreendemos a arma de n\u00famero 70 (foto ao lado): uma pistola que estava com um condutor de um ve\u00edculo\u201d, explicou o tenente-coronel Lucas, comandante da unidade.<\/p>\n<p>A ocorr\u00eancia foi encaminhada para a delegacia para a devida apura\u00e7\u00e3o. \u201cAl\u00e9m do trabalho preventivo que j\u00e1 \u00e9 feito durante todo o ano, tamb\u00e9m temos agido neste S\u00e3o Jo\u00e3o refor\u00e7ando o combate aos crimes e infra\u00e7\u00f5es de tr\u00e2nsito como embriaguez ao volante, e recuperando ve\u00edculos roubados e furtados\u201d, destacou o coronel.<\/p>\n","protected":false},"excerpt":{"rendered":"<p>As fiscaliza\u00e7\u00f5es no tr\u00e2nsito realizadas pela Pol\u00edcia Militar j\u00e1 resultaram na apreens\u00e3o de 70 armas de fogo somente este ano<\/p>\n","protected":false},"author":12,"featured_media":920667,"comment_status":"closed","ping_status":"closed","sticky":false,"template":"","format":"standard","meta":{"_exactmetrics_skip_tracking":false,"_exactmetrics_sitenote_active":false,"_exactmetrics_sitenote_note":"","_exactmetrics_sitenote_category":0,"footnotes":""},"categories":[4],"tags":[],"yoast_head":"<!-- This site is optimized with the Yoast SEO plugin v22.0 - https:\/\/yoast.com\/wordpress\/plugins\/seo\/ -->\n<title>Fiscaliza\u00e7\u00f5es de tr\u00e2nsito j\u00e1 resultaram em 70 armas de fogo apreendidas pela PM em 2024 - Pol\u00edcia Militar da Para\u00edba<\/title>\n<meta name=\"description\" content=\"Atua\u00e7\u00e3o da PM no tr\u00e2nsito tamb\u00e9m est\u00e1 focada no combate a embriaguez ao volante, e na recupera\u00e7\u00e3o de ve\u00edculos roubados ou furtados.\" \/>\n<meta name=\"robots\" content=\"index, follow, max-snippet:-1, max-image-preview:large, max-video-preview:-1\" \/>\n<link rel=\"canonical\" href=\"https:\/\/www.pm.pb.gov.br\/portal\/2024\/06\/09\/fiscalizacoes-de-transito-ja-resultaram-em-70-armas-de-fogo-apreendidas-pela-pm-em-2024\/\" \/>\n<meta property=\"og:locale\" content=\"pt_BR\" \/>\n<meta property=\"og:type\" content=\"article\" \/>\n<meta property=\"og:title\" content=\"Fiscaliza\u00e7\u00f5es de tr\u00e2nsito j\u00e1 resultaram em 70 armas de fogo apreendidas pela PM em 2024 - Pol\u00edcia Militar da Para\u00edba\" \/>\n<meta property=\"og:description\" content=\"Atua\u00e7\u00e3o da PM no tr\u00e2nsito tamb\u00e9m est\u00e1 focada no combate a embriaguez ao volante, e na recupera\u00e7\u00e3o de ve\u00edculos roubados ou furtados.\" \/>\n<meta property=\"og:url\" content=\"https:\/\/www.pm.pb.gov.br\/portal\/2024\/06\/09\/fiscalizacoes-de-transito-ja-resultaram-em-70-armas-de-fogo-apreendidas-pela-pm-em-2024\/\" \/>\n<meta property=\"og:site_name\" content=\"Pol\u00edcia Militar da Para\u00edba\" \/>\n<meta property=\"article:published_time\" content=\"2024-06-09T11:46:00+00:00\" \/>\n<meta property=\"article:modified_time\" content=\"2024-06-09T15:52:28+00:00\" \/>\n<meta property=\"og:image\" content=\"http:\/\/www.pm.pb.gov.br\/portal\/wp-content\/uploads\/2024\/01\/bptran-1.jpeg\" \/>\n\t<meta property=\"og:image:width\" content=\"800\" \/>\n\t<meta property=\"og:image:height\" content=\"445\" \/>\n\t<meta property=\"og:image:type\" content=\"image\/jpeg\" \/>\n<meta name=\"author\" content=\"Tarcisio Oliveira\" \/>\n<meta name=\"twitter:card\" content=\"summary_large_image\" \/>\n<meta name=\"twitter:label1\" content=\"Escrito por\" \/>\n\t<meta name=\"twitter:data1\" content=\"Tarcisio Oliveira\" \/>\n\t<meta name=\"twitter:label2\" content=\"Est. tempo de leitura\" \/>\n\t<meta name=\"twitter:data2\" content=\"2 minutos\" \/>\n<script type=\"application\/ld+json\" class=\"yoast-schema-graph\">{\"@context\":\"https:\/\/schema.org\",\"@graph\":[{\"@type\":\"Article\",\"@id\":\"https:\/\/www.pm.pb.gov.br\/portal\/2024\/06\/09\/fiscalizacoes-de-transito-ja-resultaram-em-70-armas-de-fogo-apreendidas-pela-pm-em-2024\/#article\",\"isPartOf\":{\"@id\":\"https:\/\/www.pm.pb.gov.br\/portal\/2024\/06\/09\/fiscalizacoes-de-transito-ja-resultaram-em-70-armas-de-fogo-apreendidas-pela-pm-em-2024\/\"},\"author\":{\"name\":\"Tarcisio Oliveira\",\"@id\":\"https:\/\/www.pm.pb.gov.br\/portal\/#\/schema\/person\/f84f56dcc78ce4357054da888b8247fd\"},\"headline\":\"Fiscaliza\u00e7\u00f5es de tr\u00e2nsito j\u00e1 resultaram em 70 armas de fogo apreendidas pela PM em 2024\",\"datePublished\":\"2024-06-09T11:46:00+00:00\",\"dateModified\":\"2024-06-09T15:52:28+00:00\",\"mainEntityOfPage\":{\"@id\":\"https:\/\/www.pm.pb.gov.br\/portal\/2024\/06\/09\/fiscalizacoes-de-transito-ja-resultaram-em-70-armas-de-fogo-apreendidas-pela-pm-em-2024\/\"},\"wordCount\":235,\"publisher\":{\"@id\":\"https:\/\/www.pm.pb.gov.br\/portal\/#organization\"},\"articleSection\":[\"A\u00e7\u00f5es Policiais\"],\"inLanguage\":\"pt-BR\"},{\"@type\":\"WebPage\",\"@id\":\"https:\/\/www.pm.pb.gov.br\/portal\/2024\/06\/09\/fiscalizacoes-de-transito-ja-resultaram-em-70-armas-de-fogo-apreendidas-pela-pm-em-2024\/\",\"url\":\"https:\/\/www.pm.pb.gov.br\/portal\/2024\/06\/09\/fiscalizacoes-de-transito-ja-resultaram-em-70-armas-de-fogo-apreendidas-pela-pm-em-2024\/\",\"name\":\"Fiscaliza\u00e7\u00f5es de tr\u00e2nsito j\u00e1 resultaram em 70 armas de fogo apreendidas pela PM em 2024 - Pol\u00edcia Militar da Para\u00edba\",\"isPartOf\":{\"@id\":\"https:\/\/www.pm.pb.gov.br\/portal\/#website\"},\"datePublished\":\"2024-06-09T11:46:00+00:00\",\"dateModified\":\"2024-06-09T15:52:28+00:00\",\"description\":\"Atua\u00e7\u00e3o da PM no tr\u00e2nsito tamb\u00e9m est\u00e1 focada no combate a embriaguez ao volante, e na recupera\u00e7\u00e3o de ve\u00edculos roubados ou furtados.\",\"breadcrumb\":{\"@id\":\"https:\/\/www.pm.pb.gov.br\/portal\/2024\/06\/09\/fiscalizacoes-de-transito-ja-resultaram-em-70-armas-de-fogo-apreendidas-pela-pm-em-2024\/#breadcrumb\"},\"inLanguage\":\"pt-BR\",\"potentialAction\":[{\"@type\":\"ReadAction\",\"target\":[\"https:\/\/www.pm.pb.gov.br\/portal\/2024\/06\/09\/fiscalizacoes-de-transito-ja-resultaram-em-70-armas-de-fogo-apreendidas-pela-pm-em-2024\/\"]}]},{\"@type\":\"BreadcrumbList\",\"@id\":\"https:\/\/www.pm.pb.gov.br\/portal\/2024\/06\/09\/fiscalizacoes-de-transito-ja-resultaram-em-70-armas-de-fogo-apreendidas-pela-pm-em-2024\/#breadcrumb\",\"itemListElement\":[{\"@type\":\"ListItem\",\"position\":1,\"name\":\"In\u00edcio\",\"item\":\"https:\/\/www.pm.pb.gov.br\/portal\/\"},{\"@type\":\"ListItem\",\"position\":2,\"name\":\"Fiscaliza\u00e7\u00f5es de tr\u00e2nsito j\u00e1 resultaram em 70 armas de fogo apreendidas pela PM em 2024\"}]},{\"@type\":\"WebSite\",\"@id\":\"https:\/\/www.pm.pb.gov.br\/portal\/#website\",\"url\":\"https:\/\/www.pm.pb.gov.br\/portal\/\",\"name\":\"Pol\u00edcia Militar da Para\u00edba\",\"description\":\"\",\"publisher\":{\"@id\":\"https:\/\/www.pm.pb.gov.br\/portal\/#organization\"},\"potentialAction\":[{\"@type\":\"SearchAction\",\"target\":{\"@type\":\"EntryPoint\",\"urlTemplate\":\"https:\/\/www.pm.pb.gov.br\/portal\/?s={search_term_string}\"},\"query-input\":\"required name=search_term_string\"}],\"inLanguage\":\"pt-BR\"},{\"@type\":\"Organization\",\"@id\":\"https:\/\/www.pm.pb.gov.br\/portal\/#organization\",\"name\":\"Pol\u00edcia Militar da Para\u00edba\",\"url\":\"https:\/\/www.pm.pb.gov.br\/portal\/\",\"logo\":{\"@type\":\"ImageObject\",\"inLanguage\":\"pt-BR\",\"@id\":\"https:\/\/www.pm.pb.gov.br\/portal\/#\/schema\/logo\/image\/\",\"url\":\"https:\/\/www.pm.pb.gov.br\/portal\/wp-content\/uploads\/2025\/03\/cropped-logo-site-mag2-1.png\",\"contentUrl\":\"https:\/\/www.pm.pb.gov.br\/portal\/wp-content\/uploads\/2025\/03\/cropped-logo-site-mag2-1.png\",\"width\":320,\"height\":90,\"caption\":\"Pol\u00edcia Militar da Para\u00edba\"},\"image\":{\"@id\":\"https:\/\/www.pm.pb.gov.br\/portal\/#\/schema\/logo\/image\/\"}},{\"@type\":\"Person\",\"@id\":\"https:\/\/www.pm.pb.gov.br\/portal\/#\/schema\/person\/f84f56dcc78ce4357054da888b8247fd\",\"name\":\"Tarcisio Oliveira\",\"image\":{\"@type\":\"ImageObject\",\"inLanguage\":\"pt-BR\",\"@id\":\"https:\/\/www.pm.pb.gov.br\/portal\/#\/schema\/person\/image\/\",\"url\":\"https:\/\/secure.gravatar.com\/avatar\/72917b630b69d31cd0297507f34bac97?s=96&d=mm&r=g\",\"contentUrl\":\"https:\/\/secure.gravatar.com\/avatar\/72917b630b69d31cd0297507f34bac97?s=96&d=mm&r=g\",\"caption\":\"Tarcisio Oliveira\"},\"url\":\"https:\/\/www.pm.pb.gov.br\/portal\/author\/tarcisio\/\"}]}<\/script>\n<!-- \/ Yoast SEO plugin. -->","yoast_head_json":{"title":"Fiscaliza\u00e7\u00f5es de tr\u00e2nsito j\u00e1 resultaram em 70 armas de fogo apreendidas pela PM em 2024 - Pol\u00edcia Militar da Para\u00edba","description":"Atua\u00e7\u00e3o da PM no tr\u00e2nsito tamb\u00e9m est\u00e1 focada no combate a embriaguez ao volante, e na recupera\u00e7\u00e3o de ve\u00edculos roubados ou furtados.","robots":{"index":"index","follow":"follow","max-snippet":"max-snippet:-1","max-image-preview":"max-image-preview:large","max-video-preview":"max-video-preview:-1"},"canonical":"https:\/\/www.pm.pb.gov.br\/portal\/2024\/06\/09\/fiscalizacoes-de-transito-ja-resultaram-em-70-armas-de-fogo-apreendidas-pela-pm-em-2024\/","og_locale":"pt_BR","og_type":"article","og_title":"Fiscaliza\u00e7\u00f5es de tr\u00e2nsito j\u00e1 resultaram em 70 armas de fogo apreendidas pela PM em 2024 - Pol\u00edcia Militar da Para\u00edba","og_description":"Atua\u00e7\u00e3o da PM no tr\u00e2nsito tamb\u00e9m est\u00e1 focada no combate a embriaguez ao volante, e na recupera\u00e7\u00e3o de ve\u00edculos roubados ou furtados.","og_url":"https:\/\/www.pm.pb.gov.br\/portal\/2024\/06\/09\/fiscalizacoes-de-transito-ja-resultaram-em-70-armas-de-fogo-apreendidas-pela-pm-em-2024\/","og_site_name":"Pol\u00edcia Militar da Para\u00edba","article_published_time":"2024-06-09T11:46:00+00:00","article_modified_time":"2024-06-09T15:52:28+00:00","og_image":[{"width":800,"height":445,"url":"http:\/\/www.pm.pb.gov.br\/portal\/wp-content\/uploads\/2024\/01\/bptran-1.jpeg","type":"image\/jpeg"}],"author":"Tarcisio Oliveira","twitter_card":"summary_large_image","twitter_misc":{"Escrito por":"Tarcisio Oliveira","Est. tempo de leitura":"2 minutos"},"schema":{"@context":"https:\/\/schema.org","@graph":[{"@type":"Article","@id":"https:\/\/www.pm.pb.gov.br\/portal\/2024\/06\/09\/fiscalizacoes-de-transito-ja-resultaram-em-70-armas-de-fogo-apreendidas-pela-pm-em-2024\/#article","isPartOf":{"@id":"https:\/\/www.pm.pb.gov.br\/portal\/2024\/06\/09\/fiscalizacoes-de-transito-ja-resultaram-em-70-armas-de-fogo-apreendidas-pela-pm-em-2024\/"},"author":{"name":"Tarcisio Oliveira","@id":"https:\/\/www.pm.pb.gov.br\/portal\/#\/schema\/person\/f84f56dcc78ce4357054da888b8247fd"},"headline":"Fiscaliza\u00e7\u00f5es de tr\u00e2nsito j\u00e1 resultaram em 70 armas de fogo apreendidas pela PM em 2024","datePublished":"2024-06-09T11:46:00+00:00","dateModified":"2024-06-09T15:52:28+00:00","mainEntityOfPage":{"@id":"https:\/\/www.pm.pb.gov.br\/portal\/2024\/06\/09\/fiscalizacoes-de-transito-ja-resultaram-em-70-armas-de-fogo-apreendidas-pela-pm-em-2024\/"},"wordCount":235,"publisher":{"@id":"https:\/\/www.pm.pb.gov.br\/portal\/#organization"},"articleSection":["A\u00e7\u00f5es Policiais"],"inLanguage":"pt-BR"},{"@type":"WebPage","@id":"https:\/\/www.pm.pb.gov.br\/portal\/2024\/06\/09\/fiscalizacoes-de-transito-ja-resultaram-em-70-armas-de-fogo-apreendidas-pela-pm-em-2024\/","url":"https:\/\/www.pm.pb.gov.br\/portal\/2024\/06\/09\/fiscalizacoes-de-transito-ja-resultaram-em-70-armas-de-fogo-apreendidas-pela-pm-em-2024\/","name":"Fiscaliza\u00e7\u00f5es de tr\u00e2nsito j\u00e1 resultaram em 70 armas de fogo apreendidas pela PM em 2024 - Pol\u00edcia Militar da Para\u00edba","isPartOf":{"@id":"https:\/\/www.pm.pb.gov.br\/portal\/#website"},"datePublished":"2024-06-09T11:46:00+00:00","dateModified":"2024-06-09T15:52:28+00:00","description":"Atua\u00e7\u00e3o da PM no tr\u00e2nsito tamb\u00e9m est\u00e1 focada no combate a embriaguez ao volante, e na recupera\u00e7\u00e3o de ve\u00edculos roubados ou furtados.","breadcrumb":{"@id":"https:\/\/www.pm.pb.gov.br\/portal\/2024\/06\/09\/fiscalizacoes-de-transito-ja-resultaram-em-70-armas-de-fogo-apreendidas-pela-pm-em-2024\/#breadcrumb"},"inLanguage":"pt-BR","potentialAction":[{"@type":"ReadAction","target":["https:\/\/www.pm.pb.gov.br\/portal\/2024\/06\/09\/fiscalizacoes-de-transito-ja-resultaram-em-70-armas-de-fogo-apreendidas-pela-pm-em-2024\/"]}]},{"@type":"BreadcrumbList","@id":"https:\/\/www.pm.pb.gov.br\/portal\/2024\/06\/09\/fiscalizacoes-de-transito-ja-resultaram-em-70-armas-de-fogo-apreendidas-pela-pm-em-2024\/#breadcrumb","itemListElement":[{"@type":"ListItem","position":1,"name":"In\u00edcio","item":"https:\/\/www.pm.pb.gov.br\/portal\/"},{"@type":"ListItem","position":2,"name":"Fiscaliza\u00e7\u00f5es de tr\u00e2nsito j\u00e1 resultaram em 70 armas de fogo apreendidas pela PM em 2024"}]},{"@type":"WebSite","@id":"https:\/\/www.pm.pb.gov.br\/portal\/#website","url":"https:\/\/www.pm.pb.gov.br\/portal\/","name":"Pol\u00edcia Militar da Para\u00edba","description":"","publisher":{"@id":"https:\/\/www.pm.pb.gov.br\/portal\/#organization"},"potentialAction":[{"@type":"SearchAction","target":{"@type":"EntryPoint","urlTemplate":"https:\/\/www.pm.pb.gov.br\/portal\/?s={search_term_string}"},"query-input":"required name=search_term_string"}],"inLanguage":"pt-BR"},{"@type":"Organization","@id":"https:\/\/www.pm.pb.gov.br\/portal\/#organization","name":"Pol\u00edcia Militar da Para\u00edba","url":"https:\/\/www.pm.pb.gov.br\/portal\/","logo":{"@type":"ImageObject","inLanguage":"pt-BR","@id":"https:\/\/www.pm.pb.gov.br\/portal\/#\/schema\/logo\/image\/","url":"https:\/\/www.pm.pb.gov.br\/portal\/wp-content\/uploads\/2025\/03\/cropped-logo-site-mag2-1.png","contentUrl":"https:\/\/www.pm.pb.gov.br\/portal\/wp-content\/uploads\/2025\/03\/cropped-logo-site-mag2-1.png","width":320,"height":90,"caption":"Pol\u00edcia Militar da Para\u00edba"},"image":{"@id":"https:\/\/www.pm.pb.gov.br\/portal\/#\/schema\/logo\/image\/"}},{"@type":"Person","@id":"https:\/\/www.pm.pb.gov.br\/portal\/#\/schema\/person\/f84f56dcc78ce4357054da888b8247fd","name":"Tarcisio Oliveira","image":{"@type":"ImageObject","inLanguage":"pt-BR","@id":"https:\/\/www.pm.pb.gov.br\/portal\/#\/schema\/person\/image\/","url":"https:\/\/secure.gravatar.com\/avatar\/72917b630b69d31cd0297507f34bac97?s=96&d=mm&r=g","contentUrl":"https:\/\/secure.gravatar.com\/avatar\/72917b630b69d31cd0297507f34bac97?s=96&d=mm&r=g","caption":"Tarcisio Oliveira"},"url":"https:\/\/www.pm.pb.gov.br\/portal\/author\/tarcisio\/"}]}},"_links":{"self":[{"href":"https:\/\/www.pm.pb.gov.br\/portal\/wp-json\/wp\/v2\/posts\/922372"}],"collection":[{"href":"https:\/\/www.pm.pb.gov.br\/portal\/wp-json\/wp\/v2\/posts"}],"about":[{"href":"https:\/\/www.pm.pb.gov.br\/portal\/wp-json\/wp\/v2\/types\/post"}],"author":[{"embeddable":true,"href":"https:\/\/www.pm.pb.gov.br\/portal\/wp-json\/wp\/v2\/users\/12"}],"replies":[{"embeddable":true,"href":"https:\/\/www.pm.pb.gov.br\/portal\/wp-json\/wp\/v2\/comments?post=922372"}],"version-history":[{"count":1,"href":"https:\/\/www.pm.pb.gov.br\/portal\/wp-json\/wp\/v2\/posts\/922372\/revisions"}],"predecessor-version":[{"id":922373,"href":"https:\/\/www.pm.pb.gov.br\/portal\/wp-json\/wp\/v2\/posts\/922372\/revisions\/922373"}],"wp:featuredmedia":[{"embeddable":true,"href":"https:\/\/www.pm.pb.gov.br\/portal\/wp-json\/wp\/v2\/media\/920667"}],"wp:attachment":[{"href":"https:\/\/www.pm.pb.gov.br\/portal\/wp-json\/wp\/v2\/media?parent=922372"}],"wp:term":[{"taxonomy":"category","embeddable":true,"href":"https:\/\/www.pm.pb.gov.br\/portal\/wp-json\/wp\/v2\/categories?post=922372"},{"taxonomy":"post_tag","embeddable":true,"href":"https:\/\/www.pm.pb.gov.br\/portal\/wp-json\/wp\/v2\/tags?post=922372"}],"curies":[{"name":"wp","href":"https:\/\/api.w.org\/{rel}","templated":true}]}}