{"id":922364,"date":"2024-06-09T10:08:00","date_gmt":"2024-06-09T13:08:00","guid":{"rendered":"https:\/\/www.pm.pb.gov.br\/portal\/?p=922364"},"modified":"2024-06-09T11:14:41","modified_gmt":"2024-06-09T14:14:41","slug":"carros-roubados-em-campina-grande-sao-recuperados-pela-pm-em-joao-pessoa","status":"publish","type":"post","link":"https:\/\/www.pm.pb.gov.br\/portal\/2024\/06\/09\/carros-roubados-em-campina-grande-sao-recuperados-pela-pm-em-joao-pessoa\/","title":{"rendered":"Carros roubados em Campina Grande s\u00e3o recuperados pela PM em Jo\u00e3o Pessoa"},"content":{"rendered":"\n\n\n<p>Dois carros que haviam sido roubados em Campina Grande foram recuperados pela Pol\u00edcia Militar em Jo\u00e3o Pessoa, na noite de s\u00e1bado (08). A a\u00e7\u00e3o aconteceu no bairro de Mangabeira, quando os ve\u00edculos foram encontrados em uma casa. Um acusado conseguiu fugir do cerco dos policiais do 5\u00ba Batalh\u00e3o e segue sendo procurado (foto acima ilustrativa).<\/p>\n<p>De acordo com o comando da unidade, um dos ve\u00edculos havia sido roubado no mesmo dia em que uma construtora, tamb\u00e9m em Campina Grande, foi roubada. Nesse carro, a PM recuperou os materiais que haviam sido levados do estabelecimento (fotos abaixo).<\/p>\n<p><img loading=\"lazy\" decoding=\"async\" class=\"alignnone size-medium wp-image-922365\" src=\"http:\/\/www.pm.pb.gov.br\/portal\/wp-content\/uploads\/2024\/06\/WhatsApp-Image-2024-06-09-at-10.57.56-403x445.jpeg\" alt=\"\" width=\"403\" height=\"445\" srcset=\"https:\/\/www.pm.pb.gov.br\/portal\/wp-content\/uploads\/2024\/06\/WhatsApp-Image-2024-06-09-at-10.57.56-403x445.jpeg 403w, https:\/\/www.pm.pb.gov.br\/portal\/wp-content\/uploads\/2024\/06\/WhatsApp-Image-2024-06-09-at-10.57.56-516x570.jpeg 516w, https:\/\/www.pm.pb.gov.br\/portal\/wp-content\/uploads\/2024\/06\/WhatsApp-Image-2024-06-09-at-10.57.56-768x849.jpeg 768w, https:\/\/www.pm.pb.gov.br\/portal\/wp-content\/uploads\/2024\/06\/WhatsApp-Image-2024-06-09-at-10.57.56.jpeg 900w\" sizes=\"(max-width: 403px) 100vw, 403px\" \/> <img loading=\"lazy\" decoding=\"async\" class=\"alignnone size-medium wp-image-922366\" src=\"http:\/\/www.pm.pb.gov.br\/portal\/wp-content\/uploads\/2024\/06\/WhatsApp-Image-2024-06-09-at-10.57.37-293x445.jpeg\" alt=\"\" width=\"293\" height=\"445\" srcset=\"https:\/\/www.pm.pb.gov.br\/portal\/wp-content\/uploads\/2024\/06\/WhatsApp-Image-2024-06-09-at-10.57.37-293x445.jpeg 293w, https:\/\/www.pm.pb.gov.br\/portal\/wp-content\/uploads\/2024\/06\/WhatsApp-Image-2024-06-09-at-10.57.37-376x570.jpeg 376w, https:\/\/www.pm.pb.gov.br\/portal\/wp-content\/uploads\/2024\/06\/WhatsApp-Image-2024-06-09-at-10.57.37-768x1166.jpeg 768w, https:\/\/www.pm.pb.gov.br\/portal\/wp-content\/uploads\/2024\/06\/WhatsApp-Image-2024-06-09-at-10.57.37.jpeg 900w\" sizes=\"(max-width: 293px) 100vw, 293px\" \/><\/p>\n<p><img loading=\"lazy\" decoding=\"async\" class=\"alignnone size-medium wp-image-922367\" src=\"http:\/\/www.pm.pb.gov.br\/portal\/wp-content\/uploads\/2024\/06\/WhatsApp-Image-2024-06-09-at-10.57.36-11-555x445.jpeg\" alt=\"\" width=\"555\" height=\"445\" srcset=\"https:\/\/www.pm.pb.gov.br\/portal\/wp-content\/uploads\/2024\/06\/WhatsApp-Image-2024-06-09-at-10.57.36-11-555x445.jpeg 555w, https:\/\/www.pm.pb.gov.br\/portal\/wp-content\/uploads\/2024\/06\/WhatsApp-Image-2024-06-09-at-10.57.36-11-711x570.jpeg 711w, https:\/\/www.pm.pb.gov.br\/portal\/wp-content\/uploads\/2024\/06\/WhatsApp-Image-2024-06-09-at-10.57.36-11-768x616.jpeg 768w, https:\/\/www.pm.pb.gov.br\/portal\/wp-content\/uploads\/2024\/06\/WhatsApp-Image-2024-06-09-at-10.57.36-11.jpeg 900w\" sizes=\"(max-width: 555px) 100vw, 555px\" \/><\/p>\n<p><img loading=\"lazy\" decoding=\"async\" class=\"alignnone size-medium wp-image-922368\" src=\"http:\/\/www.pm.pb.gov.br\/portal\/wp-content\/uploads\/2024\/06\/WhatsApp-Image-2024-06-09-at-10.57.36-332x445.jpeg\" alt=\"\" width=\"332\" height=\"445\" srcset=\"https:\/\/www.pm.pb.gov.br\/portal\/wp-content\/uploads\/2024\/06\/WhatsApp-Image-2024-06-09-at-10.57.36-332x445.jpeg 332w, https:\/\/www.pm.pb.gov.br\/portal\/wp-content\/uploads\/2024\/06\/WhatsApp-Image-2024-06-09-at-10.57.36-425x570.jpeg 425w, https:\/\/www.pm.pb.gov.br\/portal\/wp-content\/uploads\/2024\/06\/WhatsApp-Image-2024-06-09-at-10.57.36-768x1031.jpeg 768w, https:\/\/www.pm.pb.gov.br\/portal\/wp-content\/uploads\/2024\/06\/WhatsApp-Image-2024-06-09-at-10.57.36.jpeg 900w\" sizes=\"(max-width: 332px) 100vw, 332px\" \/><\/p>\n<p>Toda a ocorr\u00eancia e os carros recuperados foram apresentados na Cidade da Pol\u00edcia Civil para a devida investiga\u00e7\u00e3o, que dever\u00e1 apurar a autoria do delito e investigar onde os carros foram encontrados.<\/p>\n","protected":false},"excerpt":{"rendered":"<p>Dois carros que haviam sido roubados em Campina Grande foram recuperados pela Pol\u00edcia Militar em Jo\u00e3o Pessoa, na noite de<\/p>\n","protected":false},"author":12,"featured_media":909499,"comment_status":"closed","ping_status":"closed","sticky":false,"template":"","format":"standard","meta":{"_exactmetrics_skip_tracking":false,"_exactmetrics_sitenote_active":false,"_exactmetrics_sitenote_note":"","_exactmetrics_sitenote_category":0,"footnotes":""},"categories":[4],"tags":[],"yoast_head":"<!-- This site is optimized with the Yoast SEO plugin v22.0 - https:\/\/yoast.com\/wordpress\/plugins\/seo\/ -->\n<title>Carros roubados em Campina Grande s\u00e3o recuperados pela PM em Jo\u00e3o Pessoa - Pol\u00edcia Militar da Para\u00edba<\/title>\n<meta name=\"description\" content=\"A\u00e7\u00e3o aconteceu na noite de s\u00e1bado (8) no bairro de Mangabeira, zona sul da Capital; caso dever\u00e1 ser investigado.\" \/>\n<meta name=\"robots\" content=\"index, follow, max-snippet:-1, max-image-preview:large, max-video-preview:-1\" \/>\n<link rel=\"canonical\" href=\"https:\/\/www.pm.pb.gov.br\/portal\/2024\/06\/09\/carros-roubados-em-campina-grande-sao-recuperados-pela-pm-em-joao-pessoa\/\" \/>\n<meta property=\"og:locale\" content=\"pt_BR\" \/>\n<meta property=\"og:type\" content=\"article\" \/>\n<meta property=\"og:title\" content=\"Carros roubados em Campina Grande s\u00e3o recuperados pela PM em Jo\u00e3o Pessoa - Pol\u00edcia Militar da Para\u00edba\" \/>\n<meta property=\"og:description\" content=\"A\u00e7\u00e3o aconteceu na noite de s\u00e1bado (8) no bairro de Mangabeira, zona sul da Capital; caso dever\u00e1 ser investigado.\" \/>\n<meta property=\"og:url\" content=\"https:\/\/www.pm.pb.gov.br\/portal\/2024\/06\/09\/carros-roubados-em-campina-grande-sao-recuperados-pela-pm-em-joao-pessoa\/\" \/>\n<meta property=\"og:site_name\" content=\"Pol\u00edcia Militar da Para\u00edba\" \/>\n<meta property=\"article:published_time\" content=\"2024-06-09T13:08:00+00:00\" \/>\n<meta property=\"article:modified_time\" content=\"2024-06-09T14:14:41+00:00\" \/>\n<meta property=\"og:image\" content=\"http:\/\/www.pm.pb.gov.br\/portal\/wp-content\/uploads\/2021\/02\/tatica5bpm.jpeg\" \/>\n\t<meta property=\"og:image:width\" content=\"800\" \/>\n\t<meta property=\"og:image:height\" content=\"445\" \/>\n\t<meta property=\"og:image:type\" content=\"image\/jpeg\" \/>\n<meta name=\"author\" content=\"Tarcisio Oliveira\" \/>\n<meta name=\"twitter:card\" content=\"summary_large_image\" \/>\n<meta name=\"twitter:label1\" content=\"Escrito por\" \/>\n\t<meta name=\"twitter:data1\" content=\"Tarcisio Oliveira\" \/>\n\t<meta name=\"twitter:label2\" content=\"Est. tempo de leitura\" \/>\n\t<meta name=\"twitter:data2\" content=\"2 minutos\" \/>\n<script type=\"application\/ld+json\" class=\"yoast-schema-graph\">{\"@context\":\"https:\/\/schema.org\",\"@graph\":[{\"@type\":\"Article\",\"@id\":\"https:\/\/www.pm.pb.gov.br\/portal\/2024\/06\/09\/carros-roubados-em-campina-grande-sao-recuperados-pela-pm-em-joao-pessoa\/#article\",\"isPartOf\":{\"@id\":\"https:\/\/www.pm.pb.gov.br\/portal\/2024\/06\/09\/carros-roubados-em-campina-grande-sao-recuperados-pela-pm-em-joao-pessoa\/\"},\"author\":{\"name\":\"Tarcisio Oliveira\",\"@id\":\"https:\/\/www.pm.pb.gov.br\/portal\/#\/schema\/person\/f84f56dcc78ce4357054da888b8247fd\"},\"headline\":\"Carros roubados em Campina Grande s\u00e3o recuperados pela PM em Jo\u00e3o Pessoa\",\"datePublished\":\"2024-06-09T13:08:00+00:00\",\"dateModified\":\"2024-06-09T14:14:41+00:00\",\"mainEntityOfPage\":{\"@id\":\"https:\/\/www.pm.pb.gov.br\/portal\/2024\/06\/09\/carros-roubados-em-campina-grande-sao-recuperados-pela-pm-em-joao-pessoa\/\"},\"wordCount\":151,\"publisher\":{\"@id\":\"https:\/\/www.pm.pb.gov.br\/portal\/#organization\"},\"articleSection\":[\"A\u00e7\u00f5es Policiais\"],\"inLanguage\":\"pt-BR\"},{\"@type\":\"WebPage\",\"@id\":\"https:\/\/www.pm.pb.gov.br\/portal\/2024\/06\/09\/carros-roubados-em-campina-grande-sao-recuperados-pela-pm-em-joao-pessoa\/\",\"url\":\"https:\/\/www.pm.pb.gov.br\/portal\/2024\/06\/09\/carros-roubados-em-campina-grande-sao-recuperados-pela-pm-em-joao-pessoa\/\",\"name\":\"Carros roubados em Campina Grande s\u00e3o recuperados pela PM em Jo\u00e3o Pessoa - Pol\u00edcia Militar da Para\u00edba\",\"isPartOf\":{\"@id\":\"https:\/\/www.pm.pb.gov.br\/portal\/#website\"},\"datePublished\":\"2024-06-09T13:08:00+00:00\",\"dateModified\":\"2024-06-09T14:14:41+00:00\",\"description\":\"A\u00e7\u00e3o aconteceu na noite de s\u00e1bado (8) no bairro de Mangabeira, zona sul da Capital; caso dever\u00e1 ser investigado.\",\"breadcrumb\":{\"@id\":\"https:\/\/www.pm.pb.gov.br\/portal\/2024\/06\/09\/carros-roubados-em-campina-grande-sao-recuperados-pela-pm-em-joao-pessoa\/#breadcrumb\"},\"inLanguage\":\"pt-BR\",\"potentialAction\":[{\"@type\":\"ReadAction\",\"target\":[\"https:\/\/www.pm.pb.gov.br\/portal\/2024\/06\/09\/carros-roubados-em-campina-grande-sao-recuperados-pela-pm-em-joao-pessoa\/\"]}]},{\"@type\":\"BreadcrumbList\",\"@id\":\"https:\/\/www.pm.pb.gov.br\/portal\/2024\/06\/09\/carros-roubados-em-campina-grande-sao-recuperados-pela-pm-em-joao-pessoa\/#breadcrumb\",\"itemListElement\":[{\"@type\":\"ListItem\",\"position\":1,\"name\":\"In\u00edcio\",\"item\":\"https:\/\/www.pm.pb.gov.br\/portal\/\"},{\"@type\":\"ListItem\",\"position\":2,\"name\":\"Carros roubados em Campina Grande s\u00e3o recuperados pela PM em Jo\u00e3o Pessoa\"}]},{\"@type\":\"WebSite\",\"@id\":\"https:\/\/www.pm.pb.gov.br\/portal\/#website\",\"url\":\"https:\/\/www.pm.pb.gov.br\/portal\/\",\"name\":\"Pol\u00edcia Militar da Para\u00edba\",\"description\":\"\",\"publisher\":{\"@id\":\"https:\/\/www.pm.pb.gov.br\/portal\/#organization\"},\"potentialAction\":[{\"@type\":\"SearchAction\",\"target\":{\"@type\":\"EntryPoint\",\"urlTemplate\":\"https:\/\/www.pm.pb.gov.br\/portal\/?s={search_term_string}\"},\"query-input\":\"required name=search_term_string\"}],\"inLanguage\":\"pt-BR\"},{\"@type\":\"Organization\",\"@id\":\"https:\/\/www.pm.pb.gov.br\/portal\/#organization\",\"name\":\"Pol\u00edcia Militar da Para\u00edba\",\"url\":\"https:\/\/www.pm.pb.gov.br\/portal\/\",\"logo\":{\"@type\":\"ImageObject\",\"inLanguage\":\"pt-BR\",\"@id\":\"https:\/\/www.pm.pb.gov.br\/portal\/#\/schema\/logo\/image\/\",\"url\":\"https:\/\/www.pm.pb.gov.br\/portal\/wp-content\/uploads\/2025\/03\/cropped-logo-site-mag2-1.png\",\"contentUrl\":\"https:\/\/www.pm.pb.gov.br\/portal\/wp-content\/uploads\/2025\/03\/cropped-logo-site-mag2-1.png\",\"width\":320,\"height\":90,\"caption\":\"Pol\u00edcia Militar da Para\u00edba\"},\"image\":{\"@id\":\"https:\/\/www.pm.pb.gov.br\/portal\/#\/schema\/logo\/image\/\"}},{\"@type\":\"Person\",\"@id\":\"https:\/\/www.pm.pb.gov.br\/portal\/#\/schema\/person\/f84f56dcc78ce4357054da888b8247fd\",\"name\":\"Tarcisio Oliveira\",\"image\":{\"@type\":\"ImageObject\",\"inLanguage\":\"pt-BR\",\"@id\":\"https:\/\/www.pm.pb.gov.br\/portal\/#\/schema\/person\/image\/\",\"url\":\"https:\/\/secure.gravatar.com\/avatar\/72917b630b69d31cd0297507f34bac97?s=96&d=mm&r=g\",\"contentUrl\":\"https:\/\/secure.gravatar.com\/avatar\/72917b630b69d31cd0297507f34bac97?s=96&d=mm&r=g\",\"caption\":\"Tarcisio Oliveira\"},\"url\":\"https:\/\/www.pm.pb.gov.br\/portal\/author\/tarcisio\/\"}]}<\/script>\n<!-- \/ Yoast SEO plugin. -->","yoast_head_json":{"title":"Carros roubados em Campina Grande s\u00e3o recuperados pela PM em Jo\u00e3o Pessoa - Pol\u00edcia Militar da Para\u00edba","description":"A\u00e7\u00e3o aconteceu na noite de s\u00e1bado (8) no bairro de Mangabeira, zona sul da Capital; caso dever\u00e1 ser investigado.","robots":{"index":"index","follow":"follow","max-snippet":"max-snippet:-1","max-image-preview":"max-image-preview:large","max-video-preview":"max-video-preview:-1"},"canonical":"https:\/\/www.pm.pb.gov.br\/portal\/2024\/06\/09\/carros-roubados-em-campina-grande-sao-recuperados-pela-pm-em-joao-pessoa\/","og_locale":"pt_BR","og_type":"article","og_title":"Carros roubados em Campina Grande s\u00e3o recuperados pela PM em Jo\u00e3o Pessoa - Pol\u00edcia Militar da Para\u00edba","og_description":"A\u00e7\u00e3o aconteceu na noite de s\u00e1bado (8) no bairro de Mangabeira, zona sul da Capital; caso dever\u00e1 ser investigado.","og_url":"https:\/\/www.pm.pb.gov.br\/portal\/2024\/06\/09\/carros-roubados-em-campina-grande-sao-recuperados-pela-pm-em-joao-pessoa\/","og_site_name":"Pol\u00edcia Militar da Para\u00edba","article_published_time":"2024-06-09T13:08:00+00:00","article_modified_time":"2024-06-09T14:14:41+00:00","og_image":[{"width":800,"height":445,"url":"http:\/\/www.pm.pb.gov.br\/portal\/wp-content\/uploads\/2021\/02\/tatica5bpm.jpeg","type":"image\/jpeg"}],"author":"Tarcisio Oliveira","twitter_card":"summary_large_image","twitter_misc":{"Escrito por":"Tarcisio Oliveira","Est. tempo de leitura":"2 minutos"},"schema":{"@context":"https:\/\/schema.org","@graph":[{"@type":"Article","@id":"https:\/\/www.pm.pb.gov.br\/portal\/2024\/06\/09\/carros-roubados-em-campina-grande-sao-recuperados-pela-pm-em-joao-pessoa\/#article","isPartOf":{"@id":"https:\/\/www.pm.pb.gov.br\/portal\/2024\/06\/09\/carros-roubados-em-campina-grande-sao-recuperados-pela-pm-em-joao-pessoa\/"},"author":{"name":"Tarcisio Oliveira","@id":"https:\/\/www.pm.pb.gov.br\/portal\/#\/schema\/person\/f84f56dcc78ce4357054da888b8247fd"},"headline":"Carros roubados em Campina Grande s\u00e3o recuperados pela PM em Jo\u00e3o Pessoa","datePublished":"2024-06-09T13:08:00+00:00","dateModified":"2024-06-09T14:14:41+00:00","mainEntityOfPage":{"@id":"https:\/\/www.pm.pb.gov.br\/portal\/2024\/06\/09\/carros-roubados-em-campina-grande-sao-recuperados-pela-pm-em-joao-pessoa\/"},"wordCount":151,"publisher":{"@id":"https:\/\/www.pm.pb.gov.br\/portal\/#organization"},"articleSection":["A\u00e7\u00f5es Policiais"],"inLanguage":"pt-BR"},{"@type":"WebPage","@id":"https:\/\/www.pm.pb.gov.br\/portal\/2024\/06\/09\/carros-roubados-em-campina-grande-sao-recuperados-pela-pm-em-joao-pessoa\/","url":"https:\/\/www.pm.pb.gov.br\/portal\/2024\/06\/09\/carros-roubados-em-campina-grande-sao-recuperados-pela-pm-em-joao-pessoa\/","name":"Carros roubados em Campina Grande s\u00e3o recuperados pela PM em Jo\u00e3o Pessoa - Pol\u00edcia Militar da Para\u00edba","isPartOf":{"@id":"https:\/\/www.pm.pb.gov.br\/portal\/#website"},"datePublished":"2024-06-09T13:08:00+00:00","dateModified":"2024-06-09T14:14:41+00:00","description":"A\u00e7\u00e3o aconteceu na noite de s\u00e1bado (8) no bairro de Mangabeira, zona sul da Capital; caso dever\u00e1 ser investigado.","breadcrumb":{"@id":"https:\/\/www.pm.pb.gov.br\/portal\/2024\/06\/09\/carros-roubados-em-campina-grande-sao-recuperados-pela-pm-em-joao-pessoa\/#breadcrumb"},"inLanguage":"pt-BR","potentialAction":[{"@type":"ReadAction","target":["https:\/\/www.pm.pb.gov.br\/portal\/2024\/06\/09\/carros-roubados-em-campina-grande-sao-recuperados-pela-pm-em-joao-pessoa\/"]}]},{"@type":"BreadcrumbList","@id":"https:\/\/www.pm.pb.gov.br\/portal\/2024\/06\/09\/carros-roubados-em-campina-grande-sao-recuperados-pela-pm-em-joao-pessoa\/#breadcrumb","itemListElement":[{"@type":"ListItem","position":1,"name":"In\u00edcio","item":"https:\/\/www.pm.pb.gov.br\/portal\/"},{"@type":"ListItem","position":2,"name":"Carros roubados em Campina Grande s\u00e3o recuperados pela PM em Jo\u00e3o Pessoa"}]},{"@type":"WebSite","@id":"https:\/\/www.pm.pb.gov.br\/portal\/#website","url":"https:\/\/www.pm.pb.gov.br\/portal\/","name":"Pol\u00edcia Militar da Para\u00edba","description":"","publisher":{"@id":"https:\/\/www.pm.pb.gov.br\/portal\/#organization"},"potentialAction":[{"@type":"SearchAction","target":{"@type":"EntryPoint","urlTemplate":"https:\/\/www.pm.pb.gov.br\/portal\/?s={search_term_string}"},"query-input":"required name=search_term_string"}],"inLanguage":"pt-BR"},{"@type":"Organization","@id":"https:\/\/www.pm.pb.gov.br\/portal\/#organization","name":"Pol\u00edcia Militar da Para\u00edba","url":"https:\/\/www.pm.pb.gov.br\/portal\/","logo":{"@type":"ImageObject","inLanguage":"pt-BR","@id":"https:\/\/www.pm.pb.gov.br\/portal\/#\/schema\/logo\/image\/","url":"https:\/\/www.pm.pb.gov.br\/portal\/wp-content\/uploads\/2025\/03\/cropped-logo-site-mag2-1.png","contentUrl":"https:\/\/www.pm.pb.gov.br\/portal\/wp-content\/uploads\/2025\/03\/cropped-logo-site-mag2-1.png","width":320,"height":90,"caption":"Pol\u00edcia Militar da Para\u00edba"},"image":{"@id":"https:\/\/www.pm.pb.gov.br\/portal\/#\/schema\/logo\/image\/"}},{"@type":"Person","@id":"https:\/\/www.pm.pb.gov.br\/portal\/#\/schema\/person\/f84f56dcc78ce4357054da888b8247fd","name":"Tarcisio Oliveira","image":{"@type":"ImageObject","inLanguage":"pt-BR","@id":"https:\/\/www.pm.pb.gov.br\/portal\/#\/schema\/person\/image\/","url":"https:\/\/secure.gravatar.com\/avatar\/72917b630b69d31cd0297507f34bac97?s=96&d=mm&r=g","contentUrl":"https:\/\/secure.gravatar.com\/avatar\/72917b630b69d31cd0297507f34bac97?s=96&d=mm&r=g","caption":"Tarcisio Oliveira"},"url":"https:\/\/www.pm.pb.gov.br\/portal\/author\/tarcisio\/"}]}},"_links":{"self":[{"href":"https:\/\/www.pm.pb.gov.br\/portal\/wp-json\/wp\/v2\/posts\/922364"}],"collection":[{"href":"https:\/\/www.pm.pb.gov.br\/portal\/wp-json\/wp\/v2\/posts"}],"about":[{"href":"https:\/\/www.pm.pb.gov.br\/portal\/wp-json\/wp\/v2\/types\/post"}],"author":[{"embeddable":true,"href":"https:\/\/www.pm.pb.gov.br\/portal\/wp-json\/wp\/v2\/users\/12"}],"replies":[{"embeddable":true,"href":"https:\/\/www.pm.pb.gov.br\/portal\/wp-json\/wp\/v2\/comments?post=922364"}],"version-history":[{"count":2,"href":"https:\/\/www.pm.pb.gov.br\/portal\/wp-json\/wp\/v2\/posts\/922364\/revisions"}],"predecessor-version":[{"id":922370,"href":"https:\/\/www.pm.pb.gov.br\/portal\/wp-json\/wp\/v2\/posts\/922364\/revisions\/922370"}],"wp:featuredmedia":[{"embeddable":true,"href":"https:\/\/www.pm.pb.gov.br\/portal\/wp-json\/wp\/v2\/media\/909499"}],"wp:attachment":[{"href":"https:\/\/www.pm.pb.gov.br\/portal\/wp-json\/wp\/v2\/media?parent=922364"}],"wp:term":[{"taxonomy":"category","embeddable":true,"href":"https:\/\/www.pm.pb.gov.br\/portal\/wp-json\/wp\/v2\/categories?post=922364"},{"taxonomy":"post_tag","embeddable":true,"href":"https:\/\/www.pm.pb.gov.br\/portal\/wp-json\/wp\/v2\/tags?post=922364"}],"curies":[{"name":"wp","href":"https:\/\/api.w.org\/{rel}","templated":true}]}}