{"id":922348,"date":"2024-06-07T18:09:54","date_gmt":"2024-06-07T21:09:54","guid":{"rendered":"https:\/\/www.pm.pb.gov.br\/portal\/?p=922348"},"modified":"2024-06-07T18:09:56","modified_gmt":"2024-06-07T21:09:56","slug":"em-patos-pmpb-comemora-o-52o-aniversario-do-3o-batalhao","status":"publish","type":"post","link":"https:\/\/www.pm.pb.gov.br\/portal\/2024\/06\/07\/em-patos-pmpb-comemora-o-52o-aniversario-do-3o-batalhao\/","title":{"rendered":"Em Patos, PMPB comemora o 52\u00ba anivers\u00e1rio do 3\u00ba Batalh\u00e3o"},"content":{"rendered":"\n<p>A Pol\u00edcia Militar da Para\u00edba comemorou, nesta sexta-feira, o 52\u00ba anivers\u00e1rio do 3\u00ba Batalh\u00e3o, sediado na cidade de Patos, e que \u00e9 refer\u00eancia no sert\u00e3o paraibano. A solenidade principal foi acompanhada por representantes das For\u00e7as de Seguran\u00e7a, organiza\u00e7\u00f5es da sociedade civil, e foi presidida pelo pr\u00f3prio comandante-geral da PM, o coronel S\u00e9rgio Fonseca.<\/p>\n<p>Oficiais, pra\u00e7as e representantes de institui\u00e7\u00f5es parceiras da PMPB foram homenageados na ocasi\u00e3o que aconteceu no Audit\u00f3rio Master da UNIFIP. Para o coronel S\u00e9rgio, a hist\u00f3ria do 3\u00ba Batalh\u00e3o se confunde com a hist\u00f3ria do pr\u00f3prio povo sertanejo, conhecido por sua coragem e determina\u00e7\u00e3o.<\/p>\n<p><img loading=\"lazy\" decoding=\"async\" class=\" wp-image-922343 aligncenter\" src=\"http:\/\/www.pm.pb.gov.br\/portal\/wp-content\/uploads\/2024\/06\/WhatsApp-Image-2024-06-07-at-17.32.52-593x445.jpeg\" alt=\"\" width=\"532\" height=\"399\" srcset=\"https:\/\/www.pm.pb.gov.br\/portal\/wp-content\/uploads\/2024\/06\/WhatsApp-Image-2024-06-07-at-17.32.52-593x445.jpeg 593w, https:\/\/www.pm.pb.gov.br\/portal\/wp-content\/uploads\/2024\/06\/WhatsApp-Image-2024-06-07-at-17.32.52-760x570.jpeg 760w, https:\/\/www.pm.pb.gov.br\/portal\/wp-content\/uploads\/2024\/06\/WhatsApp-Image-2024-06-07-at-17.32.52-768x576.jpeg 768w, https:\/\/www.pm.pb.gov.br\/portal\/wp-content\/uploads\/2024\/06\/WhatsApp-Image-2024-06-07-at-17.32.52.jpeg 1280w\" sizes=\"(max-width: 532px) 100vw, 532px\" \/><\/p>\n<p>\u201cQuero agradecer a todos os policiais militares que comp\u00f5em o 3\u00ba BPM. Seu trabalho \u00e1rduo, coragem e comprometimento s\u00e3o a verdadeira for\u00e7a motriz por tr\u00e1s da nossa miss\u00e3o. Que possamos continuar a trilhar esse caminho de sucesso, sempre em prol da seguran\u00e7a e bem-estar da nossa popula\u00e7\u00e3o\u201d, disse o coronel. Na ocasi\u00e3o, o comandante tamb\u00e9m destacou as melhorias estruturais e operacionais proporcionadas pelo governador Jo\u00e3o Azev\u00eado para as For\u00e7as de Seguran\u00e7a na Para\u00edba.<\/p>\n<p>Atualmente o 3\u00ba Batalh\u00e3o \u00e9 comandada pelo tenente-coronel Esa\u00fa.<\/p>\n<p><img loading=\"lazy\" decoding=\"async\" class=\"size-medium wp-image-922344 aligncenter\" src=\"http:\/\/www.pm.pb.gov.br\/portal\/wp-content\/uploads\/2024\/06\/WhatsApp-Image-2024-06-07-at-17.31.59-593x445.jpeg\" alt=\"\" width=\"593\" height=\"445\" srcset=\"https:\/\/www.pm.pb.gov.br\/portal\/wp-content\/uploads\/2024\/06\/WhatsApp-Image-2024-06-07-at-17.31.59-593x445.jpeg 593w, https:\/\/www.pm.pb.gov.br\/portal\/wp-content\/uploads\/2024\/06\/WhatsApp-Image-2024-06-07-at-17.31.59-760x570.jpeg 760w, https:\/\/www.pm.pb.gov.br\/portal\/wp-content\/uploads\/2024\/06\/WhatsApp-Image-2024-06-07-at-17.31.59-768x576.jpeg 768w, https:\/\/www.pm.pb.gov.br\/portal\/wp-content\/uploads\/2024\/06\/WhatsApp-Image-2024-06-07-at-17.31.59-1536x1152.jpeg 1536w, https:\/\/www.pm.pb.gov.br\/portal\/wp-content\/uploads\/2024\/06\/WhatsApp-Image-2024-06-07-at-17.31.59-2048x1536.jpeg 2048w\" sizes=\"(max-width: 593px) 100vw, 593px\" \/><\/p>\n<p><img loading=\"lazy\" decoding=\"async\" class=\"size-medium wp-image-922347 aligncenter\" src=\"http:\/\/www.pm.pb.gov.br\/portal\/wp-content\/uploads\/2024\/06\/WhatsApp-Image-2024-06-07-at-17.32.55-1-593x445.jpeg\" alt=\"\" width=\"593\" height=\"445\" srcset=\"https:\/\/www.pm.pb.gov.br\/portal\/wp-content\/uploads\/2024\/06\/WhatsApp-Image-2024-06-07-at-17.32.55-1-593x445.jpeg 593w, https:\/\/www.pm.pb.gov.br\/portal\/wp-content\/uploads\/2024\/06\/WhatsApp-Image-2024-06-07-at-17.32.55-1-760x570.jpeg 760w, https:\/\/www.pm.pb.gov.br\/portal\/wp-content\/uploads\/2024\/06\/WhatsApp-Image-2024-06-07-at-17.32.55-1-768x576.jpeg 768w, https:\/\/www.pm.pb.gov.br\/portal\/wp-content\/uploads\/2024\/06\/WhatsApp-Image-2024-06-07-at-17.32.55-1.jpeg 1280w\" sizes=\"(max-width: 593px) 100vw, 593px\" \/><\/p>\n<p><img loading=\"lazy\" decoding=\"async\" class=\" wp-image-922345 aligncenter\" src=\"http:\/\/www.pm.pb.gov.br\/portal\/wp-content\/uploads\/2024\/06\/WhatsApp-Image-2024-06-07-at-17.31.25-1-593x445.jpeg\" alt=\"\" width=\"584\" height=\"438\" srcset=\"https:\/\/www.pm.pb.gov.br\/portal\/wp-content\/uploads\/2024\/06\/WhatsApp-Image-2024-06-07-at-17.31.25-1-593x445.jpeg 593w, https:\/\/www.pm.pb.gov.br\/portal\/wp-content\/uploads\/2024\/06\/WhatsApp-Image-2024-06-07-at-17.31.25-1-760x570.jpeg 760w, https:\/\/www.pm.pb.gov.br\/portal\/wp-content\/uploads\/2024\/06\/WhatsApp-Image-2024-06-07-at-17.31.25-1-768x576.jpeg 768w, https:\/\/www.pm.pb.gov.br\/portal\/wp-content\/uploads\/2024\/06\/WhatsApp-Image-2024-06-07-at-17.31.25-1-1536x1152.jpeg 1536w, https:\/\/www.pm.pb.gov.br\/portal\/wp-content\/uploads\/2024\/06\/WhatsApp-Image-2024-06-07-at-17.31.25-1-2048x1536.jpeg 2048w\" sizes=\"(max-width: 584px) 100vw, 584px\" \/><\/p>\n<p><img loading=\"lazy\" decoding=\"async\" class=\"size-medium wp-image-922346 aligncenter\" src=\"http:\/\/www.pm.pb.gov.br\/portal\/wp-content\/uploads\/2024\/06\/WhatsApp-Image-2024-06-07-at-17.32.56-593x445.jpeg\" alt=\"\" width=\"593\" height=\"445\" srcset=\"https:\/\/www.pm.pb.gov.br\/portal\/wp-content\/uploads\/2024\/06\/WhatsApp-Image-2024-06-07-at-17.32.56-593x445.jpeg 593w, https:\/\/www.pm.pb.gov.br\/portal\/wp-content\/uploads\/2024\/06\/WhatsApp-Image-2024-06-07-at-17.32.56-760x570.jpeg 760w, https:\/\/www.pm.pb.gov.br\/portal\/wp-content\/uploads\/2024\/06\/WhatsApp-Image-2024-06-07-at-17.32.56-768x576.jpeg 768w, https:\/\/www.pm.pb.gov.br\/portal\/wp-content\/uploads\/2024\/06\/WhatsApp-Image-2024-06-07-at-17.32.56.jpeg 1280w\" sizes=\"(max-width: 593px) 100vw, 593px\" \/><\/p>\n<p><strong>Investimentos e moderniza\u00e7\u00e3o &#8211;<\/strong> Mais cedo, o governador Jo\u00e3o Azev\u00eado autorizou o in\u00edcio da constru\u00e7\u00e3o da nova sede do 3\u00ba BPM. O lan\u00e7amento da Pedra Fundamental da unidade foi acompanhado por policiais, gestores e autoridades p\u00fablicas. A constru\u00e7\u00e3o do pr\u00e9dio representa um investimento de R$ 3,8 milh\u00f5es, para uma estrutura que deve contar com alojamentos, secretaria, salas de aula, entre outros ambientes.<\/p>\n<p><img loading=\"lazy\" decoding=\"async\" class=\" wp-image-922329 aligncenter\" src=\"http:\/\/www.pm.pb.gov.br\/portal\/wp-content\/uploads\/2024\/06\/capapatos.jpeg\" alt=\"\" width=\"708\" height=\"394\" srcset=\"https:\/\/www.pm.pb.gov.br\/portal\/wp-content\/uploads\/2024\/06\/capapatos.jpeg 800w, https:\/\/www.pm.pb.gov.br\/portal\/wp-content\/uploads\/2024\/06\/capapatos-245x136.jpeg 245w, https:\/\/www.pm.pb.gov.br\/portal\/wp-content\/uploads\/2024\/06\/capapatos-768x427.jpeg 768w\" sizes=\"(max-width: 708px) 100vw, 708px\" \/><\/p>\n<p>\u201cN\u00f3s estamos reestruturando todas as unidades para oferecer o conforto adequado para que os homens e mulheres que integram as For\u00e7as de Seguran\u00e7a possam desempenhar melhor o seu papel. Isso s\u00f3 \u00e9 poss\u00edvel quando se tem uma infraestrutura adequada, equipamentos e armamentos e temos feito investimentos constantes nessa \u00e1rea, a exemplo dos Centros Integrados de Comando e Controle de Patos, Campina Grande e Jo\u00e3o Pessoa e os n\u00fameros atestam isso, tanto que o Centro de Lideran\u00e7a P\u00fablica aponta a Para\u00edba como a melhor do Norte\/Nordeste e a terceira melhor do pa\u00eds\u201d, acrescentou o governador Jo\u00e3o Azev\u00eado.\u00a0<\/p>\n<p>O coronel S\u00e9rgio destacou o momento hist\u00f3rico para a corpora\u00e7\u00e3o e afirmou que a obra trar\u00e1 mais dignidade aos policiais. \u201cEsse Batalh\u00e3o atende 17 munic\u00edpios e a nova estrutura assegura um trabalho com mais efici\u00eancia na \u00e1rea. O governador Jo\u00e3o Azev\u00eado tem cuidado muito bem da Seguran\u00e7a P\u00fablica, s\u00e3o mais de R$ 60 milh\u00f5es em obras na Pol\u00edcia Militar no 3\u00ba Batalh\u00e3o, Diretoria de Apoio Log\u00edstico, 10\u00b0 Batalh\u00e3o em Campina Grande, 8\u00ba Batalh\u00e3o em Itabaiana e Centro de Educa\u00e7\u00e3o\u201d, elencou.<\/p>\n<p><img loading=\"lazy\" decoding=\"async\" class=\" wp-image-922331 aligncenter\" src=\"http:\/\/www.pm.pb.gov.br\/portal\/wp-content\/uploads\/2024\/06\/WhatsApp-Image-2024-06-07-at-10.30.09-6-593x445.jpeg\" alt=\"\" width=\"544\" height=\"408\" srcset=\"https:\/\/www.pm.pb.gov.br\/portal\/wp-content\/uploads\/2024\/06\/WhatsApp-Image-2024-06-07-at-10.30.09-6-593x445.jpeg 593w, https:\/\/www.pm.pb.gov.br\/portal\/wp-content\/uploads\/2024\/06\/WhatsApp-Image-2024-06-07-at-10.30.09-6-760x570.jpeg 760w, https:\/\/www.pm.pb.gov.br\/portal\/wp-content\/uploads\/2024\/06\/WhatsApp-Image-2024-06-07-at-10.30.09-6-768x576.jpeg 768w, https:\/\/www.pm.pb.gov.br\/portal\/wp-content\/uploads\/2024\/06\/WhatsApp-Image-2024-06-07-at-10.30.09-6-1536x1152.jpeg 1536w, https:\/\/www.pm.pb.gov.br\/portal\/wp-content\/uploads\/2024\/06\/WhatsApp-Image-2024-06-07-at-10.30.09-6-2048x1536.jpeg 2048w\" sizes=\"(max-width: 544px) 100vw, 544px\" \/><\/p>\n","protected":false},"excerpt":{"rendered":"<p>A Pol\u00edcia Militar da Para\u00edba comemorou, nesta sexta-feira, o 52\u00ba anivers\u00e1rio do 3\u00ba Batalh\u00e3o, sediado na cidade de Patos, e<\/p>\n","protected":false},"author":12,"featured_media":922342,"comment_status":"closed","ping_status":"closed","sticky":false,"template":"","format":"standard","meta":{"_exactmetrics_skip_tracking":false,"_exactmetrics_sitenote_active":false,"_exactmetrics_sitenote_note":"","_exactmetrics_sitenote_category":0,"footnotes":""},"categories":[9],"tags":[],"yoast_head":"<!-- This site is optimized with the Yoast SEO plugin v22.0 - https:\/\/yoast.com\/wordpress\/plugins\/seo\/ -->\n<title>Em Patos, PMPB comemora o 52\u00ba anivers\u00e1rio do 3\u00ba Batalh\u00e3o - Pol\u00edcia Militar da Para\u00edba<\/title>\n<meta name=\"robots\" content=\"index, follow, max-snippet:-1, max-image-preview:large, max-video-preview:-1\" \/>\n<link rel=\"canonical\" href=\"https:\/\/www.pm.pb.gov.br\/portal\/2024\/06\/07\/em-patos-pmpb-comemora-o-52o-aniversario-do-3o-batalhao\/\" \/>\n<meta property=\"og:locale\" content=\"pt_BR\" \/>\n<meta property=\"og:type\" content=\"article\" \/>\n<meta property=\"og:title\" content=\"Em Patos, PMPB comemora o 52\u00ba anivers\u00e1rio do 3\u00ba Batalh\u00e3o - Pol\u00edcia Militar da Para\u00edba\" \/>\n<meta property=\"og:description\" content=\"A Pol\u00edcia Militar da Para\u00edba comemorou, nesta sexta-feira, o 52\u00ba anivers\u00e1rio do 3\u00ba Batalh\u00e3o, sediado na cidade de Patos, e\" \/>\n<meta property=\"og:url\" content=\"https:\/\/www.pm.pb.gov.br\/portal\/2024\/06\/07\/em-patos-pmpb-comemora-o-52o-aniversario-do-3o-batalhao\/\" \/>\n<meta property=\"og:site_name\" content=\"Pol\u00edcia Militar da Para\u00edba\" \/>\n<meta property=\"article:published_time\" content=\"2024-06-07T21:09:54+00:00\" \/>\n<meta property=\"article:modified_time\" content=\"2024-06-07T21:09:56+00:00\" \/>\n<meta property=\"og:image\" content=\"http:\/\/www.pm.pb.gov.br\/portal\/wp-content\/uploads\/2024\/06\/WhatsApp-Image-2024-06-07-at-17.32.55.jpeg\" \/>\n\t<meta property=\"og:image:width\" content=\"800\" \/>\n\t<meta property=\"og:image:height\" content=\"445\" \/>\n\t<meta property=\"og:image:type\" content=\"image\/jpeg\" \/>\n<meta name=\"author\" content=\"Tarcisio Oliveira\" \/>\n<meta name=\"twitter:card\" content=\"summary_large_image\" \/>\n<meta name=\"twitter:label1\" content=\"Escrito por\" \/>\n\t<meta name=\"twitter:data1\" content=\"Tarcisio Oliveira\" \/>\n\t<meta name=\"twitter:label2\" content=\"Est. tempo de leitura\" \/>\n\t<meta name=\"twitter:data2\" content=\"4 minutos\" \/>\n<script type=\"application\/ld+json\" class=\"yoast-schema-graph\">{\"@context\":\"https:\/\/schema.org\",\"@graph\":[{\"@type\":\"Article\",\"@id\":\"https:\/\/www.pm.pb.gov.br\/portal\/2024\/06\/07\/em-patos-pmpb-comemora-o-52o-aniversario-do-3o-batalhao\/#article\",\"isPartOf\":{\"@id\":\"https:\/\/www.pm.pb.gov.br\/portal\/2024\/06\/07\/em-patos-pmpb-comemora-o-52o-aniversario-do-3o-batalhao\/\"},\"author\":{\"name\":\"Tarcisio Oliveira\",\"@id\":\"https:\/\/www.pm.pb.gov.br\/portal\/#\/schema\/person\/f84f56dcc78ce4357054da888b8247fd\"},\"headline\":\"Em Patos, PMPB comemora o 52\u00ba anivers\u00e1rio do 3\u00ba Batalh\u00e3o\",\"datePublished\":\"2024-06-07T21:09:54+00:00\",\"dateModified\":\"2024-06-07T21:09:56+00:00\",\"mainEntityOfPage\":{\"@id\":\"https:\/\/www.pm.pb.gov.br\/portal\/2024\/06\/07\/em-patos-pmpb-comemora-o-52o-aniversario-do-3o-batalhao\/\"},\"wordCount\":489,\"publisher\":{\"@id\":\"https:\/\/www.pm.pb.gov.br\/portal\/#organization\"},\"articleSection\":[\"Eventos\"],\"inLanguage\":\"pt-BR\"},{\"@type\":\"WebPage\",\"@id\":\"https:\/\/www.pm.pb.gov.br\/portal\/2024\/06\/07\/em-patos-pmpb-comemora-o-52o-aniversario-do-3o-batalhao\/\",\"url\":\"https:\/\/www.pm.pb.gov.br\/portal\/2024\/06\/07\/em-patos-pmpb-comemora-o-52o-aniversario-do-3o-batalhao\/\",\"name\":\"Em Patos, PMPB comemora o 52\u00ba anivers\u00e1rio do 3\u00ba Batalh\u00e3o - Pol\u00edcia Militar da Para\u00edba\",\"isPartOf\":{\"@id\":\"https:\/\/www.pm.pb.gov.br\/portal\/#website\"},\"datePublished\":\"2024-06-07T21:09:54+00:00\",\"dateModified\":\"2024-06-07T21:09:56+00:00\",\"breadcrumb\":{\"@id\":\"https:\/\/www.pm.pb.gov.br\/portal\/2024\/06\/07\/em-patos-pmpb-comemora-o-52o-aniversario-do-3o-batalhao\/#breadcrumb\"},\"inLanguage\":\"pt-BR\",\"potentialAction\":[{\"@type\":\"ReadAction\",\"target\":[\"https:\/\/www.pm.pb.gov.br\/portal\/2024\/06\/07\/em-patos-pmpb-comemora-o-52o-aniversario-do-3o-batalhao\/\"]}]},{\"@type\":\"BreadcrumbList\",\"@id\":\"https:\/\/www.pm.pb.gov.br\/portal\/2024\/06\/07\/em-patos-pmpb-comemora-o-52o-aniversario-do-3o-batalhao\/#breadcrumb\",\"itemListElement\":[{\"@type\":\"ListItem\",\"position\":1,\"name\":\"In\u00edcio\",\"item\":\"https:\/\/www.pm.pb.gov.br\/portal\/\"},{\"@type\":\"ListItem\",\"position\":2,\"name\":\"Em Patos, PMPB comemora o 52\u00ba anivers\u00e1rio do 3\u00ba Batalh\u00e3o\"}]},{\"@type\":\"WebSite\",\"@id\":\"https:\/\/www.pm.pb.gov.br\/portal\/#website\",\"url\":\"https:\/\/www.pm.pb.gov.br\/portal\/\",\"name\":\"Pol\u00edcia Militar da Para\u00edba\",\"description\":\"\",\"publisher\":{\"@id\":\"https:\/\/www.pm.pb.gov.br\/portal\/#organization\"},\"potentialAction\":[{\"@type\":\"SearchAction\",\"target\":{\"@type\":\"EntryPoint\",\"urlTemplate\":\"https:\/\/www.pm.pb.gov.br\/portal\/?s={search_term_string}\"},\"query-input\":\"required name=search_term_string\"}],\"inLanguage\":\"pt-BR\"},{\"@type\":\"Organization\",\"@id\":\"https:\/\/www.pm.pb.gov.br\/portal\/#organization\",\"name\":\"Pol\u00edcia Militar da Para\u00edba\",\"url\":\"https:\/\/www.pm.pb.gov.br\/portal\/\",\"logo\":{\"@type\":\"ImageObject\",\"inLanguage\":\"pt-BR\",\"@id\":\"https:\/\/www.pm.pb.gov.br\/portal\/#\/schema\/logo\/image\/\",\"url\":\"https:\/\/www.pm.pb.gov.br\/portal\/wp-content\/uploads\/2025\/03\/cropped-logo-site-mag2-1.png\",\"contentUrl\":\"https:\/\/www.pm.pb.gov.br\/portal\/wp-content\/uploads\/2025\/03\/cropped-logo-site-mag2-1.png\",\"width\":320,\"height\":90,\"caption\":\"Pol\u00edcia Militar da Para\u00edba\"},\"image\":{\"@id\":\"https:\/\/www.pm.pb.gov.br\/portal\/#\/schema\/logo\/image\/\"}},{\"@type\":\"Person\",\"@id\":\"https:\/\/www.pm.pb.gov.br\/portal\/#\/schema\/person\/f84f56dcc78ce4357054da888b8247fd\",\"name\":\"Tarcisio Oliveira\",\"image\":{\"@type\":\"ImageObject\",\"inLanguage\":\"pt-BR\",\"@id\":\"https:\/\/www.pm.pb.gov.br\/portal\/#\/schema\/person\/image\/\",\"url\":\"https:\/\/secure.gravatar.com\/avatar\/72917b630b69d31cd0297507f34bac97?s=96&d=mm&r=g\",\"contentUrl\":\"https:\/\/secure.gravatar.com\/avatar\/72917b630b69d31cd0297507f34bac97?s=96&d=mm&r=g\",\"caption\":\"Tarcisio Oliveira\"},\"url\":\"https:\/\/www.pm.pb.gov.br\/portal\/author\/tarcisio\/\"}]}<\/script>\n<!-- \/ Yoast SEO plugin. -->","yoast_head_json":{"title":"Em Patos, PMPB comemora o 52\u00ba anivers\u00e1rio do 3\u00ba Batalh\u00e3o - Pol\u00edcia Militar da Para\u00edba","robots":{"index":"index","follow":"follow","max-snippet":"max-snippet:-1","max-image-preview":"max-image-preview:large","max-video-preview":"max-video-preview:-1"},"canonical":"https:\/\/www.pm.pb.gov.br\/portal\/2024\/06\/07\/em-patos-pmpb-comemora-o-52o-aniversario-do-3o-batalhao\/","og_locale":"pt_BR","og_type":"article","og_title":"Em Patos, PMPB comemora o 52\u00ba anivers\u00e1rio do 3\u00ba Batalh\u00e3o - Pol\u00edcia Militar da Para\u00edba","og_description":"A Pol\u00edcia Militar da Para\u00edba comemorou, nesta sexta-feira, o 52\u00ba anivers\u00e1rio do 3\u00ba Batalh\u00e3o, sediado na cidade de Patos, e","og_url":"https:\/\/www.pm.pb.gov.br\/portal\/2024\/06\/07\/em-patos-pmpb-comemora-o-52o-aniversario-do-3o-batalhao\/","og_site_name":"Pol\u00edcia Militar da Para\u00edba","article_published_time":"2024-06-07T21:09:54+00:00","article_modified_time":"2024-06-07T21:09:56+00:00","og_image":[{"width":800,"height":445,"url":"http:\/\/www.pm.pb.gov.br\/portal\/wp-content\/uploads\/2024\/06\/WhatsApp-Image-2024-06-07-at-17.32.55.jpeg","type":"image\/jpeg"}],"author":"Tarcisio Oliveira","twitter_card":"summary_large_image","twitter_misc":{"Escrito por":"Tarcisio Oliveira","Est. tempo de leitura":"4 minutos"},"schema":{"@context":"https:\/\/schema.org","@graph":[{"@type":"Article","@id":"https:\/\/www.pm.pb.gov.br\/portal\/2024\/06\/07\/em-patos-pmpb-comemora-o-52o-aniversario-do-3o-batalhao\/#article","isPartOf":{"@id":"https:\/\/www.pm.pb.gov.br\/portal\/2024\/06\/07\/em-patos-pmpb-comemora-o-52o-aniversario-do-3o-batalhao\/"},"author":{"name":"Tarcisio Oliveira","@id":"https:\/\/www.pm.pb.gov.br\/portal\/#\/schema\/person\/f84f56dcc78ce4357054da888b8247fd"},"headline":"Em Patos, PMPB comemora o 52\u00ba anivers\u00e1rio do 3\u00ba Batalh\u00e3o","datePublished":"2024-06-07T21:09:54+00:00","dateModified":"2024-06-07T21:09:56+00:00","mainEntityOfPage":{"@id":"https:\/\/www.pm.pb.gov.br\/portal\/2024\/06\/07\/em-patos-pmpb-comemora-o-52o-aniversario-do-3o-batalhao\/"},"wordCount":489,"publisher":{"@id":"https:\/\/www.pm.pb.gov.br\/portal\/#organization"},"articleSection":["Eventos"],"inLanguage":"pt-BR"},{"@type":"WebPage","@id":"https:\/\/www.pm.pb.gov.br\/portal\/2024\/06\/07\/em-patos-pmpb-comemora-o-52o-aniversario-do-3o-batalhao\/","url":"https:\/\/www.pm.pb.gov.br\/portal\/2024\/06\/07\/em-patos-pmpb-comemora-o-52o-aniversario-do-3o-batalhao\/","name":"Em Patos, PMPB comemora o 52\u00ba anivers\u00e1rio do 3\u00ba Batalh\u00e3o - Pol\u00edcia Militar da Para\u00edba","isPartOf":{"@id":"https:\/\/www.pm.pb.gov.br\/portal\/#website"},"datePublished":"2024-06-07T21:09:54+00:00","dateModified":"2024-06-07T21:09:56+00:00","breadcrumb":{"@id":"https:\/\/www.pm.pb.gov.br\/portal\/2024\/06\/07\/em-patos-pmpb-comemora-o-52o-aniversario-do-3o-batalhao\/#breadcrumb"},"inLanguage":"pt-BR","potentialAction":[{"@type":"ReadAction","target":["https:\/\/www.pm.pb.gov.br\/portal\/2024\/06\/07\/em-patos-pmpb-comemora-o-52o-aniversario-do-3o-batalhao\/"]}]},{"@type":"BreadcrumbList","@id":"https:\/\/www.pm.pb.gov.br\/portal\/2024\/06\/07\/em-patos-pmpb-comemora-o-52o-aniversario-do-3o-batalhao\/#breadcrumb","itemListElement":[{"@type":"ListItem","position":1,"name":"In\u00edcio","item":"https:\/\/www.pm.pb.gov.br\/portal\/"},{"@type":"ListItem","position":2,"name":"Em Patos, PMPB comemora o 52\u00ba anivers\u00e1rio do 3\u00ba Batalh\u00e3o"}]},{"@type":"WebSite","@id":"https:\/\/www.pm.pb.gov.br\/portal\/#website","url":"https:\/\/www.pm.pb.gov.br\/portal\/","name":"Pol\u00edcia Militar da Para\u00edba","description":"","publisher":{"@id":"https:\/\/www.pm.pb.gov.br\/portal\/#organization"},"potentialAction":[{"@type":"SearchAction","target":{"@type":"EntryPoint","urlTemplate":"https:\/\/www.pm.pb.gov.br\/portal\/?s={search_term_string}"},"query-input":"required name=search_term_string"}],"inLanguage":"pt-BR"},{"@type":"Organization","@id":"https:\/\/www.pm.pb.gov.br\/portal\/#organization","name":"Pol\u00edcia Militar da Para\u00edba","url":"https:\/\/www.pm.pb.gov.br\/portal\/","logo":{"@type":"ImageObject","inLanguage":"pt-BR","@id":"https:\/\/www.pm.pb.gov.br\/portal\/#\/schema\/logo\/image\/","url":"https:\/\/www.pm.pb.gov.br\/portal\/wp-content\/uploads\/2025\/03\/cropped-logo-site-mag2-1.png","contentUrl":"https:\/\/www.pm.pb.gov.br\/portal\/wp-content\/uploads\/2025\/03\/cropped-logo-site-mag2-1.png","width":320,"height":90,"caption":"Pol\u00edcia Militar da Para\u00edba"},"image":{"@id":"https:\/\/www.pm.pb.gov.br\/portal\/#\/schema\/logo\/image\/"}},{"@type":"Person","@id":"https:\/\/www.pm.pb.gov.br\/portal\/#\/schema\/person\/f84f56dcc78ce4357054da888b8247fd","name":"Tarcisio Oliveira","image":{"@type":"ImageObject","inLanguage":"pt-BR","@id":"https:\/\/www.pm.pb.gov.br\/portal\/#\/schema\/person\/image\/","url":"https:\/\/secure.gravatar.com\/avatar\/72917b630b69d31cd0297507f34bac97?s=96&d=mm&r=g","contentUrl":"https:\/\/secure.gravatar.com\/avatar\/72917b630b69d31cd0297507f34bac97?s=96&d=mm&r=g","caption":"Tarcisio Oliveira"},"url":"https:\/\/www.pm.pb.gov.br\/portal\/author\/tarcisio\/"}]}},"_links":{"self":[{"href":"https:\/\/www.pm.pb.gov.br\/portal\/wp-json\/wp\/v2\/posts\/922348"}],"collection":[{"href":"https:\/\/www.pm.pb.gov.br\/portal\/wp-json\/wp\/v2\/posts"}],"about":[{"href":"https:\/\/www.pm.pb.gov.br\/portal\/wp-json\/wp\/v2\/types\/post"}],"author":[{"embeddable":true,"href":"https:\/\/www.pm.pb.gov.br\/portal\/wp-json\/wp\/v2\/users\/12"}],"replies":[{"embeddable":true,"href":"https:\/\/www.pm.pb.gov.br\/portal\/wp-json\/wp\/v2\/comments?post=922348"}],"version-history":[{"count":1,"href":"https:\/\/www.pm.pb.gov.br\/portal\/wp-json\/wp\/v2\/posts\/922348\/revisions"}],"predecessor-version":[{"id":922349,"href":"https:\/\/www.pm.pb.gov.br\/portal\/wp-json\/wp\/v2\/posts\/922348\/revisions\/922349"}],"wp:featuredmedia":[{"embeddable":true,"href":"https:\/\/www.pm.pb.gov.br\/portal\/wp-json\/wp\/v2\/media\/922342"}],"wp:attachment":[{"href":"https:\/\/www.pm.pb.gov.br\/portal\/wp-json\/wp\/v2\/media?parent=922348"}],"wp:term":[{"taxonomy":"category","embeddable":true,"href":"https:\/\/www.pm.pb.gov.br\/portal\/wp-json\/wp\/v2\/categories?post=922348"},{"taxonomy":"post_tag","embeddable":true,"href":"https:\/\/www.pm.pb.gov.br\/portal\/wp-json\/wp\/v2\/tags?post=922348"}],"curies":[{"name":"wp","href":"https:\/\/api.w.org\/{rel}","templated":true}]}}