{"id":922302,"date":"2024-06-01T15:57:31","date_gmt":"2024-06-01T18:57:31","guid":{"rendered":"https:\/\/www.pm.pb.gov.br\/portal\/?p=922302"},"modified":"2024-06-01T15:57:33","modified_gmt":"2024-06-01T18:57:33","slug":"acao-integrada-prende-em-alhandra-suspeitos-de-praticar-homicidio-em-bairro-da-capital","status":"publish","type":"post","link":"https:\/\/www.pm.pb.gov.br\/portal\/2024\/06\/01\/acao-integrada-prende-em-alhandra-suspeitos-de-praticar-homicidio-em-bairro-da-capital\/","title":{"rendered":"A\u00e7\u00e3o integrada prende em Alhandra suspeitos de praticar homic\u00eddio em bairro da Capital"},"content":{"rendered":"\n<p>Na noite desta sexta-feira (31), uma a\u00e7\u00e3o integrada entre a Pol\u00edcia Militar e a Pol\u00edcia Rodovi\u00e1ria Federal prendeu, em Alhandra, dois suspeitos de terem praticado um homic\u00eddio no bairro dos Banc\u00e1rios, em Jo\u00e3o Pessoa.<\/p>\n<p><img loading=\"lazy\" decoding=\"async\" class=\"alignright  wp-image-922303\" src=\"http:\/\/www.pm.pb.gov.br\/portal\/wp-content\/uploads\/2024\/06\/Alhandra-459x445.jpeg\" alt=\"\" width=\"285\" height=\"276\" srcset=\"https:\/\/www.pm.pb.gov.br\/portal\/wp-content\/uploads\/2024\/06\/Alhandra-459x445.jpeg 459w, https:\/\/www.pm.pb.gov.br\/portal\/wp-content\/uploads\/2024\/06\/Alhandra-588x570.jpeg 588w, https:\/\/www.pm.pb.gov.br\/portal\/wp-content\/uploads\/2024\/06\/Alhandra-768x744.jpeg 768w, https:\/\/www.pm.pb.gov.br\/portal\/wp-content\/uploads\/2024\/06\/Alhandra.jpeg 899w\" sizes=\"(max-width: 285px) 100vw, 285px\" \/>Ap\u00f3s o crime e de posse das caracter\u00edsticas do ve\u00edculo em que os suspeitos se encontravam, as guarni\u00e7\u00f5es do 5\u00ba Batalh\u00e3o iniciaram dilig\u00eancias e conseguiram fazer o acompanhamento do autom\u00f3vel. Com o apoio das equipes da 1\u00aa Companhia Independente e da PRF, foi poss\u00edvel interceptar o ve\u00edculo na altura de Mata Redonda, em Alhandra.<\/p>\n<p>Os dois suspeitos foram presos em flagrante, portando uma pistola .9 mil\u00edmetros e um revolver de calibre .38. Eles foram apresentados na Delegacia de Alhandra juntamente com o material.<\/p>\n<p>\u00a0<\/p>\n","protected":false},"excerpt":{"rendered":"<p>Na noite desta sexta-feira (31), uma a\u00e7\u00e3o integrada entre a Pol\u00edcia Militar e a Pol\u00edcia Rodovi\u00e1ria Federal prendeu, em Alhandra,<\/p>\n","protected":false},"author":5,"featured_media":912944,"comment_status":"closed","ping_status":"closed","sticky":false,"template":"","format":"standard","meta":{"_exactmetrics_skip_tracking":false,"_exactmetrics_sitenote_active":false,"_exactmetrics_sitenote_note":"","_exactmetrics_sitenote_category":0,"footnotes":""},"categories":[4],"tags":[],"yoast_head":"<!-- This site is optimized with the Yoast SEO plugin v22.0 - https:\/\/yoast.com\/wordpress\/plugins\/seo\/ -->\n<title>A\u00e7\u00e3o integrada prende em Alhandra suspeitos de praticar homic\u00eddio em bairro da Capital - Pol\u00edcia Militar da Para\u00edba<\/title>\n<meta name=\"robots\" content=\"index, follow, max-snippet:-1, max-image-preview:large, max-video-preview:-1\" \/>\n<link rel=\"canonical\" href=\"https:\/\/www.pm.pb.gov.br\/portal\/2024\/06\/01\/acao-integrada-prende-em-alhandra-suspeitos-de-praticar-homicidio-em-bairro-da-capital\/\" \/>\n<meta property=\"og:locale\" content=\"pt_BR\" \/>\n<meta property=\"og:type\" content=\"article\" \/>\n<meta property=\"og:title\" content=\"A\u00e7\u00e3o integrada prende em Alhandra suspeitos de praticar homic\u00eddio em bairro da Capital - Pol\u00edcia Militar da Para\u00edba\" \/>\n<meta property=\"og:description\" content=\"Na noite desta sexta-feira (31), uma a\u00e7\u00e3o integrada entre a Pol\u00edcia Militar e a Pol\u00edcia Rodovi\u00e1ria Federal prendeu, em Alhandra,\" \/>\n<meta property=\"og:url\" content=\"https:\/\/www.pm.pb.gov.br\/portal\/2024\/06\/01\/acao-integrada-prende-em-alhandra-suspeitos-de-praticar-homicidio-em-bairro-da-capital\/\" \/>\n<meta property=\"og:site_name\" content=\"Pol\u00edcia Militar da Para\u00edba\" \/>\n<meta property=\"article:published_time\" content=\"2024-06-01T18:57:31+00:00\" \/>\n<meta property=\"article:modified_time\" content=\"2024-06-01T18:57:33+00:00\" \/>\n<meta property=\"og:image\" content=\"http:\/\/www.pm.pb.gov.br\/portal\/wp-content\/uploads\/2021\/10\/1cipm.jpeg\" \/>\n\t<meta property=\"og:image:width\" content=\"800\" \/>\n\t<meta property=\"og:image:height\" content=\"445\" \/>\n\t<meta property=\"og:image:type\" content=\"image\/jpeg\" \/>\n<meta name=\"author\" content=\"Assessoria de Imprensa da PMPB\" \/>\n<meta name=\"twitter:card\" content=\"summary_large_image\" \/>\n<meta name=\"twitter:label1\" content=\"Escrito por\" \/>\n\t<meta name=\"twitter:data1\" content=\"Assessoria de Imprensa da PMPB\" \/>\n\t<meta name=\"twitter:label2\" content=\"Est. tempo de leitura\" \/>\n\t<meta name=\"twitter:data2\" content=\"2 minutos\" \/>\n<script type=\"application\/ld+json\" class=\"yoast-schema-graph\">{\"@context\":\"https:\/\/schema.org\",\"@graph\":[{\"@type\":\"Article\",\"@id\":\"https:\/\/www.pm.pb.gov.br\/portal\/2024\/06\/01\/acao-integrada-prende-em-alhandra-suspeitos-de-praticar-homicidio-em-bairro-da-capital\/#article\",\"isPartOf\":{\"@id\":\"https:\/\/www.pm.pb.gov.br\/portal\/2024\/06\/01\/acao-integrada-prende-em-alhandra-suspeitos-de-praticar-homicidio-em-bairro-da-capital\/\"},\"author\":{\"name\":\"Assessoria de Imprensa da PMPB\",\"@id\":\"https:\/\/www.pm.pb.gov.br\/portal\/#\/schema\/person\/e8454f46651c3ecf0e1ba3c1666d9947\"},\"headline\":\"A\u00e7\u00e3o integrada prende em Alhandra suspeitos de praticar homic\u00eddio em bairro da Capital\",\"datePublished\":\"2024-06-01T18:57:31+00:00\",\"dateModified\":\"2024-06-01T18:57:33+00:00\",\"mainEntityOfPage\":{\"@id\":\"https:\/\/www.pm.pb.gov.br\/portal\/2024\/06\/01\/acao-integrada-prende-em-alhandra-suspeitos-de-praticar-homicidio-em-bairro-da-capital\/\"},\"wordCount\":144,\"publisher\":{\"@id\":\"https:\/\/www.pm.pb.gov.br\/portal\/#organization\"},\"articleSection\":[\"A\u00e7\u00f5es Policiais\"],\"inLanguage\":\"pt-BR\"},{\"@type\":\"WebPage\",\"@id\":\"https:\/\/www.pm.pb.gov.br\/portal\/2024\/06\/01\/acao-integrada-prende-em-alhandra-suspeitos-de-praticar-homicidio-em-bairro-da-capital\/\",\"url\":\"https:\/\/www.pm.pb.gov.br\/portal\/2024\/06\/01\/acao-integrada-prende-em-alhandra-suspeitos-de-praticar-homicidio-em-bairro-da-capital\/\",\"name\":\"A\u00e7\u00e3o integrada prende em Alhandra suspeitos de praticar homic\u00eddio em bairro da Capital - Pol\u00edcia Militar da Para\u00edba\",\"isPartOf\":{\"@id\":\"https:\/\/www.pm.pb.gov.br\/portal\/#website\"},\"datePublished\":\"2024-06-01T18:57:31+00:00\",\"dateModified\":\"2024-06-01T18:57:33+00:00\",\"breadcrumb\":{\"@id\":\"https:\/\/www.pm.pb.gov.br\/portal\/2024\/06\/01\/acao-integrada-prende-em-alhandra-suspeitos-de-praticar-homicidio-em-bairro-da-capital\/#breadcrumb\"},\"inLanguage\":\"pt-BR\",\"potentialAction\":[{\"@type\":\"ReadAction\",\"target\":[\"https:\/\/www.pm.pb.gov.br\/portal\/2024\/06\/01\/acao-integrada-prende-em-alhandra-suspeitos-de-praticar-homicidio-em-bairro-da-capital\/\"]}]},{\"@type\":\"BreadcrumbList\",\"@id\":\"https:\/\/www.pm.pb.gov.br\/portal\/2024\/06\/01\/acao-integrada-prende-em-alhandra-suspeitos-de-praticar-homicidio-em-bairro-da-capital\/#breadcrumb\",\"itemListElement\":[{\"@type\":\"ListItem\",\"position\":1,\"name\":\"In\u00edcio\",\"item\":\"https:\/\/www.pm.pb.gov.br\/portal\/\"},{\"@type\":\"ListItem\",\"position\":2,\"name\":\"A\u00e7\u00e3o integrada prende em Alhandra suspeitos de praticar homic\u00eddio em bairro da Capital\"}]},{\"@type\":\"WebSite\",\"@id\":\"https:\/\/www.pm.pb.gov.br\/portal\/#website\",\"url\":\"https:\/\/www.pm.pb.gov.br\/portal\/\",\"name\":\"Pol\u00edcia Militar da Para\u00edba\",\"description\":\"\",\"publisher\":{\"@id\":\"https:\/\/www.pm.pb.gov.br\/portal\/#organization\"},\"potentialAction\":[{\"@type\":\"SearchAction\",\"target\":{\"@type\":\"EntryPoint\",\"urlTemplate\":\"https:\/\/www.pm.pb.gov.br\/portal\/?s={search_term_string}\"},\"query-input\":\"required name=search_term_string\"}],\"inLanguage\":\"pt-BR\"},{\"@type\":\"Organization\",\"@id\":\"https:\/\/www.pm.pb.gov.br\/portal\/#organization\",\"name\":\"Pol\u00edcia Militar da Para\u00edba\",\"url\":\"https:\/\/www.pm.pb.gov.br\/portal\/\",\"logo\":{\"@type\":\"ImageObject\",\"inLanguage\":\"pt-BR\",\"@id\":\"https:\/\/www.pm.pb.gov.br\/portal\/#\/schema\/logo\/image\/\",\"url\":\"https:\/\/www.pm.pb.gov.br\/portal\/wp-content\/uploads\/2025\/03\/cropped-logo-site-mag2-1.png\",\"contentUrl\":\"https:\/\/www.pm.pb.gov.br\/portal\/wp-content\/uploads\/2025\/03\/cropped-logo-site-mag2-1.png\",\"width\":320,\"height\":90,\"caption\":\"Pol\u00edcia Militar da Para\u00edba\"},\"image\":{\"@id\":\"https:\/\/www.pm.pb.gov.br\/portal\/#\/schema\/logo\/image\/\"}},{\"@type\":\"Person\",\"@id\":\"https:\/\/www.pm.pb.gov.br\/portal\/#\/schema\/person\/e8454f46651c3ecf0e1ba3c1666d9947\",\"name\":\"Assessoria de Imprensa da PMPB\",\"image\":{\"@type\":\"ImageObject\",\"inLanguage\":\"pt-BR\",\"@id\":\"https:\/\/www.pm.pb.gov.br\/portal\/#\/schema\/person\/image\/\",\"url\":\"https:\/\/secure.gravatar.com\/avatar\/2efe197438265d1e90bd98c4c8e1acf8?s=96&d=mm&r=g\",\"contentUrl\":\"https:\/\/secure.gravatar.com\/avatar\/2efe197438265d1e90bd98c4c8e1acf8?s=96&d=mm&r=g\",\"caption\":\"Assessoria de Imprensa da PMPB\"},\"url\":\"https:\/\/www.pm.pb.gov.br\/portal\/author\/assessoria\/\"}]}<\/script>\n<!-- \/ Yoast SEO plugin. -->","yoast_head_json":{"title":"A\u00e7\u00e3o integrada prende em Alhandra suspeitos de praticar homic\u00eddio em bairro da Capital - Pol\u00edcia Militar da Para\u00edba","robots":{"index":"index","follow":"follow","max-snippet":"max-snippet:-1","max-image-preview":"max-image-preview:large","max-video-preview":"max-video-preview:-1"},"canonical":"https:\/\/www.pm.pb.gov.br\/portal\/2024\/06\/01\/acao-integrada-prende-em-alhandra-suspeitos-de-praticar-homicidio-em-bairro-da-capital\/","og_locale":"pt_BR","og_type":"article","og_title":"A\u00e7\u00e3o integrada prende em Alhandra suspeitos de praticar homic\u00eddio em bairro da Capital - Pol\u00edcia Militar da Para\u00edba","og_description":"Na noite desta sexta-feira (31), uma a\u00e7\u00e3o integrada entre a Pol\u00edcia Militar e a Pol\u00edcia Rodovi\u00e1ria Federal prendeu, em Alhandra,","og_url":"https:\/\/www.pm.pb.gov.br\/portal\/2024\/06\/01\/acao-integrada-prende-em-alhandra-suspeitos-de-praticar-homicidio-em-bairro-da-capital\/","og_site_name":"Pol\u00edcia Militar da Para\u00edba","article_published_time":"2024-06-01T18:57:31+00:00","article_modified_time":"2024-06-01T18:57:33+00:00","og_image":[{"width":800,"height":445,"url":"http:\/\/www.pm.pb.gov.br\/portal\/wp-content\/uploads\/2021\/10\/1cipm.jpeg","type":"image\/jpeg"}],"author":"Assessoria de Imprensa da PMPB","twitter_card":"summary_large_image","twitter_misc":{"Escrito por":"Assessoria de Imprensa da PMPB","Est. tempo de leitura":"2 minutos"},"schema":{"@context":"https:\/\/schema.org","@graph":[{"@type":"Article","@id":"https:\/\/www.pm.pb.gov.br\/portal\/2024\/06\/01\/acao-integrada-prende-em-alhandra-suspeitos-de-praticar-homicidio-em-bairro-da-capital\/#article","isPartOf":{"@id":"https:\/\/www.pm.pb.gov.br\/portal\/2024\/06\/01\/acao-integrada-prende-em-alhandra-suspeitos-de-praticar-homicidio-em-bairro-da-capital\/"},"author":{"name":"Assessoria de Imprensa da PMPB","@id":"https:\/\/www.pm.pb.gov.br\/portal\/#\/schema\/person\/e8454f46651c3ecf0e1ba3c1666d9947"},"headline":"A\u00e7\u00e3o integrada prende em Alhandra suspeitos de praticar homic\u00eddio em bairro da Capital","datePublished":"2024-06-01T18:57:31+00:00","dateModified":"2024-06-01T18:57:33+00:00","mainEntityOfPage":{"@id":"https:\/\/www.pm.pb.gov.br\/portal\/2024\/06\/01\/acao-integrada-prende-em-alhandra-suspeitos-de-praticar-homicidio-em-bairro-da-capital\/"},"wordCount":144,"publisher":{"@id":"https:\/\/www.pm.pb.gov.br\/portal\/#organization"},"articleSection":["A\u00e7\u00f5es Policiais"],"inLanguage":"pt-BR"},{"@type":"WebPage","@id":"https:\/\/www.pm.pb.gov.br\/portal\/2024\/06\/01\/acao-integrada-prende-em-alhandra-suspeitos-de-praticar-homicidio-em-bairro-da-capital\/","url":"https:\/\/www.pm.pb.gov.br\/portal\/2024\/06\/01\/acao-integrada-prende-em-alhandra-suspeitos-de-praticar-homicidio-em-bairro-da-capital\/","name":"A\u00e7\u00e3o integrada prende em Alhandra suspeitos de praticar homic\u00eddio em bairro da Capital - Pol\u00edcia Militar da Para\u00edba","isPartOf":{"@id":"https:\/\/www.pm.pb.gov.br\/portal\/#website"},"datePublished":"2024-06-01T18:57:31+00:00","dateModified":"2024-06-01T18:57:33+00:00","breadcrumb":{"@id":"https:\/\/www.pm.pb.gov.br\/portal\/2024\/06\/01\/acao-integrada-prende-em-alhandra-suspeitos-de-praticar-homicidio-em-bairro-da-capital\/#breadcrumb"},"inLanguage":"pt-BR","potentialAction":[{"@type":"ReadAction","target":["https:\/\/www.pm.pb.gov.br\/portal\/2024\/06\/01\/acao-integrada-prende-em-alhandra-suspeitos-de-praticar-homicidio-em-bairro-da-capital\/"]}]},{"@type":"BreadcrumbList","@id":"https:\/\/www.pm.pb.gov.br\/portal\/2024\/06\/01\/acao-integrada-prende-em-alhandra-suspeitos-de-praticar-homicidio-em-bairro-da-capital\/#breadcrumb","itemListElement":[{"@type":"ListItem","position":1,"name":"In\u00edcio","item":"https:\/\/www.pm.pb.gov.br\/portal\/"},{"@type":"ListItem","position":2,"name":"A\u00e7\u00e3o integrada prende em Alhandra suspeitos de praticar homic\u00eddio em bairro da Capital"}]},{"@type":"WebSite","@id":"https:\/\/www.pm.pb.gov.br\/portal\/#website","url":"https:\/\/www.pm.pb.gov.br\/portal\/","name":"Pol\u00edcia Militar da Para\u00edba","description":"","publisher":{"@id":"https:\/\/www.pm.pb.gov.br\/portal\/#organization"},"potentialAction":[{"@type":"SearchAction","target":{"@type":"EntryPoint","urlTemplate":"https:\/\/www.pm.pb.gov.br\/portal\/?s={search_term_string}"},"query-input":"required name=search_term_string"}],"inLanguage":"pt-BR"},{"@type":"Organization","@id":"https:\/\/www.pm.pb.gov.br\/portal\/#organization","name":"Pol\u00edcia Militar da Para\u00edba","url":"https:\/\/www.pm.pb.gov.br\/portal\/","logo":{"@type":"ImageObject","inLanguage":"pt-BR","@id":"https:\/\/www.pm.pb.gov.br\/portal\/#\/schema\/logo\/image\/","url":"https:\/\/www.pm.pb.gov.br\/portal\/wp-content\/uploads\/2025\/03\/cropped-logo-site-mag2-1.png","contentUrl":"https:\/\/www.pm.pb.gov.br\/portal\/wp-content\/uploads\/2025\/03\/cropped-logo-site-mag2-1.png","width":320,"height":90,"caption":"Pol\u00edcia Militar da Para\u00edba"},"image":{"@id":"https:\/\/www.pm.pb.gov.br\/portal\/#\/schema\/logo\/image\/"}},{"@type":"Person","@id":"https:\/\/www.pm.pb.gov.br\/portal\/#\/schema\/person\/e8454f46651c3ecf0e1ba3c1666d9947","name":"Assessoria de Imprensa da PMPB","image":{"@type":"ImageObject","inLanguage":"pt-BR","@id":"https:\/\/www.pm.pb.gov.br\/portal\/#\/schema\/person\/image\/","url":"https:\/\/secure.gravatar.com\/avatar\/2efe197438265d1e90bd98c4c8e1acf8?s=96&d=mm&r=g","contentUrl":"https:\/\/secure.gravatar.com\/avatar\/2efe197438265d1e90bd98c4c8e1acf8?s=96&d=mm&r=g","caption":"Assessoria de Imprensa da PMPB"},"url":"https:\/\/www.pm.pb.gov.br\/portal\/author\/assessoria\/"}]}},"_links":{"self":[{"href":"https:\/\/www.pm.pb.gov.br\/portal\/wp-json\/wp\/v2\/posts\/922302"}],"collection":[{"href":"https:\/\/www.pm.pb.gov.br\/portal\/wp-json\/wp\/v2\/posts"}],"about":[{"href":"https:\/\/www.pm.pb.gov.br\/portal\/wp-json\/wp\/v2\/types\/post"}],"author":[{"embeddable":true,"href":"https:\/\/www.pm.pb.gov.br\/portal\/wp-json\/wp\/v2\/users\/5"}],"replies":[{"embeddable":true,"href":"https:\/\/www.pm.pb.gov.br\/portal\/wp-json\/wp\/v2\/comments?post=922302"}],"version-history":[{"count":1,"href":"https:\/\/www.pm.pb.gov.br\/portal\/wp-json\/wp\/v2\/posts\/922302\/revisions"}],"predecessor-version":[{"id":922304,"href":"https:\/\/www.pm.pb.gov.br\/portal\/wp-json\/wp\/v2\/posts\/922302\/revisions\/922304"}],"wp:featuredmedia":[{"embeddable":true,"href":"https:\/\/www.pm.pb.gov.br\/portal\/wp-json\/wp\/v2\/media\/912944"}],"wp:attachment":[{"href":"https:\/\/www.pm.pb.gov.br\/portal\/wp-json\/wp\/v2\/media?parent=922302"}],"wp:term":[{"taxonomy":"category","embeddable":true,"href":"https:\/\/www.pm.pb.gov.br\/portal\/wp-json\/wp\/v2\/categories?post=922302"},{"taxonomy":"post_tag","embeddable":true,"href":"https:\/\/www.pm.pb.gov.br\/portal\/wp-json\/wp\/v2\/tags?post=922302"}],"curies":[{"name":"wp","href":"https:\/\/api.w.org\/{rel}","templated":true}]}}