{"id":922291,"date":"2024-06-01T12:46:52","date_gmt":"2024-06-01T15:46:52","guid":{"rendered":"https:\/\/www.pm.pb.gov.br\/portal\/?p=922291"},"modified":"2024-06-01T13:20:58","modified_gmt":"2024-06-01T16:20:58","slug":"policia-militar-prende-suspeito-e-apreende-tres-armas-de-fogo-em-acoes-na-capital","status":"publish","type":"post","link":"https:\/\/www.pm.pb.gov.br\/portal\/2024\/06\/01\/policia-militar-prende-suspeito-e-apreende-tres-armas-de-fogo-em-acoes-na-capital\/","title":{"rendered":"Pol\u00edcia Militar prende suspeito e apreende tr\u00eas armas de fogo em a\u00e7\u00f5es na capital"},"content":{"rendered":"\n\n\n<p>A Pol\u00edcia Militar prendeu um suspeito e apreendeu tr\u00eas armas de fogo, na noite desta sexta-feira (31), em a\u00e7\u00f5es realizadas nos bairros do Bessa e S\u00e3o Jos\u00e9, em Jo\u00e3o Pessoa.<\/p>\n<p><img loading=\"lazy\" decoding=\"async\" class=\"wp-image-922294 alignleft\" src=\"http:\/\/www.pm.pb.gov.br\/portal\/wp-content\/uploads\/2024\/06\/BPTran-518x445.jpeg\" alt=\"\" width=\"265\" height=\"228\" srcset=\"https:\/\/www.pm.pb.gov.br\/portal\/wp-content\/uploads\/2024\/06\/BPTran-518x445.jpeg 518w, https:\/\/www.pm.pb.gov.br\/portal\/wp-content\/uploads\/2024\/06\/BPTran-664x570.jpeg 664w, https:\/\/www.pm.pb.gov.br\/portal\/wp-content\/uploads\/2024\/06\/BPTran-768x659.jpeg 768w, https:\/\/www.pm.pb.gov.br\/portal\/wp-content\/uploads\/2024\/06\/BPTran.jpeg 1118w\" sizes=\"(max-width: 265px) 100vw, 265px\" \/>A primeira a\u00e7\u00e3o foi realizada pelas equipes do Batalh\u00e3o de Pol\u00edcia de Tr\u00e2nsito Urbano e Rodovi\u00e1rio (BPTran), durante a realiza\u00e7\u00e3o da Opera\u00e7\u00e3o Zero \u00c1lcool, no bairro do Bessa. Um ve\u00edculo foi abordado durante a blitz, e o condutor foi flagrado portando ilegalmente uma pistola G2C (foto \u00e0 esquerda).<\/p>\n<p>Na segunda a\u00e7\u00e3o, policiais militares da For\u00e7a T\u00e1tica do 1\u00ba Batalh\u00e3o realizavam rondas no bairro S\u00e3o Jos\u00e9, quando se depararam com um grupo de suspeitos portando armas de fogo. Os indiv\u00edduos empreenderam fuga e, durante as dilig\u00eancias, as equipes encontraram em uma edifica\u00e7\u00e3o abandonada uma submetralhadora calibre .9 mil\u00edmetros, uma espingarda calibre .12, muni\u00e7\u00f5es, dois carregadores do tipo caracol, dois coletes bal\u00edsticos, balan\u00e7a de precis\u00e3o e uma balaclava (foto em destaque).<\/p>\n<p>Ambos os casos foram conduzidos \u00e0 Cidade da Pol\u00edcia Civil.<\/p>\n","protected":false},"excerpt":{"rendered":"<p>A Pol\u00edcia Militar prendeu um suspeito e apreendeu tr\u00eas armas de fogo, na noite desta sexta-feira (31), em a\u00e7\u00f5es realizadas<\/p>\n","protected":false},"author":5,"featured_media":922293,"comment_status":"closed","ping_status":"closed","sticky":false,"template":"","format":"standard","meta":{"_exactmetrics_skip_tracking":false,"_exactmetrics_sitenote_active":false,"_exactmetrics_sitenote_note":"","_exactmetrics_sitenote_category":0,"footnotes":""},"categories":[4],"tags":[],"yoast_head":"<!-- This site is optimized with the Yoast SEO plugin v22.0 - https:\/\/yoast.com\/wordpress\/plugins\/seo\/ -->\n<title>Pol\u00edcia Militar prende suspeito e apreende tr\u00eas armas de fogo em a\u00e7\u00f5es na capital - Pol\u00edcia Militar da Para\u00edba<\/title>\n<meta name=\"robots\" content=\"index, follow, max-snippet:-1, max-image-preview:large, max-video-preview:-1\" \/>\n<link rel=\"canonical\" href=\"https:\/\/www.pm.pb.gov.br\/portal\/2024\/06\/01\/policia-militar-prende-suspeito-e-apreende-tres-armas-de-fogo-em-acoes-na-capital\/\" \/>\n<meta property=\"og:locale\" content=\"pt_BR\" \/>\n<meta property=\"og:type\" content=\"article\" \/>\n<meta property=\"og:title\" content=\"Pol\u00edcia Militar prende suspeito e apreende tr\u00eas armas de fogo em a\u00e7\u00f5es na capital - Pol\u00edcia Militar da Para\u00edba\" \/>\n<meta property=\"og:description\" content=\"A Pol\u00edcia Militar prendeu um suspeito e apreendeu tr\u00eas armas de fogo, na noite desta sexta-feira (31), em a\u00e7\u00f5es realizadas\" \/>\n<meta property=\"og:url\" content=\"https:\/\/www.pm.pb.gov.br\/portal\/2024\/06\/01\/policia-militar-prende-suspeito-e-apreende-tres-armas-de-fogo-em-acoes-na-capital\/\" \/>\n<meta property=\"og:site_name\" content=\"Pol\u00edcia Militar da Para\u00edba\" \/>\n<meta property=\"article:published_time\" content=\"2024-06-01T15:46:52+00:00\" \/>\n<meta property=\"article:modified_time\" content=\"2024-06-01T16:20:58+00:00\" \/>\n<meta property=\"og:image\" content=\"http:\/\/www.pm.pb.gov.br\/portal\/wp-content\/uploads\/2024\/06\/Bairro-Sao-Jose-1.jpeg\" \/>\n\t<meta property=\"og:image:width\" content=\"1200\" \/>\n\t<meta property=\"og:image:height\" content=\"765\" \/>\n\t<meta property=\"og:image:type\" content=\"image\/jpeg\" \/>\n<meta name=\"author\" content=\"Assessoria de Imprensa da PMPB\" \/>\n<meta name=\"twitter:card\" content=\"summary_large_image\" \/>\n<meta name=\"twitter:label1\" content=\"Escrito por\" \/>\n\t<meta name=\"twitter:data1\" content=\"Assessoria de Imprensa da PMPB\" \/>\n\t<meta name=\"twitter:label2\" content=\"Est. tempo de leitura\" \/>\n\t<meta name=\"twitter:data2\" content=\"2 minutos\" \/>\n<script type=\"application\/ld+json\" class=\"yoast-schema-graph\">{\"@context\":\"https:\/\/schema.org\",\"@graph\":[{\"@type\":\"Article\",\"@id\":\"https:\/\/www.pm.pb.gov.br\/portal\/2024\/06\/01\/policia-militar-prende-suspeito-e-apreende-tres-armas-de-fogo-em-acoes-na-capital\/#article\",\"isPartOf\":{\"@id\":\"https:\/\/www.pm.pb.gov.br\/portal\/2024\/06\/01\/policia-militar-prende-suspeito-e-apreende-tres-armas-de-fogo-em-acoes-na-capital\/\"},\"author\":{\"name\":\"Assessoria de Imprensa da PMPB\",\"@id\":\"https:\/\/www.pm.pb.gov.br\/portal\/#\/schema\/person\/e8454f46651c3ecf0e1ba3c1666d9947\"},\"headline\":\"Pol\u00edcia Militar prende suspeito e apreende tr\u00eas armas de fogo em a\u00e7\u00f5es na capital\",\"datePublished\":\"2024-06-01T15:46:52+00:00\",\"dateModified\":\"2024-06-01T16:20:58+00:00\",\"mainEntityOfPage\":{\"@id\":\"https:\/\/www.pm.pb.gov.br\/portal\/2024\/06\/01\/policia-militar-prende-suspeito-e-apreende-tres-armas-de-fogo-em-acoes-na-capital\/\"},\"wordCount\":198,\"publisher\":{\"@id\":\"https:\/\/www.pm.pb.gov.br\/portal\/#organization\"},\"articleSection\":[\"A\u00e7\u00f5es Policiais\"],\"inLanguage\":\"pt-BR\"},{\"@type\":\"WebPage\",\"@id\":\"https:\/\/www.pm.pb.gov.br\/portal\/2024\/06\/01\/policia-militar-prende-suspeito-e-apreende-tres-armas-de-fogo-em-acoes-na-capital\/\",\"url\":\"https:\/\/www.pm.pb.gov.br\/portal\/2024\/06\/01\/policia-militar-prende-suspeito-e-apreende-tres-armas-de-fogo-em-acoes-na-capital\/\",\"name\":\"Pol\u00edcia Militar prende suspeito e apreende tr\u00eas armas de fogo em a\u00e7\u00f5es na capital - Pol\u00edcia Militar da Para\u00edba\",\"isPartOf\":{\"@id\":\"https:\/\/www.pm.pb.gov.br\/portal\/#website\"},\"datePublished\":\"2024-06-01T15:46:52+00:00\",\"dateModified\":\"2024-06-01T16:20:58+00:00\",\"breadcrumb\":{\"@id\":\"https:\/\/www.pm.pb.gov.br\/portal\/2024\/06\/01\/policia-militar-prende-suspeito-e-apreende-tres-armas-de-fogo-em-acoes-na-capital\/#breadcrumb\"},\"inLanguage\":\"pt-BR\",\"potentialAction\":[{\"@type\":\"ReadAction\",\"target\":[\"https:\/\/www.pm.pb.gov.br\/portal\/2024\/06\/01\/policia-militar-prende-suspeito-e-apreende-tres-armas-de-fogo-em-acoes-na-capital\/\"]}]},{\"@type\":\"BreadcrumbList\",\"@id\":\"https:\/\/www.pm.pb.gov.br\/portal\/2024\/06\/01\/policia-militar-prende-suspeito-e-apreende-tres-armas-de-fogo-em-acoes-na-capital\/#breadcrumb\",\"itemListElement\":[{\"@type\":\"ListItem\",\"position\":1,\"name\":\"In\u00edcio\",\"item\":\"https:\/\/www.pm.pb.gov.br\/portal\/\"},{\"@type\":\"ListItem\",\"position\":2,\"name\":\"Pol\u00edcia Militar prende suspeito e apreende tr\u00eas armas de fogo em a\u00e7\u00f5es na capital\"}]},{\"@type\":\"WebSite\",\"@id\":\"https:\/\/www.pm.pb.gov.br\/portal\/#website\",\"url\":\"https:\/\/www.pm.pb.gov.br\/portal\/\",\"name\":\"Pol\u00edcia Militar da Para\u00edba\",\"description\":\"\",\"publisher\":{\"@id\":\"https:\/\/www.pm.pb.gov.br\/portal\/#organization\"},\"potentialAction\":[{\"@type\":\"SearchAction\",\"target\":{\"@type\":\"EntryPoint\",\"urlTemplate\":\"https:\/\/www.pm.pb.gov.br\/portal\/?s={search_term_string}\"},\"query-input\":\"required name=search_term_string\"}],\"inLanguage\":\"pt-BR\"},{\"@type\":\"Organization\",\"@id\":\"https:\/\/www.pm.pb.gov.br\/portal\/#organization\",\"name\":\"Pol\u00edcia Militar da Para\u00edba\",\"url\":\"https:\/\/www.pm.pb.gov.br\/portal\/\",\"logo\":{\"@type\":\"ImageObject\",\"inLanguage\":\"pt-BR\",\"@id\":\"https:\/\/www.pm.pb.gov.br\/portal\/#\/schema\/logo\/image\/\",\"url\":\"https:\/\/www.pm.pb.gov.br\/portal\/wp-content\/uploads\/2025\/03\/cropped-logo-site-mag2-1.png\",\"contentUrl\":\"https:\/\/www.pm.pb.gov.br\/portal\/wp-content\/uploads\/2025\/03\/cropped-logo-site-mag2-1.png\",\"width\":320,\"height\":90,\"caption\":\"Pol\u00edcia Militar da Para\u00edba\"},\"image\":{\"@id\":\"https:\/\/www.pm.pb.gov.br\/portal\/#\/schema\/logo\/image\/\"}},{\"@type\":\"Person\",\"@id\":\"https:\/\/www.pm.pb.gov.br\/portal\/#\/schema\/person\/e8454f46651c3ecf0e1ba3c1666d9947\",\"name\":\"Assessoria de Imprensa da PMPB\",\"image\":{\"@type\":\"ImageObject\",\"inLanguage\":\"pt-BR\",\"@id\":\"https:\/\/www.pm.pb.gov.br\/portal\/#\/schema\/person\/image\/\",\"url\":\"https:\/\/secure.gravatar.com\/avatar\/2efe197438265d1e90bd98c4c8e1acf8?s=96&d=mm&r=g\",\"contentUrl\":\"https:\/\/secure.gravatar.com\/avatar\/2efe197438265d1e90bd98c4c8e1acf8?s=96&d=mm&r=g\",\"caption\":\"Assessoria de Imprensa da PMPB\"},\"url\":\"https:\/\/www.pm.pb.gov.br\/portal\/author\/assessoria\/\"}]}<\/script>\n<!-- \/ Yoast SEO plugin. -->","yoast_head_json":{"title":"Pol\u00edcia Militar prende suspeito e apreende tr\u00eas armas de fogo em a\u00e7\u00f5es na capital - Pol\u00edcia Militar da Para\u00edba","robots":{"index":"index","follow":"follow","max-snippet":"max-snippet:-1","max-image-preview":"max-image-preview:large","max-video-preview":"max-video-preview:-1"},"canonical":"https:\/\/www.pm.pb.gov.br\/portal\/2024\/06\/01\/policia-militar-prende-suspeito-e-apreende-tres-armas-de-fogo-em-acoes-na-capital\/","og_locale":"pt_BR","og_type":"article","og_title":"Pol\u00edcia Militar prende suspeito e apreende tr\u00eas armas de fogo em a\u00e7\u00f5es na capital - Pol\u00edcia Militar da Para\u00edba","og_description":"A Pol\u00edcia Militar prendeu um suspeito e apreendeu tr\u00eas armas de fogo, na noite desta sexta-feira (31), em a\u00e7\u00f5es realizadas","og_url":"https:\/\/www.pm.pb.gov.br\/portal\/2024\/06\/01\/policia-militar-prende-suspeito-e-apreende-tres-armas-de-fogo-em-acoes-na-capital\/","og_site_name":"Pol\u00edcia Militar da Para\u00edba","article_published_time":"2024-06-01T15:46:52+00:00","article_modified_time":"2024-06-01T16:20:58+00:00","og_image":[{"width":1200,"height":765,"url":"http:\/\/www.pm.pb.gov.br\/portal\/wp-content\/uploads\/2024\/06\/Bairro-Sao-Jose-1.jpeg","type":"image\/jpeg"}],"author":"Assessoria de Imprensa da PMPB","twitter_card":"summary_large_image","twitter_misc":{"Escrito por":"Assessoria de Imprensa da PMPB","Est. tempo de leitura":"2 minutos"},"schema":{"@context":"https:\/\/schema.org","@graph":[{"@type":"Article","@id":"https:\/\/www.pm.pb.gov.br\/portal\/2024\/06\/01\/policia-militar-prende-suspeito-e-apreende-tres-armas-de-fogo-em-acoes-na-capital\/#article","isPartOf":{"@id":"https:\/\/www.pm.pb.gov.br\/portal\/2024\/06\/01\/policia-militar-prende-suspeito-e-apreende-tres-armas-de-fogo-em-acoes-na-capital\/"},"author":{"name":"Assessoria de Imprensa da PMPB","@id":"https:\/\/www.pm.pb.gov.br\/portal\/#\/schema\/person\/e8454f46651c3ecf0e1ba3c1666d9947"},"headline":"Pol\u00edcia Militar prende suspeito e apreende tr\u00eas armas de fogo em a\u00e7\u00f5es na capital","datePublished":"2024-06-01T15:46:52+00:00","dateModified":"2024-06-01T16:20:58+00:00","mainEntityOfPage":{"@id":"https:\/\/www.pm.pb.gov.br\/portal\/2024\/06\/01\/policia-militar-prende-suspeito-e-apreende-tres-armas-de-fogo-em-acoes-na-capital\/"},"wordCount":198,"publisher":{"@id":"https:\/\/www.pm.pb.gov.br\/portal\/#organization"},"articleSection":["A\u00e7\u00f5es Policiais"],"inLanguage":"pt-BR"},{"@type":"WebPage","@id":"https:\/\/www.pm.pb.gov.br\/portal\/2024\/06\/01\/policia-militar-prende-suspeito-e-apreende-tres-armas-de-fogo-em-acoes-na-capital\/","url":"https:\/\/www.pm.pb.gov.br\/portal\/2024\/06\/01\/policia-militar-prende-suspeito-e-apreende-tres-armas-de-fogo-em-acoes-na-capital\/","name":"Pol\u00edcia Militar prende suspeito e apreende tr\u00eas armas de fogo em a\u00e7\u00f5es na capital - Pol\u00edcia Militar da Para\u00edba","isPartOf":{"@id":"https:\/\/www.pm.pb.gov.br\/portal\/#website"},"datePublished":"2024-06-01T15:46:52+00:00","dateModified":"2024-06-01T16:20:58+00:00","breadcrumb":{"@id":"https:\/\/www.pm.pb.gov.br\/portal\/2024\/06\/01\/policia-militar-prende-suspeito-e-apreende-tres-armas-de-fogo-em-acoes-na-capital\/#breadcrumb"},"inLanguage":"pt-BR","potentialAction":[{"@type":"ReadAction","target":["https:\/\/www.pm.pb.gov.br\/portal\/2024\/06\/01\/policia-militar-prende-suspeito-e-apreende-tres-armas-de-fogo-em-acoes-na-capital\/"]}]},{"@type":"BreadcrumbList","@id":"https:\/\/www.pm.pb.gov.br\/portal\/2024\/06\/01\/policia-militar-prende-suspeito-e-apreende-tres-armas-de-fogo-em-acoes-na-capital\/#breadcrumb","itemListElement":[{"@type":"ListItem","position":1,"name":"In\u00edcio","item":"https:\/\/www.pm.pb.gov.br\/portal\/"},{"@type":"ListItem","position":2,"name":"Pol\u00edcia Militar prende suspeito e apreende tr\u00eas armas de fogo em a\u00e7\u00f5es na capital"}]},{"@type":"WebSite","@id":"https:\/\/www.pm.pb.gov.br\/portal\/#website","url":"https:\/\/www.pm.pb.gov.br\/portal\/","name":"Pol\u00edcia Militar da Para\u00edba","description":"","publisher":{"@id":"https:\/\/www.pm.pb.gov.br\/portal\/#organization"},"potentialAction":[{"@type":"SearchAction","target":{"@type":"EntryPoint","urlTemplate":"https:\/\/www.pm.pb.gov.br\/portal\/?s={search_term_string}"},"query-input":"required name=search_term_string"}],"inLanguage":"pt-BR"},{"@type":"Organization","@id":"https:\/\/www.pm.pb.gov.br\/portal\/#organization","name":"Pol\u00edcia Militar da Para\u00edba","url":"https:\/\/www.pm.pb.gov.br\/portal\/","logo":{"@type":"ImageObject","inLanguage":"pt-BR","@id":"https:\/\/www.pm.pb.gov.br\/portal\/#\/schema\/logo\/image\/","url":"https:\/\/www.pm.pb.gov.br\/portal\/wp-content\/uploads\/2025\/03\/cropped-logo-site-mag2-1.png","contentUrl":"https:\/\/www.pm.pb.gov.br\/portal\/wp-content\/uploads\/2025\/03\/cropped-logo-site-mag2-1.png","width":320,"height":90,"caption":"Pol\u00edcia Militar da Para\u00edba"},"image":{"@id":"https:\/\/www.pm.pb.gov.br\/portal\/#\/schema\/logo\/image\/"}},{"@type":"Person","@id":"https:\/\/www.pm.pb.gov.br\/portal\/#\/schema\/person\/e8454f46651c3ecf0e1ba3c1666d9947","name":"Assessoria de Imprensa da PMPB","image":{"@type":"ImageObject","inLanguage":"pt-BR","@id":"https:\/\/www.pm.pb.gov.br\/portal\/#\/schema\/person\/image\/","url":"https:\/\/secure.gravatar.com\/avatar\/2efe197438265d1e90bd98c4c8e1acf8?s=96&d=mm&r=g","contentUrl":"https:\/\/secure.gravatar.com\/avatar\/2efe197438265d1e90bd98c4c8e1acf8?s=96&d=mm&r=g","caption":"Assessoria de Imprensa da PMPB"},"url":"https:\/\/www.pm.pb.gov.br\/portal\/author\/assessoria\/"}]}},"_links":{"self":[{"href":"https:\/\/www.pm.pb.gov.br\/portal\/wp-json\/wp\/v2\/posts\/922291"}],"collection":[{"href":"https:\/\/www.pm.pb.gov.br\/portal\/wp-json\/wp\/v2\/posts"}],"about":[{"href":"https:\/\/www.pm.pb.gov.br\/portal\/wp-json\/wp\/v2\/types\/post"}],"author":[{"embeddable":true,"href":"https:\/\/www.pm.pb.gov.br\/portal\/wp-json\/wp\/v2\/users\/5"}],"replies":[{"embeddable":true,"href":"https:\/\/www.pm.pb.gov.br\/portal\/wp-json\/wp\/v2\/comments?post=922291"}],"version-history":[{"count":3,"href":"https:\/\/www.pm.pb.gov.br\/portal\/wp-json\/wp\/v2\/posts\/922291\/revisions"}],"predecessor-version":[{"id":922297,"href":"https:\/\/www.pm.pb.gov.br\/portal\/wp-json\/wp\/v2\/posts\/922291\/revisions\/922297"}],"wp:featuredmedia":[{"embeddable":true,"href":"https:\/\/www.pm.pb.gov.br\/portal\/wp-json\/wp\/v2\/media\/922293"}],"wp:attachment":[{"href":"https:\/\/www.pm.pb.gov.br\/portal\/wp-json\/wp\/v2\/media?parent=922291"}],"wp:term":[{"taxonomy":"category","embeddable":true,"href":"https:\/\/www.pm.pb.gov.br\/portal\/wp-json\/wp\/v2\/categories?post=922291"},{"taxonomy":"post_tag","embeddable":true,"href":"https:\/\/www.pm.pb.gov.br\/portal\/wp-json\/wp\/v2\/tags?post=922291"}],"curies":[{"name":"wp","href":"https:\/\/api.w.org\/{rel}","templated":true}]}}