{"id":922238,"date":"2024-05-28T15:53:12","date_gmt":"2024-05-28T18:53:12","guid":{"rendered":"https:\/\/www.pm.pb.gov.br\/portal\/?p=922238"},"modified":"2024-05-28T15:53:14","modified_gmt":"2024-05-28T18:53:14","slug":"pmpb-recebe-visita-de-comitiva-da-inspetoria-geral-das-policias-militares-igpm","status":"publish","type":"post","link":"https:\/\/www.pm.pb.gov.br\/portal\/2024\/05\/28\/pmpb-recebe-visita-de-comitiva-da-inspetoria-geral-das-policias-militares-igpm\/","title":{"rendered":"PMPB recebe visita de comitiva da Inspetoria-Geral das Pol\u00edcias Militares (IGPM)"},"content":{"rendered":"\n<p>A Pol\u00edcia Militar da Para\u00edba recebeu a visita de uma comitiva da Inspetoria-Geral das Pol\u00edcias Militares (IGPM), na manh\u00e3 desta ter\u00e7a-feira (28), no Quartel do Comando Geral da PMPB, em Cabedelo. Na oportunidade, foram apresentadas as a\u00e7\u00f5es e inova\u00e7\u00f5es desenvolvidas pela PM, tanto na administrativa quanto na operacional.<br><br>A comitiva era comandada pelo coronel Rodrigo Motinha Lancellotti, que representou o inspetor-geral, General de Brigada Ricardo Luiz da Cunha Rab\u00ealo. A apresenta\u00e7\u00e3o foi feita pelo coordenador do Estado Maior-Estrat\u00e9gico, coronel Souza Neto, representando o comandante-geral, coronel S\u00e9rgio Fonseca, que estava em um compromisso previamente agendado com o presidente do Tribunal de Contas do Estado.<br><br>A Inspetoria-Geral das Pol\u00edcias Militares (IGPM), criada pelo Decreto-lei n\u00ba 317, de 13 de mar\u00e7o de 1967, tem como miss\u00e3o executar, no \u00e2mbito do Ex\u00e9rcito Brasileiro, as a\u00e7\u00f5es de coordena\u00e7\u00e3o e controle das Pol\u00edcias Militares e dos Corpos de Bombeiros Militares, consideradas pela Constitui\u00e7\u00e3o Federal, For\u00e7as Auxiliares.<\/p>\n\n\n\n<p><img loading=\"lazy\" decoding=\"async\" width=\"1600\" height=\"1067\" class=\"wp-image-922252\" style=\"width: 800px;\" src=\"http:\/\/www.pm.pb.gov.br\/portal\/wp-content\/uploads\/2024\/05\/WhatsApp-Image-2024-05-28-at-3.26.05-PM.jpeg\" alt=\"\" srcset=\"https:\/\/www.pm.pb.gov.br\/portal\/wp-content\/uploads\/2024\/05\/WhatsApp-Image-2024-05-28-at-3.26.05-PM.jpeg 1600w, https:\/\/www.pm.pb.gov.br\/portal\/wp-content\/uploads\/2024\/05\/WhatsApp-Image-2024-05-28-at-3.26.05-PM-667x445.jpeg 667w, https:\/\/www.pm.pb.gov.br\/portal\/wp-content\/uploads\/2024\/05\/WhatsApp-Image-2024-05-28-at-3.26.05-PM-855x570.jpeg 855w, https:\/\/www.pm.pb.gov.br\/portal\/wp-content\/uploads\/2024\/05\/WhatsApp-Image-2024-05-28-at-3.26.05-PM-768x512.jpeg 768w, https:\/\/www.pm.pb.gov.br\/portal\/wp-content\/uploads\/2024\/05\/WhatsApp-Image-2024-05-28-at-3.26.05-PM-1536x1024.jpeg 1536w, https:\/\/www.pm.pb.gov.br\/portal\/wp-content\/uploads\/2024\/05\/WhatsApp-Image-2024-05-28-at-3.26.05-PM-272x182.jpeg 272w\" sizes=\"(max-width: 1600px) 100vw, 1600px\" \/><br><\/p>\n","protected":false},"excerpt":{"rendered":"<p>A Pol\u00edcia Militar da Para\u00edba recebeu a visita de uma comitiva da Inspetoria-Geral das Pol\u00edcias Militares (IGPM), na manh\u00e3 desta<\/p>\n","protected":false},"author":5,"featured_media":922251,"comment_status":"closed","ping_status":"closed","sticky":false,"template":"","format":"standard","meta":{"_exactmetrics_skip_tracking":false,"_exactmetrics_sitenote_active":false,"_exactmetrics_sitenote_note":"","_exactmetrics_sitenote_category":0,"footnotes":""},"categories":[4],"tags":[],"yoast_head":"<!-- This site is optimized with the Yoast SEO plugin v22.0 - https:\/\/yoast.com\/wordpress\/plugins\/seo\/ -->\n<title>PMPB recebe visita de comitiva da Inspetoria-Geral das Pol\u00edcias Militares (IGPM) - Pol\u00edcia Militar da Para\u00edba<\/title>\n<meta name=\"robots\" content=\"index, follow, max-snippet:-1, max-image-preview:large, max-video-preview:-1\" \/>\n<link rel=\"canonical\" href=\"https:\/\/www.pm.pb.gov.br\/portal\/2024\/05\/28\/pmpb-recebe-visita-de-comitiva-da-inspetoria-geral-das-policias-militares-igpm\/\" \/>\n<meta property=\"og:locale\" content=\"pt_BR\" \/>\n<meta property=\"og:type\" content=\"article\" \/>\n<meta property=\"og:title\" content=\"PMPB recebe visita de comitiva da Inspetoria-Geral das Pol\u00edcias Militares (IGPM) - Pol\u00edcia Militar da Para\u00edba\" \/>\n<meta property=\"og:description\" content=\"A Pol\u00edcia Militar da Para\u00edba recebeu a visita de uma comitiva da Inspetoria-Geral das Pol\u00edcias Militares (IGPM), na manh\u00e3 desta\" \/>\n<meta property=\"og:url\" content=\"https:\/\/www.pm.pb.gov.br\/portal\/2024\/05\/28\/pmpb-recebe-visita-de-comitiva-da-inspetoria-geral-das-policias-militares-igpm\/\" \/>\n<meta property=\"og:site_name\" content=\"Pol\u00edcia Militar da Para\u00edba\" \/>\n<meta property=\"article:published_time\" content=\"2024-05-28T18:53:12+00:00\" \/>\n<meta property=\"article:modified_time\" content=\"2024-05-28T18:53:14+00:00\" \/>\n<meta property=\"og:image\" content=\"http:\/\/www.pm.pb.gov.br\/portal\/wp-content\/uploads\/2024\/05\/WhatsApp-Image-2024-05-28-at-3.26.03-PM.jpeg\" \/>\n\t<meta property=\"og:image:width\" content=\"1600\" \/>\n\t<meta property=\"og:image:height\" content=\"1200\" \/>\n\t<meta property=\"og:image:type\" content=\"image\/jpeg\" \/>\n<meta name=\"author\" content=\"Assessoria de Imprensa da PMPB\" \/>\n<meta name=\"twitter:card\" content=\"summary_large_image\" \/>\n<meta name=\"twitter:label1\" content=\"Escrito por\" \/>\n\t<meta name=\"twitter:data1\" content=\"Assessoria de Imprensa da PMPB\" \/>\n\t<meta name=\"twitter:label2\" content=\"Est. tempo de leitura\" \/>\n\t<meta name=\"twitter:data2\" content=\"2 minutos\" \/>\n<script type=\"application\/ld+json\" class=\"yoast-schema-graph\">{\"@context\":\"https:\/\/schema.org\",\"@graph\":[{\"@type\":\"Article\",\"@id\":\"https:\/\/www.pm.pb.gov.br\/portal\/2024\/05\/28\/pmpb-recebe-visita-de-comitiva-da-inspetoria-geral-das-policias-militares-igpm\/#article\",\"isPartOf\":{\"@id\":\"https:\/\/www.pm.pb.gov.br\/portal\/2024\/05\/28\/pmpb-recebe-visita-de-comitiva-da-inspetoria-geral-das-policias-militares-igpm\/\"},\"author\":{\"name\":\"Assessoria de Imprensa da PMPB\",\"@id\":\"https:\/\/www.pm.pb.gov.br\/portal\/#\/schema\/person\/e8454f46651c3ecf0e1ba3c1666d9947\"},\"headline\":\"PMPB recebe visita de comitiva da Inspetoria-Geral das Pol\u00edcias Militares (IGPM)\",\"datePublished\":\"2024-05-28T18:53:12+00:00\",\"dateModified\":\"2024-05-28T18:53:14+00:00\",\"mainEntityOfPage\":{\"@id\":\"https:\/\/www.pm.pb.gov.br\/portal\/2024\/05\/28\/pmpb-recebe-visita-de-comitiva-da-inspetoria-geral-das-policias-militares-igpm\/\"},\"wordCount\":177,\"publisher\":{\"@id\":\"https:\/\/www.pm.pb.gov.br\/portal\/#organization\"},\"articleSection\":[\"A\u00e7\u00f5es Policiais\"],\"inLanguage\":\"pt-BR\"},{\"@type\":\"WebPage\",\"@id\":\"https:\/\/www.pm.pb.gov.br\/portal\/2024\/05\/28\/pmpb-recebe-visita-de-comitiva-da-inspetoria-geral-das-policias-militares-igpm\/\",\"url\":\"https:\/\/www.pm.pb.gov.br\/portal\/2024\/05\/28\/pmpb-recebe-visita-de-comitiva-da-inspetoria-geral-das-policias-militares-igpm\/\",\"name\":\"PMPB recebe visita de comitiva da Inspetoria-Geral das Pol\u00edcias Militares (IGPM) - Pol\u00edcia Militar da Para\u00edba\",\"isPartOf\":{\"@id\":\"https:\/\/www.pm.pb.gov.br\/portal\/#website\"},\"datePublished\":\"2024-05-28T18:53:12+00:00\",\"dateModified\":\"2024-05-28T18:53:14+00:00\",\"breadcrumb\":{\"@id\":\"https:\/\/www.pm.pb.gov.br\/portal\/2024\/05\/28\/pmpb-recebe-visita-de-comitiva-da-inspetoria-geral-das-policias-militares-igpm\/#breadcrumb\"},\"inLanguage\":\"pt-BR\",\"potentialAction\":[{\"@type\":\"ReadAction\",\"target\":[\"https:\/\/www.pm.pb.gov.br\/portal\/2024\/05\/28\/pmpb-recebe-visita-de-comitiva-da-inspetoria-geral-das-policias-militares-igpm\/\"]}]},{\"@type\":\"BreadcrumbList\",\"@id\":\"https:\/\/www.pm.pb.gov.br\/portal\/2024\/05\/28\/pmpb-recebe-visita-de-comitiva-da-inspetoria-geral-das-policias-militares-igpm\/#breadcrumb\",\"itemListElement\":[{\"@type\":\"ListItem\",\"position\":1,\"name\":\"In\u00edcio\",\"item\":\"https:\/\/www.pm.pb.gov.br\/portal\/\"},{\"@type\":\"ListItem\",\"position\":2,\"name\":\"PMPB recebe visita de comitiva da Inspetoria-Geral das Pol\u00edcias Militares (IGPM)\"}]},{\"@type\":\"WebSite\",\"@id\":\"https:\/\/www.pm.pb.gov.br\/portal\/#website\",\"url\":\"https:\/\/www.pm.pb.gov.br\/portal\/\",\"name\":\"Pol\u00edcia Militar da Para\u00edba\",\"description\":\"\",\"publisher\":{\"@id\":\"https:\/\/www.pm.pb.gov.br\/portal\/#organization\"},\"potentialAction\":[{\"@type\":\"SearchAction\",\"target\":{\"@type\":\"EntryPoint\",\"urlTemplate\":\"https:\/\/www.pm.pb.gov.br\/portal\/?s={search_term_string}\"},\"query-input\":\"required name=search_term_string\"}],\"inLanguage\":\"pt-BR\"},{\"@type\":\"Organization\",\"@id\":\"https:\/\/www.pm.pb.gov.br\/portal\/#organization\",\"name\":\"Pol\u00edcia Militar da Para\u00edba\",\"url\":\"https:\/\/www.pm.pb.gov.br\/portal\/\",\"logo\":{\"@type\":\"ImageObject\",\"inLanguage\":\"pt-BR\",\"@id\":\"https:\/\/www.pm.pb.gov.br\/portal\/#\/schema\/logo\/image\/\",\"url\":\"https:\/\/www.pm.pb.gov.br\/portal\/wp-content\/uploads\/2025\/03\/cropped-logo-site-mag2-1.png\",\"contentUrl\":\"https:\/\/www.pm.pb.gov.br\/portal\/wp-content\/uploads\/2025\/03\/cropped-logo-site-mag2-1.png\",\"width\":320,\"height\":90,\"caption\":\"Pol\u00edcia Militar da Para\u00edba\"},\"image\":{\"@id\":\"https:\/\/www.pm.pb.gov.br\/portal\/#\/schema\/logo\/image\/\"}},{\"@type\":\"Person\",\"@id\":\"https:\/\/www.pm.pb.gov.br\/portal\/#\/schema\/person\/e8454f46651c3ecf0e1ba3c1666d9947\",\"name\":\"Assessoria de Imprensa da PMPB\",\"image\":{\"@type\":\"ImageObject\",\"inLanguage\":\"pt-BR\",\"@id\":\"https:\/\/www.pm.pb.gov.br\/portal\/#\/schema\/person\/image\/\",\"url\":\"https:\/\/secure.gravatar.com\/avatar\/2efe197438265d1e90bd98c4c8e1acf8?s=96&d=mm&r=g\",\"contentUrl\":\"https:\/\/secure.gravatar.com\/avatar\/2efe197438265d1e90bd98c4c8e1acf8?s=96&d=mm&r=g\",\"caption\":\"Assessoria de Imprensa da PMPB\"},\"url\":\"https:\/\/www.pm.pb.gov.br\/portal\/author\/assessoria\/\"}]}<\/script>\n<!-- \/ Yoast SEO plugin. -->","yoast_head_json":{"title":"PMPB recebe visita de comitiva da Inspetoria-Geral das Pol\u00edcias Militares (IGPM) - Pol\u00edcia Militar da Para\u00edba","robots":{"index":"index","follow":"follow","max-snippet":"max-snippet:-1","max-image-preview":"max-image-preview:large","max-video-preview":"max-video-preview:-1"},"canonical":"https:\/\/www.pm.pb.gov.br\/portal\/2024\/05\/28\/pmpb-recebe-visita-de-comitiva-da-inspetoria-geral-das-policias-militares-igpm\/","og_locale":"pt_BR","og_type":"article","og_title":"PMPB recebe visita de comitiva da Inspetoria-Geral das Pol\u00edcias Militares (IGPM) - Pol\u00edcia Militar da Para\u00edba","og_description":"A Pol\u00edcia Militar da Para\u00edba recebeu a visita de uma comitiva da Inspetoria-Geral das Pol\u00edcias Militares (IGPM), na manh\u00e3 desta","og_url":"https:\/\/www.pm.pb.gov.br\/portal\/2024\/05\/28\/pmpb-recebe-visita-de-comitiva-da-inspetoria-geral-das-policias-militares-igpm\/","og_site_name":"Pol\u00edcia Militar da Para\u00edba","article_published_time":"2024-05-28T18:53:12+00:00","article_modified_time":"2024-05-28T18:53:14+00:00","og_image":[{"width":1600,"height":1200,"url":"http:\/\/www.pm.pb.gov.br\/portal\/wp-content\/uploads\/2024\/05\/WhatsApp-Image-2024-05-28-at-3.26.03-PM.jpeg","type":"image\/jpeg"}],"author":"Assessoria de Imprensa da PMPB","twitter_card":"summary_large_image","twitter_misc":{"Escrito por":"Assessoria de Imprensa da PMPB","Est. tempo de leitura":"2 minutos"},"schema":{"@context":"https:\/\/schema.org","@graph":[{"@type":"Article","@id":"https:\/\/www.pm.pb.gov.br\/portal\/2024\/05\/28\/pmpb-recebe-visita-de-comitiva-da-inspetoria-geral-das-policias-militares-igpm\/#article","isPartOf":{"@id":"https:\/\/www.pm.pb.gov.br\/portal\/2024\/05\/28\/pmpb-recebe-visita-de-comitiva-da-inspetoria-geral-das-policias-militares-igpm\/"},"author":{"name":"Assessoria de Imprensa da PMPB","@id":"https:\/\/www.pm.pb.gov.br\/portal\/#\/schema\/person\/e8454f46651c3ecf0e1ba3c1666d9947"},"headline":"PMPB recebe visita de comitiva da Inspetoria-Geral das Pol\u00edcias Militares (IGPM)","datePublished":"2024-05-28T18:53:12+00:00","dateModified":"2024-05-28T18:53:14+00:00","mainEntityOfPage":{"@id":"https:\/\/www.pm.pb.gov.br\/portal\/2024\/05\/28\/pmpb-recebe-visita-de-comitiva-da-inspetoria-geral-das-policias-militares-igpm\/"},"wordCount":177,"publisher":{"@id":"https:\/\/www.pm.pb.gov.br\/portal\/#organization"},"articleSection":["A\u00e7\u00f5es Policiais"],"inLanguage":"pt-BR"},{"@type":"WebPage","@id":"https:\/\/www.pm.pb.gov.br\/portal\/2024\/05\/28\/pmpb-recebe-visita-de-comitiva-da-inspetoria-geral-das-policias-militares-igpm\/","url":"https:\/\/www.pm.pb.gov.br\/portal\/2024\/05\/28\/pmpb-recebe-visita-de-comitiva-da-inspetoria-geral-das-policias-militares-igpm\/","name":"PMPB recebe visita de comitiva da Inspetoria-Geral das Pol\u00edcias Militares (IGPM) - Pol\u00edcia Militar da Para\u00edba","isPartOf":{"@id":"https:\/\/www.pm.pb.gov.br\/portal\/#website"},"datePublished":"2024-05-28T18:53:12+00:00","dateModified":"2024-05-28T18:53:14+00:00","breadcrumb":{"@id":"https:\/\/www.pm.pb.gov.br\/portal\/2024\/05\/28\/pmpb-recebe-visita-de-comitiva-da-inspetoria-geral-das-policias-militares-igpm\/#breadcrumb"},"inLanguage":"pt-BR","potentialAction":[{"@type":"ReadAction","target":["https:\/\/www.pm.pb.gov.br\/portal\/2024\/05\/28\/pmpb-recebe-visita-de-comitiva-da-inspetoria-geral-das-policias-militares-igpm\/"]}]},{"@type":"BreadcrumbList","@id":"https:\/\/www.pm.pb.gov.br\/portal\/2024\/05\/28\/pmpb-recebe-visita-de-comitiva-da-inspetoria-geral-das-policias-militares-igpm\/#breadcrumb","itemListElement":[{"@type":"ListItem","position":1,"name":"In\u00edcio","item":"https:\/\/www.pm.pb.gov.br\/portal\/"},{"@type":"ListItem","position":2,"name":"PMPB recebe visita de comitiva da Inspetoria-Geral das Pol\u00edcias Militares (IGPM)"}]},{"@type":"WebSite","@id":"https:\/\/www.pm.pb.gov.br\/portal\/#website","url":"https:\/\/www.pm.pb.gov.br\/portal\/","name":"Pol\u00edcia Militar da Para\u00edba","description":"","publisher":{"@id":"https:\/\/www.pm.pb.gov.br\/portal\/#organization"},"potentialAction":[{"@type":"SearchAction","target":{"@type":"EntryPoint","urlTemplate":"https:\/\/www.pm.pb.gov.br\/portal\/?s={search_term_string}"},"query-input":"required name=search_term_string"}],"inLanguage":"pt-BR"},{"@type":"Organization","@id":"https:\/\/www.pm.pb.gov.br\/portal\/#organization","name":"Pol\u00edcia Militar da Para\u00edba","url":"https:\/\/www.pm.pb.gov.br\/portal\/","logo":{"@type":"ImageObject","inLanguage":"pt-BR","@id":"https:\/\/www.pm.pb.gov.br\/portal\/#\/schema\/logo\/image\/","url":"https:\/\/www.pm.pb.gov.br\/portal\/wp-content\/uploads\/2025\/03\/cropped-logo-site-mag2-1.png","contentUrl":"https:\/\/www.pm.pb.gov.br\/portal\/wp-content\/uploads\/2025\/03\/cropped-logo-site-mag2-1.png","width":320,"height":90,"caption":"Pol\u00edcia Militar da Para\u00edba"},"image":{"@id":"https:\/\/www.pm.pb.gov.br\/portal\/#\/schema\/logo\/image\/"}},{"@type":"Person","@id":"https:\/\/www.pm.pb.gov.br\/portal\/#\/schema\/person\/e8454f46651c3ecf0e1ba3c1666d9947","name":"Assessoria de Imprensa da PMPB","image":{"@type":"ImageObject","inLanguage":"pt-BR","@id":"https:\/\/www.pm.pb.gov.br\/portal\/#\/schema\/person\/image\/","url":"https:\/\/secure.gravatar.com\/avatar\/2efe197438265d1e90bd98c4c8e1acf8?s=96&d=mm&r=g","contentUrl":"https:\/\/secure.gravatar.com\/avatar\/2efe197438265d1e90bd98c4c8e1acf8?s=96&d=mm&r=g","caption":"Assessoria de Imprensa da PMPB"},"url":"https:\/\/www.pm.pb.gov.br\/portal\/author\/assessoria\/"}]}},"_links":{"self":[{"href":"https:\/\/www.pm.pb.gov.br\/portal\/wp-json\/wp\/v2\/posts\/922238"}],"collection":[{"href":"https:\/\/www.pm.pb.gov.br\/portal\/wp-json\/wp\/v2\/posts"}],"about":[{"href":"https:\/\/www.pm.pb.gov.br\/portal\/wp-json\/wp\/v2\/types\/post"}],"author":[{"embeddable":true,"href":"https:\/\/www.pm.pb.gov.br\/portal\/wp-json\/wp\/v2\/users\/5"}],"replies":[{"embeddable":true,"href":"https:\/\/www.pm.pb.gov.br\/portal\/wp-json\/wp\/v2\/comments?post=922238"}],"version-history":[{"count":2,"href":"https:\/\/www.pm.pb.gov.br\/portal\/wp-json\/wp\/v2\/posts\/922238\/revisions"}],"predecessor-version":[{"id":922253,"href":"https:\/\/www.pm.pb.gov.br\/portal\/wp-json\/wp\/v2\/posts\/922238\/revisions\/922253"}],"wp:featuredmedia":[{"embeddable":true,"href":"https:\/\/www.pm.pb.gov.br\/portal\/wp-json\/wp\/v2\/media\/922251"}],"wp:attachment":[{"href":"https:\/\/www.pm.pb.gov.br\/portal\/wp-json\/wp\/v2\/media?parent=922238"}],"wp:term":[{"taxonomy":"category","embeddable":true,"href":"https:\/\/www.pm.pb.gov.br\/portal\/wp-json\/wp\/v2\/categories?post=922238"},{"taxonomy":"post_tag","embeddable":true,"href":"https:\/\/www.pm.pb.gov.br\/portal\/wp-json\/wp\/v2\/tags?post=922238"}],"curies":[{"name":"wp","href":"https:\/\/api.w.org\/{rel}","templated":true}]}}