{"id":922203,"date":"2024-06-29T15:06:33","date_gmt":"2024-06-29T18:06:33","guid":{"rendered":"https:\/\/www.pm.pb.gov.br\/portal\/?p=922203"},"modified":"2024-06-29T15:06:35","modified_gmt":"2024-06-29T18:06:35","slug":"policia-militar-prende-suspeito-por-trafico-de-drogas-e-porte-ilegal-de-arma-na-capital","status":"publish","type":"post","link":"https:\/\/www.pm.pb.gov.br\/portal\/2024\/06\/29\/policia-militar-prende-suspeito-por-trafico-de-drogas-e-porte-ilegal-de-arma-na-capital\/","title":{"rendered":"Pol\u00edcia Militar prende suspeito por tr\u00e1fico de drogas e porte ilegal de arma na Capital"},"content":{"rendered":"\n<p>Em rondas preventivas nesta sexta-feira (28), a guarni\u00e7\u00e3o da For\u00e7a T\u00e1tica do 5\u00b0 Batalh\u00e3o de Pol\u00edcia Militar prendeu um homem acusado de porte ilegal de armas e tr\u00e1fico de drogas no bairro Jos\u00e9 Am\u00e9rico. O suspeito, conhecido por pr\u00e1ticas criminosas na regi\u00e3o, foi avistado pela equipe enquanto pilotava uma motocicleta.<br><br>Ao perceber a aproxima\u00e7\u00e3o da viatura e o alerta sonoro, o indiv\u00edduo tentou fugir, mas perdeu o controle do ve\u00edculo e colidiu com o muro de uma resid\u00eancia. Durante a abordagem, os policiais encontraram um rev\u00f3lver calibre .38 com seis muni\u00e7\u00f5es.<br><br>O Servi\u00e7o de Atendimento M\u00f3vel de Urg\u00eancia (SAMU) foi acionado para prestar socorro ao suspeito. Com o apoio de outra guarni\u00e7\u00e3o, a pol\u00edcia realizou buscas na resid\u00eancia do acusado, onde encontrou drogas. <\/p>\n\n\n<div class=\"wp-block-image\">\n<figure class=\"aligncenter size-large is-resized\"><img loading=\"lazy\" decoding=\"async\" width=\"713\" height=\"570\" src=\"https:\/\/www.pm.pb.gov.br\/portal\/wp-content\/uploads\/2024\/06\/drogas-capital-713x570.jpg\" alt=\"\" class=\"wp-image-922777\" style=\"width:374px;height:auto\" srcset=\"https:\/\/www.pm.pb.gov.br\/portal\/wp-content\/uploads\/2024\/06\/drogas-capital-713x570.jpg 713w, https:\/\/www.pm.pb.gov.br\/portal\/wp-content\/uploads\/2024\/06\/drogas-capital-556x445.jpg 556w, https:\/\/www.pm.pb.gov.br\/portal\/wp-content\/uploads\/2024\/06\/drogas-capital-768x614.jpg 768w, https:\/\/www.pm.pb.gov.br\/portal\/wp-content\/uploads\/2024\/06\/drogas-capital.jpg 1500w\" sizes=\"(max-width: 713px) 100vw, 713px\" \/><\/figure><\/div>\n\n\n<p><br>Todo o material apreendido foi entregue \u00e0 autoridade policial na Delegacia, e o acusado foi encaminhado ao Hospital de Trauma para atendimento devido \u00e0s les\u00f5es causadas pela colis\u00e3o durante a tentativa\u00a0de\u00a0fuga.<\/p>\n","protected":false},"excerpt":{"rendered":"<p>Em rondas preventivas nesta sexta-feira (28), a guarni\u00e7\u00e3o da For\u00e7a T\u00e1tica do 5\u00b0 Batalh\u00e3o de Pol\u00edcia Militar prendeu um homem<\/p>\n","protected":false},"author":20,"featured_media":922776,"comment_status":"closed","ping_status":"closed","sticky":false,"template":"","format":"standard","meta":{"_exactmetrics_skip_tracking":false,"_exactmetrics_sitenote_active":false,"_exactmetrics_sitenote_note":"","_exactmetrics_sitenote_category":0,"footnotes":""},"categories":[4],"tags":[],"yoast_head":"<!-- This site is optimized with the Yoast SEO plugin v22.0 - https:\/\/yoast.com\/wordpress\/plugins\/seo\/ -->\n<title>Pol\u00edcia Militar prende suspeito por tr\u00e1fico de drogas e porte ilegal de arma na Capital - Pol\u00edcia Militar da Para\u00edba<\/title>\n<meta name=\"robots\" content=\"index, follow, max-snippet:-1, max-image-preview:large, max-video-preview:-1\" \/>\n<link rel=\"canonical\" href=\"https:\/\/www.pm.pb.gov.br\/portal\/2024\/06\/29\/policia-militar-prende-suspeito-por-trafico-de-drogas-e-porte-ilegal-de-arma-na-capital\/\" \/>\n<meta property=\"og:locale\" content=\"pt_BR\" \/>\n<meta property=\"og:type\" content=\"article\" \/>\n<meta property=\"og:title\" content=\"Pol\u00edcia Militar prende suspeito por tr\u00e1fico de drogas e porte ilegal de arma na Capital - Pol\u00edcia Militar da Para\u00edba\" \/>\n<meta property=\"og:description\" content=\"Em rondas preventivas nesta sexta-feira (28), a guarni\u00e7\u00e3o da For\u00e7a T\u00e1tica do 5\u00b0 Batalh\u00e3o de Pol\u00edcia Militar prendeu um homem\" \/>\n<meta property=\"og:url\" content=\"https:\/\/www.pm.pb.gov.br\/portal\/2024\/06\/29\/policia-militar-prende-suspeito-por-trafico-de-drogas-e-porte-ilegal-de-arma-na-capital\/\" \/>\n<meta property=\"og:site_name\" content=\"Pol\u00edcia Militar da Para\u00edba\" \/>\n<meta property=\"article:published_time\" content=\"2024-06-29T18:06:33+00:00\" \/>\n<meta property=\"article:modified_time\" content=\"2024-06-29T18:06:35+00:00\" \/>\n<meta property=\"og:image\" content=\"http:\/\/www.pm.pb.gov.br\/portal\/wp-content\/uploads\/2024\/06\/drogas-capital-2-scaled.jpg\" \/>\n\t<meta property=\"og:image:width\" content=\"2560\" \/>\n\t<meta property=\"og:image:height\" content=\"2048\" \/>\n\t<meta property=\"og:image:type\" content=\"image\/jpeg\" \/>\n<meta name=\"author\" content=\"Costa\" \/>\n<meta name=\"twitter:card\" content=\"summary_large_image\" \/>\n<meta name=\"twitter:label1\" content=\"Escrito por\" \/>\n\t<meta name=\"twitter:data1\" content=\"Costa\" \/>\n\t<meta name=\"twitter:label2\" content=\"Est. tempo de leitura\" \/>\n\t<meta name=\"twitter:data2\" content=\"2 minutos\" \/>\n<script type=\"application\/ld+json\" class=\"yoast-schema-graph\">{\"@context\":\"https:\/\/schema.org\",\"@graph\":[{\"@type\":\"Article\",\"@id\":\"https:\/\/www.pm.pb.gov.br\/portal\/2024\/06\/29\/policia-militar-prende-suspeito-por-trafico-de-drogas-e-porte-ilegal-de-arma-na-capital\/#article\",\"isPartOf\":{\"@id\":\"https:\/\/www.pm.pb.gov.br\/portal\/2024\/06\/29\/policia-militar-prende-suspeito-por-trafico-de-drogas-e-porte-ilegal-de-arma-na-capital\/\"},\"author\":{\"name\":\"Costa\",\"@id\":\"https:\/\/www.pm.pb.gov.br\/portal\/#\/schema\/person\/cd0ee328f566c27a60bcea53378a3631\"},\"headline\":\"Pol\u00edcia Militar prende suspeito por tr\u00e1fico de drogas e porte ilegal de arma na Capital\",\"datePublished\":\"2024-06-29T18:06:33+00:00\",\"dateModified\":\"2024-06-29T18:06:35+00:00\",\"mainEntityOfPage\":{\"@id\":\"https:\/\/www.pm.pb.gov.br\/portal\/2024\/06\/29\/policia-militar-prende-suspeito-por-trafico-de-drogas-e-porte-ilegal-de-arma-na-capital\/\"},\"wordCount\":192,\"publisher\":{\"@id\":\"https:\/\/www.pm.pb.gov.br\/portal\/#organization\"},\"articleSection\":[\"A\u00e7\u00f5es Policiais\"],\"inLanguage\":\"pt-BR\"},{\"@type\":\"WebPage\",\"@id\":\"https:\/\/www.pm.pb.gov.br\/portal\/2024\/06\/29\/policia-militar-prende-suspeito-por-trafico-de-drogas-e-porte-ilegal-de-arma-na-capital\/\",\"url\":\"https:\/\/www.pm.pb.gov.br\/portal\/2024\/06\/29\/policia-militar-prende-suspeito-por-trafico-de-drogas-e-porte-ilegal-de-arma-na-capital\/\",\"name\":\"Pol\u00edcia Militar prende suspeito por tr\u00e1fico de drogas e porte ilegal de arma na Capital - Pol\u00edcia Militar da Para\u00edba\",\"isPartOf\":{\"@id\":\"https:\/\/www.pm.pb.gov.br\/portal\/#website\"},\"datePublished\":\"2024-06-29T18:06:33+00:00\",\"dateModified\":\"2024-06-29T18:06:35+00:00\",\"breadcrumb\":{\"@id\":\"https:\/\/www.pm.pb.gov.br\/portal\/2024\/06\/29\/policia-militar-prende-suspeito-por-trafico-de-drogas-e-porte-ilegal-de-arma-na-capital\/#breadcrumb\"},\"inLanguage\":\"pt-BR\",\"potentialAction\":[{\"@type\":\"ReadAction\",\"target\":[\"https:\/\/www.pm.pb.gov.br\/portal\/2024\/06\/29\/policia-militar-prende-suspeito-por-trafico-de-drogas-e-porte-ilegal-de-arma-na-capital\/\"]}]},{\"@type\":\"BreadcrumbList\",\"@id\":\"https:\/\/www.pm.pb.gov.br\/portal\/2024\/06\/29\/policia-militar-prende-suspeito-por-trafico-de-drogas-e-porte-ilegal-de-arma-na-capital\/#breadcrumb\",\"itemListElement\":[{\"@type\":\"ListItem\",\"position\":1,\"name\":\"In\u00edcio\",\"item\":\"https:\/\/www.pm.pb.gov.br\/portal\/\"},{\"@type\":\"ListItem\",\"position\":2,\"name\":\"Pol\u00edcia Militar prende suspeito por tr\u00e1fico de drogas e porte ilegal de arma na Capital\"}]},{\"@type\":\"WebSite\",\"@id\":\"https:\/\/www.pm.pb.gov.br\/portal\/#website\",\"url\":\"https:\/\/www.pm.pb.gov.br\/portal\/\",\"name\":\"Pol\u00edcia Militar da Para\u00edba\",\"description\":\"\",\"publisher\":{\"@id\":\"https:\/\/www.pm.pb.gov.br\/portal\/#organization\"},\"potentialAction\":[{\"@type\":\"SearchAction\",\"target\":{\"@type\":\"EntryPoint\",\"urlTemplate\":\"https:\/\/www.pm.pb.gov.br\/portal\/?s={search_term_string}\"},\"query-input\":\"required name=search_term_string\"}],\"inLanguage\":\"pt-BR\"},{\"@type\":\"Organization\",\"@id\":\"https:\/\/www.pm.pb.gov.br\/portal\/#organization\",\"name\":\"Pol\u00edcia Militar da Para\u00edba\",\"url\":\"https:\/\/www.pm.pb.gov.br\/portal\/\",\"logo\":{\"@type\":\"ImageObject\",\"inLanguage\":\"pt-BR\",\"@id\":\"https:\/\/www.pm.pb.gov.br\/portal\/#\/schema\/logo\/image\/\",\"url\":\"https:\/\/www.pm.pb.gov.br\/portal\/wp-content\/uploads\/2025\/03\/cropped-logo-site-mag2-1.png\",\"contentUrl\":\"https:\/\/www.pm.pb.gov.br\/portal\/wp-content\/uploads\/2025\/03\/cropped-logo-site-mag2-1.png\",\"width\":320,\"height\":90,\"caption\":\"Pol\u00edcia Militar da Para\u00edba\"},\"image\":{\"@id\":\"https:\/\/www.pm.pb.gov.br\/portal\/#\/schema\/logo\/image\/\"}},{\"@type\":\"Person\",\"@id\":\"https:\/\/www.pm.pb.gov.br\/portal\/#\/schema\/person\/cd0ee328f566c27a60bcea53378a3631\",\"name\":\"Costa\",\"image\":{\"@type\":\"ImageObject\",\"inLanguage\":\"pt-BR\",\"@id\":\"https:\/\/www.pm.pb.gov.br\/portal\/#\/schema\/person\/image\/\",\"url\":\"https:\/\/secure.gravatar.com\/avatar\/394662f0181a067b383781808e0d8639?s=96&d=mm&r=g\",\"contentUrl\":\"https:\/\/secure.gravatar.com\/avatar\/394662f0181a067b383781808e0d8639?s=96&d=mm&r=g\",\"caption\":\"Costa\"},\"url\":\"https:\/\/www.pm.pb.gov.br\/portal\/author\/suely\/\"}]}<\/script>\n<!-- \/ Yoast SEO plugin. -->","yoast_head_json":{"title":"Pol\u00edcia Militar prende suspeito por tr\u00e1fico de drogas e porte ilegal de arma na Capital - Pol\u00edcia Militar da Para\u00edba","robots":{"index":"index","follow":"follow","max-snippet":"max-snippet:-1","max-image-preview":"max-image-preview:large","max-video-preview":"max-video-preview:-1"},"canonical":"https:\/\/www.pm.pb.gov.br\/portal\/2024\/06\/29\/policia-militar-prende-suspeito-por-trafico-de-drogas-e-porte-ilegal-de-arma-na-capital\/","og_locale":"pt_BR","og_type":"article","og_title":"Pol\u00edcia Militar prende suspeito por tr\u00e1fico de drogas e porte ilegal de arma na Capital - Pol\u00edcia Militar da Para\u00edba","og_description":"Em rondas preventivas nesta sexta-feira (28), a guarni\u00e7\u00e3o da For\u00e7a T\u00e1tica do 5\u00b0 Batalh\u00e3o de Pol\u00edcia Militar prendeu um homem","og_url":"https:\/\/www.pm.pb.gov.br\/portal\/2024\/06\/29\/policia-militar-prende-suspeito-por-trafico-de-drogas-e-porte-ilegal-de-arma-na-capital\/","og_site_name":"Pol\u00edcia Militar da Para\u00edba","article_published_time":"2024-06-29T18:06:33+00:00","article_modified_time":"2024-06-29T18:06:35+00:00","og_image":[{"width":2560,"height":2048,"url":"http:\/\/www.pm.pb.gov.br\/portal\/wp-content\/uploads\/2024\/06\/drogas-capital-2-scaled.jpg","type":"image\/jpeg"}],"author":"Costa","twitter_card":"summary_large_image","twitter_misc":{"Escrito por":"Costa","Est. tempo de leitura":"2 minutos"},"schema":{"@context":"https:\/\/schema.org","@graph":[{"@type":"Article","@id":"https:\/\/www.pm.pb.gov.br\/portal\/2024\/06\/29\/policia-militar-prende-suspeito-por-trafico-de-drogas-e-porte-ilegal-de-arma-na-capital\/#article","isPartOf":{"@id":"https:\/\/www.pm.pb.gov.br\/portal\/2024\/06\/29\/policia-militar-prende-suspeito-por-trafico-de-drogas-e-porte-ilegal-de-arma-na-capital\/"},"author":{"name":"Costa","@id":"https:\/\/www.pm.pb.gov.br\/portal\/#\/schema\/person\/cd0ee328f566c27a60bcea53378a3631"},"headline":"Pol\u00edcia Militar prende suspeito por tr\u00e1fico de drogas e porte ilegal de arma na Capital","datePublished":"2024-06-29T18:06:33+00:00","dateModified":"2024-06-29T18:06:35+00:00","mainEntityOfPage":{"@id":"https:\/\/www.pm.pb.gov.br\/portal\/2024\/06\/29\/policia-militar-prende-suspeito-por-trafico-de-drogas-e-porte-ilegal-de-arma-na-capital\/"},"wordCount":192,"publisher":{"@id":"https:\/\/www.pm.pb.gov.br\/portal\/#organization"},"articleSection":["A\u00e7\u00f5es Policiais"],"inLanguage":"pt-BR"},{"@type":"WebPage","@id":"https:\/\/www.pm.pb.gov.br\/portal\/2024\/06\/29\/policia-militar-prende-suspeito-por-trafico-de-drogas-e-porte-ilegal-de-arma-na-capital\/","url":"https:\/\/www.pm.pb.gov.br\/portal\/2024\/06\/29\/policia-militar-prende-suspeito-por-trafico-de-drogas-e-porte-ilegal-de-arma-na-capital\/","name":"Pol\u00edcia Militar prende suspeito por tr\u00e1fico de drogas e porte ilegal de arma na Capital - Pol\u00edcia Militar da Para\u00edba","isPartOf":{"@id":"https:\/\/www.pm.pb.gov.br\/portal\/#website"},"datePublished":"2024-06-29T18:06:33+00:00","dateModified":"2024-06-29T18:06:35+00:00","breadcrumb":{"@id":"https:\/\/www.pm.pb.gov.br\/portal\/2024\/06\/29\/policia-militar-prende-suspeito-por-trafico-de-drogas-e-porte-ilegal-de-arma-na-capital\/#breadcrumb"},"inLanguage":"pt-BR","potentialAction":[{"@type":"ReadAction","target":["https:\/\/www.pm.pb.gov.br\/portal\/2024\/06\/29\/policia-militar-prende-suspeito-por-trafico-de-drogas-e-porte-ilegal-de-arma-na-capital\/"]}]},{"@type":"BreadcrumbList","@id":"https:\/\/www.pm.pb.gov.br\/portal\/2024\/06\/29\/policia-militar-prende-suspeito-por-trafico-de-drogas-e-porte-ilegal-de-arma-na-capital\/#breadcrumb","itemListElement":[{"@type":"ListItem","position":1,"name":"In\u00edcio","item":"https:\/\/www.pm.pb.gov.br\/portal\/"},{"@type":"ListItem","position":2,"name":"Pol\u00edcia Militar prende suspeito por tr\u00e1fico de drogas e porte ilegal de arma na Capital"}]},{"@type":"WebSite","@id":"https:\/\/www.pm.pb.gov.br\/portal\/#website","url":"https:\/\/www.pm.pb.gov.br\/portal\/","name":"Pol\u00edcia Militar da Para\u00edba","description":"","publisher":{"@id":"https:\/\/www.pm.pb.gov.br\/portal\/#organization"},"potentialAction":[{"@type":"SearchAction","target":{"@type":"EntryPoint","urlTemplate":"https:\/\/www.pm.pb.gov.br\/portal\/?s={search_term_string}"},"query-input":"required name=search_term_string"}],"inLanguage":"pt-BR"},{"@type":"Organization","@id":"https:\/\/www.pm.pb.gov.br\/portal\/#organization","name":"Pol\u00edcia Militar da Para\u00edba","url":"https:\/\/www.pm.pb.gov.br\/portal\/","logo":{"@type":"ImageObject","inLanguage":"pt-BR","@id":"https:\/\/www.pm.pb.gov.br\/portal\/#\/schema\/logo\/image\/","url":"https:\/\/www.pm.pb.gov.br\/portal\/wp-content\/uploads\/2025\/03\/cropped-logo-site-mag2-1.png","contentUrl":"https:\/\/www.pm.pb.gov.br\/portal\/wp-content\/uploads\/2025\/03\/cropped-logo-site-mag2-1.png","width":320,"height":90,"caption":"Pol\u00edcia Militar da Para\u00edba"},"image":{"@id":"https:\/\/www.pm.pb.gov.br\/portal\/#\/schema\/logo\/image\/"}},{"@type":"Person","@id":"https:\/\/www.pm.pb.gov.br\/portal\/#\/schema\/person\/cd0ee328f566c27a60bcea53378a3631","name":"Costa","image":{"@type":"ImageObject","inLanguage":"pt-BR","@id":"https:\/\/www.pm.pb.gov.br\/portal\/#\/schema\/person\/image\/","url":"https:\/\/secure.gravatar.com\/avatar\/394662f0181a067b383781808e0d8639?s=96&d=mm&r=g","contentUrl":"https:\/\/secure.gravatar.com\/avatar\/394662f0181a067b383781808e0d8639?s=96&d=mm&r=g","caption":"Costa"},"url":"https:\/\/www.pm.pb.gov.br\/portal\/author\/suely\/"}]}},"_links":{"self":[{"href":"https:\/\/www.pm.pb.gov.br\/portal\/wp-json\/wp\/v2\/posts\/922203"}],"collection":[{"href":"https:\/\/www.pm.pb.gov.br\/portal\/wp-json\/wp\/v2\/posts"}],"about":[{"href":"https:\/\/www.pm.pb.gov.br\/portal\/wp-json\/wp\/v2\/types\/post"}],"author":[{"embeddable":true,"href":"https:\/\/www.pm.pb.gov.br\/portal\/wp-json\/wp\/v2\/users\/20"}],"replies":[{"embeddable":true,"href":"https:\/\/www.pm.pb.gov.br\/portal\/wp-json\/wp\/v2\/comments?post=922203"}],"version-history":[{"count":2,"href":"https:\/\/www.pm.pb.gov.br\/portal\/wp-json\/wp\/v2\/posts\/922203\/revisions"}],"predecessor-version":[{"id":922778,"href":"https:\/\/www.pm.pb.gov.br\/portal\/wp-json\/wp\/v2\/posts\/922203\/revisions\/922778"}],"wp:featuredmedia":[{"embeddable":true,"href":"https:\/\/www.pm.pb.gov.br\/portal\/wp-json\/wp\/v2\/media\/922776"}],"wp:attachment":[{"href":"https:\/\/www.pm.pb.gov.br\/portal\/wp-json\/wp\/v2\/media?parent=922203"}],"wp:term":[{"taxonomy":"category","embeddable":true,"href":"https:\/\/www.pm.pb.gov.br\/portal\/wp-json\/wp\/v2\/categories?post=922203"},{"taxonomy":"post_tag","embeddable":true,"href":"https:\/\/www.pm.pb.gov.br\/portal\/wp-json\/wp\/v2\/tags?post=922203"}],"curies":[{"name":"wp","href":"https:\/\/api.w.org\/{rel}","templated":true}]}}