{"id":922194,"date":"2024-05-25T18:49:55","date_gmt":"2024-05-25T21:49:55","guid":{"rendered":"https:\/\/www.pm.pb.gov.br\/portal\/?p=922194"},"modified":"2024-05-25T18:49:57","modified_gmt":"2024-05-25T21:49:57","slug":"policia-militar-prende-suspeito-armado-e-apreende-drogas-em-mamanguape","status":"publish","type":"post","link":"https:\/\/www.pm.pb.gov.br\/portal\/2024\/05\/25\/policia-militar-prende-suspeito-armado-e-apreende-drogas-em-mamanguape\/","title":{"rendered":"Pol\u00edcia Militar prende suspeito armado e apreende drogas em Mamanguape"},"content":{"rendered":"\n<p>Na noite de sexta-feira (24), uma guarni\u00e7\u00e3o da 2\u00aa Companhia Independente de Pol\u00edcia Militar (CIPM) realizou a pris\u00e3o de um suspeito na cidade de Mamanguape. <br><br>Durante a abordagem, os policiais encontraram com ele um rev\u00f3lver, muni\u00e7\u00f5es e v\u00e1rias por\u00e7\u00f5es de drogas. O homem, que j\u00e1 possu\u00eda um hist\u00f3rico criminal por tentativa de homic\u00eddio, porte ilegal de arma e tr\u00e1fico de drogas, foi novamente detido pelas autoridades com todo o material il\u00edcito (foto destacada).<br><br>J\u00e1 no s\u00e1bado (25), policiais militares da For\u00e7a T\u00e1tica da 2\u00aa CIPM estavam realizando rondas ostensivas no centro da cidade quando avistaram um homem em atitude suspeita. Ao perceber a presen\u00e7a dos policiais, o homem lan\u00e7ou um pacote em um terreno baldio e fugiu, conseguindo escapar. Ap\u00f3s uma varredura no local, os policiais encontraram o pacote, que continha mais de 370 por\u00e7\u00f5es de subst\u00e2ncia an\u00e1loga \u00e0 coca\u00edna, uma balan\u00e7a de precis\u00e3o e dois sacos pl\u00e1sticos com v\u00e1rios pinos vazios (foto abaixo).<\/p>\n\n\n\n<figure class=\"wp-block-image size-large\"><img loading=\"lazy\" decoding=\"async\" width=\"760\" height=\"570\" src=\"https:\/\/www.pm.pb.gov.br\/portal\/wp-content\/uploads\/2024\/05\/drogas-mamanguape-760x570.jpg\" alt=\"\" class=\"wp-image-922199\" srcset=\"https:\/\/www.pm.pb.gov.br\/portal\/wp-content\/uploads\/2024\/05\/drogas-mamanguape-760x570.jpg 760w, https:\/\/www.pm.pb.gov.br\/portal\/wp-content\/uploads\/2024\/05\/drogas-mamanguape-593x445.jpg 593w, https:\/\/www.pm.pb.gov.br\/portal\/wp-content\/uploads\/2024\/05\/drogas-mamanguape-768x576.jpg 768w, https:\/\/www.pm.pb.gov.br\/portal\/wp-content\/uploads\/2024\/05\/drogas-mamanguape-1536x1152.jpg 1536w, https:\/\/www.pm.pb.gov.br\/portal\/wp-content\/uploads\/2024\/05\/drogas-mamanguape.jpg 1600w\" sizes=\"(max-width: 760px) 100vw, 760px\" \/><\/figure>\n\n\n\n<p><br>O suspeito e todo o material foram encaminhados \u00e0 Delegacia de Pol\u00edcia Civil para os procedimentos legais.<br><\/p>\n","protected":false},"excerpt":{"rendered":"<p>Na noite de sexta-feira (24), uma guarni\u00e7\u00e3o da 2\u00aa Companhia Independente de Pol\u00edcia Militar (CIPM) realizou a pris\u00e3o de um<\/p>\n","protected":false},"author":5,"featured_media":922200,"comment_status":"closed","ping_status":"closed","sticky":false,"template":"","format":"standard","meta":{"_exactmetrics_skip_tracking":false,"_exactmetrics_sitenote_active":false,"_exactmetrics_sitenote_note":"","_exactmetrics_sitenote_category":0,"footnotes":""},"categories":[4],"tags":[],"yoast_head":"<!-- This site is optimized with the Yoast SEO plugin v22.0 - https:\/\/yoast.com\/wordpress\/plugins\/seo\/ -->\n<title>Pol\u00edcia Militar prende suspeito armado e apreende drogas em Mamanguape - Pol\u00edcia Militar da Para\u00edba<\/title>\n<meta name=\"robots\" content=\"index, follow, max-snippet:-1, max-image-preview:large, max-video-preview:-1\" \/>\n<link rel=\"canonical\" href=\"https:\/\/www.pm.pb.gov.br\/portal\/2024\/05\/25\/policia-militar-prende-suspeito-armado-e-apreende-drogas-em-mamanguape\/\" \/>\n<meta property=\"og:locale\" content=\"pt_BR\" \/>\n<meta property=\"og:type\" content=\"article\" \/>\n<meta property=\"og:title\" content=\"Pol\u00edcia Militar prende suspeito armado e apreende drogas em Mamanguape - Pol\u00edcia Militar da Para\u00edba\" \/>\n<meta property=\"og:description\" content=\"Na noite de sexta-feira (24), uma guarni\u00e7\u00e3o da 2\u00aa Companhia Independente de Pol\u00edcia Militar (CIPM) realizou a pris\u00e3o de um\" \/>\n<meta property=\"og:url\" content=\"https:\/\/www.pm.pb.gov.br\/portal\/2024\/05\/25\/policia-militar-prende-suspeito-armado-e-apreende-drogas-em-mamanguape\/\" \/>\n<meta property=\"og:site_name\" content=\"Pol\u00edcia Militar da Para\u00edba\" \/>\n<meta property=\"article:published_time\" content=\"2024-05-25T21:49:55+00:00\" \/>\n<meta property=\"article:modified_time\" content=\"2024-05-25T21:49:57+00:00\" \/>\n<meta property=\"og:image\" content=\"http:\/\/www.pm.pb.gov.br\/portal\/wp-content\/uploads\/2024\/05\/arma-e-drogas-mamanguape.jpg\" \/>\n\t<meta property=\"og:image:width\" content=\"1179\" \/>\n\t<meta property=\"og:image:height\" content=\"861\" \/>\n\t<meta property=\"og:image:type\" content=\"image\/jpeg\" \/>\n<meta name=\"author\" content=\"Assessoria de Imprensa da PMPB\" \/>\n<meta name=\"twitter:card\" content=\"summary_large_image\" \/>\n<meta name=\"twitter:label1\" content=\"Escrito por\" \/>\n\t<meta name=\"twitter:data1\" content=\"Assessoria de Imprensa da PMPB\" \/>\n\t<meta name=\"twitter:label2\" content=\"Est. tempo de leitura\" \/>\n\t<meta name=\"twitter:data2\" content=\"2 minutos\" \/>\n<script type=\"application\/ld+json\" class=\"yoast-schema-graph\">{\"@context\":\"https:\/\/schema.org\",\"@graph\":[{\"@type\":\"Article\",\"@id\":\"https:\/\/www.pm.pb.gov.br\/portal\/2024\/05\/25\/policia-militar-prende-suspeito-armado-e-apreende-drogas-em-mamanguape\/#article\",\"isPartOf\":{\"@id\":\"https:\/\/www.pm.pb.gov.br\/portal\/2024\/05\/25\/policia-militar-prende-suspeito-armado-e-apreende-drogas-em-mamanguape\/\"},\"author\":{\"name\":\"Assessoria de Imprensa da PMPB\",\"@id\":\"https:\/\/www.pm.pb.gov.br\/portal\/#\/schema\/person\/e8454f46651c3ecf0e1ba3c1666d9947\"},\"headline\":\"Pol\u00edcia Militar prende suspeito armado e apreende drogas em Mamanguape\",\"datePublished\":\"2024-05-25T21:49:55+00:00\",\"dateModified\":\"2024-05-25T21:49:57+00:00\",\"mainEntityOfPage\":{\"@id\":\"https:\/\/www.pm.pb.gov.br\/portal\/2024\/05\/25\/policia-militar-prende-suspeito-armado-e-apreende-drogas-em-mamanguape\/\"},\"wordCount\":202,\"publisher\":{\"@id\":\"https:\/\/www.pm.pb.gov.br\/portal\/#organization\"},\"articleSection\":[\"A\u00e7\u00f5es Policiais\"],\"inLanguage\":\"pt-BR\"},{\"@type\":\"WebPage\",\"@id\":\"https:\/\/www.pm.pb.gov.br\/portal\/2024\/05\/25\/policia-militar-prende-suspeito-armado-e-apreende-drogas-em-mamanguape\/\",\"url\":\"https:\/\/www.pm.pb.gov.br\/portal\/2024\/05\/25\/policia-militar-prende-suspeito-armado-e-apreende-drogas-em-mamanguape\/\",\"name\":\"Pol\u00edcia Militar prende suspeito armado e apreende drogas em Mamanguape - Pol\u00edcia Militar da Para\u00edba\",\"isPartOf\":{\"@id\":\"https:\/\/www.pm.pb.gov.br\/portal\/#website\"},\"datePublished\":\"2024-05-25T21:49:55+00:00\",\"dateModified\":\"2024-05-25T21:49:57+00:00\",\"breadcrumb\":{\"@id\":\"https:\/\/www.pm.pb.gov.br\/portal\/2024\/05\/25\/policia-militar-prende-suspeito-armado-e-apreende-drogas-em-mamanguape\/#breadcrumb\"},\"inLanguage\":\"pt-BR\",\"potentialAction\":[{\"@type\":\"ReadAction\",\"target\":[\"https:\/\/www.pm.pb.gov.br\/portal\/2024\/05\/25\/policia-militar-prende-suspeito-armado-e-apreende-drogas-em-mamanguape\/\"]}]},{\"@type\":\"BreadcrumbList\",\"@id\":\"https:\/\/www.pm.pb.gov.br\/portal\/2024\/05\/25\/policia-militar-prende-suspeito-armado-e-apreende-drogas-em-mamanguape\/#breadcrumb\",\"itemListElement\":[{\"@type\":\"ListItem\",\"position\":1,\"name\":\"In\u00edcio\",\"item\":\"https:\/\/www.pm.pb.gov.br\/portal\/\"},{\"@type\":\"ListItem\",\"position\":2,\"name\":\"Pol\u00edcia Militar prende suspeito armado e apreende drogas em Mamanguape\"}]},{\"@type\":\"WebSite\",\"@id\":\"https:\/\/www.pm.pb.gov.br\/portal\/#website\",\"url\":\"https:\/\/www.pm.pb.gov.br\/portal\/\",\"name\":\"Pol\u00edcia Militar da Para\u00edba\",\"description\":\"\",\"publisher\":{\"@id\":\"https:\/\/www.pm.pb.gov.br\/portal\/#organization\"},\"potentialAction\":[{\"@type\":\"SearchAction\",\"target\":{\"@type\":\"EntryPoint\",\"urlTemplate\":\"https:\/\/www.pm.pb.gov.br\/portal\/?s={search_term_string}\"},\"query-input\":\"required name=search_term_string\"}],\"inLanguage\":\"pt-BR\"},{\"@type\":\"Organization\",\"@id\":\"https:\/\/www.pm.pb.gov.br\/portal\/#organization\",\"name\":\"Pol\u00edcia Militar da Para\u00edba\",\"url\":\"https:\/\/www.pm.pb.gov.br\/portal\/\",\"logo\":{\"@type\":\"ImageObject\",\"inLanguage\":\"pt-BR\",\"@id\":\"https:\/\/www.pm.pb.gov.br\/portal\/#\/schema\/logo\/image\/\",\"url\":\"https:\/\/www.pm.pb.gov.br\/portal\/wp-content\/uploads\/2025\/03\/cropped-logo-site-mag2-1.png\",\"contentUrl\":\"https:\/\/www.pm.pb.gov.br\/portal\/wp-content\/uploads\/2025\/03\/cropped-logo-site-mag2-1.png\",\"width\":320,\"height\":90,\"caption\":\"Pol\u00edcia Militar da Para\u00edba\"},\"image\":{\"@id\":\"https:\/\/www.pm.pb.gov.br\/portal\/#\/schema\/logo\/image\/\"}},{\"@type\":\"Person\",\"@id\":\"https:\/\/www.pm.pb.gov.br\/portal\/#\/schema\/person\/e8454f46651c3ecf0e1ba3c1666d9947\",\"name\":\"Assessoria de Imprensa da PMPB\",\"image\":{\"@type\":\"ImageObject\",\"inLanguage\":\"pt-BR\",\"@id\":\"https:\/\/www.pm.pb.gov.br\/portal\/#\/schema\/person\/image\/\",\"url\":\"https:\/\/secure.gravatar.com\/avatar\/2efe197438265d1e90bd98c4c8e1acf8?s=96&d=mm&r=g\",\"contentUrl\":\"https:\/\/secure.gravatar.com\/avatar\/2efe197438265d1e90bd98c4c8e1acf8?s=96&d=mm&r=g\",\"caption\":\"Assessoria de Imprensa da PMPB\"},\"url\":\"https:\/\/www.pm.pb.gov.br\/portal\/author\/assessoria\/\"}]}<\/script>\n<!-- \/ Yoast SEO plugin. -->","yoast_head_json":{"title":"Pol\u00edcia Militar prende suspeito armado e apreende drogas em Mamanguape - Pol\u00edcia Militar da Para\u00edba","robots":{"index":"index","follow":"follow","max-snippet":"max-snippet:-1","max-image-preview":"max-image-preview:large","max-video-preview":"max-video-preview:-1"},"canonical":"https:\/\/www.pm.pb.gov.br\/portal\/2024\/05\/25\/policia-militar-prende-suspeito-armado-e-apreende-drogas-em-mamanguape\/","og_locale":"pt_BR","og_type":"article","og_title":"Pol\u00edcia Militar prende suspeito armado e apreende drogas em Mamanguape - Pol\u00edcia Militar da Para\u00edba","og_description":"Na noite de sexta-feira (24), uma guarni\u00e7\u00e3o da 2\u00aa Companhia Independente de Pol\u00edcia Militar (CIPM) realizou a pris\u00e3o de um","og_url":"https:\/\/www.pm.pb.gov.br\/portal\/2024\/05\/25\/policia-militar-prende-suspeito-armado-e-apreende-drogas-em-mamanguape\/","og_site_name":"Pol\u00edcia Militar da Para\u00edba","article_published_time":"2024-05-25T21:49:55+00:00","article_modified_time":"2024-05-25T21:49:57+00:00","og_image":[{"width":1179,"height":861,"url":"http:\/\/www.pm.pb.gov.br\/portal\/wp-content\/uploads\/2024\/05\/arma-e-drogas-mamanguape.jpg","type":"image\/jpeg"}],"author":"Assessoria de Imprensa da PMPB","twitter_card":"summary_large_image","twitter_misc":{"Escrito por":"Assessoria de Imprensa da PMPB","Est. tempo de leitura":"2 minutos"},"schema":{"@context":"https:\/\/schema.org","@graph":[{"@type":"Article","@id":"https:\/\/www.pm.pb.gov.br\/portal\/2024\/05\/25\/policia-militar-prende-suspeito-armado-e-apreende-drogas-em-mamanguape\/#article","isPartOf":{"@id":"https:\/\/www.pm.pb.gov.br\/portal\/2024\/05\/25\/policia-militar-prende-suspeito-armado-e-apreende-drogas-em-mamanguape\/"},"author":{"name":"Assessoria de Imprensa da PMPB","@id":"https:\/\/www.pm.pb.gov.br\/portal\/#\/schema\/person\/e8454f46651c3ecf0e1ba3c1666d9947"},"headline":"Pol\u00edcia Militar prende suspeito armado e apreende drogas em Mamanguape","datePublished":"2024-05-25T21:49:55+00:00","dateModified":"2024-05-25T21:49:57+00:00","mainEntityOfPage":{"@id":"https:\/\/www.pm.pb.gov.br\/portal\/2024\/05\/25\/policia-militar-prende-suspeito-armado-e-apreende-drogas-em-mamanguape\/"},"wordCount":202,"publisher":{"@id":"https:\/\/www.pm.pb.gov.br\/portal\/#organization"},"articleSection":["A\u00e7\u00f5es Policiais"],"inLanguage":"pt-BR"},{"@type":"WebPage","@id":"https:\/\/www.pm.pb.gov.br\/portal\/2024\/05\/25\/policia-militar-prende-suspeito-armado-e-apreende-drogas-em-mamanguape\/","url":"https:\/\/www.pm.pb.gov.br\/portal\/2024\/05\/25\/policia-militar-prende-suspeito-armado-e-apreende-drogas-em-mamanguape\/","name":"Pol\u00edcia Militar prende suspeito armado e apreende drogas em Mamanguape - Pol\u00edcia Militar da Para\u00edba","isPartOf":{"@id":"https:\/\/www.pm.pb.gov.br\/portal\/#website"},"datePublished":"2024-05-25T21:49:55+00:00","dateModified":"2024-05-25T21:49:57+00:00","breadcrumb":{"@id":"https:\/\/www.pm.pb.gov.br\/portal\/2024\/05\/25\/policia-militar-prende-suspeito-armado-e-apreende-drogas-em-mamanguape\/#breadcrumb"},"inLanguage":"pt-BR","potentialAction":[{"@type":"ReadAction","target":["https:\/\/www.pm.pb.gov.br\/portal\/2024\/05\/25\/policia-militar-prende-suspeito-armado-e-apreende-drogas-em-mamanguape\/"]}]},{"@type":"BreadcrumbList","@id":"https:\/\/www.pm.pb.gov.br\/portal\/2024\/05\/25\/policia-militar-prende-suspeito-armado-e-apreende-drogas-em-mamanguape\/#breadcrumb","itemListElement":[{"@type":"ListItem","position":1,"name":"In\u00edcio","item":"https:\/\/www.pm.pb.gov.br\/portal\/"},{"@type":"ListItem","position":2,"name":"Pol\u00edcia Militar prende suspeito armado e apreende drogas em Mamanguape"}]},{"@type":"WebSite","@id":"https:\/\/www.pm.pb.gov.br\/portal\/#website","url":"https:\/\/www.pm.pb.gov.br\/portal\/","name":"Pol\u00edcia Militar da Para\u00edba","description":"","publisher":{"@id":"https:\/\/www.pm.pb.gov.br\/portal\/#organization"},"potentialAction":[{"@type":"SearchAction","target":{"@type":"EntryPoint","urlTemplate":"https:\/\/www.pm.pb.gov.br\/portal\/?s={search_term_string}"},"query-input":"required name=search_term_string"}],"inLanguage":"pt-BR"},{"@type":"Organization","@id":"https:\/\/www.pm.pb.gov.br\/portal\/#organization","name":"Pol\u00edcia Militar da Para\u00edba","url":"https:\/\/www.pm.pb.gov.br\/portal\/","logo":{"@type":"ImageObject","inLanguage":"pt-BR","@id":"https:\/\/www.pm.pb.gov.br\/portal\/#\/schema\/logo\/image\/","url":"https:\/\/www.pm.pb.gov.br\/portal\/wp-content\/uploads\/2025\/03\/cropped-logo-site-mag2-1.png","contentUrl":"https:\/\/www.pm.pb.gov.br\/portal\/wp-content\/uploads\/2025\/03\/cropped-logo-site-mag2-1.png","width":320,"height":90,"caption":"Pol\u00edcia Militar da Para\u00edba"},"image":{"@id":"https:\/\/www.pm.pb.gov.br\/portal\/#\/schema\/logo\/image\/"}},{"@type":"Person","@id":"https:\/\/www.pm.pb.gov.br\/portal\/#\/schema\/person\/e8454f46651c3ecf0e1ba3c1666d9947","name":"Assessoria de Imprensa da PMPB","image":{"@type":"ImageObject","inLanguage":"pt-BR","@id":"https:\/\/www.pm.pb.gov.br\/portal\/#\/schema\/person\/image\/","url":"https:\/\/secure.gravatar.com\/avatar\/2efe197438265d1e90bd98c4c8e1acf8?s=96&d=mm&r=g","contentUrl":"https:\/\/secure.gravatar.com\/avatar\/2efe197438265d1e90bd98c4c8e1acf8?s=96&d=mm&r=g","caption":"Assessoria de Imprensa da PMPB"},"url":"https:\/\/www.pm.pb.gov.br\/portal\/author\/assessoria\/"}]}},"_links":{"self":[{"href":"https:\/\/www.pm.pb.gov.br\/portal\/wp-json\/wp\/v2\/posts\/922194"}],"collection":[{"href":"https:\/\/www.pm.pb.gov.br\/portal\/wp-json\/wp\/v2\/posts"}],"about":[{"href":"https:\/\/www.pm.pb.gov.br\/portal\/wp-json\/wp\/v2\/types\/post"}],"author":[{"embeddable":true,"href":"https:\/\/www.pm.pb.gov.br\/portal\/wp-json\/wp\/v2\/users\/5"}],"replies":[{"embeddable":true,"href":"https:\/\/www.pm.pb.gov.br\/portal\/wp-json\/wp\/v2\/comments?post=922194"}],"version-history":[{"count":2,"href":"https:\/\/www.pm.pb.gov.br\/portal\/wp-json\/wp\/v2\/posts\/922194\/revisions"}],"predecessor-version":[{"id":922201,"href":"https:\/\/www.pm.pb.gov.br\/portal\/wp-json\/wp\/v2\/posts\/922194\/revisions\/922201"}],"wp:featuredmedia":[{"embeddable":true,"href":"https:\/\/www.pm.pb.gov.br\/portal\/wp-json\/wp\/v2\/media\/922200"}],"wp:attachment":[{"href":"https:\/\/www.pm.pb.gov.br\/portal\/wp-json\/wp\/v2\/media?parent=922194"}],"wp:term":[{"taxonomy":"category","embeddable":true,"href":"https:\/\/www.pm.pb.gov.br\/portal\/wp-json\/wp\/v2\/categories?post=922194"},{"taxonomy":"post_tag","embeddable":true,"href":"https:\/\/www.pm.pb.gov.br\/portal\/wp-json\/wp\/v2\/tags?post=922194"}],"curies":[{"name":"wp","href":"https:\/\/api.w.org\/{rel}","templated":true}]}}