{"id":922176,"date":"2024-05-24T06:50:52","date_gmt":"2024-05-24T09:50:52","guid":{"rendered":"https:\/\/www.pm.pb.gov.br\/portal\/?p=922176"},"modified":"2024-05-24T11:21:37","modified_gmt":"2024-05-24T14:21:37","slug":"operacao-prende-seis-procurados-da-justica-que-sao-acusados-de-roubos-em-joao-pessoa","status":"publish","type":"post","link":"https:\/\/www.pm.pb.gov.br\/portal\/2024\/05\/24\/operacao-prende-seis-procurados-da-justica-que-sao-acusados-de-roubos-em-joao-pessoa\/","title":{"rendered":"Opera\u00e7\u00e3o prende seis procurados da justi\u00e7a que s\u00e3o acusados de roubos em Jo\u00e3o Pessoa"},"content":{"rendered":"\n<p>A Pol\u00edcia Militar cumpriu, desde as primeiras horas da manh\u00e3 desta sexta-feira (24), seis mandados de pris\u00e3o contra procurados da justi\u00e7a que s\u00e3o acusados de roubos, em Jo\u00e3o Pessoa. Cinco alvos foram localizados nos bairros S\u00e3o Jos\u00e9, Gramame, Mangabeira e Jardim Veneza. O sexto foi na cidade de Bayeux.<br><br>O trabalho de cumprimento dos mandados de pris\u00e3o teve a atua\u00e7\u00e3o do Batalh\u00e3o de Policiamento de Choque (BPChoque), que conduziu os presos para a Central de Pol\u00edcia e pres\u00eddio da Capital.<br><br>Os alvos da opera\u00e7\u00e3o, que estavam com mandados de pris\u00e3o em aberto, estariam cometendo o mesmo tipo de crime, conforme levantamentos. <\/p>\n\n\n\n<p><img loading=\"lazy\" decoding=\"async\" width=\"2560\" height=\"1920\" class=\"wp-image-922189\" style=\"width: 800px;\" src=\"http:\/\/www.pm.pb.gov.br\/portal\/wp-content\/uploads\/2024\/05\/WhatsApp-Image-2024-05-24-at-11.40.07-AM-scaled.jpeg\" alt=\"\" srcset=\"https:\/\/www.pm.pb.gov.br\/portal\/wp-content\/uploads\/2024\/05\/WhatsApp-Image-2024-05-24-at-11.40.07-AM-scaled.jpeg 2560w, https:\/\/www.pm.pb.gov.br\/portal\/wp-content\/uploads\/2024\/05\/WhatsApp-Image-2024-05-24-at-11.40.07-AM-593x445.jpeg 593w, https:\/\/www.pm.pb.gov.br\/portal\/wp-content\/uploads\/2024\/05\/WhatsApp-Image-2024-05-24-at-11.40.07-AM-760x570.jpeg 760w, https:\/\/www.pm.pb.gov.br\/portal\/wp-content\/uploads\/2024\/05\/WhatsApp-Image-2024-05-24-at-11.40.07-AM-768x576.jpeg 768w, https:\/\/www.pm.pb.gov.br\/portal\/wp-content\/uploads\/2024\/05\/WhatsApp-Image-2024-05-24-at-11.40.07-AM-1536x1152.jpeg 1536w, https:\/\/www.pm.pb.gov.br\/portal\/wp-content\/uploads\/2024\/05\/WhatsApp-Image-2024-05-24-at-11.40.07-AM-2048x1536.jpeg 2048w\" sizes=\"(max-width: 2560px) 100vw, 2560px\" \/><\/p>\n\n\n\n<p><img loading=\"lazy\" decoding=\"async\" width=\"960\" height=\"1280\" class=\"wp-image-922182\" style=\"width: 800px;\" src=\"http:\/\/www.pm.pb.gov.br\/portal\/wp-content\/uploads\/2024\/05\/WhatsApp-Image-2024-05-24-at-7.02.33-AM.jpeg\" alt=\"\" srcset=\"https:\/\/www.pm.pb.gov.br\/portal\/wp-content\/uploads\/2024\/05\/WhatsApp-Image-2024-05-24-at-7.02.33-AM.jpeg 960w, https:\/\/www.pm.pb.gov.br\/portal\/wp-content\/uploads\/2024\/05\/WhatsApp-Image-2024-05-24-at-7.02.33-AM-334x445.jpeg 334w, https:\/\/www.pm.pb.gov.br\/portal\/wp-content\/uploads\/2024\/05\/WhatsApp-Image-2024-05-24-at-7.02.33-AM-428x570.jpeg 428w, https:\/\/www.pm.pb.gov.br\/portal\/wp-content\/uploads\/2024\/05\/WhatsApp-Image-2024-05-24-at-7.02.33-AM-768x1024.jpeg 768w\" sizes=\"(max-width: 960px) 100vw, 960px\" \/><br><\/p>\n","protected":false},"excerpt":{"rendered":"<p>A Pol\u00edcia Militar cumpriu, desde as primeiras horas da manh\u00e3 desta sexta-feira (24), seis mandados de pris\u00e3o contra procurados da<\/p>\n","protected":false},"author":5,"featured_media":922189,"comment_status":"closed","ping_status":"closed","sticky":false,"template":"","format":"standard","meta":{"_exactmetrics_skip_tracking":false,"_exactmetrics_sitenote_active":false,"_exactmetrics_sitenote_note":"","_exactmetrics_sitenote_category":0,"footnotes":""},"categories":[4],"tags":[],"yoast_head":"<!-- This site is optimized with the Yoast SEO plugin v22.0 - https:\/\/yoast.com\/wordpress\/plugins\/seo\/ -->\n<title>Opera\u00e7\u00e3o prende seis procurados da justi\u00e7a que s\u00e3o acusados de roubos em Jo\u00e3o Pessoa - Pol\u00edcia Militar da Para\u00edba<\/title>\n<meta name=\"robots\" content=\"index, follow, max-snippet:-1, max-image-preview:large, max-video-preview:-1\" \/>\n<link rel=\"canonical\" href=\"https:\/\/www.pm.pb.gov.br\/portal\/2024\/05\/24\/operacao-prende-seis-procurados-da-justica-que-sao-acusados-de-roubos-em-joao-pessoa\/\" \/>\n<meta property=\"og:locale\" content=\"pt_BR\" \/>\n<meta property=\"og:type\" content=\"article\" \/>\n<meta property=\"og:title\" content=\"Opera\u00e7\u00e3o prende seis procurados da justi\u00e7a que s\u00e3o acusados de roubos em Jo\u00e3o Pessoa - Pol\u00edcia Militar da Para\u00edba\" \/>\n<meta property=\"og:description\" content=\"A Pol\u00edcia Militar cumpriu, desde as primeiras horas da manh\u00e3 desta sexta-feira (24), seis mandados de pris\u00e3o contra procurados da\" \/>\n<meta property=\"og:url\" content=\"https:\/\/www.pm.pb.gov.br\/portal\/2024\/05\/24\/operacao-prende-seis-procurados-da-justica-que-sao-acusados-de-roubos-em-joao-pessoa\/\" \/>\n<meta property=\"og:site_name\" content=\"Pol\u00edcia Militar da Para\u00edba\" \/>\n<meta property=\"article:published_time\" content=\"2024-05-24T09:50:52+00:00\" \/>\n<meta property=\"article:modified_time\" content=\"2024-05-24T14:21:37+00:00\" \/>\n<meta property=\"og:image\" content=\"http:\/\/www.pm.pb.gov.br\/portal\/wp-content\/uploads\/2024\/05\/WhatsApp-Image-2024-05-24-at-11.40.07-AM-scaled.jpeg\" \/>\n\t<meta property=\"og:image:width\" content=\"2560\" \/>\n\t<meta property=\"og:image:height\" content=\"1920\" \/>\n\t<meta property=\"og:image:type\" content=\"image\/jpeg\" \/>\n<meta name=\"author\" content=\"Assessoria de Imprensa da PMPB\" \/>\n<meta name=\"twitter:card\" content=\"summary_large_image\" \/>\n<meta name=\"twitter:label1\" content=\"Escrito por\" \/>\n\t<meta name=\"twitter:data1\" content=\"Assessoria de Imprensa da PMPB\" \/>\n\t<meta name=\"twitter:label2\" content=\"Est. tempo de leitura\" \/>\n\t<meta name=\"twitter:data2\" content=\"2 minutos\" \/>\n<script type=\"application\/ld+json\" class=\"yoast-schema-graph\">{\"@context\":\"https:\/\/schema.org\",\"@graph\":[{\"@type\":\"Article\",\"@id\":\"https:\/\/www.pm.pb.gov.br\/portal\/2024\/05\/24\/operacao-prende-seis-procurados-da-justica-que-sao-acusados-de-roubos-em-joao-pessoa\/#article\",\"isPartOf\":{\"@id\":\"https:\/\/www.pm.pb.gov.br\/portal\/2024\/05\/24\/operacao-prende-seis-procurados-da-justica-que-sao-acusados-de-roubos-em-joao-pessoa\/\"},\"author\":{\"name\":\"Assessoria de Imprensa da PMPB\",\"@id\":\"https:\/\/www.pm.pb.gov.br\/portal\/#\/schema\/person\/e8454f46651c3ecf0e1ba3c1666d9947\"},\"headline\":\"Opera\u00e7\u00e3o prende seis procurados da justi\u00e7a que s\u00e3o acusados de roubos em Jo\u00e3o Pessoa\",\"datePublished\":\"2024-05-24T09:50:52+00:00\",\"dateModified\":\"2024-05-24T14:21:37+00:00\",\"mainEntityOfPage\":{\"@id\":\"https:\/\/www.pm.pb.gov.br\/portal\/2024\/05\/24\/operacao-prende-seis-procurados-da-justica-que-sao-acusados-de-roubos-em-joao-pessoa\/\"},\"wordCount\":131,\"publisher\":{\"@id\":\"https:\/\/www.pm.pb.gov.br\/portal\/#organization\"},\"articleSection\":[\"A\u00e7\u00f5es Policiais\"],\"inLanguage\":\"pt-BR\"},{\"@type\":\"WebPage\",\"@id\":\"https:\/\/www.pm.pb.gov.br\/portal\/2024\/05\/24\/operacao-prende-seis-procurados-da-justica-que-sao-acusados-de-roubos-em-joao-pessoa\/\",\"url\":\"https:\/\/www.pm.pb.gov.br\/portal\/2024\/05\/24\/operacao-prende-seis-procurados-da-justica-que-sao-acusados-de-roubos-em-joao-pessoa\/\",\"name\":\"Opera\u00e7\u00e3o prende seis procurados da justi\u00e7a que s\u00e3o acusados de roubos em Jo\u00e3o Pessoa - Pol\u00edcia Militar da Para\u00edba\",\"isPartOf\":{\"@id\":\"https:\/\/www.pm.pb.gov.br\/portal\/#website\"},\"datePublished\":\"2024-05-24T09:50:52+00:00\",\"dateModified\":\"2024-05-24T14:21:37+00:00\",\"breadcrumb\":{\"@id\":\"https:\/\/www.pm.pb.gov.br\/portal\/2024\/05\/24\/operacao-prende-seis-procurados-da-justica-que-sao-acusados-de-roubos-em-joao-pessoa\/#breadcrumb\"},\"inLanguage\":\"pt-BR\",\"potentialAction\":[{\"@type\":\"ReadAction\",\"target\":[\"https:\/\/www.pm.pb.gov.br\/portal\/2024\/05\/24\/operacao-prende-seis-procurados-da-justica-que-sao-acusados-de-roubos-em-joao-pessoa\/\"]}]},{\"@type\":\"BreadcrumbList\",\"@id\":\"https:\/\/www.pm.pb.gov.br\/portal\/2024\/05\/24\/operacao-prende-seis-procurados-da-justica-que-sao-acusados-de-roubos-em-joao-pessoa\/#breadcrumb\",\"itemListElement\":[{\"@type\":\"ListItem\",\"position\":1,\"name\":\"In\u00edcio\",\"item\":\"https:\/\/www.pm.pb.gov.br\/portal\/\"},{\"@type\":\"ListItem\",\"position\":2,\"name\":\"Opera\u00e7\u00e3o prende seis procurados da justi\u00e7a que s\u00e3o acusados de roubos em Jo\u00e3o Pessoa\"}]},{\"@type\":\"WebSite\",\"@id\":\"https:\/\/www.pm.pb.gov.br\/portal\/#website\",\"url\":\"https:\/\/www.pm.pb.gov.br\/portal\/\",\"name\":\"Pol\u00edcia Militar da Para\u00edba\",\"description\":\"\",\"publisher\":{\"@id\":\"https:\/\/www.pm.pb.gov.br\/portal\/#organization\"},\"potentialAction\":[{\"@type\":\"SearchAction\",\"target\":{\"@type\":\"EntryPoint\",\"urlTemplate\":\"https:\/\/www.pm.pb.gov.br\/portal\/?s={search_term_string}\"},\"query-input\":\"required name=search_term_string\"}],\"inLanguage\":\"pt-BR\"},{\"@type\":\"Organization\",\"@id\":\"https:\/\/www.pm.pb.gov.br\/portal\/#organization\",\"name\":\"Pol\u00edcia Militar da Para\u00edba\",\"url\":\"https:\/\/www.pm.pb.gov.br\/portal\/\",\"logo\":{\"@type\":\"ImageObject\",\"inLanguage\":\"pt-BR\",\"@id\":\"https:\/\/www.pm.pb.gov.br\/portal\/#\/schema\/logo\/image\/\",\"url\":\"https:\/\/www.pm.pb.gov.br\/portal\/wp-content\/uploads\/2025\/03\/cropped-logo-site-mag2-1.png\",\"contentUrl\":\"https:\/\/www.pm.pb.gov.br\/portal\/wp-content\/uploads\/2025\/03\/cropped-logo-site-mag2-1.png\",\"width\":320,\"height\":90,\"caption\":\"Pol\u00edcia Militar da Para\u00edba\"},\"image\":{\"@id\":\"https:\/\/www.pm.pb.gov.br\/portal\/#\/schema\/logo\/image\/\"}},{\"@type\":\"Person\",\"@id\":\"https:\/\/www.pm.pb.gov.br\/portal\/#\/schema\/person\/e8454f46651c3ecf0e1ba3c1666d9947\",\"name\":\"Assessoria de Imprensa da PMPB\",\"image\":{\"@type\":\"ImageObject\",\"inLanguage\":\"pt-BR\",\"@id\":\"https:\/\/www.pm.pb.gov.br\/portal\/#\/schema\/person\/image\/\",\"url\":\"https:\/\/secure.gravatar.com\/avatar\/2efe197438265d1e90bd98c4c8e1acf8?s=96&d=mm&r=g\",\"contentUrl\":\"https:\/\/secure.gravatar.com\/avatar\/2efe197438265d1e90bd98c4c8e1acf8?s=96&d=mm&r=g\",\"caption\":\"Assessoria de Imprensa da PMPB\"},\"url\":\"https:\/\/www.pm.pb.gov.br\/portal\/author\/assessoria\/\"}]}<\/script>\n<!-- \/ Yoast SEO plugin. -->","yoast_head_json":{"title":"Opera\u00e7\u00e3o prende seis procurados da justi\u00e7a que s\u00e3o acusados de roubos em Jo\u00e3o Pessoa - Pol\u00edcia Militar da Para\u00edba","robots":{"index":"index","follow":"follow","max-snippet":"max-snippet:-1","max-image-preview":"max-image-preview:large","max-video-preview":"max-video-preview:-1"},"canonical":"https:\/\/www.pm.pb.gov.br\/portal\/2024\/05\/24\/operacao-prende-seis-procurados-da-justica-que-sao-acusados-de-roubos-em-joao-pessoa\/","og_locale":"pt_BR","og_type":"article","og_title":"Opera\u00e7\u00e3o prende seis procurados da justi\u00e7a que s\u00e3o acusados de roubos em Jo\u00e3o Pessoa - Pol\u00edcia Militar da Para\u00edba","og_description":"A Pol\u00edcia Militar cumpriu, desde as primeiras horas da manh\u00e3 desta sexta-feira (24), seis mandados de pris\u00e3o contra procurados da","og_url":"https:\/\/www.pm.pb.gov.br\/portal\/2024\/05\/24\/operacao-prende-seis-procurados-da-justica-que-sao-acusados-de-roubos-em-joao-pessoa\/","og_site_name":"Pol\u00edcia Militar da Para\u00edba","article_published_time":"2024-05-24T09:50:52+00:00","article_modified_time":"2024-05-24T14:21:37+00:00","og_image":[{"width":2560,"height":1920,"url":"http:\/\/www.pm.pb.gov.br\/portal\/wp-content\/uploads\/2024\/05\/WhatsApp-Image-2024-05-24-at-11.40.07-AM-scaled.jpeg","type":"image\/jpeg"}],"author":"Assessoria de Imprensa da PMPB","twitter_card":"summary_large_image","twitter_misc":{"Escrito por":"Assessoria de Imprensa da PMPB","Est. tempo de leitura":"2 minutos"},"schema":{"@context":"https:\/\/schema.org","@graph":[{"@type":"Article","@id":"https:\/\/www.pm.pb.gov.br\/portal\/2024\/05\/24\/operacao-prende-seis-procurados-da-justica-que-sao-acusados-de-roubos-em-joao-pessoa\/#article","isPartOf":{"@id":"https:\/\/www.pm.pb.gov.br\/portal\/2024\/05\/24\/operacao-prende-seis-procurados-da-justica-que-sao-acusados-de-roubos-em-joao-pessoa\/"},"author":{"name":"Assessoria de Imprensa da PMPB","@id":"https:\/\/www.pm.pb.gov.br\/portal\/#\/schema\/person\/e8454f46651c3ecf0e1ba3c1666d9947"},"headline":"Opera\u00e7\u00e3o prende seis procurados da justi\u00e7a que s\u00e3o acusados de roubos em Jo\u00e3o Pessoa","datePublished":"2024-05-24T09:50:52+00:00","dateModified":"2024-05-24T14:21:37+00:00","mainEntityOfPage":{"@id":"https:\/\/www.pm.pb.gov.br\/portal\/2024\/05\/24\/operacao-prende-seis-procurados-da-justica-que-sao-acusados-de-roubos-em-joao-pessoa\/"},"wordCount":131,"publisher":{"@id":"https:\/\/www.pm.pb.gov.br\/portal\/#organization"},"articleSection":["A\u00e7\u00f5es Policiais"],"inLanguage":"pt-BR"},{"@type":"WebPage","@id":"https:\/\/www.pm.pb.gov.br\/portal\/2024\/05\/24\/operacao-prende-seis-procurados-da-justica-que-sao-acusados-de-roubos-em-joao-pessoa\/","url":"https:\/\/www.pm.pb.gov.br\/portal\/2024\/05\/24\/operacao-prende-seis-procurados-da-justica-que-sao-acusados-de-roubos-em-joao-pessoa\/","name":"Opera\u00e7\u00e3o prende seis procurados da justi\u00e7a que s\u00e3o acusados de roubos em Jo\u00e3o Pessoa - Pol\u00edcia Militar da Para\u00edba","isPartOf":{"@id":"https:\/\/www.pm.pb.gov.br\/portal\/#website"},"datePublished":"2024-05-24T09:50:52+00:00","dateModified":"2024-05-24T14:21:37+00:00","breadcrumb":{"@id":"https:\/\/www.pm.pb.gov.br\/portal\/2024\/05\/24\/operacao-prende-seis-procurados-da-justica-que-sao-acusados-de-roubos-em-joao-pessoa\/#breadcrumb"},"inLanguage":"pt-BR","potentialAction":[{"@type":"ReadAction","target":["https:\/\/www.pm.pb.gov.br\/portal\/2024\/05\/24\/operacao-prende-seis-procurados-da-justica-que-sao-acusados-de-roubos-em-joao-pessoa\/"]}]},{"@type":"BreadcrumbList","@id":"https:\/\/www.pm.pb.gov.br\/portal\/2024\/05\/24\/operacao-prende-seis-procurados-da-justica-que-sao-acusados-de-roubos-em-joao-pessoa\/#breadcrumb","itemListElement":[{"@type":"ListItem","position":1,"name":"In\u00edcio","item":"https:\/\/www.pm.pb.gov.br\/portal\/"},{"@type":"ListItem","position":2,"name":"Opera\u00e7\u00e3o prende seis procurados da justi\u00e7a que s\u00e3o acusados de roubos em Jo\u00e3o Pessoa"}]},{"@type":"WebSite","@id":"https:\/\/www.pm.pb.gov.br\/portal\/#website","url":"https:\/\/www.pm.pb.gov.br\/portal\/","name":"Pol\u00edcia Militar da Para\u00edba","description":"","publisher":{"@id":"https:\/\/www.pm.pb.gov.br\/portal\/#organization"},"potentialAction":[{"@type":"SearchAction","target":{"@type":"EntryPoint","urlTemplate":"https:\/\/www.pm.pb.gov.br\/portal\/?s={search_term_string}"},"query-input":"required name=search_term_string"}],"inLanguage":"pt-BR"},{"@type":"Organization","@id":"https:\/\/www.pm.pb.gov.br\/portal\/#organization","name":"Pol\u00edcia Militar da Para\u00edba","url":"https:\/\/www.pm.pb.gov.br\/portal\/","logo":{"@type":"ImageObject","inLanguage":"pt-BR","@id":"https:\/\/www.pm.pb.gov.br\/portal\/#\/schema\/logo\/image\/","url":"https:\/\/www.pm.pb.gov.br\/portal\/wp-content\/uploads\/2025\/03\/cropped-logo-site-mag2-1.png","contentUrl":"https:\/\/www.pm.pb.gov.br\/portal\/wp-content\/uploads\/2025\/03\/cropped-logo-site-mag2-1.png","width":320,"height":90,"caption":"Pol\u00edcia Militar da Para\u00edba"},"image":{"@id":"https:\/\/www.pm.pb.gov.br\/portal\/#\/schema\/logo\/image\/"}},{"@type":"Person","@id":"https:\/\/www.pm.pb.gov.br\/portal\/#\/schema\/person\/e8454f46651c3ecf0e1ba3c1666d9947","name":"Assessoria de Imprensa da PMPB","image":{"@type":"ImageObject","inLanguage":"pt-BR","@id":"https:\/\/www.pm.pb.gov.br\/portal\/#\/schema\/person\/image\/","url":"https:\/\/secure.gravatar.com\/avatar\/2efe197438265d1e90bd98c4c8e1acf8?s=96&d=mm&r=g","contentUrl":"https:\/\/secure.gravatar.com\/avatar\/2efe197438265d1e90bd98c4c8e1acf8?s=96&d=mm&r=g","caption":"Assessoria de Imprensa da PMPB"},"url":"https:\/\/www.pm.pb.gov.br\/portal\/author\/assessoria\/"}]}},"_links":{"self":[{"href":"https:\/\/www.pm.pb.gov.br\/portal\/wp-json\/wp\/v2\/posts\/922176"}],"collection":[{"href":"https:\/\/www.pm.pb.gov.br\/portal\/wp-json\/wp\/v2\/posts"}],"about":[{"href":"https:\/\/www.pm.pb.gov.br\/portal\/wp-json\/wp\/v2\/types\/post"}],"author":[{"embeddable":true,"href":"https:\/\/www.pm.pb.gov.br\/portal\/wp-json\/wp\/v2\/users\/5"}],"replies":[{"embeddable":true,"href":"https:\/\/www.pm.pb.gov.br\/portal\/wp-json\/wp\/v2\/comments?post=922176"}],"version-history":[{"count":3,"href":"https:\/\/www.pm.pb.gov.br\/portal\/wp-json\/wp\/v2\/posts\/922176\/revisions"}],"predecessor-version":[{"id":922191,"href":"https:\/\/www.pm.pb.gov.br\/portal\/wp-json\/wp\/v2\/posts\/922176\/revisions\/922191"}],"wp:featuredmedia":[{"embeddable":true,"href":"https:\/\/www.pm.pb.gov.br\/portal\/wp-json\/wp\/v2\/media\/922189"}],"wp:attachment":[{"href":"https:\/\/www.pm.pb.gov.br\/portal\/wp-json\/wp\/v2\/media?parent=922176"}],"wp:term":[{"taxonomy":"category","embeddable":true,"href":"https:\/\/www.pm.pb.gov.br\/portal\/wp-json\/wp\/v2\/categories?post=922176"},{"taxonomy":"post_tag","embeddable":true,"href":"https:\/\/www.pm.pb.gov.br\/portal\/wp-json\/wp\/v2\/tags?post=922176"}],"curies":[{"name":"wp","href":"https:\/\/api.w.org\/{rel}","templated":true}]}}