{"id":922133,"date":"2024-05-19T14:29:07","date_gmt":"2024-05-19T17:29:07","guid":{"rendered":"https:\/\/www.pm.pb.gov.br\/portal\/?p=922133"},"modified":"2024-05-19T14:29:09","modified_gmt":"2024-05-19T17:29:09","slug":"policia-militar-apreende-quatro-armas-de-fogo-em-mais-uma-operacao-na-cidade-de-bayeux","status":"publish","type":"post","link":"https:\/\/www.pm.pb.gov.br\/portal\/2024\/05\/19\/policia-militar-apreende-quatro-armas-de-fogo-em-mais-uma-operacao-na-cidade-de-bayeux\/","title":{"rendered":"Pol\u00edcia Militar apreende quatro armas de fogo em mais uma opera\u00e7\u00e3o na cidade de Bayeux"},"content":{"rendered":"\n<p>A Pol\u00edcia Militar apreendeu quatro armas de fogo, neste domingo (19), durante uma opera\u00e7\u00e3o que foi realizada em uma \u00e1rea onde estariam acontecendo disputas entre fac\u00e7\u00f5es criminosas, no bairro M\u00e1rio Andreazza, em Bayeux. Um homem de 38 anos, que j\u00e1 tinha passagem pela pol\u00edcia pelo crime de porte ilegal de arma, foi preso em flagrante. Ele estava com uma pistola dentro da bolsa, enquanto assistia um jogo de futebol no campo da localidade. <br><br>Ap\u00f3s a pris\u00e3o do acusado, foram apreendidas mais tr\u00eas armas (duas pistolas e um rev\u00f3lver) que ele guardava em casa. A opera\u00e7\u00e3o contou com a participa\u00e7\u00e3o das guarni\u00e7\u00f5es do Comando de Policiamento Regional Metropolitano, Comando da 4\u00aa Companhia Independente da PM (4\u00aa CIPM) e For\u00e7a Regional. <br><br>O preso foi apresentado na 6\u00aa Delegacia Distrital, em Santa Rita.<br> <br><br><\/p>\n","protected":false},"excerpt":{"rendered":"<p>A Pol\u00edcia Militar apreendeu quatro armas de fogo, neste domingo (19), durante uma opera\u00e7\u00e3o que foi realizada em uma \u00e1rea<\/p>\n","protected":false},"author":5,"featured_media":922137,"comment_status":"closed","ping_status":"closed","sticky":false,"template":"","format":"standard","meta":{"_exactmetrics_skip_tracking":false,"_exactmetrics_sitenote_active":false,"_exactmetrics_sitenote_note":"","_exactmetrics_sitenote_category":0,"footnotes":""},"categories":[4],"tags":[],"yoast_head":"<!-- This site is optimized with the Yoast SEO plugin v22.0 - https:\/\/yoast.com\/wordpress\/plugins\/seo\/ -->\n<title>Pol\u00edcia Militar apreende quatro armas de fogo em mais uma opera\u00e7\u00e3o na cidade de Bayeux - Pol\u00edcia Militar da Para\u00edba<\/title>\n<meta name=\"robots\" content=\"index, follow, max-snippet:-1, max-image-preview:large, max-video-preview:-1\" \/>\n<link rel=\"canonical\" href=\"https:\/\/www.pm.pb.gov.br\/portal\/2024\/05\/19\/policia-militar-apreende-quatro-armas-de-fogo-em-mais-uma-operacao-na-cidade-de-bayeux\/\" \/>\n<meta property=\"og:locale\" content=\"pt_BR\" \/>\n<meta property=\"og:type\" content=\"article\" \/>\n<meta property=\"og:title\" content=\"Pol\u00edcia Militar apreende quatro armas de fogo em mais uma opera\u00e7\u00e3o na cidade de Bayeux - Pol\u00edcia Militar da Para\u00edba\" \/>\n<meta property=\"og:description\" content=\"A Pol\u00edcia Militar apreendeu quatro armas de fogo, neste domingo (19), durante uma opera\u00e7\u00e3o que foi realizada em uma \u00e1rea\" \/>\n<meta property=\"og:url\" content=\"https:\/\/www.pm.pb.gov.br\/portal\/2024\/05\/19\/policia-militar-apreende-quatro-armas-de-fogo-em-mais-uma-operacao-na-cidade-de-bayeux\/\" \/>\n<meta property=\"og:site_name\" content=\"Pol\u00edcia Militar da Para\u00edba\" \/>\n<meta property=\"article:published_time\" content=\"2024-05-19T17:29:07+00:00\" \/>\n<meta property=\"article:modified_time\" content=\"2024-05-19T17:29:09+00:00\" \/>\n<meta property=\"og:image\" content=\"http:\/\/www.pm.pb.gov.br\/portal\/wp-content\/uploads\/2024\/05\/WhatsApp-Image-2024-05-19-at-2.39.28-PM-rotated.jpeg\" \/>\n\t<meta property=\"og:image:width\" content=\"1599\" \/>\n\t<meta property=\"og:image:height\" content=\"899\" \/>\n\t<meta property=\"og:image:type\" content=\"image\/jpeg\" \/>\n<meta name=\"author\" content=\"Assessoria de Imprensa da PMPB\" \/>\n<meta name=\"twitter:card\" content=\"summary_large_image\" \/>\n<meta name=\"twitter:label1\" content=\"Escrito por\" \/>\n\t<meta name=\"twitter:data1\" content=\"Assessoria de Imprensa da PMPB\" \/>\n\t<meta name=\"twitter:label2\" content=\"Est. tempo de leitura\" \/>\n\t<meta name=\"twitter:data2\" content=\"1 minuto\" \/>\n<script type=\"application\/ld+json\" class=\"yoast-schema-graph\">{\"@context\":\"https:\/\/schema.org\",\"@graph\":[{\"@type\":\"Article\",\"@id\":\"https:\/\/www.pm.pb.gov.br\/portal\/2024\/05\/19\/policia-militar-apreende-quatro-armas-de-fogo-em-mais-uma-operacao-na-cidade-de-bayeux\/#article\",\"isPartOf\":{\"@id\":\"https:\/\/www.pm.pb.gov.br\/portal\/2024\/05\/19\/policia-militar-apreende-quatro-armas-de-fogo-em-mais-uma-operacao-na-cidade-de-bayeux\/\"},\"author\":{\"name\":\"Assessoria de Imprensa da PMPB\",\"@id\":\"https:\/\/www.pm.pb.gov.br\/portal\/#\/schema\/person\/e8454f46651c3ecf0e1ba3c1666d9947\"},\"headline\":\"Pol\u00edcia Militar apreende quatro armas de fogo em mais uma opera\u00e7\u00e3o na cidade de Bayeux\",\"datePublished\":\"2024-05-19T17:29:07+00:00\",\"dateModified\":\"2024-05-19T17:29:09+00:00\",\"mainEntityOfPage\":{\"@id\":\"https:\/\/www.pm.pb.gov.br\/portal\/2024\/05\/19\/policia-militar-apreende-quatro-armas-de-fogo-em-mais-uma-operacao-na-cidade-de-bayeux\/\"},\"wordCount\":155,\"publisher\":{\"@id\":\"https:\/\/www.pm.pb.gov.br\/portal\/#organization\"},\"articleSection\":[\"A\u00e7\u00f5es Policiais\"],\"inLanguage\":\"pt-BR\"},{\"@type\":\"WebPage\",\"@id\":\"https:\/\/www.pm.pb.gov.br\/portal\/2024\/05\/19\/policia-militar-apreende-quatro-armas-de-fogo-em-mais-uma-operacao-na-cidade-de-bayeux\/\",\"url\":\"https:\/\/www.pm.pb.gov.br\/portal\/2024\/05\/19\/policia-militar-apreende-quatro-armas-de-fogo-em-mais-uma-operacao-na-cidade-de-bayeux\/\",\"name\":\"Pol\u00edcia Militar apreende quatro armas de fogo em mais uma opera\u00e7\u00e3o na cidade de Bayeux - Pol\u00edcia Militar da Para\u00edba\",\"isPartOf\":{\"@id\":\"https:\/\/www.pm.pb.gov.br\/portal\/#website\"},\"datePublished\":\"2024-05-19T17:29:07+00:00\",\"dateModified\":\"2024-05-19T17:29:09+00:00\",\"breadcrumb\":{\"@id\":\"https:\/\/www.pm.pb.gov.br\/portal\/2024\/05\/19\/policia-militar-apreende-quatro-armas-de-fogo-em-mais-uma-operacao-na-cidade-de-bayeux\/#breadcrumb\"},\"inLanguage\":\"pt-BR\",\"potentialAction\":[{\"@type\":\"ReadAction\",\"target\":[\"https:\/\/www.pm.pb.gov.br\/portal\/2024\/05\/19\/policia-militar-apreende-quatro-armas-de-fogo-em-mais-uma-operacao-na-cidade-de-bayeux\/\"]}]},{\"@type\":\"BreadcrumbList\",\"@id\":\"https:\/\/www.pm.pb.gov.br\/portal\/2024\/05\/19\/policia-militar-apreende-quatro-armas-de-fogo-em-mais-uma-operacao-na-cidade-de-bayeux\/#breadcrumb\",\"itemListElement\":[{\"@type\":\"ListItem\",\"position\":1,\"name\":\"In\u00edcio\",\"item\":\"https:\/\/www.pm.pb.gov.br\/portal\/\"},{\"@type\":\"ListItem\",\"position\":2,\"name\":\"Pol\u00edcia Militar apreende quatro armas de fogo em mais uma opera\u00e7\u00e3o na cidade de Bayeux\"}]},{\"@type\":\"WebSite\",\"@id\":\"https:\/\/www.pm.pb.gov.br\/portal\/#website\",\"url\":\"https:\/\/www.pm.pb.gov.br\/portal\/\",\"name\":\"Pol\u00edcia Militar da Para\u00edba\",\"description\":\"\",\"publisher\":{\"@id\":\"https:\/\/www.pm.pb.gov.br\/portal\/#organization\"},\"potentialAction\":[{\"@type\":\"SearchAction\",\"target\":{\"@type\":\"EntryPoint\",\"urlTemplate\":\"https:\/\/www.pm.pb.gov.br\/portal\/?s={search_term_string}\"},\"query-input\":\"required name=search_term_string\"}],\"inLanguage\":\"pt-BR\"},{\"@type\":\"Organization\",\"@id\":\"https:\/\/www.pm.pb.gov.br\/portal\/#organization\",\"name\":\"Pol\u00edcia Militar da Para\u00edba\",\"url\":\"https:\/\/www.pm.pb.gov.br\/portal\/\",\"logo\":{\"@type\":\"ImageObject\",\"inLanguage\":\"pt-BR\",\"@id\":\"https:\/\/www.pm.pb.gov.br\/portal\/#\/schema\/logo\/image\/\",\"url\":\"https:\/\/www.pm.pb.gov.br\/portal\/wp-content\/uploads\/2025\/03\/cropped-logo-site-mag2-1.png\",\"contentUrl\":\"https:\/\/www.pm.pb.gov.br\/portal\/wp-content\/uploads\/2025\/03\/cropped-logo-site-mag2-1.png\",\"width\":320,\"height\":90,\"caption\":\"Pol\u00edcia Militar da Para\u00edba\"},\"image\":{\"@id\":\"https:\/\/www.pm.pb.gov.br\/portal\/#\/schema\/logo\/image\/\"}},{\"@type\":\"Person\",\"@id\":\"https:\/\/www.pm.pb.gov.br\/portal\/#\/schema\/person\/e8454f46651c3ecf0e1ba3c1666d9947\",\"name\":\"Assessoria de Imprensa da PMPB\",\"image\":{\"@type\":\"ImageObject\",\"inLanguage\":\"pt-BR\",\"@id\":\"https:\/\/www.pm.pb.gov.br\/portal\/#\/schema\/person\/image\/\",\"url\":\"https:\/\/secure.gravatar.com\/avatar\/2efe197438265d1e90bd98c4c8e1acf8?s=96&d=mm&r=g\",\"contentUrl\":\"https:\/\/secure.gravatar.com\/avatar\/2efe197438265d1e90bd98c4c8e1acf8?s=96&d=mm&r=g\",\"caption\":\"Assessoria de Imprensa da PMPB\"},\"url\":\"https:\/\/www.pm.pb.gov.br\/portal\/author\/assessoria\/\"}]}<\/script>\n<!-- \/ Yoast SEO plugin. -->","yoast_head_json":{"title":"Pol\u00edcia Militar apreende quatro armas de fogo em mais uma opera\u00e7\u00e3o na cidade de Bayeux - Pol\u00edcia Militar da Para\u00edba","robots":{"index":"index","follow":"follow","max-snippet":"max-snippet:-1","max-image-preview":"max-image-preview:large","max-video-preview":"max-video-preview:-1"},"canonical":"https:\/\/www.pm.pb.gov.br\/portal\/2024\/05\/19\/policia-militar-apreende-quatro-armas-de-fogo-em-mais-uma-operacao-na-cidade-de-bayeux\/","og_locale":"pt_BR","og_type":"article","og_title":"Pol\u00edcia Militar apreende quatro armas de fogo em mais uma opera\u00e7\u00e3o na cidade de Bayeux - Pol\u00edcia Militar da Para\u00edba","og_description":"A Pol\u00edcia Militar apreendeu quatro armas de fogo, neste domingo (19), durante uma opera\u00e7\u00e3o que foi realizada em uma \u00e1rea","og_url":"https:\/\/www.pm.pb.gov.br\/portal\/2024\/05\/19\/policia-militar-apreende-quatro-armas-de-fogo-em-mais-uma-operacao-na-cidade-de-bayeux\/","og_site_name":"Pol\u00edcia Militar da Para\u00edba","article_published_time":"2024-05-19T17:29:07+00:00","article_modified_time":"2024-05-19T17:29:09+00:00","og_image":[{"width":1599,"height":899,"url":"http:\/\/www.pm.pb.gov.br\/portal\/wp-content\/uploads\/2024\/05\/WhatsApp-Image-2024-05-19-at-2.39.28-PM-rotated.jpeg","type":"image\/jpeg"}],"author":"Assessoria de Imprensa da PMPB","twitter_card":"summary_large_image","twitter_misc":{"Escrito por":"Assessoria de Imprensa da PMPB","Est. tempo de leitura":"1 minuto"},"schema":{"@context":"https:\/\/schema.org","@graph":[{"@type":"Article","@id":"https:\/\/www.pm.pb.gov.br\/portal\/2024\/05\/19\/policia-militar-apreende-quatro-armas-de-fogo-em-mais-uma-operacao-na-cidade-de-bayeux\/#article","isPartOf":{"@id":"https:\/\/www.pm.pb.gov.br\/portal\/2024\/05\/19\/policia-militar-apreende-quatro-armas-de-fogo-em-mais-uma-operacao-na-cidade-de-bayeux\/"},"author":{"name":"Assessoria de Imprensa da PMPB","@id":"https:\/\/www.pm.pb.gov.br\/portal\/#\/schema\/person\/e8454f46651c3ecf0e1ba3c1666d9947"},"headline":"Pol\u00edcia Militar apreende quatro armas de fogo em mais uma opera\u00e7\u00e3o na cidade de Bayeux","datePublished":"2024-05-19T17:29:07+00:00","dateModified":"2024-05-19T17:29:09+00:00","mainEntityOfPage":{"@id":"https:\/\/www.pm.pb.gov.br\/portal\/2024\/05\/19\/policia-militar-apreende-quatro-armas-de-fogo-em-mais-uma-operacao-na-cidade-de-bayeux\/"},"wordCount":155,"publisher":{"@id":"https:\/\/www.pm.pb.gov.br\/portal\/#organization"},"articleSection":["A\u00e7\u00f5es Policiais"],"inLanguage":"pt-BR"},{"@type":"WebPage","@id":"https:\/\/www.pm.pb.gov.br\/portal\/2024\/05\/19\/policia-militar-apreende-quatro-armas-de-fogo-em-mais-uma-operacao-na-cidade-de-bayeux\/","url":"https:\/\/www.pm.pb.gov.br\/portal\/2024\/05\/19\/policia-militar-apreende-quatro-armas-de-fogo-em-mais-uma-operacao-na-cidade-de-bayeux\/","name":"Pol\u00edcia Militar apreende quatro armas de fogo em mais uma opera\u00e7\u00e3o na cidade de Bayeux - Pol\u00edcia Militar da Para\u00edba","isPartOf":{"@id":"https:\/\/www.pm.pb.gov.br\/portal\/#website"},"datePublished":"2024-05-19T17:29:07+00:00","dateModified":"2024-05-19T17:29:09+00:00","breadcrumb":{"@id":"https:\/\/www.pm.pb.gov.br\/portal\/2024\/05\/19\/policia-militar-apreende-quatro-armas-de-fogo-em-mais-uma-operacao-na-cidade-de-bayeux\/#breadcrumb"},"inLanguage":"pt-BR","potentialAction":[{"@type":"ReadAction","target":["https:\/\/www.pm.pb.gov.br\/portal\/2024\/05\/19\/policia-militar-apreende-quatro-armas-de-fogo-em-mais-uma-operacao-na-cidade-de-bayeux\/"]}]},{"@type":"BreadcrumbList","@id":"https:\/\/www.pm.pb.gov.br\/portal\/2024\/05\/19\/policia-militar-apreende-quatro-armas-de-fogo-em-mais-uma-operacao-na-cidade-de-bayeux\/#breadcrumb","itemListElement":[{"@type":"ListItem","position":1,"name":"In\u00edcio","item":"https:\/\/www.pm.pb.gov.br\/portal\/"},{"@type":"ListItem","position":2,"name":"Pol\u00edcia Militar apreende quatro armas de fogo em mais uma opera\u00e7\u00e3o na cidade de Bayeux"}]},{"@type":"WebSite","@id":"https:\/\/www.pm.pb.gov.br\/portal\/#website","url":"https:\/\/www.pm.pb.gov.br\/portal\/","name":"Pol\u00edcia Militar da Para\u00edba","description":"","publisher":{"@id":"https:\/\/www.pm.pb.gov.br\/portal\/#organization"},"potentialAction":[{"@type":"SearchAction","target":{"@type":"EntryPoint","urlTemplate":"https:\/\/www.pm.pb.gov.br\/portal\/?s={search_term_string}"},"query-input":"required name=search_term_string"}],"inLanguage":"pt-BR"},{"@type":"Organization","@id":"https:\/\/www.pm.pb.gov.br\/portal\/#organization","name":"Pol\u00edcia Militar da Para\u00edba","url":"https:\/\/www.pm.pb.gov.br\/portal\/","logo":{"@type":"ImageObject","inLanguage":"pt-BR","@id":"https:\/\/www.pm.pb.gov.br\/portal\/#\/schema\/logo\/image\/","url":"https:\/\/www.pm.pb.gov.br\/portal\/wp-content\/uploads\/2025\/03\/cropped-logo-site-mag2-1.png","contentUrl":"https:\/\/www.pm.pb.gov.br\/portal\/wp-content\/uploads\/2025\/03\/cropped-logo-site-mag2-1.png","width":320,"height":90,"caption":"Pol\u00edcia Militar da Para\u00edba"},"image":{"@id":"https:\/\/www.pm.pb.gov.br\/portal\/#\/schema\/logo\/image\/"}},{"@type":"Person","@id":"https:\/\/www.pm.pb.gov.br\/portal\/#\/schema\/person\/e8454f46651c3ecf0e1ba3c1666d9947","name":"Assessoria de Imprensa da PMPB","image":{"@type":"ImageObject","inLanguage":"pt-BR","@id":"https:\/\/www.pm.pb.gov.br\/portal\/#\/schema\/person\/image\/","url":"https:\/\/secure.gravatar.com\/avatar\/2efe197438265d1e90bd98c4c8e1acf8?s=96&d=mm&r=g","contentUrl":"https:\/\/secure.gravatar.com\/avatar\/2efe197438265d1e90bd98c4c8e1acf8?s=96&d=mm&r=g","caption":"Assessoria de Imprensa da PMPB"},"url":"https:\/\/www.pm.pb.gov.br\/portal\/author\/assessoria\/"}]}},"_links":{"self":[{"href":"https:\/\/www.pm.pb.gov.br\/portal\/wp-json\/wp\/v2\/posts\/922133"}],"collection":[{"href":"https:\/\/www.pm.pb.gov.br\/portal\/wp-json\/wp\/v2\/posts"}],"about":[{"href":"https:\/\/www.pm.pb.gov.br\/portal\/wp-json\/wp\/v2\/types\/post"}],"author":[{"embeddable":true,"href":"https:\/\/www.pm.pb.gov.br\/portal\/wp-json\/wp\/v2\/users\/5"}],"replies":[{"embeddable":true,"href":"https:\/\/www.pm.pb.gov.br\/portal\/wp-json\/wp\/v2\/comments?post=922133"}],"version-history":[{"count":2,"href":"https:\/\/www.pm.pb.gov.br\/portal\/wp-json\/wp\/v2\/posts\/922133\/revisions"}],"predecessor-version":[{"id":922138,"href":"https:\/\/www.pm.pb.gov.br\/portal\/wp-json\/wp\/v2\/posts\/922133\/revisions\/922138"}],"wp:featuredmedia":[{"embeddable":true,"href":"https:\/\/www.pm.pb.gov.br\/portal\/wp-json\/wp\/v2\/media\/922137"}],"wp:attachment":[{"href":"https:\/\/www.pm.pb.gov.br\/portal\/wp-json\/wp\/v2\/media?parent=922133"}],"wp:term":[{"taxonomy":"category","embeddable":true,"href":"https:\/\/www.pm.pb.gov.br\/portal\/wp-json\/wp\/v2\/categories?post=922133"},{"taxonomy":"post_tag","embeddable":true,"href":"https:\/\/www.pm.pb.gov.br\/portal\/wp-json\/wp\/v2\/tags?post=922133"}],"curies":[{"name":"wp","href":"https:\/\/api.w.org\/{rel}","templated":true}]}}