{"id":922131,"date":"2024-05-18T12:40:17","date_gmt":"2024-05-18T15:40:17","guid":{"rendered":"https:\/\/www.pm.pb.gov.br\/portal\/?p=922131"},"modified":"2024-05-18T12:40:18","modified_gmt":"2024-05-18T15:40:18","slug":"policia-militar-localiza-suspeito-que-fugiu-pela-area-de-caatinga-depois-de-confronto-em-malta","status":"publish","type":"post","link":"https:\/\/www.pm.pb.gov.br\/portal\/2024\/05\/18\/policia-militar-localiza-suspeito-que-fugiu-pela-area-de-caatinga-depois-de-confronto-em-malta\/","title":{"rendered":"Pol\u00edcia Militar localiza suspeito que fugiu pela \u00e1rea de caatinga depois de confronto em Malta"},"content":{"rendered":"A Pol\u00edcia Militar prendeu, nessa sexta-feira (17), o acusado que estaria envolvido em uma troca de tiros com policiais, na \u00faltima quinta-feira (16), na cidade de Malta, no sert\u00e3o da Para\u00edba. Ele seria integrante de um grupo que planejava atacar um carro-forte na regi\u00e3o. A pris\u00e3o foi realizada pelas equipes da 6\u00aa Companhia do Batalh\u00e3o de Policiamento do Choque (BPChoque), que fizeram buscas pela \u00e1rea da caatinga &#8211; local por onde fugiram os integrantes do bando.<br \/><br \/>No decorrer das buscas, j\u00e1 neste s\u00e1bado (18), foram presos mais dois acusados de tentar resgatar os criminosos que fugiram da abordagem policial da \u00faltima quinta-feira. Um foi preso em Malta e o outro, em S\u00e3o Bento. <br \/><br \/>Os tr\u00eas foram apresentados na Delegacia de Pol\u00edcia, em Patos.<br \/><br \/>Relembre o caso \u2013 Na manh\u00e3 da quinta-feira (16), equipes da 6\u00aa Companhia do Batalh\u00e3o de Policiamento do Choque (BPChoque) foram acionadas para prestar apoio \u00e0 Pol\u00edcia Civil, que estava em confronto com suspeitos de planejarem atacar um carro-forte. Na ocasi\u00e3o, foram presos dois acusados, apreendidos dois fuzis, centenas de muni\u00e7\u00f5es e um carro. O restante do bando conseguiu fugir.<br \/><br \/>A PM continua com equipes fazendo buscas na regi\u00e3o.<br \/>","protected":false},"excerpt":{"rendered":"<p>A Pol\u00edcia Militar prendeu, nessa sexta-feira (17), o acusado que estaria envolvido em uma troca de tiros com policiais, na<\/p>\n","protected":false},"author":5,"featured_media":922134,"comment_status":"closed","ping_status":"closed","sticky":false,"template":"","format":"standard","meta":{"_exactmetrics_skip_tracking":false,"_exactmetrics_sitenote_active":false,"_exactmetrics_sitenote_note":"","_exactmetrics_sitenote_category":0,"footnotes":""},"categories":[4],"tags":[],"yoast_head":"<!-- This site is optimized with the Yoast SEO plugin v22.0 - https:\/\/yoast.com\/wordpress\/plugins\/seo\/ -->\n<title>Pol\u00edcia Militar localiza suspeito que fugiu pela \u00e1rea de caatinga depois de confronto em Malta - Pol\u00edcia Militar da Para\u00edba<\/title>\n<meta name=\"robots\" content=\"index, follow, max-snippet:-1, max-image-preview:large, max-video-preview:-1\" \/>\n<link rel=\"canonical\" href=\"https:\/\/www.pm.pb.gov.br\/portal\/2024\/05\/18\/policia-militar-localiza-suspeito-que-fugiu-pela-area-de-caatinga-depois-de-confronto-em-malta\/\" \/>\n<meta property=\"og:locale\" content=\"pt_BR\" \/>\n<meta property=\"og:type\" content=\"article\" \/>\n<meta property=\"og:title\" content=\"Pol\u00edcia Militar localiza suspeito que fugiu pela \u00e1rea de caatinga depois de confronto em Malta - Pol\u00edcia Militar da Para\u00edba\" \/>\n<meta property=\"og:description\" content=\"A Pol\u00edcia Militar prendeu, nessa sexta-feira (17), o acusado que estaria envolvido em uma troca de tiros com policiais, na\" \/>\n<meta property=\"og:url\" content=\"https:\/\/www.pm.pb.gov.br\/portal\/2024\/05\/18\/policia-militar-localiza-suspeito-que-fugiu-pela-area-de-caatinga-depois-de-confronto-em-malta\/\" \/>\n<meta property=\"og:site_name\" content=\"Pol\u00edcia Militar da Para\u00edba\" \/>\n<meta property=\"article:published_time\" content=\"2024-05-18T15:40:17+00:00\" \/>\n<meta property=\"article:modified_time\" content=\"2024-05-18T15:40:18+00:00\" \/>\n<meta property=\"og:image\" content=\"http:\/\/www.pm.pb.gov.br\/portal\/wp-content\/uploads\/2024\/05\/WhatsApp-Image-2024-05-18-at-10.02.27-AM.jpeg\" \/>\n\t<meta property=\"og:image:width\" content=\"864\" \/>\n\t<meta property=\"og:image:height\" content=\"1152\" \/>\n\t<meta property=\"og:image:type\" content=\"image\/jpeg\" \/>\n<meta name=\"author\" content=\"Assessoria de Imprensa da PMPB\" \/>\n<meta name=\"twitter:card\" content=\"summary_large_image\" \/>\n<meta name=\"twitter:label1\" content=\"Escrito por\" \/>\n\t<meta name=\"twitter:data1\" content=\"Assessoria de Imprensa da PMPB\" \/>\n\t<meta name=\"twitter:label2\" content=\"Est. tempo de leitura\" \/>\n\t<meta name=\"twitter:data2\" content=\"2 minutos\" \/>\n<script type=\"application\/ld+json\" class=\"yoast-schema-graph\">{\"@context\":\"https:\/\/schema.org\",\"@graph\":[{\"@type\":\"Article\",\"@id\":\"https:\/\/www.pm.pb.gov.br\/portal\/2024\/05\/18\/policia-militar-localiza-suspeito-que-fugiu-pela-area-de-caatinga-depois-de-confronto-em-malta\/#article\",\"isPartOf\":{\"@id\":\"https:\/\/www.pm.pb.gov.br\/portal\/2024\/05\/18\/policia-militar-localiza-suspeito-que-fugiu-pela-area-de-caatinga-depois-de-confronto-em-malta\/\"},\"author\":{\"name\":\"Assessoria de Imprensa da PMPB\",\"@id\":\"https:\/\/www.pm.pb.gov.br\/portal\/#\/schema\/person\/e8454f46651c3ecf0e1ba3c1666d9947\"},\"headline\":\"Pol\u00edcia Militar localiza suspeito que fugiu pela \u00e1rea de caatinga depois de confronto em Malta\",\"datePublished\":\"2024-05-18T15:40:17+00:00\",\"dateModified\":\"2024-05-18T15:40:18+00:00\",\"mainEntityOfPage\":{\"@id\":\"https:\/\/www.pm.pb.gov.br\/portal\/2024\/05\/18\/policia-militar-localiza-suspeito-que-fugiu-pela-area-de-caatinga-depois-de-confronto-em-malta\/\"},\"wordCount\":215,\"publisher\":{\"@id\":\"https:\/\/www.pm.pb.gov.br\/portal\/#organization\"},\"articleSection\":[\"A\u00e7\u00f5es Policiais\"],\"inLanguage\":\"pt-BR\"},{\"@type\":\"WebPage\",\"@id\":\"https:\/\/www.pm.pb.gov.br\/portal\/2024\/05\/18\/policia-militar-localiza-suspeito-que-fugiu-pela-area-de-caatinga-depois-de-confronto-em-malta\/\",\"url\":\"https:\/\/www.pm.pb.gov.br\/portal\/2024\/05\/18\/policia-militar-localiza-suspeito-que-fugiu-pela-area-de-caatinga-depois-de-confronto-em-malta\/\",\"name\":\"Pol\u00edcia Militar localiza suspeito que fugiu pela \u00e1rea de caatinga depois de confronto em Malta - Pol\u00edcia Militar da Para\u00edba\",\"isPartOf\":{\"@id\":\"https:\/\/www.pm.pb.gov.br\/portal\/#website\"},\"datePublished\":\"2024-05-18T15:40:17+00:00\",\"dateModified\":\"2024-05-18T15:40:18+00:00\",\"breadcrumb\":{\"@id\":\"https:\/\/www.pm.pb.gov.br\/portal\/2024\/05\/18\/policia-militar-localiza-suspeito-que-fugiu-pela-area-de-caatinga-depois-de-confronto-em-malta\/#breadcrumb\"},\"inLanguage\":\"pt-BR\",\"potentialAction\":[{\"@type\":\"ReadAction\",\"target\":[\"https:\/\/www.pm.pb.gov.br\/portal\/2024\/05\/18\/policia-militar-localiza-suspeito-que-fugiu-pela-area-de-caatinga-depois-de-confronto-em-malta\/\"]}]},{\"@type\":\"BreadcrumbList\",\"@id\":\"https:\/\/www.pm.pb.gov.br\/portal\/2024\/05\/18\/policia-militar-localiza-suspeito-que-fugiu-pela-area-de-caatinga-depois-de-confronto-em-malta\/#breadcrumb\",\"itemListElement\":[{\"@type\":\"ListItem\",\"position\":1,\"name\":\"In\u00edcio\",\"item\":\"https:\/\/www.pm.pb.gov.br\/portal\/\"},{\"@type\":\"ListItem\",\"position\":2,\"name\":\"Pol\u00edcia Militar localiza suspeito que fugiu pela \u00e1rea de caatinga depois de confronto em Malta\"}]},{\"@type\":\"WebSite\",\"@id\":\"https:\/\/www.pm.pb.gov.br\/portal\/#website\",\"url\":\"https:\/\/www.pm.pb.gov.br\/portal\/\",\"name\":\"Pol\u00edcia Militar da Para\u00edba\",\"description\":\"\",\"publisher\":{\"@id\":\"https:\/\/www.pm.pb.gov.br\/portal\/#organization\"},\"potentialAction\":[{\"@type\":\"SearchAction\",\"target\":{\"@type\":\"EntryPoint\",\"urlTemplate\":\"https:\/\/www.pm.pb.gov.br\/portal\/?s={search_term_string}\"},\"query-input\":\"required name=search_term_string\"}],\"inLanguage\":\"pt-BR\"},{\"@type\":\"Organization\",\"@id\":\"https:\/\/www.pm.pb.gov.br\/portal\/#organization\",\"name\":\"Pol\u00edcia Militar da Para\u00edba\",\"url\":\"https:\/\/www.pm.pb.gov.br\/portal\/\",\"logo\":{\"@type\":\"ImageObject\",\"inLanguage\":\"pt-BR\",\"@id\":\"https:\/\/www.pm.pb.gov.br\/portal\/#\/schema\/logo\/image\/\",\"url\":\"https:\/\/www.pm.pb.gov.br\/portal\/wp-content\/uploads\/2025\/03\/cropped-logo-site-mag2-1.png\",\"contentUrl\":\"https:\/\/www.pm.pb.gov.br\/portal\/wp-content\/uploads\/2025\/03\/cropped-logo-site-mag2-1.png\",\"width\":320,\"height\":90,\"caption\":\"Pol\u00edcia Militar da Para\u00edba\"},\"image\":{\"@id\":\"https:\/\/www.pm.pb.gov.br\/portal\/#\/schema\/logo\/image\/\"}},{\"@type\":\"Person\",\"@id\":\"https:\/\/www.pm.pb.gov.br\/portal\/#\/schema\/person\/e8454f46651c3ecf0e1ba3c1666d9947\",\"name\":\"Assessoria de Imprensa da PMPB\",\"image\":{\"@type\":\"ImageObject\",\"inLanguage\":\"pt-BR\",\"@id\":\"https:\/\/www.pm.pb.gov.br\/portal\/#\/schema\/person\/image\/\",\"url\":\"https:\/\/secure.gravatar.com\/avatar\/2efe197438265d1e90bd98c4c8e1acf8?s=96&d=mm&r=g\",\"contentUrl\":\"https:\/\/secure.gravatar.com\/avatar\/2efe197438265d1e90bd98c4c8e1acf8?s=96&d=mm&r=g\",\"caption\":\"Assessoria de Imprensa da PMPB\"},\"url\":\"https:\/\/www.pm.pb.gov.br\/portal\/author\/assessoria\/\"}]}<\/script>\n<!-- \/ Yoast SEO plugin. -->","yoast_head_json":{"title":"Pol\u00edcia Militar localiza suspeito que fugiu pela \u00e1rea de caatinga depois de confronto em Malta - Pol\u00edcia Militar da Para\u00edba","robots":{"index":"index","follow":"follow","max-snippet":"max-snippet:-1","max-image-preview":"max-image-preview:large","max-video-preview":"max-video-preview:-1"},"canonical":"https:\/\/www.pm.pb.gov.br\/portal\/2024\/05\/18\/policia-militar-localiza-suspeito-que-fugiu-pela-area-de-caatinga-depois-de-confronto-em-malta\/","og_locale":"pt_BR","og_type":"article","og_title":"Pol\u00edcia Militar localiza suspeito que fugiu pela \u00e1rea de caatinga depois de confronto em Malta - Pol\u00edcia Militar da Para\u00edba","og_description":"A Pol\u00edcia Militar prendeu, nessa sexta-feira (17), o acusado que estaria envolvido em uma troca de tiros com policiais, na","og_url":"https:\/\/www.pm.pb.gov.br\/portal\/2024\/05\/18\/policia-militar-localiza-suspeito-que-fugiu-pela-area-de-caatinga-depois-de-confronto-em-malta\/","og_site_name":"Pol\u00edcia Militar da Para\u00edba","article_published_time":"2024-05-18T15:40:17+00:00","article_modified_time":"2024-05-18T15:40:18+00:00","og_image":[{"width":864,"height":1152,"url":"http:\/\/www.pm.pb.gov.br\/portal\/wp-content\/uploads\/2024\/05\/WhatsApp-Image-2024-05-18-at-10.02.27-AM.jpeg","type":"image\/jpeg"}],"author":"Assessoria de Imprensa da PMPB","twitter_card":"summary_large_image","twitter_misc":{"Escrito por":"Assessoria de Imprensa da PMPB","Est. tempo de leitura":"2 minutos"},"schema":{"@context":"https:\/\/schema.org","@graph":[{"@type":"Article","@id":"https:\/\/www.pm.pb.gov.br\/portal\/2024\/05\/18\/policia-militar-localiza-suspeito-que-fugiu-pela-area-de-caatinga-depois-de-confronto-em-malta\/#article","isPartOf":{"@id":"https:\/\/www.pm.pb.gov.br\/portal\/2024\/05\/18\/policia-militar-localiza-suspeito-que-fugiu-pela-area-de-caatinga-depois-de-confronto-em-malta\/"},"author":{"name":"Assessoria de Imprensa da PMPB","@id":"https:\/\/www.pm.pb.gov.br\/portal\/#\/schema\/person\/e8454f46651c3ecf0e1ba3c1666d9947"},"headline":"Pol\u00edcia Militar localiza suspeito que fugiu pela \u00e1rea de caatinga depois de confronto em Malta","datePublished":"2024-05-18T15:40:17+00:00","dateModified":"2024-05-18T15:40:18+00:00","mainEntityOfPage":{"@id":"https:\/\/www.pm.pb.gov.br\/portal\/2024\/05\/18\/policia-militar-localiza-suspeito-que-fugiu-pela-area-de-caatinga-depois-de-confronto-em-malta\/"},"wordCount":215,"publisher":{"@id":"https:\/\/www.pm.pb.gov.br\/portal\/#organization"},"articleSection":["A\u00e7\u00f5es Policiais"],"inLanguage":"pt-BR"},{"@type":"WebPage","@id":"https:\/\/www.pm.pb.gov.br\/portal\/2024\/05\/18\/policia-militar-localiza-suspeito-que-fugiu-pela-area-de-caatinga-depois-de-confronto-em-malta\/","url":"https:\/\/www.pm.pb.gov.br\/portal\/2024\/05\/18\/policia-militar-localiza-suspeito-que-fugiu-pela-area-de-caatinga-depois-de-confronto-em-malta\/","name":"Pol\u00edcia Militar localiza suspeito que fugiu pela \u00e1rea de caatinga depois de confronto em Malta - Pol\u00edcia Militar da Para\u00edba","isPartOf":{"@id":"https:\/\/www.pm.pb.gov.br\/portal\/#website"},"datePublished":"2024-05-18T15:40:17+00:00","dateModified":"2024-05-18T15:40:18+00:00","breadcrumb":{"@id":"https:\/\/www.pm.pb.gov.br\/portal\/2024\/05\/18\/policia-militar-localiza-suspeito-que-fugiu-pela-area-de-caatinga-depois-de-confronto-em-malta\/#breadcrumb"},"inLanguage":"pt-BR","potentialAction":[{"@type":"ReadAction","target":["https:\/\/www.pm.pb.gov.br\/portal\/2024\/05\/18\/policia-militar-localiza-suspeito-que-fugiu-pela-area-de-caatinga-depois-de-confronto-em-malta\/"]}]},{"@type":"BreadcrumbList","@id":"https:\/\/www.pm.pb.gov.br\/portal\/2024\/05\/18\/policia-militar-localiza-suspeito-que-fugiu-pela-area-de-caatinga-depois-de-confronto-em-malta\/#breadcrumb","itemListElement":[{"@type":"ListItem","position":1,"name":"In\u00edcio","item":"https:\/\/www.pm.pb.gov.br\/portal\/"},{"@type":"ListItem","position":2,"name":"Pol\u00edcia Militar localiza suspeito que fugiu pela \u00e1rea de caatinga depois de confronto em Malta"}]},{"@type":"WebSite","@id":"https:\/\/www.pm.pb.gov.br\/portal\/#website","url":"https:\/\/www.pm.pb.gov.br\/portal\/","name":"Pol\u00edcia Militar da Para\u00edba","description":"","publisher":{"@id":"https:\/\/www.pm.pb.gov.br\/portal\/#organization"},"potentialAction":[{"@type":"SearchAction","target":{"@type":"EntryPoint","urlTemplate":"https:\/\/www.pm.pb.gov.br\/portal\/?s={search_term_string}"},"query-input":"required name=search_term_string"}],"inLanguage":"pt-BR"},{"@type":"Organization","@id":"https:\/\/www.pm.pb.gov.br\/portal\/#organization","name":"Pol\u00edcia Militar da Para\u00edba","url":"https:\/\/www.pm.pb.gov.br\/portal\/","logo":{"@type":"ImageObject","inLanguage":"pt-BR","@id":"https:\/\/www.pm.pb.gov.br\/portal\/#\/schema\/logo\/image\/","url":"https:\/\/www.pm.pb.gov.br\/portal\/wp-content\/uploads\/2025\/03\/cropped-logo-site-mag2-1.png","contentUrl":"https:\/\/www.pm.pb.gov.br\/portal\/wp-content\/uploads\/2025\/03\/cropped-logo-site-mag2-1.png","width":320,"height":90,"caption":"Pol\u00edcia Militar da Para\u00edba"},"image":{"@id":"https:\/\/www.pm.pb.gov.br\/portal\/#\/schema\/logo\/image\/"}},{"@type":"Person","@id":"https:\/\/www.pm.pb.gov.br\/portal\/#\/schema\/person\/e8454f46651c3ecf0e1ba3c1666d9947","name":"Assessoria de Imprensa da PMPB","image":{"@type":"ImageObject","inLanguage":"pt-BR","@id":"https:\/\/www.pm.pb.gov.br\/portal\/#\/schema\/person\/image\/","url":"https:\/\/secure.gravatar.com\/avatar\/2efe197438265d1e90bd98c4c8e1acf8?s=96&d=mm&r=g","contentUrl":"https:\/\/secure.gravatar.com\/avatar\/2efe197438265d1e90bd98c4c8e1acf8?s=96&d=mm&r=g","caption":"Assessoria de Imprensa da PMPB"},"url":"https:\/\/www.pm.pb.gov.br\/portal\/author\/assessoria\/"}]}},"_links":{"self":[{"href":"https:\/\/www.pm.pb.gov.br\/portal\/wp-json\/wp\/v2\/posts\/922131"}],"collection":[{"href":"https:\/\/www.pm.pb.gov.br\/portal\/wp-json\/wp\/v2\/posts"}],"about":[{"href":"https:\/\/www.pm.pb.gov.br\/portal\/wp-json\/wp\/v2\/types\/post"}],"author":[{"embeddable":true,"href":"https:\/\/www.pm.pb.gov.br\/portal\/wp-json\/wp\/v2\/users\/5"}],"replies":[{"embeddable":true,"href":"https:\/\/www.pm.pb.gov.br\/portal\/wp-json\/wp\/v2\/comments?post=922131"}],"version-history":[{"count":1,"href":"https:\/\/www.pm.pb.gov.br\/portal\/wp-json\/wp\/v2\/posts\/922131\/revisions"}],"predecessor-version":[{"id":922132,"href":"https:\/\/www.pm.pb.gov.br\/portal\/wp-json\/wp\/v2\/posts\/922131\/revisions\/922132"}],"wp:featuredmedia":[{"embeddable":true,"href":"https:\/\/www.pm.pb.gov.br\/portal\/wp-json\/wp\/v2\/media\/922134"}],"wp:attachment":[{"href":"https:\/\/www.pm.pb.gov.br\/portal\/wp-json\/wp\/v2\/media?parent=922131"}],"wp:term":[{"taxonomy":"category","embeddable":true,"href":"https:\/\/www.pm.pb.gov.br\/portal\/wp-json\/wp\/v2\/categories?post=922131"},{"taxonomy":"post_tag","embeddable":true,"href":"https:\/\/www.pm.pb.gov.br\/portal\/wp-json\/wp\/v2\/tags?post=922131"}],"curies":[{"name":"wp","href":"https:\/\/api.w.org\/{rel}","templated":true}]}}