{"id":922117,"date":"2024-05-18T12:05:16","date_gmt":"2024-05-18T15:05:16","guid":{"rendered":"https:\/\/www.pm.pb.gov.br\/portal\/?p=922117"},"modified":"2024-05-18T12:09:12","modified_gmt":"2024-05-18T15:09:12","slug":"semana-nacional-dos-museus-tem-exposicao-de-acervo-historico-da-policia-militar-da-paraiba","status":"publish","type":"post","link":"https:\/\/www.pm.pb.gov.br\/portal\/2024\/05\/18\/semana-nacional-dos-museus-tem-exposicao-de-acervo-historico-da-policia-militar-da-paraiba\/","title":{"rendered":"Semana nacional dos museus tem exposi\u00e7\u00e3o de acervo hist\u00f3rico da Pol\u00edcia Militar da Para\u00edba"},"content":{"rendered":"\n<p>O museu da Pol\u00edcia Militar da Para\u00edba est\u00e1 participando da semana nacional dos museus, com exposi\u00e7\u00e3o de acervo hist\u00f3rico da corpora\u00e7\u00e3o em um shopping, na cidade de Patos, neste fim de semana. Al\u00e9m disso, est\u00e1 sendo promovido o 1\u00ba concurso de reda\u00e7\u00e3o escolar do museu da PMPB.<br><br>As a\u00e7\u00f5es celebram o dia internacional dos museus, comemorado neste dia 18 de maio. A semana nacional dos museus \u00e9 uma iniciativa do Instituto Brasileiro de Museus (IBRAM), que abrange institui\u00e7\u00f5es de museologia de todo pa\u00eds.<br><br>A Pol\u00edcia Militar da Para\u00edba tem um Museu com mais de 500 pe\u00e7as que contam a hist\u00f3ria de quase 200 anos da institui\u00e7\u00e3o. Ele fica localizado em Jo\u00e3o Pessoa, no parque S\u00f3lon de Lucena, n\u00ba 389, e \u00e9 aberto para visita\u00e7\u00e3o das 9h \u00e0s 17h, de ter\u00e7a a domingo.<\/p>\n\n\n\n<p><img loading=\"lazy\" decoding=\"async\" width=\"1600\" height=\"1200\" class=\"wp-image-922126\" style=\"width: 800px;\" src=\"http:\/\/www.pm.pb.gov.br\/portal\/wp-content\/uploads\/2024\/05\/cd8d4a55-02ff-4163-9523-f1cdfa8015a9-1.jpg\" alt=\"\" srcset=\"https:\/\/www.pm.pb.gov.br\/portal\/wp-content\/uploads\/2024\/05\/cd8d4a55-02ff-4163-9523-f1cdfa8015a9-1.jpg 1600w, https:\/\/www.pm.pb.gov.br\/portal\/wp-content\/uploads\/2024\/05\/cd8d4a55-02ff-4163-9523-f1cdfa8015a9-1-593x445.jpg 593w, https:\/\/www.pm.pb.gov.br\/portal\/wp-content\/uploads\/2024\/05\/cd8d4a55-02ff-4163-9523-f1cdfa8015a9-1-760x570.jpg 760w, https:\/\/www.pm.pb.gov.br\/portal\/wp-content\/uploads\/2024\/05\/cd8d4a55-02ff-4163-9523-f1cdfa8015a9-1-768x576.jpg 768w, https:\/\/www.pm.pb.gov.br\/portal\/wp-content\/uploads\/2024\/05\/cd8d4a55-02ff-4163-9523-f1cdfa8015a9-1-1536x1152.jpg 1536w\" sizes=\"(max-width: 1600px) 100vw, 1600px\" \/><\/p>\n\n\n\n<p><img loading=\"lazy\" decoding=\"async\" width=\"1600\" height=\"900\" class=\"wp-image-922128\" style=\"width: 800px;\" src=\"http:\/\/www.pm.pb.gov.br\/portal\/wp-content\/uploads\/2024\/05\/WhatsApp-Image-2024-05-17-at-7.30.49-PM.jpeg\" alt=\"\" srcset=\"https:\/\/www.pm.pb.gov.br\/portal\/wp-content\/uploads\/2024\/05\/WhatsApp-Image-2024-05-17-at-7.30.49-PM.jpeg 1600w, https:\/\/www.pm.pb.gov.br\/portal\/wp-content\/uploads\/2024\/05\/WhatsApp-Image-2024-05-17-at-7.30.49-PM-791x445.jpeg 791w, https:\/\/www.pm.pb.gov.br\/portal\/wp-content\/uploads\/2024\/05\/WhatsApp-Image-2024-05-17-at-7.30.49-PM-1013x570.jpeg 1013w, https:\/\/www.pm.pb.gov.br\/portal\/wp-content\/uploads\/2024\/05\/WhatsApp-Image-2024-05-17-at-7.30.49-PM-768x432.jpeg 768w, https:\/\/www.pm.pb.gov.br\/portal\/wp-content\/uploads\/2024\/05\/WhatsApp-Image-2024-05-17-at-7.30.49-PM-1536x864.jpeg 1536w\" sizes=\"(max-width: 1600px) 100vw, 1600px\" \/><br><\/p>\n","protected":false},"excerpt":{"rendered":"<p>O museu da Pol\u00edcia Militar da Para\u00edba est\u00e1 participando da semana nacional dos museus, com exposi\u00e7\u00e3o de acervo hist\u00f3rico da<\/p>\n","protected":false},"author":5,"featured_media":922125,"comment_status":"closed","ping_status":"closed","sticky":false,"template":"","format":"standard","meta":{"_exactmetrics_skip_tracking":false,"_exactmetrics_sitenote_active":false,"_exactmetrics_sitenote_note":"","_exactmetrics_sitenote_category":0,"footnotes":""},"categories":[4],"tags":[],"yoast_head":"<!-- This site is optimized with the Yoast SEO plugin v22.0 - https:\/\/yoast.com\/wordpress\/plugins\/seo\/ -->\n<title>Semana nacional dos museus tem exposi\u00e7\u00e3o de acervo hist\u00f3rico da Pol\u00edcia Militar da Para\u00edba - Pol\u00edcia Militar da Para\u00edba<\/title>\n<meta name=\"robots\" content=\"index, follow, max-snippet:-1, max-image-preview:large, max-video-preview:-1\" \/>\n<link rel=\"canonical\" href=\"https:\/\/www.pm.pb.gov.br\/portal\/2024\/05\/18\/semana-nacional-dos-museus-tem-exposicao-de-acervo-historico-da-policia-militar-da-paraiba\/\" \/>\n<meta property=\"og:locale\" content=\"pt_BR\" \/>\n<meta property=\"og:type\" content=\"article\" \/>\n<meta property=\"og:title\" content=\"Semana nacional dos museus tem exposi\u00e7\u00e3o de acervo hist\u00f3rico da Pol\u00edcia Militar da Para\u00edba - Pol\u00edcia Militar da Para\u00edba\" \/>\n<meta property=\"og:description\" content=\"O museu da Pol\u00edcia Militar da Para\u00edba est\u00e1 participando da semana nacional dos museus, com exposi\u00e7\u00e3o de acervo hist\u00f3rico da\" \/>\n<meta property=\"og:url\" content=\"https:\/\/www.pm.pb.gov.br\/portal\/2024\/05\/18\/semana-nacional-dos-museus-tem-exposicao-de-acervo-historico-da-policia-militar-da-paraiba\/\" \/>\n<meta property=\"og:site_name\" content=\"Pol\u00edcia Militar da Para\u00edba\" \/>\n<meta property=\"article:published_time\" content=\"2024-05-18T15:05:16+00:00\" \/>\n<meta property=\"article:modified_time\" content=\"2024-05-18T15:09:12+00:00\" \/>\n<meta property=\"og:image\" content=\"http:\/\/www.pm.pb.gov.br\/portal\/wp-content\/uploads\/2024\/05\/cd8d4a55-02ff-4163-9523-f1cdfa8015a9.jpg\" \/>\n\t<meta property=\"og:image:width\" content=\"1600\" \/>\n\t<meta property=\"og:image:height\" content=\"1200\" \/>\n\t<meta property=\"og:image:type\" content=\"image\/jpeg\" \/>\n<meta name=\"author\" content=\"Assessoria de Imprensa da PMPB\" \/>\n<meta name=\"twitter:card\" content=\"summary_large_image\" \/>\n<meta name=\"twitter:label1\" content=\"Escrito por\" \/>\n\t<meta name=\"twitter:data1\" content=\"Assessoria de Imprensa da PMPB\" \/>\n\t<meta name=\"twitter:label2\" content=\"Est. tempo de leitura\" \/>\n\t<meta name=\"twitter:data2\" content=\"2 minutos\" \/>\n<script type=\"application\/ld+json\" class=\"yoast-schema-graph\">{\"@context\":\"https:\/\/schema.org\",\"@graph\":[{\"@type\":\"Article\",\"@id\":\"https:\/\/www.pm.pb.gov.br\/portal\/2024\/05\/18\/semana-nacional-dos-museus-tem-exposicao-de-acervo-historico-da-policia-militar-da-paraiba\/#article\",\"isPartOf\":{\"@id\":\"https:\/\/www.pm.pb.gov.br\/portal\/2024\/05\/18\/semana-nacional-dos-museus-tem-exposicao-de-acervo-historico-da-policia-militar-da-paraiba\/\"},\"author\":{\"name\":\"Assessoria de Imprensa da PMPB\",\"@id\":\"https:\/\/www.pm.pb.gov.br\/portal\/#\/schema\/person\/e8454f46651c3ecf0e1ba3c1666d9947\"},\"headline\":\"Semana nacional dos museus tem exposi\u00e7\u00e3o de acervo hist\u00f3rico da Pol\u00edcia Militar da Para\u00edba\",\"datePublished\":\"2024-05-18T15:05:16+00:00\",\"dateModified\":\"2024-05-18T15:09:12+00:00\",\"mainEntityOfPage\":{\"@id\":\"https:\/\/www.pm.pb.gov.br\/portal\/2024\/05\/18\/semana-nacional-dos-museus-tem-exposicao-de-acervo-historico-da-policia-militar-da-paraiba\/\"},\"wordCount\":162,\"publisher\":{\"@id\":\"https:\/\/www.pm.pb.gov.br\/portal\/#organization\"},\"articleSection\":[\"A\u00e7\u00f5es Policiais\"],\"inLanguage\":\"pt-BR\"},{\"@type\":\"WebPage\",\"@id\":\"https:\/\/www.pm.pb.gov.br\/portal\/2024\/05\/18\/semana-nacional-dos-museus-tem-exposicao-de-acervo-historico-da-policia-militar-da-paraiba\/\",\"url\":\"https:\/\/www.pm.pb.gov.br\/portal\/2024\/05\/18\/semana-nacional-dos-museus-tem-exposicao-de-acervo-historico-da-policia-militar-da-paraiba\/\",\"name\":\"Semana nacional dos museus tem exposi\u00e7\u00e3o de acervo hist\u00f3rico da Pol\u00edcia Militar da Para\u00edba - Pol\u00edcia Militar da Para\u00edba\",\"isPartOf\":{\"@id\":\"https:\/\/www.pm.pb.gov.br\/portal\/#website\"},\"datePublished\":\"2024-05-18T15:05:16+00:00\",\"dateModified\":\"2024-05-18T15:09:12+00:00\",\"breadcrumb\":{\"@id\":\"https:\/\/www.pm.pb.gov.br\/portal\/2024\/05\/18\/semana-nacional-dos-museus-tem-exposicao-de-acervo-historico-da-policia-militar-da-paraiba\/#breadcrumb\"},\"inLanguage\":\"pt-BR\",\"potentialAction\":[{\"@type\":\"ReadAction\",\"target\":[\"https:\/\/www.pm.pb.gov.br\/portal\/2024\/05\/18\/semana-nacional-dos-museus-tem-exposicao-de-acervo-historico-da-policia-militar-da-paraiba\/\"]}]},{\"@type\":\"BreadcrumbList\",\"@id\":\"https:\/\/www.pm.pb.gov.br\/portal\/2024\/05\/18\/semana-nacional-dos-museus-tem-exposicao-de-acervo-historico-da-policia-militar-da-paraiba\/#breadcrumb\",\"itemListElement\":[{\"@type\":\"ListItem\",\"position\":1,\"name\":\"In\u00edcio\",\"item\":\"https:\/\/www.pm.pb.gov.br\/portal\/\"},{\"@type\":\"ListItem\",\"position\":2,\"name\":\"Semana nacional dos museus tem exposi\u00e7\u00e3o de acervo hist\u00f3rico da Pol\u00edcia Militar da Para\u00edba\"}]},{\"@type\":\"WebSite\",\"@id\":\"https:\/\/www.pm.pb.gov.br\/portal\/#website\",\"url\":\"https:\/\/www.pm.pb.gov.br\/portal\/\",\"name\":\"Pol\u00edcia Militar da Para\u00edba\",\"description\":\"\",\"publisher\":{\"@id\":\"https:\/\/www.pm.pb.gov.br\/portal\/#organization\"},\"potentialAction\":[{\"@type\":\"SearchAction\",\"target\":{\"@type\":\"EntryPoint\",\"urlTemplate\":\"https:\/\/www.pm.pb.gov.br\/portal\/?s={search_term_string}\"},\"query-input\":\"required name=search_term_string\"}],\"inLanguage\":\"pt-BR\"},{\"@type\":\"Organization\",\"@id\":\"https:\/\/www.pm.pb.gov.br\/portal\/#organization\",\"name\":\"Pol\u00edcia Militar da Para\u00edba\",\"url\":\"https:\/\/www.pm.pb.gov.br\/portal\/\",\"logo\":{\"@type\":\"ImageObject\",\"inLanguage\":\"pt-BR\",\"@id\":\"https:\/\/www.pm.pb.gov.br\/portal\/#\/schema\/logo\/image\/\",\"url\":\"https:\/\/www.pm.pb.gov.br\/portal\/wp-content\/uploads\/2025\/03\/cropped-logo-site-mag2-1.png\",\"contentUrl\":\"https:\/\/www.pm.pb.gov.br\/portal\/wp-content\/uploads\/2025\/03\/cropped-logo-site-mag2-1.png\",\"width\":320,\"height\":90,\"caption\":\"Pol\u00edcia Militar da Para\u00edba\"},\"image\":{\"@id\":\"https:\/\/www.pm.pb.gov.br\/portal\/#\/schema\/logo\/image\/\"}},{\"@type\":\"Person\",\"@id\":\"https:\/\/www.pm.pb.gov.br\/portal\/#\/schema\/person\/e8454f46651c3ecf0e1ba3c1666d9947\",\"name\":\"Assessoria de Imprensa da PMPB\",\"image\":{\"@type\":\"ImageObject\",\"inLanguage\":\"pt-BR\",\"@id\":\"https:\/\/www.pm.pb.gov.br\/portal\/#\/schema\/person\/image\/\",\"url\":\"https:\/\/secure.gravatar.com\/avatar\/2efe197438265d1e90bd98c4c8e1acf8?s=96&d=mm&r=g\",\"contentUrl\":\"https:\/\/secure.gravatar.com\/avatar\/2efe197438265d1e90bd98c4c8e1acf8?s=96&d=mm&r=g\",\"caption\":\"Assessoria de Imprensa da PMPB\"},\"url\":\"https:\/\/www.pm.pb.gov.br\/portal\/author\/assessoria\/\"}]}<\/script>\n<!-- \/ Yoast SEO plugin. -->","yoast_head_json":{"title":"Semana nacional dos museus tem exposi\u00e7\u00e3o de acervo hist\u00f3rico da Pol\u00edcia Militar da Para\u00edba - Pol\u00edcia Militar da Para\u00edba","robots":{"index":"index","follow":"follow","max-snippet":"max-snippet:-1","max-image-preview":"max-image-preview:large","max-video-preview":"max-video-preview:-1"},"canonical":"https:\/\/www.pm.pb.gov.br\/portal\/2024\/05\/18\/semana-nacional-dos-museus-tem-exposicao-de-acervo-historico-da-policia-militar-da-paraiba\/","og_locale":"pt_BR","og_type":"article","og_title":"Semana nacional dos museus tem exposi\u00e7\u00e3o de acervo hist\u00f3rico da Pol\u00edcia Militar da Para\u00edba - Pol\u00edcia Militar da Para\u00edba","og_description":"O museu da Pol\u00edcia Militar da Para\u00edba est\u00e1 participando da semana nacional dos museus, com exposi\u00e7\u00e3o de acervo hist\u00f3rico da","og_url":"https:\/\/www.pm.pb.gov.br\/portal\/2024\/05\/18\/semana-nacional-dos-museus-tem-exposicao-de-acervo-historico-da-policia-militar-da-paraiba\/","og_site_name":"Pol\u00edcia Militar da Para\u00edba","article_published_time":"2024-05-18T15:05:16+00:00","article_modified_time":"2024-05-18T15:09:12+00:00","og_image":[{"width":1600,"height":1200,"url":"http:\/\/www.pm.pb.gov.br\/portal\/wp-content\/uploads\/2024\/05\/cd8d4a55-02ff-4163-9523-f1cdfa8015a9.jpg","type":"image\/jpeg"}],"author":"Assessoria de Imprensa da PMPB","twitter_card":"summary_large_image","twitter_misc":{"Escrito por":"Assessoria de Imprensa da PMPB","Est. tempo de leitura":"2 minutos"},"schema":{"@context":"https:\/\/schema.org","@graph":[{"@type":"Article","@id":"https:\/\/www.pm.pb.gov.br\/portal\/2024\/05\/18\/semana-nacional-dos-museus-tem-exposicao-de-acervo-historico-da-policia-militar-da-paraiba\/#article","isPartOf":{"@id":"https:\/\/www.pm.pb.gov.br\/portal\/2024\/05\/18\/semana-nacional-dos-museus-tem-exposicao-de-acervo-historico-da-policia-militar-da-paraiba\/"},"author":{"name":"Assessoria de Imprensa da PMPB","@id":"https:\/\/www.pm.pb.gov.br\/portal\/#\/schema\/person\/e8454f46651c3ecf0e1ba3c1666d9947"},"headline":"Semana nacional dos museus tem exposi\u00e7\u00e3o de acervo hist\u00f3rico da Pol\u00edcia Militar da Para\u00edba","datePublished":"2024-05-18T15:05:16+00:00","dateModified":"2024-05-18T15:09:12+00:00","mainEntityOfPage":{"@id":"https:\/\/www.pm.pb.gov.br\/portal\/2024\/05\/18\/semana-nacional-dos-museus-tem-exposicao-de-acervo-historico-da-policia-militar-da-paraiba\/"},"wordCount":162,"publisher":{"@id":"https:\/\/www.pm.pb.gov.br\/portal\/#organization"},"articleSection":["A\u00e7\u00f5es Policiais"],"inLanguage":"pt-BR"},{"@type":"WebPage","@id":"https:\/\/www.pm.pb.gov.br\/portal\/2024\/05\/18\/semana-nacional-dos-museus-tem-exposicao-de-acervo-historico-da-policia-militar-da-paraiba\/","url":"https:\/\/www.pm.pb.gov.br\/portal\/2024\/05\/18\/semana-nacional-dos-museus-tem-exposicao-de-acervo-historico-da-policia-militar-da-paraiba\/","name":"Semana nacional dos museus tem exposi\u00e7\u00e3o de acervo hist\u00f3rico da Pol\u00edcia Militar da Para\u00edba - Pol\u00edcia Militar da Para\u00edba","isPartOf":{"@id":"https:\/\/www.pm.pb.gov.br\/portal\/#website"},"datePublished":"2024-05-18T15:05:16+00:00","dateModified":"2024-05-18T15:09:12+00:00","breadcrumb":{"@id":"https:\/\/www.pm.pb.gov.br\/portal\/2024\/05\/18\/semana-nacional-dos-museus-tem-exposicao-de-acervo-historico-da-policia-militar-da-paraiba\/#breadcrumb"},"inLanguage":"pt-BR","potentialAction":[{"@type":"ReadAction","target":["https:\/\/www.pm.pb.gov.br\/portal\/2024\/05\/18\/semana-nacional-dos-museus-tem-exposicao-de-acervo-historico-da-policia-militar-da-paraiba\/"]}]},{"@type":"BreadcrumbList","@id":"https:\/\/www.pm.pb.gov.br\/portal\/2024\/05\/18\/semana-nacional-dos-museus-tem-exposicao-de-acervo-historico-da-policia-militar-da-paraiba\/#breadcrumb","itemListElement":[{"@type":"ListItem","position":1,"name":"In\u00edcio","item":"https:\/\/www.pm.pb.gov.br\/portal\/"},{"@type":"ListItem","position":2,"name":"Semana nacional dos museus tem exposi\u00e7\u00e3o de acervo hist\u00f3rico da Pol\u00edcia Militar da Para\u00edba"}]},{"@type":"WebSite","@id":"https:\/\/www.pm.pb.gov.br\/portal\/#website","url":"https:\/\/www.pm.pb.gov.br\/portal\/","name":"Pol\u00edcia Militar da Para\u00edba","description":"","publisher":{"@id":"https:\/\/www.pm.pb.gov.br\/portal\/#organization"},"potentialAction":[{"@type":"SearchAction","target":{"@type":"EntryPoint","urlTemplate":"https:\/\/www.pm.pb.gov.br\/portal\/?s={search_term_string}"},"query-input":"required name=search_term_string"}],"inLanguage":"pt-BR"},{"@type":"Organization","@id":"https:\/\/www.pm.pb.gov.br\/portal\/#organization","name":"Pol\u00edcia Militar da Para\u00edba","url":"https:\/\/www.pm.pb.gov.br\/portal\/","logo":{"@type":"ImageObject","inLanguage":"pt-BR","@id":"https:\/\/www.pm.pb.gov.br\/portal\/#\/schema\/logo\/image\/","url":"https:\/\/www.pm.pb.gov.br\/portal\/wp-content\/uploads\/2025\/03\/cropped-logo-site-mag2-1.png","contentUrl":"https:\/\/www.pm.pb.gov.br\/portal\/wp-content\/uploads\/2025\/03\/cropped-logo-site-mag2-1.png","width":320,"height":90,"caption":"Pol\u00edcia Militar da Para\u00edba"},"image":{"@id":"https:\/\/www.pm.pb.gov.br\/portal\/#\/schema\/logo\/image\/"}},{"@type":"Person","@id":"https:\/\/www.pm.pb.gov.br\/portal\/#\/schema\/person\/e8454f46651c3ecf0e1ba3c1666d9947","name":"Assessoria de Imprensa da PMPB","image":{"@type":"ImageObject","inLanguage":"pt-BR","@id":"https:\/\/www.pm.pb.gov.br\/portal\/#\/schema\/person\/image\/","url":"https:\/\/secure.gravatar.com\/avatar\/2efe197438265d1e90bd98c4c8e1acf8?s=96&d=mm&r=g","contentUrl":"https:\/\/secure.gravatar.com\/avatar\/2efe197438265d1e90bd98c4c8e1acf8?s=96&d=mm&r=g","caption":"Assessoria de Imprensa da PMPB"},"url":"https:\/\/www.pm.pb.gov.br\/portal\/author\/assessoria\/"}]}},"_links":{"self":[{"href":"https:\/\/www.pm.pb.gov.br\/portal\/wp-json\/wp\/v2\/posts\/922117"}],"collection":[{"href":"https:\/\/www.pm.pb.gov.br\/portal\/wp-json\/wp\/v2\/posts"}],"about":[{"href":"https:\/\/www.pm.pb.gov.br\/portal\/wp-json\/wp\/v2\/types\/post"}],"author":[{"embeddable":true,"href":"https:\/\/www.pm.pb.gov.br\/portal\/wp-json\/wp\/v2\/users\/5"}],"replies":[{"embeddable":true,"href":"https:\/\/www.pm.pb.gov.br\/portal\/wp-json\/wp\/v2\/comments?post=922117"}],"version-history":[{"count":2,"href":"https:\/\/www.pm.pb.gov.br\/portal\/wp-json\/wp\/v2\/posts\/922117\/revisions"}],"predecessor-version":[{"id":922129,"href":"https:\/\/www.pm.pb.gov.br\/portal\/wp-json\/wp\/v2\/posts\/922117\/revisions\/922129"}],"wp:featuredmedia":[{"embeddable":true,"href":"https:\/\/www.pm.pb.gov.br\/portal\/wp-json\/wp\/v2\/media\/922125"}],"wp:attachment":[{"href":"https:\/\/www.pm.pb.gov.br\/portal\/wp-json\/wp\/v2\/media?parent=922117"}],"wp:term":[{"taxonomy":"category","embeddable":true,"href":"https:\/\/www.pm.pb.gov.br\/portal\/wp-json\/wp\/v2\/categories?post=922117"},{"taxonomy":"post_tag","embeddable":true,"href":"https:\/\/www.pm.pb.gov.br\/portal\/wp-json\/wp\/v2\/tags?post=922117"}],"curies":[{"name":"wp","href":"https:\/\/api.w.org\/{rel}","templated":true}]}}