{"id":922071,"date":"2024-05-13T12:38:48","date_gmt":"2024-05-13T15:38:48","guid":{"rendered":"https:\/\/www.pm.pb.gov.br\/portal\/?p=922071"},"modified":"2024-05-13T12:38:49","modified_gmt":"2024-05-13T15:38:49","slug":"operacao-autua-52-pessoas-por-dirigir-com-sintomas-de-embriaguez-durante-o-fim-de-semana","status":"publish","type":"post","link":"https:\/\/www.pm.pb.gov.br\/portal\/2024\/05\/13\/operacao-autua-52-pessoas-por-dirigir-com-sintomas-de-embriaguez-durante-o-fim-de-semana\/","title":{"rendered":"Opera\u00e7\u00e3o autua 52 pessoas por dirigir com sintomas de embriaguez durante o fim de semana"},"content":{"rendered":"\n<p>O Batalh\u00e3o de Policiamento de Tr\u00e2nsito autuou 52 condutores de ve\u00edculos na Opera\u00e7\u00e3o Zero \u00c1lcool, realizada entre a sexta-feira (10) e esse domingo (12), na Para\u00edba. Os autuados apresentavam sintomas de embriaguez. Ainda dentro da opera\u00e7\u00e3o, quinze pessoas foram presas e tr\u00eas armas de fogo foram apreendidas.<br><br>Mais de 2 mil ve\u00edculos foram abordados na opera\u00e7\u00e3o, que se concentrou nas cidades de Jo\u00e3o Pessoa, Campina Grande, Guarabira e Patos. O trabalho foi feito com bloqueios em pontos estrat\u00e9gicos para fiscalizar e coibir, com equipamentos espec\u00edficos e policiais treinados, a pr\u00e1tica de conduzir ve\u00edculo sob efeito de \u00e1lcool e outras irregularidades.<br><br>As pris\u00f5es e apreens\u00f5es foram registradas na delegacias de pol\u00edcia das cidades onde foram realizadas. <\/p>\n\n\n\n<p><img loading=\"lazy\" decoding=\"async\" width=\"1600\" height=\"722\" class=\"wp-image-922078\" style=\"width: 800px;\" src=\"http:\/\/www.pm.pb.gov.br\/portal\/wp-content\/uploads\/2024\/05\/WhatsApp-Image-2024-05-13-at-12.11.16-PM.jpeg\" alt=\"\" srcset=\"https:\/\/www.pm.pb.gov.br\/portal\/wp-content\/uploads\/2024\/05\/WhatsApp-Image-2024-05-13-at-12.11.16-PM.jpeg 1600w, https:\/\/www.pm.pb.gov.br\/portal\/wp-content\/uploads\/2024\/05\/WhatsApp-Image-2024-05-13-at-12.11.16-PM-800x361.jpeg 800w, https:\/\/www.pm.pb.gov.br\/portal\/wp-content\/uploads\/2024\/05\/WhatsApp-Image-2024-05-13-at-12.11.16-PM-1024x462.jpeg 1024w, https:\/\/www.pm.pb.gov.br\/portal\/wp-content\/uploads\/2024\/05\/WhatsApp-Image-2024-05-13-at-12.11.16-PM-768x347.jpeg 768w, https:\/\/www.pm.pb.gov.br\/portal\/wp-content\/uploads\/2024\/05\/WhatsApp-Image-2024-05-13-at-12.11.16-PM-1536x693.jpeg 1536w\" sizes=\"(max-width: 1600px) 100vw, 1600px\" \/><\/p>\n\n\n\n<p><img loading=\"lazy\" decoding=\"async\" width=\"576\" height=\"1280\" class=\"wp-image-922077\" style=\"width: 800px;\" src=\"http:\/\/www.pm.pb.gov.br\/portal\/wp-content\/uploads\/2024\/05\/WhatsApp-Image-2024-05-13-at-12.11.16-PM-1.jpeg\" alt=\"\" srcset=\"https:\/\/www.pm.pb.gov.br\/portal\/wp-content\/uploads\/2024\/05\/WhatsApp-Image-2024-05-13-at-12.11.16-PM-1.jpeg 576w, https:\/\/www.pm.pb.gov.br\/portal\/wp-content\/uploads\/2024\/05\/WhatsApp-Image-2024-05-13-at-12.11.16-PM-1-200x445.jpeg 200w, https:\/\/www.pm.pb.gov.br\/portal\/wp-content\/uploads\/2024\/05\/WhatsApp-Image-2024-05-13-at-12.11.16-PM-1-257x570.jpeg 257w\" sizes=\"(max-width: 576px) 100vw, 576px\" \/><\/p>\n\n\n\n<p><img loading=\"lazy\" decoding=\"async\" width=\"1280\" height=\"720\" class=\"wp-image-922076\" style=\"width: 800px;\" src=\"http:\/\/www.pm.pb.gov.br\/portal\/wp-content\/uploads\/2024\/05\/WhatsApp-Image-2024-05-13-at-12.11.16-PM-2.jpeg\" alt=\"\" srcset=\"https:\/\/www.pm.pb.gov.br\/portal\/wp-content\/uploads\/2024\/05\/WhatsApp-Image-2024-05-13-at-12.11.16-PM-2.jpeg 1280w, https:\/\/www.pm.pb.gov.br\/portal\/wp-content\/uploads\/2024\/05\/WhatsApp-Image-2024-05-13-at-12.11.16-PM-2-791x445.jpeg 791w, https:\/\/www.pm.pb.gov.br\/portal\/wp-content\/uploads\/2024\/05\/WhatsApp-Image-2024-05-13-at-12.11.16-PM-2-1013x570.jpeg 1013w, https:\/\/www.pm.pb.gov.br\/portal\/wp-content\/uploads\/2024\/05\/WhatsApp-Image-2024-05-13-at-12.11.16-PM-2-768x432.jpeg 768w\" sizes=\"(max-width: 1280px) 100vw, 1280px\" \/><br><\/p>\n","protected":false},"excerpt":{"rendered":"<p>O Batalh\u00e3o de Policiamento de Tr\u00e2nsito autuou 52 condutores de ve\u00edculos na Opera\u00e7\u00e3o Zero \u00c1lcool, realizada entre a sexta-feira (10)<\/p>\n","protected":false},"author":5,"featured_media":922075,"comment_status":"closed","ping_status":"closed","sticky":false,"template":"","format":"standard","meta":{"_exactmetrics_skip_tracking":false,"_exactmetrics_sitenote_active":false,"_exactmetrics_sitenote_note":"","_exactmetrics_sitenote_category":0,"footnotes":""},"categories":[4],"tags":[],"yoast_head":"<!-- This site is optimized with the Yoast SEO plugin v22.0 - https:\/\/yoast.com\/wordpress\/plugins\/seo\/ -->\n<title>Opera\u00e7\u00e3o autua 52 pessoas por dirigir com sintomas de embriaguez durante o fim de semana - Pol\u00edcia Militar da Para\u00edba<\/title>\n<meta name=\"robots\" content=\"index, follow, max-snippet:-1, max-image-preview:large, max-video-preview:-1\" \/>\n<link rel=\"canonical\" href=\"https:\/\/www.pm.pb.gov.br\/portal\/2024\/05\/13\/operacao-autua-52-pessoas-por-dirigir-com-sintomas-de-embriaguez-durante-o-fim-de-semana\/\" \/>\n<meta property=\"og:locale\" content=\"pt_BR\" \/>\n<meta property=\"og:type\" content=\"article\" \/>\n<meta property=\"og:title\" content=\"Opera\u00e7\u00e3o autua 52 pessoas por dirigir com sintomas de embriaguez durante o fim de semana - Pol\u00edcia Militar da Para\u00edba\" \/>\n<meta property=\"og:description\" content=\"O Batalh\u00e3o de Policiamento de Tr\u00e2nsito autuou 52 condutores de ve\u00edculos na Opera\u00e7\u00e3o Zero \u00c1lcool, realizada entre a sexta-feira (10)\" \/>\n<meta property=\"og:url\" content=\"https:\/\/www.pm.pb.gov.br\/portal\/2024\/05\/13\/operacao-autua-52-pessoas-por-dirigir-com-sintomas-de-embriaguez-durante-o-fim-de-semana\/\" \/>\n<meta property=\"og:site_name\" content=\"Pol\u00edcia Militar da Para\u00edba\" \/>\n<meta property=\"article:published_time\" content=\"2024-05-13T15:38:48+00:00\" \/>\n<meta property=\"article:modified_time\" content=\"2024-05-13T15:38:49+00:00\" \/>\n<meta property=\"og:image\" content=\"http:\/\/www.pm.pb.gov.br\/portal\/wp-content\/uploads\/2024\/05\/WhatsApp-Image-2024-05-13-at-12.30.35-PM.jpeg\" \/>\n\t<meta property=\"og:image:width\" content=\"1600\" \/>\n\t<meta property=\"og:image:height\" content=\"1196\" \/>\n\t<meta property=\"og:image:type\" content=\"image\/jpeg\" \/>\n<meta name=\"author\" content=\"Assessoria de Imprensa da PMPB\" \/>\n<meta name=\"twitter:card\" content=\"summary_large_image\" \/>\n<meta name=\"twitter:label1\" content=\"Escrito por\" \/>\n\t<meta name=\"twitter:data1\" content=\"Assessoria de Imprensa da PMPB\" \/>\n\t<meta name=\"twitter:label2\" content=\"Est. tempo de leitura\" \/>\n\t<meta name=\"twitter:data2\" content=\"2 minutos\" \/>\n<script type=\"application\/ld+json\" class=\"yoast-schema-graph\">{\"@context\":\"https:\/\/schema.org\",\"@graph\":[{\"@type\":\"Article\",\"@id\":\"https:\/\/www.pm.pb.gov.br\/portal\/2024\/05\/13\/operacao-autua-52-pessoas-por-dirigir-com-sintomas-de-embriaguez-durante-o-fim-de-semana\/#article\",\"isPartOf\":{\"@id\":\"https:\/\/www.pm.pb.gov.br\/portal\/2024\/05\/13\/operacao-autua-52-pessoas-por-dirigir-com-sintomas-de-embriaguez-durante-o-fim-de-semana\/\"},\"author\":{\"name\":\"Assessoria de Imprensa da PMPB\",\"@id\":\"https:\/\/www.pm.pb.gov.br\/portal\/#\/schema\/person\/e8454f46651c3ecf0e1ba3c1666d9947\"},\"headline\":\"Opera\u00e7\u00e3o autua 52 pessoas por dirigir com sintomas de embriaguez durante o fim de semana\",\"datePublished\":\"2024-05-13T15:38:48+00:00\",\"dateModified\":\"2024-05-13T15:38:49+00:00\",\"mainEntityOfPage\":{\"@id\":\"https:\/\/www.pm.pb.gov.br\/portal\/2024\/05\/13\/operacao-autua-52-pessoas-por-dirigir-com-sintomas-de-embriaguez-durante-o-fim-de-semana\/\"},\"wordCount\":143,\"publisher\":{\"@id\":\"https:\/\/www.pm.pb.gov.br\/portal\/#organization\"},\"articleSection\":[\"A\u00e7\u00f5es Policiais\"],\"inLanguage\":\"pt-BR\"},{\"@type\":\"WebPage\",\"@id\":\"https:\/\/www.pm.pb.gov.br\/portal\/2024\/05\/13\/operacao-autua-52-pessoas-por-dirigir-com-sintomas-de-embriaguez-durante-o-fim-de-semana\/\",\"url\":\"https:\/\/www.pm.pb.gov.br\/portal\/2024\/05\/13\/operacao-autua-52-pessoas-por-dirigir-com-sintomas-de-embriaguez-durante-o-fim-de-semana\/\",\"name\":\"Opera\u00e7\u00e3o autua 52 pessoas por dirigir com sintomas de embriaguez durante o fim de semana - Pol\u00edcia Militar da Para\u00edba\",\"isPartOf\":{\"@id\":\"https:\/\/www.pm.pb.gov.br\/portal\/#website\"},\"datePublished\":\"2024-05-13T15:38:48+00:00\",\"dateModified\":\"2024-05-13T15:38:49+00:00\",\"breadcrumb\":{\"@id\":\"https:\/\/www.pm.pb.gov.br\/portal\/2024\/05\/13\/operacao-autua-52-pessoas-por-dirigir-com-sintomas-de-embriaguez-durante-o-fim-de-semana\/#breadcrumb\"},\"inLanguage\":\"pt-BR\",\"potentialAction\":[{\"@type\":\"ReadAction\",\"target\":[\"https:\/\/www.pm.pb.gov.br\/portal\/2024\/05\/13\/operacao-autua-52-pessoas-por-dirigir-com-sintomas-de-embriaguez-durante-o-fim-de-semana\/\"]}]},{\"@type\":\"BreadcrumbList\",\"@id\":\"https:\/\/www.pm.pb.gov.br\/portal\/2024\/05\/13\/operacao-autua-52-pessoas-por-dirigir-com-sintomas-de-embriaguez-durante-o-fim-de-semana\/#breadcrumb\",\"itemListElement\":[{\"@type\":\"ListItem\",\"position\":1,\"name\":\"In\u00edcio\",\"item\":\"https:\/\/www.pm.pb.gov.br\/portal\/\"},{\"@type\":\"ListItem\",\"position\":2,\"name\":\"Opera\u00e7\u00e3o autua 52 pessoas por dirigir com sintomas de embriaguez durante o fim de semana\"}]},{\"@type\":\"WebSite\",\"@id\":\"https:\/\/www.pm.pb.gov.br\/portal\/#website\",\"url\":\"https:\/\/www.pm.pb.gov.br\/portal\/\",\"name\":\"Pol\u00edcia Militar da Para\u00edba\",\"description\":\"\",\"publisher\":{\"@id\":\"https:\/\/www.pm.pb.gov.br\/portal\/#organization\"},\"potentialAction\":[{\"@type\":\"SearchAction\",\"target\":{\"@type\":\"EntryPoint\",\"urlTemplate\":\"https:\/\/www.pm.pb.gov.br\/portal\/?s={search_term_string}\"},\"query-input\":\"required name=search_term_string\"}],\"inLanguage\":\"pt-BR\"},{\"@type\":\"Organization\",\"@id\":\"https:\/\/www.pm.pb.gov.br\/portal\/#organization\",\"name\":\"Pol\u00edcia Militar da Para\u00edba\",\"url\":\"https:\/\/www.pm.pb.gov.br\/portal\/\",\"logo\":{\"@type\":\"ImageObject\",\"inLanguage\":\"pt-BR\",\"@id\":\"https:\/\/www.pm.pb.gov.br\/portal\/#\/schema\/logo\/image\/\",\"url\":\"https:\/\/www.pm.pb.gov.br\/portal\/wp-content\/uploads\/2025\/03\/cropped-logo-site-mag2-1.png\",\"contentUrl\":\"https:\/\/www.pm.pb.gov.br\/portal\/wp-content\/uploads\/2025\/03\/cropped-logo-site-mag2-1.png\",\"width\":320,\"height\":90,\"caption\":\"Pol\u00edcia Militar da Para\u00edba\"},\"image\":{\"@id\":\"https:\/\/www.pm.pb.gov.br\/portal\/#\/schema\/logo\/image\/\"}},{\"@type\":\"Person\",\"@id\":\"https:\/\/www.pm.pb.gov.br\/portal\/#\/schema\/person\/e8454f46651c3ecf0e1ba3c1666d9947\",\"name\":\"Assessoria de Imprensa da PMPB\",\"image\":{\"@type\":\"ImageObject\",\"inLanguage\":\"pt-BR\",\"@id\":\"https:\/\/www.pm.pb.gov.br\/portal\/#\/schema\/person\/image\/\",\"url\":\"https:\/\/secure.gravatar.com\/avatar\/2efe197438265d1e90bd98c4c8e1acf8?s=96&d=mm&r=g\",\"contentUrl\":\"https:\/\/secure.gravatar.com\/avatar\/2efe197438265d1e90bd98c4c8e1acf8?s=96&d=mm&r=g\",\"caption\":\"Assessoria de Imprensa da PMPB\"},\"url\":\"https:\/\/www.pm.pb.gov.br\/portal\/author\/assessoria\/\"}]}<\/script>\n<!-- \/ Yoast SEO plugin. -->","yoast_head_json":{"title":"Opera\u00e7\u00e3o autua 52 pessoas por dirigir com sintomas de embriaguez durante o fim de semana - Pol\u00edcia Militar da Para\u00edba","robots":{"index":"index","follow":"follow","max-snippet":"max-snippet:-1","max-image-preview":"max-image-preview:large","max-video-preview":"max-video-preview:-1"},"canonical":"https:\/\/www.pm.pb.gov.br\/portal\/2024\/05\/13\/operacao-autua-52-pessoas-por-dirigir-com-sintomas-de-embriaguez-durante-o-fim-de-semana\/","og_locale":"pt_BR","og_type":"article","og_title":"Opera\u00e7\u00e3o autua 52 pessoas por dirigir com sintomas de embriaguez durante o fim de semana - Pol\u00edcia Militar da Para\u00edba","og_description":"O Batalh\u00e3o de Policiamento de Tr\u00e2nsito autuou 52 condutores de ve\u00edculos na Opera\u00e7\u00e3o Zero \u00c1lcool, realizada entre a sexta-feira (10)","og_url":"https:\/\/www.pm.pb.gov.br\/portal\/2024\/05\/13\/operacao-autua-52-pessoas-por-dirigir-com-sintomas-de-embriaguez-durante-o-fim-de-semana\/","og_site_name":"Pol\u00edcia Militar da Para\u00edba","article_published_time":"2024-05-13T15:38:48+00:00","article_modified_time":"2024-05-13T15:38:49+00:00","og_image":[{"width":1600,"height":1196,"url":"http:\/\/www.pm.pb.gov.br\/portal\/wp-content\/uploads\/2024\/05\/WhatsApp-Image-2024-05-13-at-12.30.35-PM.jpeg","type":"image\/jpeg"}],"author":"Assessoria de Imprensa da PMPB","twitter_card":"summary_large_image","twitter_misc":{"Escrito por":"Assessoria de Imprensa da PMPB","Est. tempo de leitura":"2 minutos"},"schema":{"@context":"https:\/\/schema.org","@graph":[{"@type":"Article","@id":"https:\/\/www.pm.pb.gov.br\/portal\/2024\/05\/13\/operacao-autua-52-pessoas-por-dirigir-com-sintomas-de-embriaguez-durante-o-fim-de-semana\/#article","isPartOf":{"@id":"https:\/\/www.pm.pb.gov.br\/portal\/2024\/05\/13\/operacao-autua-52-pessoas-por-dirigir-com-sintomas-de-embriaguez-durante-o-fim-de-semana\/"},"author":{"name":"Assessoria de Imprensa da PMPB","@id":"https:\/\/www.pm.pb.gov.br\/portal\/#\/schema\/person\/e8454f46651c3ecf0e1ba3c1666d9947"},"headline":"Opera\u00e7\u00e3o autua 52 pessoas por dirigir com sintomas de embriaguez durante o fim de semana","datePublished":"2024-05-13T15:38:48+00:00","dateModified":"2024-05-13T15:38:49+00:00","mainEntityOfPage":{"@id":"https:\/\/www.pm.pb.gov.br\/portal\/2024\/05\/13\/operacao-autua-52-pessoas-por-dirigir-com-sintomas-de-embriaguez-durante-o-fim-de-semana\/"},"wordCount":143,"publisher":{"@id":"https:\/\/www.pm.pb.gov.br\/portal\/#organization"},"articleSection":["A\u00e7\u00f5es Policiais"],"inLanguage":"pt-BR"},{"@type":"WebPage","@id":"https:\/\/www.pm.pb.gov.br\/portal\/2024\/05\/13\/operacao-autua-52-pessoas-por-dirigir-com-sintomas-de-embriaguez-durante-o-fim-de-semana\/","url":"https:\/\/www.pm.pb.gov.br\/portal\/2024\/05\/13\/operacao-autua-52-pessoas-por-dirigir-com-sintomas-de-embriaguez-durante-o-fim-de-semana\/","name":"Opera\u00e7\u00e3o autua 52 pessoas por dirigir com sintomas de embriaguez durante o fim de semana - Pol\u00edcia Militar da Para\u00edba","isPartOf":{"@id":"https:\/\/www.pm.pb.gov.br\/portal\/#website"},"datePublished":"2024-05-13T15:38:48+00:00","dateModified":"2024-05-13T15:38:49+00:00","breadcrumb":{"@id":"https:\/\/www.pm.pb.gov.br\/portal\/2024\/05\/13\/operacao-autua-52-pessoas-por-dirigir-com-sintomas-de-embriaguez-durante-o-fim-de-semana\/#breadcrumb"},"inLanguage":"pt-BR","potentialAction":[{"@type":"ReadAction","target":["https:\/\/www.pm.pb.gov.br\/portal\/2024\/05\/13\/operacao-autua-52-pessoas-por-dirigir-com-sintomas-de-embriaguez-durante-o-fim-de-semana\/"]}]},{"@type":"BreadcrumbList","@id":"https:\/\/www.pm.pb.gov.br\/portal\/2024\/05\/13\/operacao-autua-52-pessoas-por-dirigir-com-sintomas-de-embriaguez-durante-o-fim-de-semana\/#breadcrumb","itemListElement":[{"@type":"ListItem","position":1,"name":"In\u00edcio","item":"https:\/\/www.pm.pb.gov.br\/portal\/"},{"@type":"ListItem","position":2,"name":"Opera\u00e7\u00e3o autua 52 pessoas por dirigir com sintomas de embriaguez durante o fim de semana"}]},{"@type":"WebSite","@id":"https:\/\/www.pm.pb.gov.br\/portal\/#website","url":"https:\/\/www.pm.pb.gov.br\/portal\/","name":"Pol\u00edcia Militar da Para\u00edba","description":"","publisher":{"@id":"https:\/\/www.pm.pb.gov.br\/portal\/#organization"},"potentialAction":[{"@type":"SearchAction","target":{"@type":"EntryPoint","urlTemplate":"https:\/\/www.pm.pb.gov.br\/portal\/?s={search_term_string}"},"query-input":"required name=search_term_string"}],"inLanguage":"pt-BR"},{"@type":"Organization","@id":"https:\/\/www.pm.pb.gov.br\/portal\/#organization","name":"Pol\u00edcia Militar da Para\u00edba","url":"https:\/\/www.pm.pb.gov.br\/portal\/","logo":{"@type":"ImageObject","inLanguage":"pt-BR","@id":"https:\/\/www.pm.pb.gov.br\/portal\/#\/schema\/logo\/image\/","url":"https:\/\/www.pm.pb.gov.br\/portal\/wp-content\/uploads\/2025\/03\/cropped-logo-site-mag2-1.png","contentUrl":"https:\/\/www.pm.pb.gov.br\/portal\/wp-content\/uploads\/2025\/03\/cropped-logo-site-mag2-1.png","width":320,"height":90,"caption":"Pol\u00edcia Militar da Para\u00edba"},"image":{"@id":"https:\/\/www.pm.pb.gov.br\/portal\/#\/schema\/logo\/image\/"}},{"@type":"Person","@id":"https:\/\/www.pm.pb.gov.br\/portal\/#\/schema\/person\/e8454f46651c3ecf0e1ba3c1666d9947","name":"Assessoria de Imprensa da PMPB","image":{"@type":"ImageObject","inLanguage":"pt-BR","@id":"https:\/\/www.pm.pb.gov.br\/portal\/#\/schema\/person\/image\/","url":"https:\/\/secure.gravatar.com\/avatar\/2efe197438265d1e90bd98c4c8e1acf8?s=96&d=mm&r=g","contentUrl":"https:\/\/secure.gravatar.com\/avatar\/2efe197438265d1e90bd98c4c8e1acf8?s=96&d=mm&r=g","caption":"Assessoria de Imprensa da PMPB"},"url":"https:\/\/www.pm.pb.gov.br\/portal\/author\/assessoria\/"}]}},"_links":{"self":[{"href":"https:\/\/www.pm.pb.gov.br\/portal\/wp-json\/wp\/v2\/posts\/922071"}],"collection":[{"href":"https:\/\/www.pm.pb.gov.br\/portal\/wp-json\/wp\/v2\/posts"}],"about":[{"href":"https:\/\/www.pm.pb.gov.br\/portal\/wp-json\/wp\/v2\/types\/post"}],"author":[{"embeddable":true,"href":"https:\/\/www.pm.pb.gov.br\/portal\/wp-json\/wp\/v2\/users\/5"}],"replies":[{"embeddable":true,"href":"https:\/\/www.pm.pb.gov.br\/portal\/wp-json\/wp\/v2\/comments?post=922071"}],"version-history":[{"count":2,"href":"https:\/\/www.pm.pb.gov.br\/portal\/wp-json\/wp\/v2\/posts\/922071\/revisions"}],"predecessor-version":[{"id":922079,"href":"https:\/\/www.pm.pb.gov.br\/portal\/wp-json\/wp\/v2\/posts\/922071\/revisions\/922079"}],"wp:featuredmedia":[{"embeddable":true,"href":"https:\/\/www.pm.pb.gov.br\/portal\/wp-json\/wp\/v2\/media\/922075"}],"wp:attachment":[{"href":"https:\/\/www.pm.pb.gov.br\/portal\/wp-json\/wp\/v2\/media?parent=922071"}],"wp:term":[{"taxonomy":"category","embeddable":true,"href":"https:\/\/www.pm.pb.gov.br\/portal\/wp-json\/wp\/v2\/categories?post=922071"},{"taxonomy":"post_tag","embeddable":true,"href":"https:\/\/www.pm.pb.gov.br\/portal\/wp-json\/wp\/v2\/tags?post=922071"}],"curies":[{"name":"wp","href":"https:\/\/api.w.org\/{rel}","templated":true}]}}