{"id":922050,"date":"2024-05-13T08:40:27","date_gmt":"2024-05-13T11:40:27","guid":{"rendered":"https:\/\/www.pm.pb.gov.br\/portal\/?p=922050"},"modified":"2024-05-13T09:18:42","modified_gmt":"2024-05-13T12:18:42","slug":"em-brasilia-pmpb-participa-de-reuniao-durante-simposio-internacional-de-seguranca","status":"publish","type":"post","link":"https:\/\/www.pm.pb.gov.br\/portal\/2024\/05\/13\/em-brasilia-pmpb-participa-de-reuniao-durante-simposio-internacional-de-seguranca\/","title":{"rendered":"Em Bras\u00edlia: PMPB participa de reuni\u00e3o durante Simp\u00f3sio Internacional de Seguran\u00e7a"},"content":{"rendered":"\n<p>A Pol\u00edcia Militar da Para\u00edba esteve presente no 6\u00ba Simp\u00f3sio Internacional de Seguran\u00e7a, promovido pela Associa\u00e7\u00e3o dos Delegados da Pol\u00edcia Federal, na semana passada, em Bras\u00edlia. Durante o evento, houve o encontro da C\u00e2mara T\u00e9cnica de Intelig\u00eancia Policial Militar (CTIPM) do Conselho Nacional dos Comandantes Gerais das Pol\u00edcias Militares (CNCG), que \u00e9 presidida pelo coronel Tib\u00e9rio, Coordenador de Intelig\u00eancia da PMPB. <br><br>Durante o evento, foi eleito por aclama\u00e7\u00e3o o novo coordenador-adjunto da C\u00e2mara T\u00e9cnica de Intelig\u00eancia, o coronel Waldicharbel, que \u00e9 chefe do Centro de Intelig\u00eancia da Pol\u00edcia Militar do Distrito Federal. Nos dois dias de reuni\u00e3o em Bras\u00edlia, a CTIPM teve a presen\u00e7a de v\u00e1rias autoridades para tratar de assuntos tem\u00e1ticos, entre eles, Rodney Silva, Diretor de Opera\u00e7\u00f5es Integradas e de Intelig\u00eancia &#8211; DIOPI\/SENASP; coronel PMDF  Palhares, Coordenador de Opera\u00e7\u00f5es Integradas do CICCN; Wade Carpenter, Presidente da Associa\u00e7\u00e3o Internacional dos Chefes de Pol\u00edcia &#8211; IACP e comitiva; e Doutor Ant\u00f4nio Glautter de Azevedo Morais, Diretor de Intelig\u00eancia Penitenci\u00e1ria da SENAPPEN.<br><br>Import\u00e2ncia da CTIPM: \u00c9 a c\u00e2mara que assessora diretamente o Conselho Nacional dos Comandantes Gerais das Pol\u00edcias Militares para promover integra\u00e7\u00e3o das ag\u00eancias de intelig\u00eancia do Subsistema de Intelig\u00eancia de Seguran\u00e7a P\u00fablica &#8211; SISP e do Sistema Brasileiro de Intelig\u00eancia \u2013 SISBIN, em geral, fortalecendo a atividade de intelig\u00eancia no Brasil.<\/p>\n","protected":false},"excerpt":{"rendered":"<p>A Pol\u00edcia Militar da Para\u00edba esteve presente no 6\u00ba Simp\u00f3sio Internacional de Seguran\u00e7a, promovido pela Associa\u00e7\u00e3o dos Delegados da Pol\u00edcia<\/p>\n","protected":false},"author":5,"featured_media":922069,"comment_status":"closed","ping_status":"closed","sticky":false,"template":"","format":"standard","meta":{"_exactmetrics_skip_tracking":false,"_exactmetrics_sitenote_active":false,"_exactmetrics_sitenote_note":"","_exactmetrics_sitenote_category":0,"footnotes":""},"categories":[4],"tags":[],"yoast_head":"<!-- This site is optimized with the Yoast SEO plugin v22.0 - https:\/\/yoast.com\/wordpress\/plugins\/seo\/ -->\n<title>Em Bras\u00edlia: PMPB participa de reuni\u00e3o durante Simp\u00f3sio Internacional de Seguran\u00e7a - Pol\u00edcia Militar da Para\u00edba<\/title>\n<meta name=\"robots\" content=\"index, follow, max-snippet:-1, max-image-preview:large, max-video-preview:-1\" \/>\n<link rel=\"canonical\" href=\"https:\/\/www.pm.pb.gov.br\/portal\/2024\/05\/13\/em-brasilia-pmpb-participa-de-reuniao-durante-simposio-internacional-de-seguranca\/\" \/>\n<meta property=\"og:locale\" content=\"pt_BR\" \/>\n<meta property=\"og:type\" content=\"article\" \/>\n<meta property=\"og:title\" content=\"Em Bras\u00edlia: PMPB participa de reuni\u00e3o durante Simp\u00f3sio Internacional de Seguran\u00e7a - Pol\u00edcia Militar da Para\u00edba\" \/>\n<meta property=\"og:description\" content=\"A Pol\u00edcia Militar da Para\u00edba esteve presente no 6\u00ba Simp\u00f3sio Internacional de Seguran\u00e7a, promovido pela Associa\u00e7\u00e3o dos Delegados da Pol\u00edcia\" \/>\n<meta property=\"og:url\" content=\"https:\/\/www.pm.pb.gov.br\/portal\/2024\/05\/13\/em-brasilia-pmpb-participa-de-reuniao-durante-simposio-internacional-de-seguranca\/\" \/>\n<meta property=\"og:site_name\" content=\"Pol\u00edcia Militar da Para\u00edba\" \/>\n<meta property=\"article:published_time\" content=\"2024-05-13T11:40:27+00:00\" \/>\n<meta property=\"article:modified_time\" content=\"2024-05-13T12:18:42+00:00\" \/>\n<meta property=\"og:image\" content=\"http:\/\/www.pm.pb.gov.br\/portal\/wp-content\/uploads\/2024\/05\/WhatsApp-Image-2024-05-13-at-9.37.49-AM-scaled.jpeg\" \/>\n\t<meta property=\"og:image:width\" content=\"2560\" \/>\n\t<meta property=\"og:image:height\" content=\"1441\" \/>\n\t<meta property=\"og:image:type\" content=\"image\/jpeg\" \/>\n<meta name=\"author\" content=\"Assessoria de Imprensa da PMPB\" \/>\n<meta name=\"twitter:card\" content=\"summary_large_image\" \/>\n<meta name=\"twitter:label1\" content=\"Escrito por\" \/>\n\t<meta name=\"twitter:data1\" content=\"Assessoria de Imprensa da PMPB\" \/>\n\t<meta name=\"twitter:label2\" content=\"Est. tempo de leitura\" \/>\n\t<meta name=\"twitter:data2\" content=\"2 minutos\" \/>\n<script type=\"application\/ld+json\" class=\"yoast-schema-graph\">{\"@context\":\"https:\/\/schema.org\",\"@graph\":[{\"@type\":\"Article\",\"@id\":\"https:\/\/www.pm.pb.gov.br\/portal\/2024\/05\/13\/em-brasilia-pmpb-participa-de-reuniao-durante-simposio-internacional-de-seguranca\/#article\",\"isPartOf\":{\"@id\":\"https:\/\/www.pm.pb.gov.br\/portal\/2024\/05\/13\/em-brasilia-pmpb-participa-de-reuniao-durante-simposio-internacional-de-seguranca\/\"},\"author\":{\"name\":\"Assessoria de Imprensa da PMPB\",\"@id\":\"https:\/\/www.pm.pb.gov.br\/portal\/#\/schema\/person\/e8454f46651c3ecf0e1ba3c1666d9947\"},\"headline\":\"Em Bras\u00edlia: PMPB participa de reuni\u00e3o durante Simp\u00f3sio Internacional de Seguran\u00e7a\",\"datePublished\":\"2024-05-13T11:40:27+00:00\",\"dateModified\":\"2024-05-13T12:18:42+00:00\",\"mainEntityOfPage\":{\"@id\":\"https:\/\/www.pm.pb.gov.br\/portal\/2024\/05\/13\/em-brasilia-pmpb-participa-de-reuniao-durante-simposio-internacional-de-seguranca\/\"},\"wordCount\":266,\"publisher\":{\"@id\":\"https:\/\/www.pm.pb.gov.br\/portal\/#organization\"},\"articleSection\":[\"A\u00e7\u00f5es Policiais\"],\"inLanguage\":\"pt-BR\"},{\"@type\":\"WebPage\",\"@id\":\"https:\/\/www.pm.pb.gov.br\/portal\/2024\/05\/13\/em-brasilia-pmpb-participa-de-reuniao-durante-simposio-internacional-de-seguranca\/\",\"url\":\"https:\/\/www.pm.pb.gov.br\/portal\/2024\/05\/13\/em-brasilia-pmpb-participa-de-reuniao-durante-simposio-internacional-de-seguranca\/\",\"name\":\"Em Bras\u00edlia: PMPB participa de reuni\u00e3o durante Simp\u00f3sio Internacional de Seguran\u00e7a - Pol\u00edcia Militar da Para\u00edba\",\"isPartOf\":{\"@id\":\"https:\/\/www.pm.pb.gov.br\/portal\/#website\"},\"datePublished\":\"2024-05-13T11:40:27+00:00\",\"dateModified\":\"2024-05-13T12:18:42+00:00\",\"breadcrumb\":{\"@id\":\"https:\/\/www.pm.pb.gov.br\/portal\/2024\/05\/13\/em-brasilia-pmpb-participa-de-reuniao-durante-simposio-internacional-de-seguranca\/#breadcrumb\"},\"inLanguage\":\"pt-BR\",\"potentialAction\":[{\"@type\":\"ReadAction\",\"target\":[\"https:\/\/www.pm.pb.gov.br\/portal\/2024\/05\/13\/em-brasilia-pmpb-participa-de-reuniao-durante-simposio-internacional-de-seguranca\/\"]}]},{\"@type\":\"BreadcrumbList\",\"@id\":\"https:\/\/www.pm.pb.gov.br\/portal\/2024\/05\/13\/em-brasilia-pmpb-participa-de-reuniao-durante-simposio-internacional-de-seguranca\/#breadcrumb\",\"itemListElement\":[{\"@type\":\"ListItem\",\"position\":1,\"name\":\"In\u00edcio\",\"item\":\"https:\/\/www.pm.pb.gov.br\/portal\/\"},{\"@type\":\"ListItem\",\"position\":2,\"name\":\"Em Bras\u00edlia: PMPB participa de reuni\u00e3o durante Simp\u00f3sio Internacional de Seguran\u00e7a\"}]},{\"@type\":\"WebSite\",\"@id\":\"https:\/\/www.pm.pb.gov.br\/portal\/#website\",\"url\":\"https:\/\/www.pm.pb.gov.br\/portal\/\",\"name\":\"Pol\u00edcia Militar da Para\u00edba\",\"description\":\"\",\"publisher\":{\"@id\":\"https:\/\/www.pm.pb.gov.br\/portal\/#organization\"},\"potentialAction\":[{\"@type\":\"SearchAction\",\"target\":{\"@type\":\"EntryPoint\",\"urlTemplate\":\"https:\/\/www.pm.pb.gov.br\/portal\/?s={search_term_string}\"},\"query-input\":\"required name=search_term_string\"}],\"inLanguage\":\"pt-BR\"},{\"@type\":\"Organization\",\"@id\":\"https:\/\/www.pm.pb.gov.br\/portal\/#organization\",\"name\":\"Pol\u00edcia Militar da Para\u00edba\",\"url\":\"https:\/\/www.pm.pb.gov.br\/portal\/\",\"logo\":{\"@type\":\"ImageObject\",\"inLanguage\":\"pt-BR\",\"@id\":\"https:\/\/www.pm.pb.gov.br\/portal\/#\/schema\/logo\/image\/\",\"url\":\"https:\/\/www.pm.pb.gov.br\/portal\/wp-content\/uploads\/2025\/03\/cropped-logo-site-mag2-1.png\",\"contentUrl\":\"https:\/\/www.pm.pb.gov.br\/portal\/wp-content\/uploads\/2025\/03\/cropped-logo-site-mag2-1.png\",\"width\":320,\"height\":90,\"caption\":\"Pol\u00edcia Militar da Para\u00edba\"},\"image\":{\"@id\":\"https:\/\/www.pm.pb.gov.br\/portal\/#\/schema\/logo\/image\/\"}},{\"@type\":\"Person\",\"@id\":\"https:\/\/www.pm.pb.gov.br\/portal\/#\/schema\/person\/e8454f46651c3ecf0e1ba3c1666d9947\",\"name\":\"Assessoria de Imprensa da PMPB\",\"image\":{\"@type\":\"ImageObject\",\"inLanguage\":\"pt-BR\",\"@id\":\"https:\/\/www.pm.pb.gov.br\/portal\/#\/schema\/person\/image\/\",\"url\":\"https:\/\/secure.gravatar.com\/avatar\/2efe197438265d1e90bd98c4c8e1acf8?s=96&d=mm&r=g\",\"contentUrl\":\"https:\/\/secure.gravatar.com\/avatar\/2efe197438265d1e90bd98c4c8e1acf8?s=96&d=mm&r=g\",\"caption\":\"Assessoria de Imprensa da PMPB\"},\"url\":\"https:\/\/www.pm.pb.gov.br\/portal\/author\/assessoria\/\"}]}<\/script>\n<!-- \/ Yoast SEO plugin. -->","yoast_head_json":{"title":"Em Bras\u00edlia: PMPB participa de reuni\u00e3o durante Simp\u00f3sio Internacional de Seguran\u00e7a - Pol\u00edcia Militar da Para\u00edba","robots":{"index":"index","follow":"follow","max-snippet":"max-snippet:-1","max-image-preview":"max-image-preview:large","max-video-preview":"max-video-preview:-1"},"canonical":"https:\/\/www.pm.pb.gov.br\/portal\/2024\/05\/13\/em-brasilia-pmpb-participa-de-reuniao-durante-simposio-internacional-de-seguranca\/","og_locale":"pt_BR","og_type":"article","og_title":"Em Bras\u00edlia: PMPB participa de reuni\u00e3o durante Simp\u00f3sio Internacional de Seguran\u00e7a - Pol\u00edcia Militar da Para\u00edba","og_description":"A Pol\u00edcia Militar da Para\u00edba esteve presente no 6\u00ba Simp\u00f3sio Internacional de Seguran\u00e7a, promovido pela Associa\u00e7\u00e3o dos Delegados da Pol\u00edcia","og_url":"https:\/\/www.pm.pb.gov.br\/portal\/2024\/05\/13\/em-brasilia-pmpb-participa-de-reuniao-durante-simposio-internacional-de-seguranca\/","og_site_name":"Pol\u00edcia Militar da Para\u00edba","article_published_time":"2024-05-13T11:40:27+00:00","article_modified_time":"2024-05-13T12:18:42+00:00","og_image":[{"width":2560,"height":1441,"url":"http:\/\/www.pm.pb.gov.br\/portal\/wp-content\/uploads\/2024\/05\/WhatsApp-Image-2024-05-13-at-9.37.49-AM-scaled.jpeg","type":"image\/jpeg"}],"author":"Assessoria de Imprensa da PMPB","twitter_card":"summary_large_image","twitter_misc":{"Escrito por":"Assessoria de Imprensa da PMPB","Est. tempo de leitura":"2 minutos"},"schema":{"@context":"https:\/\/schema.org","@graph":[{"@type":"Article","@id":"https:\/\/www.pm.pb.gov.br\/portal\/2024\/05\/13\/em-brasilia-pmpb-participa-de-reuniao-durante-simposio-internacional-de-seguranca\/#article","isPartOf":{"@id":"https:\/\/www.pm.pb.gov.br\/portal\/2024\/05\/13\/em-brasilia-pmpb-participa-de-reuniao-durante-simposio-internacional-de-seguranca\/"},"author":{"name":"Assessoria de Imprensa da PMPB","@id":"https:\/\/www.pm.pb.gov.br\/portal\/#\/schema\/person\/e8454f46651c3ecf0e1ba3c1666d9947"},"headline":"Em Bras\u00edlia: PMPB participa de reuni\u00e3o durante Simp\u00f3sio Internacional de Seguran\u00e7a","datePublished":"2024-05-13T11:40:27+00:00","dateModified":"2024-05-13T12:18:42+00:00","mainEntityOfPage":{"@id":"https:\/\/www.pm.pb.gov.br\/portal\/2024\/05\/13\/em-brasilia-pmpb-participa-de-reuniao-durante-simposio-internacional-de-seguranca\/"},"wordCount":266,"publisher":{"@id":"https:\/\/www.pm.pb.gov.br\/portal\/#organization"},"articleSection":["A\u00e7\u00f5es Policiais"],"inLanguage":"pt-BR"},{"@type":"WebPage","@id":"https:\/\/www.pm.pb.gov.br\/portal\/2024\/05\/13\/em-brasilia-pmpb-participa-de-reuniao-durante-simposio-internacional-de-seguranca\/","url":"https:\/\/www.pm.pb.gov.br\/portal\/2024\/05\/13\/em-brasilia-pmpb-participa-de-reuniao-durante-simposio-internacional-de-seguranca\/","name":"Em Bras\u00edlia: PMPB participa de reuni\u00e3o durante Simp\u00f3sio Internacional de Seguran\u00e7a - Pol\u00edcia Militar da Para\u00edba","isPartOf":{"@id":"https:\/\/www.pm.pb.gov.br\/portal\/#website"},"datePublished":"2024-05-13T11:40:27+00:00","dateModified":"2024-05-13T12:18:42+00:00","breadcrumb":{"@id":"https:\/\/www.pm.pb.gov.br\/portal\/2024\/05\/13\/em-brasilia-pmpb-participa-de-reuniao-durante-simposio-internacional-de-seguranca\/#breadcrumb"},"inLanguage":"pt-BR","potentialAction":[{"@type":"ReadAction","target":["https:\/\/www.pm.pb.gov.br\/portal\/2024\/05\/13\/em-brasilia-pmpb-participa-de-reuniao-durante-simposio-internacional-de-seguranca\/"]}]},{"@type":"BreadcrumbList","@id":"https:\/\/www.pm.pb.gov.br\/portal\/2024\/05\/13\/em-brasilia-pmpb-participa-de-reuniao-durante-simposio-internacional-de-seguranca\/#breadcrumb","itemListElement":[{"@type":"ListItem","position":1,"name":"In\u00edcio","item":"https:\/\/www.pm.pb.gov.br\/portal\/"},{"@type":"ListItem","position":2,"name":"Em Bras\u00edlia: PMPB participa de reuni\u00e3o durante Simp\u00f3sio Internacional de Seguran\u00e7a"}]},{"@type":"WebSite","@id":"https:\/\/www.pm.pb.gov.br\/portal\/#website","url":"https:\/\/www.pm.pb.gov.br\/portal\/","name":"Pol\u00edcia Militar da Para\u00edba","description":"","publisher":{"@id":"https:\/\/www.pm.pb.gov.br\/portal\/#organization"},"potentialAction":[{"@type":"SearchAction","target":{"@type":"EntryPoint","urlTemplate":"https:\/\/www.pm.pb.gov.br\/portal\/?s={search_term_string}"},"query-input":"required name=search_term_string"}],"inLanguage":"pt-BR"},{"@type":"Organization","@id":"https:\/\/www.pm.pb.gov.br\/portal\/#organization","name":"Pol\u00edcia Militar da Para\u00edba","url":"https:\/\/www.pm.pb.gov.br\/portal\/","logo":{"@type":"ImageObject","inLanguage":"pt-BR","@id":"https:\/\/www.pm.pb.gov.br\/portal\/#\/schema\/logo\/image\/","url":"https:\/\/www.pm.pb.gov.br\/portal\/wp-content\/uploads\/2025\/03\/cropped-logo-site-mag2-1.png","contentUrl":"https:\/\/www.pm.pb.gov.br\/portal\/wp-content\/uploads\/2025\/03\/cropped-logo-site-mag2-1.png","width":320,"height":90,"caption":"Pol\u00edcia Militar da Para\u00edba"},"image":{"@id":"https:\/\/www.pm.pb.gov.br\/portal\/#\/schema\/logo\/image\/"}},{"@type":"Person","@id":"https:\/\/www.pm.pb.gov.br\/portal\/#\/schema\/person\/e8454f46651c3ecf0e1ba3c1666d9947","name":"Assessoria de Imprensa da PMPB","image":{"@type":"ImageObject","inLanguage":"pt-BR","@id":"https:\/\/www.pm.pb.gov.br\/portal\/#\/schema\/person\/image\/","url":"https:\/\/secure.gravatar.com\/avatar\/2efe197438265d1e90bd98c4c8e1acf8?s=96&d=mm&r=g","contentUrl":"https:\/\/secure.gravatar.com\/avatar\/2efe197438265d1e90bd98c4c8e1acf8?s=96&d=mm&r=g","caption":"Assessoria de Imprensa da PMPB"},"url":"https:\/\/www.pm.pb.gov.br\/portal\/author\/assessoria\/"}]}},"_links":{"self":[{"href":"https:\/\/www.pm.pb.gov.br\/portal\/wp-json\/wp\/v2\/posts\/922050"}],"collection":[{"href":"https:\/\/www.pm.pb.gov.br\/portal\/wp-json\/wp\/v2\/posts"}],"about":[{"href":"https:\/\/www.pm.pb.gov.br\/portal\/wp-json\/wp\/v2\/types\/post"}],"author":[{"embeddable":true,"href":"https:\/\/www.pm.pb.gov.br\/portal\/wp-json\/wp\/v2\/users\/5"}],"replies":[{"embeddable":true,"href":"https:\/\/www.pm.pb.gov.br\/portal\/wp-json\/wp\/v2\/comments?post=922050"}],"version-history":[{"count":3,"href":"https:\/\/www.pm.pb.gov.br\/portal\/wp-json\/wp\/v2\/posts\/922050\/revisions"}],"predecessor-version":[{"id":922068,"href":"https:\/\/www.pm.pb.gov.br\/portal\/wp-json\/wp\/v2\/posts\/922050\/revisions\/922068"}],"wp:featuredmedia":[{"embeddable":true,"href":"https:\/\/www.pm.pb.gov.br\/portal\/wp-json\/wp\/v2\/media\/922069"}],"wp:attachment":[{"href":"https:\/\/www.pm.pb.gov.br\/portal\/wp-json\/wp\/v2\/media?parent=922050"}],"wp:term":[{"taxonomy":"category","embeddable":true,"href":"https:\/\/www.pm.pb.gov.br\/portal\/wp-json\/wp\/v2\/categories?post=922050"},{"taxonomy":"post_tag","embeddable":true,"href":"https:\/\/www.pm.pb.gov.br\/portal\/wp-json\/wp\/v2\/tags?post=922050"}],"curies":[{"name":"wp","href":"https:\/\/api.w.org\/{rel}","templated":true}]}}