{"id":922044,"date":"2024-05-10T09:43:18","date_gmt":"2024-05-10T12:43:18","guid":{"rendered":"https:\/\/www.pm.pb.gov.br\/portal\/?p=922044"},"modified":"2024-05-10T09:43:20","modified_gmt":"2024-05-10T12:43:20","slug":"operacao-no-bairro-sao-jose-prende-mais-um-suspeito-com-arma-e-drogas","status":"publish","type":"post","link":"https:\/\/www.pm.pb.gov.br\/portal\/2024\/05\/10\/operacao-no-bairro-sao-jose-prende-mais-um-suspeito-com-arma-e-drogas\/","title":{"rendered":"Opera\u00e7\u00e3o no Bairro S\u00e3o Jos\u00e9 prende mais um suspeito com arma e drogas"},"content":{"rendered":"A Pol\u00edcia Militar prendeu mais um suspeito, na madrugada desta sexta-feira (10), durante opera\u00e7\u00e3o de refor\u00e7o da seguran\u00e7a no bairro S\u00e3o Jos\u00e9, em Jo\u00e3o Pessoa. A pris\u00e3o aconteceu por volta de 1h, em um dos becos da localidade.  Um acusado, de 21 anos, foi preso com uma pistola, um carregador com muni\u00e7\u00f5es, dinheiro trocado, balan\u00e7a de precis\u00e3o e por\u00e7\u00f5es de crack, coca\u00edna e de derivados da maconha.<br \/><br \/>Ao perceber a presen\u00e7a da For\u00e7a T\u00e1tica do 1\u00ba Batalh\u00e3o, ele ainda tentou fugir jogando os materiais para cima dos telhados das casas, mas foi rendido e preso. A liga\u00e7\u00e3o dele com fac\u00e7\u00f5es criminosas deve ser investigada. O preso foi apresentado na Cidade da Pol\u00edcia Civil, no Geisel. <br \/><br \/>","protected":false},"excerpt":{"rendered":"<p>A Pol\u00edcia Militar prendeu mais um suspeito, na madrugada desta sexta-feira (10), durante opera\u00e7\u00e3o de refor\u00e7o da seguran\u00e7a no bairro<\/p>\n","protected":false},"author":5,"featured_media":922048,"comment_status":"closed","ping_status":"closed","sticky":false,"template":"","format":"standard","meta":{"_exactmetrics_skip_tracking":false,"_exactmetrics_sitenote_active":false,"_exactmetrics_sitenote_note":"","_exactmetrics_sitenote_category":0,"footnotes":""},"categories":[4],"tags":[],"yoast_head":"<!-- This site is optimized with the Yoast SEO plugin v22.0 - https:\/\/yoast.com\/wordpress\/plugins\/seo\/ -->\n<title>Opera\u00e7\u00e3o no Bairro S\u00e3o Jos\u00e9 prende mais um suspeito com arma e drogas - Pol\u00edcia Militar da Para\u00edba<\/title>\n<meta name=\"robots\" content=\"index, follow, max-snippet:-1, max-image-preview:large, max-video-preview:-1\" \/>\n<link rel=\"canonical\" href=\"https:\/\/www.pm.pb.gov.br\/portal\/2024\/05\/10\/operacao-no-bairro-sao-jose-prende-mais-um-suspeito-com-arma-e-drogas\/\" \/>\n<meta property=\"og:locale\" content=\"pt_BR\" \/>\n<meta property=\"og:type\" content=\"article\" \/>\n<meta property=\"og:title\" content=\"Opera\u00e7\u00e3o no Bairro S\u00e3o Jos\u00e9 prende mais um suspeito com arma e drogas - Pol\u00edcia Militar da Para\u00edba\" \/>\n<meta property=\"og:description\" content=\"A Pol\u00edcia Militar prendeu mais um suspeito, na madrugada desta sexta-feira (10), durante opera\u00e7\u00e3o de refor\u00e7o da seguran\u00e7a no bairro\" \/>\n<meta property=\"og:url\" content=\"https:\/\/www.pm.pb.gov.br\/portal\/2024\/05\/10\/operacao-no-bairro-sao-jose-prende-mais-um-suspeito-com-arma-e-drogas\/\" \/>\n<meta property=\"og:site_name\" content=\"Pol\u00edcia Militar da Para\u00edba\" \/>\n<meta property=\"article:published_time\" content=\"2024-05-10T12:43:18+00:00\" \/>\n<meta property=\"article:modified_time\" content=\"2024-05-10T12:43:20+00:00\" \/>\n<meta property=\"og:image\" content=\"http:\/\/www.pm.pb.gov.br\/portal\/wp-content\/uploads\/2024\/05\/WhatsApp-Image-2024-05-10-at-9.57.26-AM-1.jpeg\" \/>\n\t<meta property=\"og:image:width\" content=\"576\" \/>\n\t<meta property=\"og:image:height\" content=\"357\" \/>\n\t<meta property=\"og:image:type\" content=\"image\/jpeg\" \/>\n<meta name=\"author\" content=\"Assessoria de Imprensa da PMPB\" \/>\n<meta name=\"twitter:card\" content=\"summary_large_image\" \/>\n<meta name=\"twitter:label1\" content=\"Escrito por\" \/>\n\t<meta name=\"twitter:data1\" content=\"Assessoria de Imprensa da PMPB\" \/>\n\t<meta name=\"twitter:label2\" content=\"Est. tempo de leitura\" \/>\n\t<meta name=\"twitter:data2\" content=\"1 minuto\" \/>\n<script type=\"application\/ld+json\" class=\"yoast-schema-graph\">{\"@context\":\"https:\/\/schema.org\",\"@graph\":[{\"@type\":\"Article\",\"@id\":\"https:\/\/www.pm.pb.gov.br\/portal\/2024\/05\/10\/operacao-no-bairro-sao-jose-prende-mais-um-suspeito-com-arma-e-drogas\/#article\",\"isPartOf\":{\"@id\":\"https:\/\/www.pm.pb.gov.br\/portal\/2024\/05\/10\/operacao-no-bairro-sao-jose-prende-mais-um-suspeito-com-arma-e-drogas\/\"},\"author\":{\"name\":\"Assessoria de Imprensa da PMPB\",\"@id\":\"https:\/\/www.pm.pb.gov.br\/portal\/#\/schema\/person\/e8454f46651c3ecf0e1ba3c1666d9947\"},\"headline\":\"Opera\u00e7\u00e3o no Bairro S\u00e3o Jos\u00e9 prende mais um suspeito com arma e drogas\",\"datePublished\":\"2024-05-10T12:43:18+00:00\",\"dateModified\":\"2024-05-10T12:43:20+00:00\",\"mainEntityOfPage\":{\"@id\":\"https:\/\/www.pm.pb.gov.br\/portal\/2024\/05\/10\/operacao-no-bairro-sao-jose-prende-mais-um-suspeito-com-arma-e-drogas\/\"},\"wordCount\":146,\"publisher\":{\"@id\":\"https:\/\/www.pm.pb.gov.br\/portal\/#organization\"},\"articleSection\":[\"A\u00e7\u00f5es Policiais\"],\"inLanguage\":\"pt-BR\"},{\"@type\":\"WebPage\",\"@id\":\"https:\/\/www.pm.pb.gov.br\/portal\/2024\/05\/10\/operacao-no-bairro-sao-jose-prende-mais-um-suspeito-com-arma-e-drogas\/\",\"url\":\"https:\/\/www.pm.pb.gov.br\/portal\/2024\/05\/10\/operacao-no-bairro-sao-jose-prende-mais-um-suspeito-com-arma-e-drogas\/\",\"name\":\"Opera\u00e7\u00e3o no Bairro S\u00e3o Jos\u00e9 prende mais um suspeito com arma e drogas - Pol\u00edcia Militar da Para\u00edba\",\"isPartOf\":{\"@id\":\"https:\/\/www.pm.pb.gov.br\/portal\/#website\"},\"datePublished\":\"2024-05-10T12:43:18+00:00\",\"dateModified\":\"2024-05-10T12:43:20+00:00\",\"breadcrumb\":{\"@id\":\"https:\/\/www.pm.pb.gov.br\/portal\/2024\/05\/10\/operacao-no-bairro-sao-jose-prende-mais-um-suspeito-com-arma-e-drogas\/#breadcrumb\"},\"inLanguage\":\"pt-BR\",\"potentialAction\":[{\"@type\":\"ReadAction\",\"target\":[\"https:\/\/www.pm.pb.gov.br\/portal\/2024\/05\/10\/operacao-no-bairro-sao-jose-prende-mais-um-suspeito-com-arma-e-drogas\/\"]}]},{\"@type\":\"BreadcrumbList\",\"@id\":\"https:\/\/www.pm.pb.gov.br\/portal\/2024\/05\/10\/operacao-no-bairro-sao-jose-prende-mais-um-suspeito-com-arma-e-drogas\/#breadcrumb\",\"itemListElement\":[{\"@type\":\"ListItem\",\"position\":1,\"name\":\"In\u00edcio\",\"item\":\"https:\/\/www.pm.pb.gov.br\/portal\/\"},{\"@type\":\"ListItem\",\"position\":2,\"name\":\"Opera\u00e7\u00e3o no Bairro S\u00e3o Jos\u00e9 prende mais um suspeito com arma e drogas\"}]},{\"@type\":\"WebSite\",\"@id\":\"https:\/\/www.pm.pb.gov.br\/portal\/#website\",\"url\":\"https:\/\/www.pm.pb.gov.br\/portal\/\",\"name\":\"Pol\u00edcia Militar da Para\u00edba\",\"description\":\"\",\"publisher\":{\"@id\":\"https:\/\/www.pm.pb.gov.br\/portal\/#organization\"},\"potentialAction\":[{\"@type\":\"SearchAction\",\"target\":{\"@type\":\"EntryPoint\",\"urlTemplate\":\"https:\/\/www.pm.pb.gov.br\/portal\/?s={search_term_string}\"},\"query-input\":\"required name=search_term_string\"}],\"inLanguage\":\"pt-BR\"},{\"@type\":\"Organization\",\"@id\":\"https:\/\/www.pm.pb.gov.br\/portal\/#organization\",\"name\":\"Pol\u00edcia Militar da Para\u00edba\",\"url\":\"https:\/\/www.pm.pb.gov.br\/portal\/\",\"logo\":{\"@type\":\"ImageObject\",\"inLanguage\":\"pt-BR\",\"@id\":\"https:\/\/www.pm.pb.gov.br\/portal\/#\/schema\/logo\/image\/\",\"url\":\"https:\/\/www.pm.pb.gov.br\/portal\/wp-content\/uploads\/2025\/03\/cropped-logo-site-mag2-1.png\",\"contentUrl\":\"https:\/\/www.pm.pb.gov.br\/portal\/wp-content\/uploads\/2025\/03\/cropped-logo-site-mag2-1.png\",\"width\":320,\"height\":90,\"caption\":\"Pol\u00edcia Militar da Para\u00edba\"},\"image\":{\"@id\":\"https:\/\/www.pm.pb.gov.br\/portal\/#\/schema\/logo\/image\/\"}},{\"@type\":\"Person\",\"@id\":\"https:\/\/www.pm.pb.gov.br\/portal\/#\/schema\/person\/e8454f46651c3ecf0e1ba3c1666d9947\",\"name\":\"Assessoria de Imprensa da PMPB\",\"image\":{\"@type\":\"ImageObject\",\"inLanguage\":\"pt-BR\",\"@id\":\"https:\/\/www.pm.pb.gov.br\/portal\/#\/schema\/person\/image\/\",\"url\":\"https:\/\/secure.gravatar.com\/avatar\/2efe197438265d1e90bd98c4c8e1acf8?s=96&d=mm&r=g\",\"contentUrl\":\"https:\/\/secure.gravatar.com\/avatar\/2efe197438265d1e90bd98c4c8e1acf8?s=96&d=mm&r=g\",\"caption\":\"Assessoria de Imprensa da PMPB\"},\"url\":\"https:\/\/www.pm.pb.gov.br\/portal\/author\/assessoria\/\"}]}<\/script>\n<!-- \/ Yoast SEO plugin. -->","yoast_head_json":{"title":"Opera\u00e7\u00e3o no Bairro S\u00e3o Jos\u00e9 prende mais um suspeito com arma e drogas - Pol\u00edcia Militar da Para\u00edba","robots":{"index":"index","follow":"follow","max-snippet":"max-snippet:-1","max-image-preview":"max-image-preview:large","max-video-preview":"max-video-preview:-1"},"canonical":"https:\/\/www.pm.pb.gov.br\/portal\/2024\/05\/10\/operacao-no-bairro-sao-jose-prende-mais-um-suspeito-com-arma-e-drogas\/","og_locale":"pt_BR","og_type":"article","og_title":"Opera\u00e7\u00e3o no Bairro S\u00e3o Jos\u00e9 prende mais um suspeito com arma e drogas - Pol\u00edcia Militar da Para\u00edba","og_description":"A Pol\u00edcia Militar prendeu mais um suspeito, na madrugada desta sexta-feira (10), durante opera\u00e7\u00e3o de refor\u00e7o da seguran\u00e7a no bairro","og_url":"https:\/\/www.pm.pb.gov.br\/portal\/2024\/05\/10\/operacao-no-bairro-sao-jose-prende-mais-um-suspeito-com-arma-e-drogas\/","og_site_name":"Pol\u00edcia Militar da Para\u00edba","article_published_time":"2024-05-10T12:43:18+00:00","article_modified_time":"2024-05-10T12:43:20+00:00","og_image":[{"width":576,"height":357,"url":"http:\/\/www.pm.pb.gov.br\/portal\/wp-content\/uploads\/2024\/05\/WhatsApp-Image-2024-05-10-at-9.57.26-AM-1.jpeg","type":"image\/jpeg"}],"author":"Assessoria de Imprensa da PMPB","twitter_card":"summary_large_image","twitter_misc":{"Escrito por":"Assessoria de Imprensa da PMPB","Est. tempo de leitura":"1 minuto"},"schema":{"@context":"https:\/\/schema.org","@graph":[{"@type":"Article","@id":"https:\/\/www.pm.pb.gov.br\/portal\/2024\/05\/10\/operacao-no-bairro-sao-jose-prende-mais-um-suspeito-com-arma-e-drogas\/#article","isPartOf":{"@id":"https:\/\/www.pm.pb.gov.br\/portal\/2024\/05\/10\/operacao-no-bairro-sao-jose-prende-mais-um-suspeito-com-arma-e-drogas\/"},"author":{"name":"Assessoria de Imprensa da PMPB","@id":"https:\/\/www.pm.pb.gov.br\/portal\/#\/schema\/person\/e8454f46651c3ecf0e1ba3c1666d9947"},"headline":"Opera\u00e7\u00e3o no Bairro S\u00e3o Jos\u00e9 prende mais um suspeito com arma e drogas","datePublished":"2024-05-10T12:43:18+00:00","dateModified":"2024-05-10T12:43:20+00:00","mainEntityOfPage":{"@id":"https:\/\/www.pm.pb.gov.br\/portal\/2024\/05\/10\/operacao-no-bairro-sao-jose-prende-mais-um-suspeito-com-arma-e-drogas\/"},"wordCount":146,"publisher":{"@id":"https:\/\/www.pm.pb.gov.br\/portal\/#organization"},"articleSection":["A\u00e7\u00f5es Policiais"],"inLanguage":"pt-BR"},{"@type":"WebPage","@id":"https:\/\/www.pm.pb.gov.br\/portal\/2024\/05\/10\/operacao-no-bairro-sao-jose-prende-mais-um-suspeito-com-arma-e-drogas\/","url":"https:\/\/www.pm.pb.gov.br\/portal\/2024\/05\/10\/operacao-no-bairro-sao-jose-prende-mais-um-suspeito-com-arma-e-drogas\/","name":"Opera\u00e7\u00e3o no Bairro S\u00e3o Jos\u00e9 prende mais um suspeito com arma e drogas - Pol\u00edcia Militar da Para\u00edba","isPartOf":{"@id":"https:\/\/www.pm.pb.gov.br\/portal\/#website"},"datePublished":"2024-05-10T12:43:18+00:00","dateModified":"2024-05-10T12:43:20+00:00","breadcrumb":{"@id":"https:\/\/www.pm.pb.gov.br\/portal\/2024\/05\/10\/operacao-no-bairro-sao-jose-prende-mais-um-suspeito-com-arma-e-drogas\/#breadcrumb"},"inLanguage":"pt-BR","potentialAction":[{"@type":"ReadAction","target":["https:\/\/www.pm.pb.gov.br\/portal\/2024\/05\/10\/operacao-no-bairro-sao-jose-prende-mais-um-suspeito-com-arma-e-drogas\/"]}]},{"@type":"BreadcrumbList","@id":"https:\/\/www.pm.pb.gov.br\/portal\/2024\/05\/10\/operacao-no-bairro-sao-jose-prende-mais-um-suspeito-com-arma-e-drogas\/#breadcrumb","itemListElement":[{"@type":"ListItem","position":1,"name":"In\u00edcio","item":"https:\/\/www.pm.pb.gov.br\/portal\/"},{"@type":"ListItem","position":2,"name":"Opera\u00e7\u00e3o no Bairro S\u00e3o Jos\u00e9 prende mais um suspeito com arma e drogas"}]},{"@type":"WebSite","@id":"https:\/\/www.pm.pb.gov.br\/portal\/#website","url":"https:\/\/www.pm.pb.gov.br\/portal\/","name":"Pol\u00edcia Militar da Para\u00edba","description":"","publisher":{"@id":"https:\/\/www.pm.pb.gov.br\/portal\/#organization"},"potentialAction":[{"@type":"SearchAction","target":{"@type":"EntryPoint","urlTemplate":"https:\/\/www.pm.pb.gov.br\/portal\/?s={search_term_string}"},"query-input":"required name=search_term_string"}],"inLanguage":"pt-BR"},{"@type":"Organization","@id":"https:\/\/www.pm.pb.gov.br\/portal\/#organization","name":"Pol\u00edcia Militar da Para\u00edba","url":"https:\/\/www.pm.pb.gov.br\/portal\/","logo":{"@type":"ImageObject","inLanguage":"pt-BR","@id":"https:\/\/www.pm.pb.gov.br\/portal\/#\/schema\/logo\/image\/","url":"https:\/\/www.pm.pb.gov.br\/portal\/wp-content\/uploads\/2025\/03\/cropped-logo-site-mag2-1.png","contentUrl":"https:\/\/www.pm.pb.gov.br\/portal\/wp-content\/uploads\/2025\/03\/cropped-logo-site-mag2-1.png","width":320,"height":90,"caption":"Pol\u00edcia Militar da Para\u00edba"},"image":{"@id":"https:\/\/www.pm.pb.gov.br\/portal\/#\/schema\/logo\/image\/"}},{"@type":"Person","@id":"https:\/\/www.pm.pb.gov.br\/portal\/#\/schema\/person\/e8454f46651c3ecf0e1ba3c1666d9947","name":"Assessoria de Imprensa da PMPB","image":{"@type":"ImageObject","inLanguage":"pt-BR","@id":"https:\/\/www.pm.pb.gov.br\/portal\/#\/schema\/person\/image\/","url":"https:\/\/secure.gravatar.com\/avatar\/2efe197438265d1e90bd98c4c8e1acf8?s=96&d=mm&r=g","contentUrl":"https:\/\/secure.gravatar.com\/avatar\/2efe197438265d1e90bd98c4c8e1acf8?s=96&d=mm&r=g","caption":"Assessoria de Imprensa da PMPB"},"url":"https:\/\/www.pm.pb.gov.br\/portal\/author\/assessoria\/"}]}},"_links":{"self":[{"href":"https:\/\/www.pm.pb.gov.br\/portal\/wp-json\/wp\/v2\/posts\/922044"}],"collection":[{"href":"https:\/\/www.pm.pb.gov.br\/portal\/wp-json\/wp\/v2\/posts"}],"about":[{"href":"https:\/\/www.pm.pb.gov.br\/portal\/wp-json\/wp\/v2\/types\/post"}],"author":[{"embeddable":true,"href":"https:\/\/www.pm.pb.gov.br\/portal\/wp-json\/wp\/v2\/users\/5"}],"replies":[{"embeddable":true,"href":"https:\/\/www.pm.pb.gov.br\/portal\/wp-json\/wp\/v2\/comments?post=922044"}],"version-history":[{"count":1,"href":"https:\/\/www.pm.pb.gov.br\/portal\/wp-json\/wp\/v2\/posts\/922044\/revisions"}],"predecessor-version":[{"id":922046,"href":"https:\/\/www.pm.pb.gov.br\/portal\/wp-json\/wp\/v2\/posts\/922044\/revisions\/922046"}],"wp:featuredmedia":[{"embeddable":true,"href":"https:\/\/www.pm.pb.gov.br\/portal\/wp-json\/wp\/v2\/media\/922048"}],"wp:attachment":[{"href":"https:\/\/www.pm.pb.gov.br\/portal\/wp-json\/wp\/v2\/media?parent=922044"}],"wp:term":[{"taxonomy":"category","embeddable":true,"href":"https:\/\/www.pm.pb.gov.br\/portal\/wp-json\/wp\/v2\/categories?post=922044"},{"taxonomy":"post_tag","embeddable":true,"href":"https:\/\/www.pm.pb.gov.br\/portal\/wp-json\/wp\/v2\/tags?post=922044"}],"curies":[{"name":"wp","href":"https:\/\/api.w.org\/{rel}","templated":true}]}}