{"id":921984,"date":"2024-05-08T11:58:35","date_gmt":"2024-05-08T14:58:35","guid":{"rendered":"https:\/\/www.pm.pb.gov.br\/portal\/?p=921984"},"modified":"2024-05-08T11:58:37","modified_gmt":"2024-05-08T14:58:37","slug":"operacao-apreende-armas-durante-confronto-com-suspeitos-de-atuar-no-trafico-de-drogas-na-capital","status":"publish","type":"post","link":"https:\/\/www.pm.pb.gov.br\/portal\/2024\/05\/08\/operacao-apreende-armas-durante-confronto-com-suspeitos-de-atuar-no-trafico-de-drogas-na-capital\/","title":{"rendered":"Opera\u00e7\u00e3o apreende armas durante confronto com suspeitos de atuar no tr\u00e1fico de drogas na Capital"},"content":{"rendered":"A Pol\u00edcia Militar apreendeu tr\u00eas armas de fogo durante uma opera\u00e7\u00e3o que foi realizada na madrugada desta quarta-feira (8), no bairro S\u00e3o Jos\u00e9, em Jo\u00e3o Pessoa. O objetivo foi prender suspeitos que estariam atuando como \u2018seguran\u00e7as do tr\u00e1fico de drogas\u2019. Houve troca de tiros e tr\u00eas acusados foram socorridos para o Hospital de Emerg\u00eancia e Traumas. Um quarto integrante do bando foi preso.<br \/><br \/>A opera\u00e7\u00e3o apreendeu drogas e tr\u00eas armas de fogo, sendo uma pistola, um rev\u00f3lver e uma espingarda. Uma das armas estava com um dos l\u00edderes do tr\u00e1fico no bairro, que est\u00e1 entre os feridos. A a\u00e7\u00e3o contou com a atua\u00e7\u00e3o da For\u00e7a T\u00e1tica do 1\u00ba Batalh\u00e3o, Batalh\u00e3o de Opera\u00e7\u00f5es Especiais (BOPE) e For\u00e7a Regional.  <br \/><br \/>Conforme levantamento feito pela PM, o grupo agia parando e revistando pessoas que se aproximavam do bairro durante \u00e0 noite e madrugada, inclusive chegaram a atirar contra uma viatura, dias atr\u00e1s. As investiga\u00e7\u00f5es devem continuar com a Pol\u00edcia Civil.<br \/>","protected":false},"excerpt":{"rendered":"<p>A Pol\u00edcia Militar apreendeu tr\u00eas armas de fogo durante uma opera\u00e7\u00e3o que foi realizada na madrugada desta quarta-feira (8), no<\/p>\n","protected":false},"author":5,"featured_media":922042,"comment_status":"closed","ping_status":"closed","sticky":false,"template":"","format":"standard","meta":{"_exactmetrics_skip_tracking":false,"_exactmetrics_sitenote_active":false,"_exactmetrics_sitenote_note":"","_exactmetrics_sitenote_category":0,"footnotes":""},"categories":[4],"tags":[],"yoast_head":"<!-- This site is optimized with the Yoast SEO plugin v22.0 - https:\/\/yoast.com\/wordpress\/plugins\/seo\/ -->\n<title>Opera\u00e7\u00e3o apreende armas durante confronto com suspeitos de atuar no tr\u00e1fico de drogas na Capital - Pol\u00edcia Militar da Para\u00edba<\/title>\n<meta name=\"robots\" content=\"index, follow, max-snippet:-1, max-image-preview:large, max-video-preview:-1\" \/>\n<link rel=\"canonical\" href=\"https:\/\/www.pm.pb.gov.br\/portal\/2024\/05\/08\/operacao-apreende-armas-durante-confronto-com-suspeitos-de-atuar-no-trafico-de-drogas-na-capital\/\" \/>\n<meta property=\"og:locale\" content=\"pt_BR\" \/>\n<meta property=\"og:type\" content=\"article\" \/>\n<meta property=\"og:title\" content=\"Opera\u00e7\u00e3o apreende armas durante confronto com suspeitos de atuar no tr\u00e1fico de drogas na Capital - Pol\u00edcia Militar da Para\u00edba\" \/>\n<meta property=\"og:description\" content=\"A Pol\u00edcia Militar apreendeu tr\u00eas armas de fogo durante uma opera\u00e7\u00e3o que foi realizada na madrugada desta quarta-feira (8), no\" \/>\n<meta property=\"og:url\" content=\"https:\/\/www.pm.pb.gov.br\/portal\/2024\/05\/08\/operacao-apreende-armas-durante-confronto-com-suspeitos-de-atuar-no-trafico-de-drogas-na-capital\/\" \/>\n<meta property=\"og:site_name\" content=\"Pol\u00edcia Militar da Para\u00edba\" \/>\n<meta property=\"article:published_time\" content=\"2024-05-08T14:58:35+00:00\" \/>\n<meta property=\"article:modified_time\" content=\"2024-05-08T14:58:37+00:00\" \/>\n<meta property=\"og:image\" content=\"http:\/\/www.pm.pb.gov.br\/portal\/wp-content\/uploads\/2024\/05\/WhatsApp-Image-2024-05-08-at-12.19.25-PM.jpeg\" \/>\n\t<meta property=\"og:image:width\" content=\"930\" \/>\n\t<meta property=\"og:image:height\" content=\"594\" \/>\n\t<meta property=\"og:image:type\" content=\"image\/jpeg\" \/>\n<meta name=\"author\" content=\"Assessoria de Imprensa da PMPB\" \/>\n<meta name=\"twitter:card\" content=\"summary_large_image\" \/>\n<meta name=\"twitter:label1\" content=\"Escrito por\" \/>\n\t<meta name=\"twitter:data1\" content=\"Assessoria de Imprensa da PMPB\" \/>\n\t<meta name=\"twitter:label2\" content=\"Est. tempo de leitura\" \/>\n\t<meta name=\"twitter:data2\" content=\"2 minutos\" \/>\n<script type=\"application\/ld+json\" class=\"yoast-schema-graph\">{\"@context\":\"https:\/\/schema.org\",\"@graph\":[{\"@type\":\"Article\",\"@id\":\"https:\/\/www.pm.pb.gov.br\/portal\/2024\/05\/08\/operacao-apreende-armas-durante-confronto-com-suspeitos-de-atuar-no-trafico-de-drogas-na-capital\/#article\",\"isPartOf\":{\"@id\":\"https:\/\/www.pm.pb.gov.br\/portal\/2024\/05\/08\/operacao-apreende-armas-durante-confronto-com-suspeitos-de-atuar-no-trafico-de-drogas-na-capital\/\"},\"author\":{\"name\":\"Assessoria de Imprensa da PMPB\",\"@id\":\"https:\/\/www.pm.pb.gov.br\/portal\/#\/schema\/person\/e8454f46651c3ecf0e1ba3c1666d9947\"},\"headline\":\"Opera\u00e7\u00e3o apreende armas durante confronto com suspeitos de atuar no tr\u00e1fico de drogas na Capital\",\"datePublished\":\"2024-05-08T14:58:35+00:00\",\"dateModified\":\"2024-05-08T14:58:37+00:00\",\"mainEntityOfPage\":{\"@id\":\"https:\/\/www.pm.pb.gov.br\/portal\/2024\/05\/08\/operacao-apreende-armas-durante-confronto-com-suspeitos-de-atuar-no-trafico-de-drogas-na-capital\/\"},\"wordCount\":195,\"publisher\":{\"@id\":\"https:\/\/www.pm.pb.gov.br\/portal\/#organization\"},\"articleSection\":[\"A\u00e7\u00f5es Policiais\"],\"inLanguage\":\"pt-BR\"},{\"@type\":\"WebPage\",\"@id\":\"https:\/\/www.pm.pb.gov.br\/portal\/2024\/05\/08\/operacao-apreende-armas-durante-confronto-com-suspeitos-de-atuar-no-trafico-de-drogas-na-capital\/\",\"url\":\"https:\/\/www.pm.pb.gov.br\/portal\/2024\/05\/08\/operacao-apreende-armas-durante-confronto-com-suspeitos-de-atuar-no-trafico-de-drogas-na-capital\/\",\"name\":\"Opera\u00e7\u00e3o apreende armas durante confronto com suspeitos de atuar no tr\u00e1fico de drogas na Capital - Pol\u00edcia Militar da Para\u00edba\",\"isPartOf\":{\"@id\":\"https:\/\/www.pm.pb.gov.br\/portal\/#website\"},\"datePublished\":\"2024-05-08T14:58:35+00:00\",\"dateModified\":\"2024-05-08T14:58:37+00:00\",\"breadcrumb\":{\"@id\":\"https:\/\/www.pm.pb.gov.br\/portal\/2024\/05\/08\/operacao-apreende-armas-durante-confronto-com-suspeitos-de-atuar-no-trafico-de-drogas-na-capital\/#breadcrumb\"},\"inLanguage\":\"pt-BR\",\"potentialAction\":[{\"@type\":\"ReadAction\",\"target\":[\"https:\/\/www.pm.pb.gov.br\/portal\/2024\/05\/08\/operacao-apreende-armas-durante-confronto-com-suspeitos-de-atuar-no-trafico-de-drogas-na-capital\/\"]}]},{\"@type\":\"BreadcrumbList\",\"@id\":\"https:\/\/www.pm.pb.gov.br\/portal\/2024\/05\/08\/operacao-apreende-armas-durante-confronto-com-suspeitos-de-atuar-no-trafico-de-drogas-na-capital\/#breadcrumb\",\"itemListElement\":[{\"@type\":\"ListItem\",\"position\":1,\"name\":\"In\u00edcio\",\"item\":\"https:\/\/www.pm.pb.gov.br\/portal\/\"},{\"@type\":\"ListItem\",\"position\":2,\"name\":\"Opera\u00e7\u00e3o apreende armas durante confronto com suspeitos de atuar no tr\u00e1fico de drogas na Capital\"}]},{\"@type\":\"WebSite\",\"@id\":\"https:\/\/www.pm.pb.gov.br\/portal\/#website\",\"url\":\"https:\/\/www.pm.pb.gov.br\/portal\/\",\"name\":\"Pol\u00edcia Militar da Para\u00edba\",\"description\":\"\",\"publisher\":{\"@id\":\"https:\/\/www.pm.pb.gov.br\/portal\/#organization\"},\"potentialAction\":[{\"@type\":\"SearchAction\",\"target\":{\"@type\":\"EntryPoint\",\"urlTemplate\":\"https:\/\/www.pm.pb.gov.br\/portal\/?s={search_term_string}\"},\"query-input\":\"required name=search_term_string\"}],\"inLanguage\":\"pt-BR\"},{\"@type\":\"Organization\",\"@id\":\"https:\/\/www.pm.pb.gov.br\/portal\/#organization\",\"name\":\"Pol\u00edcia Militar da Para\u00edba\",\"url\":\"https:\/\/www.pm.pb.gov.br\/portal\/\",\"logo\":{\"@type\":\"ImageObject\",\"inLanguage\":\"pt-BR\",\"@id\":\"https:\/\/www.pm.pb.gov.br\/portal\/#\/schema\/logo\/image\/\",\"url\":\"https:\/\/www.pm.pb.gov.br\/portal\/wp-content\/uploads\/2025\/03\/cropped-logo-site-mag2-1.png\",\"contentUrl\":\"https:\/\/www.pm.pb.gov.br\/portal\/wp-content\/uploads\/2025\/03\/cropped-logo-site-mag2-1.png\",\"width\":320,\"height\":90,\"caption\":\"Pol\u00edcia Militar da Para\u00edba\"},\"image\":{\"@id\":\"https:\/\/www.pm.pb.gov.br\/portal\/#\/schema\/logo\/image\/\"}},{\"@type\":\"Person\",\"@id\":\"https:\/\/www.pm.pb.gov.br\/portal\/#\/schema\/person\/e8454f46651c3ecf0e1ba3c1666d9947\",\"name\":\"Assessoria de Imprensa da PMPB\",\"image\":{\"@type\":\"ImageObject\",\"inLanguage\":\"pt-BR\",\"@id\":\"https:\/\/www.pm.pb.gov.br\/portal\/#\/schema\/person\/image\/\",\"url\":\"https:\/\/secure.gravatar.com\/avatar\/2efe197438265d1e90bd98c4c8e1acf8?s=96&d=mm&r=g\",\"contentUrl\":\"https:\/\/secure.gravatar.com\/avatar\/2efe197438265d1e90bd98c4c8e1acf8?s=96&d=mm&r=g\",\"caption\":\"Assessoria de Imprensa da PMPB\"},\"url\":\"https:\/\/www.pm.pb.gov.br\/portal\/author\/assessoria\/\"}]}<\/script>\n<!-- \/ Yoast SEO plugin. -->","yoast_head_json":{"title":"Opera\u00e7\u00e3o apreende armas durante confronto com suspeitos de atuar no tr\u00e1fico de drogas na Capital - Pol\u00edcia Militar da Para\u00edba","robots":{"index":"index","follow":"follow","max-snippet":"max-snippet:-1","max-image-preview":"max-image-preview:large","max-video-preview":"max-video-preview:-1"},"canonical":"https:\/\/www.pm.pb.gov.br\/portal\/2024\/05\/08\/operacao-apreende-armas-durante-confronto-com-suspeitos-de-atuar-no-trafico-de-drogas-na-capital\/","og_locale":"pt_BR","og_type":"article","og_title":"Opera\u00e7\u00e3o apreende armas durante confronto com suspeitos de atuar no tr\u00e1fico de drogas na Capital - Pol\u00edcia Militar da Para\u00edba","og_description":"A Pol\u00edcia Militar apreendeu tr\u00eas armas de fogo durante uma opera\u00e7\u00e3o que foi realizada na madrugada desta quarta-feira (8), no","og_url":"https:\/\/www.pm.pb.gov.br\/portal\/2024\/05\/08\/operacao-apreende-armas-durante-confronto-com-suspeitos-de-atuar-no-trafico-de-drogas-na-capital\/","og_site_name":"Pol\u00edcia Militar da Para\u00edba","article_published_time":"2024-05-08T14:58:35+00:00","article_modified_time":"2024-05-08T14:58:37+00:00","og_image":[{"width":930,"height":594,"url":"http:\/\/www.pm.pb.gov.br\/portal\/wp-content\/uploads\/2024\/05\/WhatsApp-Image-2024-05-08-at-12.19.25-PM.jpeg","type":"image\/jpeg"}],"author":"Assessoria de Imprensa da PMPB","twitter_card":"summary_large_image","twitter_misc":{"Escrito por":"Assessoria de Imprensa da PMPB","Est. tempo de leitura":"2 minutos"},"schema":{"@context":"https:\/\/schema.org","@graph":[{"@type":"Article","@id":"https:\/\/www.pm.pb.gov.br\/portal\/2024\/05\/08\/operacao-apreende-armas-durante-confronto-com-suspeitos-de-atuar-no-trafico-de-drogas-na-capital\/#article","isPartOf":{"@id":"https:\/\/www.pm.pb.gov.br\/portal\/2024\/05\/08\/operacao-apreende-armas-durante-confronto-com-suspeitos-de-atuar-no-trafico-de-drogas-na-capital\/"},"author":{"name":"Assessoria de Imprensa da PMPB","@id":"https:\/\/www.pm.pb.gov.br\/portal\/#\/schema\/person\/e8454f46651c3ecf0e1ba3c1666d9947"},"headline":"Opera\u00e7\u00e3o apreende armas durante confronto com suspeitos de atuar no tr\u00e1fico de drogas na Capital","datePublished":"2024-05-08T14:58:35+00:00","dateModified":"2024-05-08T14:58:37+00:00","mainEntityOfPage":{"@id":"https:\/\/www.pm.pb.gov.br\/portal\/2024\/05\/08\/operacao-apreende-armas-durante-confronto-com-suspeitos-de-atuar-no-trafico-de-drogas-na-capital\/"},"wordCount":195,"publisher":{"@id":"https:\/\/www.pm.pb.gov.br\/portal\/#organization"},"articleSection":["A\u00e7\u00f5es Policiais"],"inLanguage":"pt-BR"},{"@type":"WebPage","@id":"https:\/\/www.pm.pb.gov.br\/portal\/2024\/05\/08\/operacao-apreende-armas-durante-confronto-com-suspeitos-de-atuar-no-trafico-de-drogas-na-capital\/","url":"https:\/\/www.pm.pb.gov.br\/portal\/2024\/05\/08\/operacao-apreende-armas-durante-confronto-com-suspeitos-de-atuar-no-trafico-de-drogas-na-capital\/","name":"Opera\u00e7\u00e3o apreende armas durante confronto com suspeitos de atuar no tr\u00e1fico de drogas na Capital - Pol\u00edcia Militar da Para\u00edba","isPartOf":{"@id":"https:\/\/www.pm.pb.gov.br\/portal\/#website"},"datePublished":"2024-05-08T14:58:35+00:00","dateModified":"2024-05-08T14:58:37+00:00","breadcrumb":{"@id":"https:\/\/www.pm.pb.gov.br\/portal\/2024\/05\/08\/operacao-apreende-armas-durante-confronto-com-suspeitos-de-atuar-no-trafico-de-drogas-na-capital\/#breadcrumb"},"inLanguage":"pt-BR","potentialAction":[{"@type":"ReadAction","target":["https:\/\/www.pm.pb.gov.br\/portal\/2024\/05\/08\/operacao-apreende-armas-durante-confronto-com-suspeitos-de-atuar-no-trafico-de-drogas-na-capital\/"]}]},{"@type":"BreadcrumbList","@id":"https:\/\/www.pm.pb.gov.br\/portal\/2024\/05\/08\/operacao-apreende-armas-durante-confronto-com-suspeitos-de-atuar-no-trafico-de-drogas-na-capital\/#breadcrumb","itemListElement":[{"@type":"ListItem","position":1,"name":"In\u00edcio","item":"https:\/\/www.pm.pb.gov.br\/portal\/"},{"@type":"ListItem","position":2,"name":"Opera\u00e7\u00e3o apreende armas durante confronto com suspeitos de atuar no tr\u00e1fico de drogas na Capital"}]},{"@type":"WebSite","@id":"https:\/\/www.pm.pb.gov.br\/portal\/#website","url":"https:\/\/www.pm.pb.gov.br\/portal\/","name":"Pol\u00edcia Militar da Para\u00edba","description":"","publisher":{"@id":"https:\/\/www.pm.pb.gov.br\/portal\/#organization"},"potentialAction":[{"@type":"SearchAction","target":{"@type":"EntryPoint","urlTemplate":"https:\/\/www.pm.pb.gov.br\/portal\/?s={search_term_string}"},"query-input":"required name=search_term_string"}],"inLanguage":"pt-BR"},{"@type":"Organization","@id":"https:\/\/www.pm.pb.gov.br\/portal\/#organization","name":"Pol\u00edcia Militar da Para\u00edba","url":"https:\/\/www.pm.pb.gov.br\/portal\/","logo":{"@type":"ImageObject","inLanguage":"pt-BR","@id":"https:\/\/www.pm.pb.gov.br\/portal\/#\/schema\/logo\/image\/","url":"https:\/\/www.pm.pb.gov.br\/portal\/wp-content\/uploads\/2025\/03\/cropped-logo-site-mag2-1.png","contentUrl":"https:\/\/www.pm.pb.gov.br\/portal\/wp-content\/uploads\/2025\/03\/cropped-logo-site-mag2-1.png","width":320,"height":90,"caption":"Pol\u00edcia Militar da Para\u00edba"},"image":{"@id":"https:\/\/www.pm.pb.gov.br\/portal\/#\/schema\/logo\/image\/"}},{"@type":"Person","@id":"https:\/\/www.pm.pb.gov.br\/portal\/#\/schema\/person\/e8454f46651c3ecf0e1ba3c1666d9947","name":"Assessoria de Imprensa da PMPB","image":{"@type":"ImageObject","inLanguage":"pt-BR","@id":"https:\/\/www.pm.pb.gov.br\/portal\/#\/schema\/person\/image\/","url":"https:\/\/secure.gravatar.com\/avatar\/2efe197438265d1e90bd98c4c8e1acf8?s=96&d=mm&r=g","contentUrl":"https:\/\/secure.gravatar.com\/avatar\/2efe197438265d1e90bd98c4c8e1acf8?s=96&d=mm&r=g","caption":"Assessoria de Imprensa da PMPB"},"url":"https:\/\/www.pm.pb.gov.br\/portal\/author\/assessoria\/"}]}},"_links":{"self":[{"href":"https:\/\/www.pm.pb.gov.br\/portal\/wp-json\/wp\/v2\/posts\/921984"}],"collection":[{"href":"https:\/\/www.pm.pb.gov.br\/portal\/wp-json\/wp\/v2\/posts"}],"about":[{"href":"https:\/\/www.pm.pb.gov.br\/portal\/wp-json\/wp\/v2\/types\/post"}],"author":[{"embeddable":true,"href":"https:\/\/www.pm.pb.gov.br\/portal\/wp-json\/wp\/v2\/users\/5"}],"replies":[{"embeddable":true,"href":"https:\/\/www.pm.pb.gov.br\/portal\/wp-json\/wp\/v2\/comments?post=921984"}],"version-history":[{"count":1,"href":"https:\/\/www.pm.pb.gov.br\/portal\/wp-json\/wp\/v2\/posts\/921984\/revisions"}],"predecessor-version":[{"id":922040,"href":"https:\/\/www.pm.pb.gov.br\/portal\/wp-json\/wp\/v2\/posts\/921984\/revisions\/922040"}],"wp:featuredmedia":[{"embeddable":true,"href":"https:\/\/www.pm.pb.gov.br\/portal\/wp-json\/wp\/v2\/media\/922042"}],"wp:attachment":[{"href":"https:\/\/www.pm.pb.gov.br\/portal\/wp-json\/wp\/v2\/media?parent=921984"}],"wp:term":[{"taxonomy":"category","embeddable":true,"href":"https:\/\/www.pm.pb.gov.br\/portal\/wp-json\/wp\/v2\/categories?post=921984"},{"taxonomy":"post_tag","embeddable":true,"href":"https:\/\/www.pm.pb.gov.br\/portal\/wp-json\/wp\/v2\/tags?post=921984"}],"curies":[{"name":"wp","href":"https:\/\/api.w.org\/{rel}","templated":true}]}}