{"id":921940,"date":"2024-05-04T14:39:17","date_gmt":"2024-05-04T17:39:17","guid":{"rendered":"https:\/\/www.pm.pb.gov.br\/portal\/?p=921940"},"modified":"2024-05-04T15:12:53","modified_gmt":"2024-05-04T18:12:53","slug":"policia-militar-prende-tres-suspeitos-por-porte-ilegal-de-arma-de-fogo-e-soma-55-armas-apreendidas-em-fiscalizacoes-de-transito-em-2024","status":"publish","type":"post","link":"https:\/\/www.pm.pb.gov.br\/portal\/2024\/05\/04\/policia-militar-prende-tres-suspeitos-por-porte-ilegal-de-arma-de-fogo-e-soma-55-armas-apreendidas-em-fiscalizacoes-de-transito-em-2024\/","title":{"rendered":"Pol\u00edcia Militar prende tr\u00eas suspeitos por porte ilegal de arma de fogo e soma 55 armas apreendidas em fiscaliza\u00e7\u00f5es de tr\u00e2nsito em 2024"},"content":{"rendered":"\n\n\n<p><img loading=\"lazy\" decoding=\"async\" class=\"wp-image-921944 alignleft\" src=\"http:\/\/www.pm.pb.gov.br\/portal\/wp-content\/uploads\/2024\/05\/arma-1-526x445.jpeg\" alt=\"\" width=\"270\" height=\"228\" srcset=\"https:\/\/www.pm.pb.gov.br\/portal\/wp-content\/uploads\/2024\/05\/arma-1-526x445.jpeg 526w, https:\/\/www.pm.pb.gov.br\/portal\/wp-content\/uploads\/2024\/05\/arma-1-674x570.jpeg 674w, https:\/\/www.pm.pb.gov.br\/portal\/wp-content\/uploads\/2024\/05\/arma-1-768x650.jpeg 768w, https:\/\/www.pm.pb.gov.br\/portal\/wp-content\/uploads\/2024\/05\/arma-1.jpeg 960w\" sizes=\"(max-width: 270px) 100vw, 270px\" \/>As a\u00e7\u00f5es de fiscaliza\u00e7\u00e3o de tr\u00e2nsito da Pol\u00edcia Militar da Para\u00edba realizadas nas \u00faltimas doze horas resultaram na pris\u00e3o de tr\u00eas suspeitos e na apreens\u00e3o de tr\u00eas armas de fogo em Jo\u00e3o Pessoa.<\/p>\n<p>As armas foram apreendidas pelas equipes do Batalh\u00e3o de Pol\u00edcia de Tr\u00e2nsito Urbano e Rodovi\u00e1rio da PMPB (BPTran) durante a realiza\u00e7\u00e3o de barreiras policiais nos bairros do Varadouro, Trincheiras e Jos\u00e9 Am\u00e9rico. Nas abordagens aos ve\u00edculos, as equipes apreenderam uma pistola calibre .380 com dezenove muni\u00e7\u00f5es (foto \u00e0 esquerda), uma segunda pistola calibre 9 mil\u00edmetros com vinte e quatro muni\u00e7\u00f5es (foto \u00e0 direita) e uma terceira pistola calibre 9 mil\u00edmetros com sete muni\u00e7\u00f5es (foto final). Os condutores foram apresentados na Delegacia de Pol\u00edcia Civil.<\/p>\n<p><img loading=\"lazy\" decoding=\"async\" class=\"wp-image-921945 alignright\" src=\"http:\/\/www.pm.pb.gov.br\/portal\/wp-content\/uploads\/2024\/05\/arma-2-587x445.jpeg\" alt=\"\" width=\"287\" height=\"218\" srcset=\"https:\/\/www.pm.pb.gov.br\/portal\/wp-content\/uploads\/2024\/05\/arma-2-587x445.jpeg 587w, https:\/\/www.pm.pb.gov.br\/portal\/wp-content\/uploads\/2024\/05\/arma-2-752x570.jpeg 752w, https:\/\/www.pm.pb.gov.br\/portal\/wp-content\/uploads\/2024\/05\/arma-2-768x582.jpeg 768w, https:\/\/www.pm.pb.gov.br\/portal\/wp-content\/uploads\/2024\/05\/arma-2.jpeg 960w\" sizes=\"(max-width: 287px) 100vw, 287px\" \/>Com estas, j\u00e1 s\u00e3o 55 armas de fogo apreendidas pelo BPTran no ano de 2024. Al\u00e9m da preven\u00e7\u00e3o de delitos atrav\u00e9s das abordagens realizadas nas barreiras policiais, o Batalh\u00e3o tem intensificado suas a\u00e7\u00f5es com o objetivo de combater os altos \u00edndices de sinistros de tr\u00e2nsito apontados pelo Programa Para\u00edba Unida Pela Paz no Tr\u00e2nsito, e de conscientizar a popula\u00e7\u00e3o acerca dos princ\u00edpios fundamentais para condu\u00e7\u00e3o de ve\u00edculos. Neste m\u00eas de maio, com o lan\u00e7amento da Campanha Maio Amarelo, as a\u00e7\u00f5es de conscientiza\u00e7\u00e3o seguem ainda mais refor\u00e7adas, para que o cidad\u00e3o possa compreender realmente que a paz no tr\u00e2nsito come\u00e7a pelas atitudes individuais de cada um de n\u00f3s.<img loading=\"lazy\" decoding=\"async\" class=\"wp-image-921946 aligncenter\" src=\"http:\/\/www.pm.pb.gov.br\/portal\/wp-content\/uploads\/2024\/05\/arma-3-683x445.jpeg\" alt=\"\" width=\"303\" height=\"198\" srcset=\"https:\/\/www.pm.pb.gov.br\/portal\/wp-content\/uploads\/2024\/05\/arma-3-683x445.jpeg 683w, https:\/\/www.pm.pb.gov.br\/portal\/wp-content\/uploads\/2024\/05\/arma-3-874x570.jpeg 874w, https:\/\/www.pm.pb.gov.br\/portal\/wp-content\/uploads\/2024\/05\/arma-3-768x501.jpeg 768w, https:\/\/www.pm.pb.gov.br\/portal\/wp-content\/uploads\/2024\/05\/arma-3.jpeg 1080w\" sizes=\"(max-width: 303px) 100vw, 303px\" \/><\/p>\n","protected":false},"excerpt":{"rendered":"<p>As a\u00e7\u00f5es de fiscaliza\u00e7\u00e3o de tr\u00e2nsito da Pol\u00edcia Militar da Para\u00edba realizadas nas \u00faltimas doze horas resultaram na pris\u00e3o de<\/p>\n","protected":false},"author":5,"featured_media":921941,"comment_status":"closed","ping_status":"closed","sticky":false,"template":"","format":"standard","meta":{"_exactmetrics_skip_tracking":false,"_exactmetrics_sitenote_active":false,"_exactmetrics_sitenote_note":"","_exactmetrics_sitenote_category":0,"footnotes":""},"categories":[4],"tags":[],"yoast_head":"<!-- This site is optimized with the Yoast SEO plugin v22.0 - https:\/\/yoast.com\/wordpress\/plugins\/seo\/ -->\n<title>Pol\u00edcia Militar prende tr\u00eas suspeitos por porte ilegal de arma de fogo e soma 55 armas apreendidas em fiscaliza\u00e7\u00f5es de tr\u00e2nsito em 2024 - Pol\u00edcia Militar da Para\u00edba<\/title>\n<meta name=\"robots\" content=\"index, follow, max-snippet:-1, max-image-preview:large, max-video-preview:-1\" \/>\n<link rel=\"canonical\" href=\"https:\/\/www.pm.pb.gov.br\/portal\/2024\/05\/04\/policia-militar-prende-tres-suspeitos-por-porte-ilegal-de-arma-de-fogo-e-soma-55-armas-apreendidas-em-fiscalizacoes-de-transito-em-2024\/\" \/>\n<meta property=\"og:locale\" content=\"pt_BR\" \/>\n<meta property=\"og:type\" content=\"article\" \/>\n<meta property=\"og:title\" content=\"Pol\u00edcia Militar prende tr\u00eas suspeitos por porte ilegal de arma de fogo e soma 55 armas apreendidas em fiscaliza\u00e7\u00f5es de tr\u00e2nsito em 2024 - Pol\u00edcia Militar da Para\u00edba\" \/>\n<meta property=\"og:description\" content=\"As a\u00e7\u00f5es de fiscaliza\u00e7\u00e3o de tr\u00e2nsito da Pol\u00edcia Militar da Para\u00edba realizadas nas \u00faltimas doze horas resultaram na pris\u00e3o de\" \/>\n<meta property=\"og:url\" content=\"https:\/\/www.pm.pb.gov.br\/portal\/2024\/05\/04\/policia-militar-prende-tres-suspeitos-por-porte-ilegal-de-arma-de-fogo-e-soma-55-armas-apreendidas-em-fiscalizacoes-de-transito-em-2024\/\" \/>\n<meta property=\"og:site_name\" content=\"Pol\u00edcia Militar da Para\u00edba\" \/>\n<meta property=\"article:published_time\" content=\"2024-05-04T17:39:17+00:00\" \/>\n<meta property=\"article:modified_time\" content=\"2024-05-04T18:12:53+00:00\" \/>\n<meta property=\"og:image\" content=\"http:\/\/www.pm.pb.gov.br\/portal\/wp-content\/uploads\/2024\/05\/WhatsApp-Image-2024-05-04-at-14.45.02.jpeg\" \/>\n\t<meta property=\"og:image:width\" content=\"1280\" \/>\n\t<meta property=\"og:image:height\" content=\"853\" \/>\n\t<meta property=\"og:image:type\" content=\"image\/jpeg\" \/>\n<meta name=\"author\" content=\"Assessoria de Imprensa da PMPB\" \/>\n<meta name=\"twitter:card\" content=\"summary_large_image\" \/>\n<meta name=\"twitter:label1\" content=\"Escrito por\" \/>\n\t<meta name=\"twitter:data1\" content=\"Assessoria de Imprensa da PMPB\" \/>\n\t<meta name=\"twitter:label2\" content=\"Est. tempo de leitura\" \/>\n\t<meta name=\"twitter:data2\" content=\"3 minutos\" \/>\n<script type=\"application\/ld+json\" class=\"yoast-schema-graph\">{\"@context\":\"https:\/\/schema.org\",\"@graph\":[{\"@type\":\"Article\",\"@id\":\"https:\/\/www.pm.pb.gov.br\/portal\/2024\/05\/04\/policia-militar-prende-tres-suspeitos-por-porte-ilegal-de-arma-de-fogo-e-soma-55-armas-apreendidas-em-fiscalizacoes-de-transito-em-2024\/#article\",\"isPartOf\":{\"@id\":\"https:\/\/www.pm.pb.gov.br\/portal\/2024\/05\/04\/policia-militar-prende-tres-suspeitos-por-porte-ilegal-de-arma-de-fogo-e-soma-55-armas-apreendidas-em-fiscalizacoes-de-transito-em-2024\/\"},\"author\":{\"name\":\"Assessoria de Imprensa da PMPB\",\"@id\":\"https:\/\/www.pm.pb.gov.br\/portal\/#\/schema\/person\/e8454f46651c3ecf0e1ba3c1666d9947\"},\"headline\":\"Pol\u00edcia Militar prende tr\u00eas suspeitos por porte ilegal de arma de fogo e soma 55 armas apreendidas em fiscaliza\u00e7\u00f5es de tr\u00e2nsito em 2024\",\"datePublished\":\"2024-05-04T17:39:17+00:00\",\"dateModified\":\"2024-05-04T18:12:53+00:00\",\"mainEntityOfPage\":{\"@id\":\"https:\/\/www.pm.pb.gov.br\/portal\/2024\/05\/04\/policia-militar-prende-tres-suspeitos-por-porte-ilegal-de-arma-de-fogo-e-soma-55-armas-apreendidas-em-fiscalizacoes-de-transito-em-2024\/\"},\"wordCount\":287,\"publisher\":{\"@id\":\"https:\/\/www.pm.pb.gov.br\/portal\/#organization\"},\"articleSection\":[\"A\u00e7\u00f5es Policiais\"],\"inLanguage\":\"pt-BR\"},{\"@type\":\"WebPage\",\"@id\":\"https:\/\/www.pm.pb.gov.br\/portal\/2024\/05\/04\/policia-militar-prende-tres-suspeitos-por-porte-ilegal-de-arma-de-fogo-e-soma-55-armas-apreendidas-em-fiscalizacoes-de-transito-em-2024\/\",\"url\":\"https:\/\/www.pm.pb.gov.br\/portal\/2024\/05\/04\/policia-militar-prende-tres-suspeitos-por-porte-ilegal-de-arma-de-fogo-e-soma-55-armas-apreendidas-em-fiscalizacoes-de-transito-em-2024\/\",\"name\":\"Pol\u00edcia Militar prende tr\u00eas suspeitos por porte ilegal de arma de fogo e soma 55 armas apreendidas em fiscaliza\u00e7\u00f5es de tr\u00e2nsito em 2024 - Pol\u00edcia Militar da Para\u00edba\",\"isPartOf\":{\"@id\":\"https:\/\/www.pm.pb.gov.br\/portal\/#website\"},\"datePublished\":\"2024-05-04T17:39:17+00:00\",\"dateModified\":\"2024-05-04T18:12:53+00:00\",\"breadcrumb\":{\"@id\":\"https:\/\/www.pm.pb.gov.br\/portal\/2024\/05\/04\/policia-militar-prende-tres-suspeitos-por-porte-ilegal-de-arma-de-fogo-e-soma-55-armas-apreendidas-em-fiscalizacoes-de-transito-em-2024\/#breadcrumb\"},\"inLanguage\":\"pt-BR\",\"potentialAction\":[{\"@type\":\"ReadAction\",\"target\":[\"https:\/\/www.pm.pb.gov.br\/portal\/2024\/05\/04\/policia-militar-prende-tres-suspeitos-por-porte-ilegal-de-arma-de-fogo-e-soma-55-armas-apreendidas-em-fiscalizacoes-de-transito-em-2024\/\"]}]},{\"@type\":\"BreadcrumbList\",\"@id\":\"https:\/\/www.pm.pb.gov.br\/portal\/2024\/05\/04\/policia-militar-prende-tres-suspeitos-por-porte-ilegal-de-arma-de-fogo-e-soma-55-armas-apreendidas-em-fiscalizacoes-de-transito-em-2024\/#breadcrumb\",\"itemListElement\":[{\"@type\":\"ListItem\",\"position\":1,\"name\":\"In\u00edcio\",\"item\":\"https:\/\/www.pm.pb.gov.br\/portal\/\"},{\"@type\":\"ListItem\",\"position\":2,\"name\":\"Pol\u00edcia Militar prende tr\u00eas suspeitos por porte ilegal de arma de fogo e soma 55 armas apreendidas em fiscaliza\u00e7\u00f5es de tr\u00e2nsito em 2024\"}]},{\"@type\":\"WebSite\",\"@id\":\"https:\/\/www.pm.pb.gov.br\/portal\/#website\",\"url\":\"https:\/\/www.pm.pb.gov.br\/portal\/\",\"name\":\"Pol\u00edcia Militar da Para\u00edba\",\"description\":\"\",\"publisher\":{\"@id\":\"https:\/\/www.pm.pb.gov.br\/portal\/#organization\"},\"potentialAction\":[{\"@type\":\"SearchAction\",\"target\":{\"@type\":\"EntryPoint\",\"urlTemplate\":\"https:\/\/www.pm.pb.gov.br\/portal\/?s={search_term_string}\"},\"query-input\":\"required name=search_term_string\"}],\"inLanguage\":\"pt-BR\"},{\"@type\":\"Organization\",\"@id\":\"https:\/\/www.pm.pb.gov.br\/portal\/#organization\",\"name\":\"Pol\u00edcia Militar da Para\u00edba\",\"url\":\"https:\/\/www.pm.pb.gov.br\/portal\/\",\"logo\":{\"@type\":\"ImageObject\",\"inLanguage\":\"pt-BR\",\"@id\":\"https:\/\/www.pm.pb.gov.br\/portal\/#\/schema\/logo\/image\/\",\"url\":\"https:\/\/www.pm.pb.gov.br\/portal\/wp-content\/uploads\/2025\/03\/cropped-logo-site-mag2-1.png\",\"contentUrl\":\"https:\/\/www.pm.pb.gov.br\/portal\/wp-content\/uploads\/2025\/03\/cropped-logo-site-mag2-1.png\",\"width\":320,\"height\":90,\"caption\":\"Pol\u00edcia Militar da Para\u00edba\"},\"image\":{\"@id\":\"https:\/\/www.pm.pb.gov.br\/portal\/#\/schema\/logo\/image\/\"}},{\"@type\":\"Person\",\"@id\":\"https:\/\/www.pm.pb.gov.br\/portal\/#\/schema\/person\/e8454f46651c3ecf0e1ba3c1666d9947\",\"name\":\"Assessoria de Imprensa da PMPB\",\"image\":{\"@type\":\"ImageObject\",\"inLanguage\":\"pt-BR\",\"@id\":\"https:\/\/www.pm.pb.gov.br\/portal\/#\/schema\/person\/image\/\",\"url\":\"https:\/\/secure.gravatar.com\/avatar\/2efe197438265d1e90bd98c4c8e1acf8?s=96&d=mm&r=g\",\"contentUrl\":\"https:\/\/secure.gravatar.com\/avatar\/2efe197438265d1e90bd98c4c8e1acf8?s=96&d=mm&r=g\",\"caption\":\"Assessoria de Imprensa da PMPB\"},\"url\":\"https:\/\/www.pm.pb.gov.br\/portal\/author\/assessoria\/\"}]}<\/script>\n<!-- \/ Yoast SEO plugin. -->","yoast_head_json":{"title":"Pol\u00edcia Militar prende tr\u00eas suspeitos por porte ilegal de arma de fogo e soma 55 armas apreendidas em fiscaliza\u00e7\u00f5es de tr\u00e2nsito em 2024 - Pol\u00edcia Militar da Para\u00edba","robots":{"index":"index","follow":"follow","max-snippet":"max-snippet:-1","max-image-preview":"max-image-preview:large","max-video-preview":"max-video-preview:-1"},"canonical":"https:\/\/www.pm.pb.gov.br\/portal\/2024\/05\/04\/policia-militar-prende-tres-suspeitos-por-porte-ilegal-de-arma-de-fogo-e-soma-55-armas-apreendidas-em-fiscalizacoes-de-transito-em-2024\/","og_locale":"pt_BR","og_type":"article","og_title":"Pol\u00edcia Militar prende tr\u00eas suspeitos por porte ilegal de arma de fogo e soma 55 armas apreendidas em fiscaliza\u00e7\u00f5es de tr\u00e2nsito em 2024 - Pol\u00edcia Militar da Para\u00edba","og_description":"As a\u00e7\u00f5es de fiscaliza\u00e7\u00e3o de tr\u00e2nsito da Pol\u00edcia Militar da Para\u00edba realizadas nas \u00faltimas doze horas resultaram na pris\u00e3o de","og_url":"https:\/\/www.pm.pb.gov.br\/portal\/2024\/05\/04\/policia-militar-prende-tres-suspeitos-por-porte-ilegal-de-arma-de-fogo-e-soma-55-armas-apreendidas-em-fiscalizacoes-de-transito-em-2024\/","og_site_name":"Pol\u00edcia Militar da Para\u00edba","article_published_time":"2024-05-04T17:39:17+00:00","article_modified_time":"2024-05-04T18:12:53+00:00","og_image":[{"width":1280,"height":853,"url":"http:\/\/www.pm.pb.gov.br\/portal\/wp-content\/uploads\/2024\/05\/WhatsApp-Image-2024-05-04-at-14.45.02.jpeg","type":"image\/jpeg"}],"author":"Assessoria de Imprensa da PMPB","twitter_card":"summary_large_image","twitter_misc":{"Escrito por":"Assessoria de Imprensa da PMPB","Est. tempo de leitura":"3 minutos"},"schema":{"@context":"https:\/\/schema.org","@graph":[{"@type":"Article","@id":"https:\/\/www.pm.pb.gov.br\/portal\/2024\/05\/04\/policia-militar-prende-tres-suspeitos-por-porte-ilegal-de-arma-de-fogo-e-soma-55-armas-apreendidas-em-fiscalizacoes-de-transito-em-2024\/#article","isPartOf":{"@id":"https:\/\/www.pm.pb.gov.br\/portal\/2024\/05\/04\/policia-militar-prende-tres-suspeitos-por-porte-ilegal-de-arma-de-fogo-e-soma-55-armas-apreendidas-em-fiscalizacoes-de-transito-em-2024\/"},"author":{"name":"Assessoria de Imprensa da PMPB","@id":"https:\/\/www.pm.pb.gov.br\/portal\/#\/schema\/person\/e8454f46651c3ecf0e1ba3c1666d9947"},"headline":"Pol\u00edcia Militar prende tr\u00eas suspeitos por porte ilegal de arma de fogo e soma 55 armas apreendidas em fiscaliza\u00e7\u00f5es de tr\u00e2nsito em 2024","datePublished":"2024-05-04T17:39:17+00:00","dateModified":"2024-05-04T18:12:53+00:00","mainEntityOfPage":{"@id":"https:\/\/www.pm.pb.gov.br\/portal\/2024\/05\/04\/policia-militar-prende-tres-suspeitos-por-porte-ilegal-de-arma-de-fogo-e-soma-55-armas-apreendidas-em-fiscalizacoes-de-transito-em-2024\/"},"wordCount":287,"publisher":{"@id":"https:\/\/www.pm.pb.gov.br\/portal\/#organization"},"articleSection":["A\u00e7\u00f5es Policiais"],"inLanguage":"pt-BR"},{"@type":"WebPage","@id":"https:\/\/www.pm.pb.gov.br\/portal\/2024\/05\/04\/policia-militar-prende-tres-suspeitos-por-porte-ilegal-de-arma-de-fogo-e-soma-55-armas-apreendidas-em-fiscalizacoes-de-transito-em-2024\/","url":"https:\/\/www.pm.pb.gov.br\/portal\/2024\/05\/04\/policia-militar-prende-tres-suspeitos-por-porte-ilegal-de-arma-de-fogo-e-soma-55-armas-apreendidas-em-fiscalizacoes-de-transito-em-2024\/","name":"Pol\u00edcia Militar prende tr\u00eas suspeitos por porte ilegal de arma de fogo e soma 55 armas apreendidas em fiscaliza\u00e7\u00f5es de tr\u00e2nsito em 2024 - Pol\u00edcia Militar da Para\u00edba","isPartOf":{"@id":"https:\/\/www.pm.pb.gov.br\/portal\/#website"},"datePublished":"2024-05-04T17:39:17+00:00","dateModified":"2024-05-04T18:12:53+00:00","breadcrumb":{"@id":"https:\/\/www.pm.pb.gov.br\/portal\/2024\/05\/04\/policia-militar-prende-tres-suspeitos-por-porte-ilegal-de-arma-de-fogo-e-soma-55-armas-apreendidas-em-fiscalizacoes-de-transito-em-2024\/#breadcrumb"},"inLanguage":"pt-BR","potentialAction":[{"@type":"ReadAction","target":["https:\/\/www.pm.pb.gov.br\/portal\/2024\/05\/04\/policia-militar-prende-tres-suspeitos-por-porte-ilegal-de-arma-de-fogo-e-soma-55-armas-apreendidas-em-fiscalizacoes-de-transito-em-2024\/"]}]},{"@type":"BreadcrumbList","@id":"https:\/\/www.pm.pb.gov.br\/portal\/2024\/05\/04\/policia-militar-prende-tres-suspeitos-por-porte-ilegal-de-arma-de-fogo-e-soma-55-armas-apreendidas-em-fiscalizacoes-de-transito-em-2024\/#breadcrumb","itemListElement":[{"@type":"ListItem","position":1,"name":"In\u00edcio","item":"https:\/\/www.pm.pb.gov.br\/portal\/"},{"@type":"ListItem","position":2,"name":"Pol\u00edcia Militar prende tr\u00eas suspeitos por porte ilegal de arma de fogo e soma 55 armas apreendidas em fiscaliza\u00e7\u00f5es de tr\u00e2nsito em 2024"}]},{"@type":"WebSite","@id":"https:\/\/www.pm.pb.gov.br\/portal\/#website","url":"https:\/\/www.pm.pb.gov.br\/portal\/","name":"Pol\u00edcia Militar da Para\u00edba","description":"","publisher":{"@id":"https:\/\/www.pm.pb.gov.br\/portal\/#organization"},"potentialAction":[{"@type":"SearchAction","target":{"@type":"EntryPoint","urlTemplate":"https:\/\/www.pm.pb.gov.br\/portal\/?s={search_term_string}"},"query-input":"required name=search_term_string"}],"inLanguage":"pt-BR"},{"@type":"Organization","@id":"https:\/\/www.pm.pb.gov.br\/portal\/#organization","name":"Pol\u00edcia Militar da Para\u00edba","url":"https:\/\/www.pm.pb.gov.br\/portal\/","logo":{"@type":"ImageObject","inLanguage":"pt-BR","@id":"https:\/\/www.pm.pb.gov.br\/portal\/#\/schema\/logo\/image\/","url":"https:\/\/www.pm.pb.gov.br\/portal\/wp-content\/uploads\/2025\/03\/cropped-logo-site-mag2-1.png","contentUrl":"https:\/\/www.pm.pb.gov.br\/portal\/wp-content\/uploads\/2025\/03\/cropped-logo-site-mag2-1.png","width":320,"height":90,"caption":"Pol\u00edcia Militar da Para\u00edba"},"image":{"@id":"https:\/\/www.pm.pb.gov.br\/portal\/#\/schema\/logo\/image\/"}},{"@type":"Person","@id":"https:\/\/www.pm.pb.gov.br\/portal\/#\/schema\/person\/e8454f46651c3ecf0e1ba3c1666d9947","name":"Assessoria de Imprensa da PMPB","image":{"@type":"ImageObject","inLanguage":"pt-BR","@id":"https:\/\/www.pm.pb.gov.br\/portal\/#\/schema\/person\/image\/","url":"https:\/\/secure.gravatar.com\/avatar\/2efe197438265d1e90bd98c4c8e1acf8?s=96&d=mm&r=g","contentUrl":"https:\/\/secure.gravatar.com\/avatar\/2efe197438265d1e90bd98c4c8e1acf8?s=96&d=mm&r=g","caption":"Assessoria de Imprensa da PMPB"},"url":"https:\/\/www.pm.pb.gov.br\/portal\/author\/assessoria\/"}]}},"_links":{"self":[{"href":"https:\/\/www.pm.pb.gov.br\/portal\/wp-json\/wp\/v2\/posts\/921940"}],"collection":[{"href":"https:\/\/www.pm.pb.gov.br\/portal\/wp-json\/wp\/v2\/posts"}],"about":[{"href":"https:\/\/www.pm.pb.gov.br\/portal\/wp-json\/wp\/v2\/types\/post"}],"author":[{"embeddable":true,"href":"https:\/\/www.pm.pb.gov.br\/portal\/wp-json\/wp\/v2\/users\/5"}],"replies":[{"embeddable":true,"href":"https:\/\/www.pm.pb.gov.br\/portal\/wp-json\/wp\/v2\/comments?post=921940"}],"version-history":[{"count":9,"href":"https:\/\/www.pm.pb.gov.br\/portal\/wp-json\/wp\/v2\/posts\/921940\/revisions"}],"predecessor-version":[{"id":921957,"href":"https:\/\/www.pm.pb.gov.br\/portal\/wp-json\/wp\/v2\/posts\/921940\/revisions\/921957"}],"wp:featuredmedia":[{"embeddable":true,"href":"https:\/\/www.pm.pb.gov.br\/portal\/wp-json\/wp\/v2\/media\/921941"}],"wp:attachment":[{"href":"https:\/\/www.pm.pb.gov.br\/portal\/wp-json\/wp\/v2\/media?parent=921940"}],"wp:term":[{"taxonomy":"category","embeddable":true,"href":"https:\/\/www.pm.pb.gov.br\/portal\/wp-json\/wp\/v2\/categories?post=921940"},{"taxonomy":"post_tag","embeddable":true,"href":"https:\/\/www.pm.pb.gov.br\/portal\/wp-json\/wp\/v2\/tags?post=921940"}],"curies":[{"name":"wp","href":"https:\/\/api.w.org\/{rel}","templated":true}]}}