{"id":921926,"date":"2024-05-02T13:30:35","date_gmt":"2024-05-02T16:30:35","guid":{"rendered":"https:\/\/www.pm.pb.gov.br\/portal\/?p=921926"},"modified":"2024-05-02T13:30:38","modified_gmt":"2024-05-02T16:30:38","slug":"policia-militar-fecha-mes-de-abril-com-214-armas-de-fogo-apreendidas-na-paraiba-e-194-foragidos-capturados","status":"publish","type":"post","link":"https:\/\/www.pm.pb.gov.br\/portal\/2024\/05\/02\/policia-militar-fecha-mes-de-abril-com-214-armas-de-fogo-apreendidas-na-paraiba-e-194-foragidos-capturados\/","title":{"rendered":"Pol\u00edcia Militar fecha m\u00eas de abril com 214 armas de fogo apreendidas na Para\u00edba e 194 foragidos capturados"},"content":{"rendered":"\n<p>As a\u00e7\u00f5es operacionais da Pol\u00edcia Militar fecharam o m\u00eas de abril com 214 armas de fogo apreendidas na Para\u00edba, uma m\u00e9dia de sete armas apreendidas por dia. No per\u00edodo, 194 foragidos da Justi\u00e7a com mandados de pris\u00e3o em aberto foram capturados. O dado faz parte de um relat\u00f3rio do Estado-Maior Estrat\u00e9gico que analisou os 30 dias de atua\u00e7\u00e3o da PM no quarto m\u00eas do ano.<\/p>\n<p>As ocorr\u00eancias atendidas resultaram em 81,73 quilos e mais de 18 mil por\u00e7\u00f5es de drogas apreendidas com acusados de tr\u00e1fico e em pontos de comercializa\u00e7\u00e3o ilegal de entorpecentes. J\u00e1 os adolescentes em conflito com a lei foram 46 apreendidos. Entre adultos, foragidos e menores, foram 5.471 pessoas conduzidas para as delegacias.<\/p>\n<figure id=\"attachment_921892\" aria-describedby=\"caption-attachment-921892\" style=\"width: 573px\" class=\"wp-caption aligncenter\"><img loading=\"lazy\" decoding=\"async\" class=\"wp-image-921892 size-medium\" src=\"http:\/\/www.pm.pb.gov.br\/portal\/wp-content\/uploads\/2024\/04\/confronto-573x445.jpeg\" alt=\"\" width=\"573\" height=\"445\" srcset=\"https:\/\/www.pm.pb.gov.br\/portal\/wp-content\/uploads\/2024\/04\/confronto-573x445.jpeg 573w, https:\/\/www.pm.pb.gov.br\/portal\/wp-content\/uploads\/2024\/04\/confronto-734x570.jpeg 734w, https:\/\/www.pm.pb.gov.br\/portal\/wp-content\/uploads\/2024\/04\/confronto-768x596.jpeg 768w, https:\/\/www.pm.pb.gov.br\/portal\/wp-content\/uploads\/2024\/04\/confronto.jpeg 1200w\" sizes=\"(max-width: 573px) 100vw, 573px\" \/><figcaption id=\"caption-attachment-921892\" class=\"wp-caption-text\">Armas apreendidas com grupo criminosa que atuava na grande Jo\u00e3o Pessoa<\/figcaption><\/figure>\n<figure id=\"attachment_921772\" aria-describedby=\"caption-attachment-921772\" style=\"width: 563px\" class=\"wp-caption aligncenter\"><img loading=\"lazy\" decoding=\"async\" class=\"wp-image-921772\" src=\"http:\/\/www.pm.pb.gov.br\/portal\/wp-content\/uploads\/2024\/04\/WhatsApp-Image-2024-04-17-at-07.31.39-593x445.jpeg\" alt=\"\" width=\"563\" height=\"422\" srcset=\"https:\/\/www.pm.pb.gov.br\/portal\/wp-content\/uploads\/2024\/04\/WhatsApp-Image-2024-04-17-at-07.31.39-593x445.jpeg 593w, https:\/\/www.pm.pb.gov.br\/portal\/wp-content\/uploads\/2024\/04\/WhatsApp-Image-2024-04-17-at-07.31.39-760x570.jpeg 760w, https:\/\/www.pm.pb.gov.br\/portal\/wp-content\/uploads\/2024\/04\/WhatsApp-Image-2024-04-17-at-07.31.39-768x576.jpeg 768w, https:\/\/www.pm.pb.gov.br\/portal\/wp-content\/uploads\/2024\/04\/WhatsApp-Image-2024-04-17-at-07.31.39-1536x1152.jpeg 1536w, https:\/\/www.pm.pb.gov.br\/portal\/wp-content\/uploads\/2024\/04\/WhatsApp-Image-2024-04-17-at-07.31.39.jpeg 1600w\" sizes=\"(max-width: 563px) 100vw, 563px\" \/><figcaption id=\"caption-attachment-921772\" class=\"wp-caption-text\">Mais armamentos apreendidos em abril<\/figcaption><\/figure>\n<p>O fim do m\u00eas de abriu e in\u00edcio de maio j\u00e1 contou com a Opera\u00e7\u00e3o Trabalhador, que resultou em sete armas de fogo apreendidas, 64 presos, e quase um quilo e 400 por\u00e7\u00f5es de drogas retirada das ruas pela PMPB. Novas a\u00e7\u00f5es devem acontecer nos pr\u00f3ximos dias.<\/p>\n<p><strong>Outros dados de abril:<\/strong><\/p>\n<p>9.099 chamados de ocorr\u00eancias atendidas atrav\u00e9s do 190;<\/p>\n<p>Abordagens preventivas em mais de 51 mil pessoas; 12.926 carros e 25.035 motocicletas.<\/p>\n<p>2.151 checkpoints realizados;<\/p>\n<p>629 ve\u00edculos removidos por irregularidades ao C\u00f3digo de Tr\u00e2nsito Brasileiro;<\/p>\n<p>186 ve\u00edculos recuperados.<\/p>\n","protected":false},"excerpt":{"rendered":"<p>As a\u00e7\u00f5es operacionais da Pol\u00edcia Militar fecharam o m\u00eas de abril com 214 armas de fogo apreendidas na Para\u00edba, uma<\/p>\n","protected":false},"author":12,"featured_media":921838,"comment_status":"closed","ping_status":"closed","sticky":false,"template":"","format":"standard","meta":{"_exactmetrics_skip_tracking":false,"_exactmetrics_sitenote_active":false,"_exactmetrics_sitenote_note":"","_exactmetrics_sitenote_category":0,"footnotes":""},"categories":[4],"tags":[],"yoast_head":"<!-- This site is optimized with the Yoast SEO plugin v22.0 - https:\/\/yoast.com\/wordpress\/plugins\/seo\/ -->\n<title>Pol\u00edcia Militar fecha m\u00eas de abril com 214 armas de fogo apreendidas na Para\u00edba e 194 foragidos capturados - Pol\u00edcia Militar da Para\u00edba<\/title>\n<meta name=\"description\" content=\"No per\u00edodo, 194 foragidos da Justi\u00e7a com mandados de pris\u00e3o em aberto foram capturados.\" \/>\n<meta name=\"robots\" content=\"index, follow, max-snippet:-1, max-image-preview:large, max-video-preview:-1\" \/>\n<link rel=\"canonical\" href=\"https:\/\/www.pm.pb.gov.br\/portal\/2024\/05\/02\/policia-militar-fecha-mes-de-abril-com-214-armas-de-fogo-apreendidas-na-paraiba-e-194-foragidos-capturados\/\" \/>\n<meta property=\"og:locale\" content=\"pt_BR\" \/>\n<meta property=\"og:type\" content=\"article\" \/>\n<meta property=\"og:title\" content=\"Pol\u00edcia Militar fecha m\u00eas de abril com 214 armas de fogo apreendidas na Para\u00edba e 194 foragidos capturados - Pol\u00edcia Militar da Para\u00edba\" \/>\n<meta property=\"og:description\" content=\"No per\u00edodo, 194 foragidos da Justi\u00e7a com mandados de pris\u00e3o em aberto foram capturados.\" \/>\n<meta property=\"og:url\" content=\"https:\/\/www.pm.pb.gov.br\/portal\/2024\/05\/02\/policia-militar-fecha-mes-de-abril-com-214-armas-de-fogo-apreendidas-na-paraiba-e-194-foragidos-capturados\/\" \/>\n<meta property=\"og:site_name\" content=\"Pol\u00edcia Militar da Para\u00edba\" \/>\n<meta property=\"article:published_time\" content=\"2024-05-02T16:30:35+00:00\" \/>\n<meta property=\"article:modified_time\" content=\"2024-05-02T16:30:38+00:00\" \/>\n<meta property=\"og:image\" content=\"http:\/\/www.pm.pb.gov.br\/portal\/wp-content\/uploads\/2024\/04\/ilustrativa2.jpeg\" \/>\n\t<meta property=\"og:image:width\" content=\"800\" \/>\n\t<meta property=\"og:image:height\" content=\"445\" \/>\n\t<meta property=\"og:image:type\" content=\"image\/jpeg\" \/>\n<meta name=\"author\" content=\"Tarcisio Oliveira\" \/>\n<meta name=\"twitter:card\" content=\"summary_large_image\" \/>\n<meta name=\"twitter:label1\" content=\"Escrito por\" \/>\n\t<meta name=\"twitter:data1\" content=\"Tarcisio Oliveira\" \/>\n\t<meta name=\"twitter:label2\" content=\"Est. tempo de leitura\" \/>\n\t<meta name=\"twitter:data2\" content=\"2 minutos\" \/>\n<script type=\"application\/ld+json\" class=\"yoast-schema-graph\">{\"@context\":\"https:\/\/schema.org\",\"@graph\":[{\"@type\":\"Article\",\"@id\":\"https:\/\/www.pm.pb.gov.br\/portal\/2024\/05\/02\/policia-militar-fecha-mes-de-abril-com-214-armas-de-fogo-apreendidas-na-paraiba-e-194-foragidos-capturados\/#article\",\"isPartOf\":{\"@id\":\"https:\/\/www.pm.pb.gov.br\/portal\/2024\/05\/02\/policia-militar-fecha-mes-de-abril-com-214-armas-de-fogo-apreendidas-na-paraiba-e-194-foragidos-capturados\/\"},\"author\":{\"name\":\"Tarcisio Oliveira\",\"@id\":\"https:\/\/www.pm.pb.gov.br\/portal\/#\/schema\/person\/f84f56dcc78ce4357054da888b8247fd\"},\"headline\":\"Pol\u00edcia Militar fecha m\u00eas de abril com 214 armas de fogo apreendidas na Para\u00edba e 194 foragidos capturados\",\"datePublished\":\"2024-05-02T16:30:35+00:00\",\"dateModified\":\"2024-05-02T16:30:38+00:00\",\"mainEntityOfPage\":{\"@id\":\"https:\/\/www.pm.pb.gov.br\/portal\/2024\/05\/02\/policia-militar-fecha-mes-de-abril-com-214-armas-de-fogo-apreendidas-na-paraiba-e-194-foragidos-capturados\/\"},\"wordCount\":265,\"publisher\":{\"@id\":\"https:\/\/www.pm.pb.gov.br\/portal\/#organization\"},\"articleSection\":[\"A\u00e7\u00f5es Policiais\"],\"inLanguage\":\"pt-BR\"},{\"@type\":\"WebPage\",\"@id\":\"https:\/\/www.pm.pb.gov.br\/portal\/2024\/05\/02\/policia-militar-fecha-mes-de-abril-com-214-armas-de-fogo-apreendidas-na-paraiba-e-194-foragidos-capturados\/\",\"url\":\"https:\/\/www.pm.pb.gov.br\/portal\/2024\/05\/02\/policia-militar-fecha-mes-de-abril-com-214-armas-de-fogo-apreendidas-na-paraiba-e-194-foragidos-capturados\/\",\"name\":\"Pol\u00edcia Militar fecha m\u00eas de abril com 214 armas de fogo apreendidas na Para\u00edba e 194 foragidos capturados - Pol\u00edcia Militar da Para\u00edba\",\"isPartOf\":{\"@id\":\"https:\/\/www.pm.pb.gov.br\/portal\/#website\"},\"datePublished\":\"2024-05-02T16:30:35+00:00\",\"dateModified\":\"2024-05-02T16:30:38+00:00\",\"description\":\"No per\u00edodo, 194 foragidos da Justi\u00e7a com mandados de pris\u00e3o em aberto foram capturados.\",\"breadcrumb\":{\"@id\":\"https:\/\/www.pm.pb.gov.br\/portal\/2024\/05\/02\/policia-militar-fecha-mes-de-abril-com-214-armas-de-fogo-apreendidas-na-paraiba-e-194-foragidos-capturados\/#breadcrumb\"},\"inLanguage\":\"pt-BR\",\"potentialAction\":[{\"@type\":\"ReadAction\",\"target\":[\"https:\/\/www.pm.pb.gov.br\/portal\/2024\/05\/02\/policia-militar-fecha-mes-de-abril-com-214-armas-de-fogo-apreendidas-na-paraiba-e-194-foragidos-capturados\/\"]}]},{\"@type\":\"BreadcrumbList\",\"@id\":\"https:\/\/www.pm.pb.gov.br\/portal\/2024\/05\/02\/policia-militar-fecha-mes-de-abril-com-214-armas-de-fogo-apreendidas-na-paraiba-e-194-foragidos-capturados\/#breadcrumb\",\"itemListElement\":[{\"@type\":\"ListItem\",\"position\":1,\"name\":\"In\u00edcio\",\"item\":\"https:\/\/www.pm.pb.gov.br\/portal\/\"},{\"@type\":\"ListItem\",\"position\":2,\"name\":\"Pol\u00edcia Militar fecha m\u00eas de abril com 214 armas de fogo apreendidas na Para\u00edba e 194 foragidos capturados\"}]},{\"@type\":\"WebSite\",\"@id\":\"https:\/\/www.pm.pb.gov.br\/portal\/#website\",\"url\":\"https:\/\/www.pm.pb.gov.br\/portal\/\",\"name\":\"Pol\u00edcia Militar da Para\u00edba\",\"description\":\"\",\"publisher\":{\"@id\":\"https:\/\/www.pm.pb.gov.br\/portal\/#organization\"},\"potentialAction\":[{\"@type\":\"SearchAction\",\"target\":{\"@type\":\"EntryPoint\",\"urlTemplate\":\"https:\/\/www.pm.pb.gov.br\/portal\/?s={search_term_string}\"},\"query-input\":\"required name=search_term_string\"}],\"inLanguage\":\"pt-BR\"},{\"@type\":\"Organization\",\"@id\":\"https:\/\/www.pm.pb.gov.br\/portal\/#organization\",\"name\":\"Pol\u00edcia Militar da Para\u00edba\",\"url\":\"https:\/\/www.pm.pb.gov.br\/portal\/\",\"logo\":{\"@type\":\"ImageObject\",\"inLanguage\":\"pt-BR\",\"@id\":\"https:\/\/www.pm.pb.gov.br\/portal\/#\/schema\/logo\/image\/\",\"url\":\"https:\/\/www.pm.pb.gov.br\/portal\/wp-content\/uploads\/2025\/03\/cropped-logo-site-mag2-1.png\",\"contentUrl\":\"https:\/\/www.pm.pb.gov.br\/portal\/wp-content\/uploads\/2025\/03\/cropped-logo-site-mag2-1.png\",\"width\":320,\"height\":90,\"caption\":\"Pol\u00edcia Militar da Para\u00edba\"},\"image\":{\"@id\":\"https:\/\/www.pm.pb.gov.br\/portal\/#\/schema\/logo\/image\/\"}},{\"@type\":\"Person\",\"@id\":\"https:\/\/www.pm.pb.gov.br\/portal\/#\/schema\/person\/f84f56dcc78ce4357054da888b8247fd\",\"name\":\"Tarcisio Oliveira\",\"image\":{\"@type\":\"ImageObject\",\"inLanguage\":\"pt-BR\",\"@id\":\"https:\/\/www.pm.pb.gov.br\/portal\/#\/schema\/person\/image\/\",\"url\":\"https:\/\/secure.gravatar.com\/avatar\/72917b630b69d31cd0297507f34bac97?s=96&d=mm&r=g\",\"contentUrl\":\"https:\/\/secure.gravatar.com\/avatar\/72917b630b69d31cd0297507f34bac97?s=96&d=mm&r=g\",\"caption\":\"Tarcisio Oliveira\"},\"url\":\"https:\/\/www.pm.pb.gov.br\/portal\/author\/tarcisio\/\"}]}<\/script>\n<!-- \/ Yoast SEO plugin. -->","yoast_head_json":{"title":"Pol\u00edcia Militar fecha m\u00eas de abril com 214 armas de fogo apreendidas na Para\u00edba e 194 foragidos capturados - Pol\u00edcia Militar da Para\u00edba","description":"No per\u00edodo, 194 foragidos da Justi\u00e7a com mandados de pris\u00e3o em aberto foram capturados.","robots":{"index":"index","follow":"follow","max-snippet":"max-snippet:-1","max-image-preview":"max-image-preview:large","max-video-preview":"max-video-preview:-1"},"canonical":"https:\/\/www.pm.pb.gov.br\/portal\/2024\/05\/02\/policia-militar-fecha-mes-de-abril-com-214-armas-de-fogo-apreendidas-na-paraiba-e-194-foragidos-capturados\/","og_locale":"pt_BR","og_type":"article","og_title":"Pol\u00edcia Militar fecha m\u00eas de abril com 214 armas de fogo apreendidas na Para\u00edba e 194 foragidos capturados - Pol\u00edcia Militar da Para\u00edba","og_description":"No per\u00edodo, 194 foragidos da Justi\u00e7a com mandados de pris\u00e3o em aberto foram capturados.","og_url":"https:\/\/www.pm.pb.gov.br\/portal\/2024\/05\/02\/policia-militar-fecha-mes-de-abril-com-214-armas-de-fogo-apreendidas-na-paraiba-e-194-foragidos-capturados\/","og_site_name":"Pol\u00edcia Militar da Para\u00edba","article_published_time":"2024-05-02T16:30:35+00:00","article_modified_time":"2024-05-02T16:30:38+00:00","og_image":[{"width":800,"height":445,"url":"http:\/\/www.pm.pb.gov.br\/portal\/wp-content\/uploads\/2024\/04\/ilustrativa2.jpeg","type":"image\/jpeg"}],"author":"Tarcisio Oliveira","twitter_card":"summary_large_image","twitter_misc":{"Escrito por":"Tarcisio Oliveira","Est. tempo de leitura":"2 minutos"},"schema":{"@context":"https:\/\/schema.org","@graph":[{"@type":"Article","@id":"https:\/\/www.pm.pb.gov.br\/portal\/2024\/05\/02\/policia-militar-fecha-mes-de-abril-com-214-armas-de-fogo-apreendidas-na-paraiba-e-194-foragidos-capturados\/#article","isPartOf":{"@id":"https:\/\/www.pm.pb.gov.br\/portal\/2024\/05\/02\/policia-militar-fecha-mes-de-abril-com-214-armas-de-fogo-apreendidas-na-paraiba-e-194-foragidos-capturados\/"},"author":{"name":"Tarcisio Oliveira","@id":"https:\/\/www.pm.pb.gov.br\/portal\/#\/schema\/person\/f84f56dcc78ce4357054da888b8247fd"},"headline":"Pol\u00edcia Militar fecha m\u00eas de abril com 214 armas de fogo apreendidas na Para\u00edba e 194 foragidos capturados","datePublished":"2024-05-02T16:30:35+00:00","dateModified":"2024-05-02T16:30:38+00:00","mainEntityOfPage":{"@id":"https:\/\/www.pm.pb.gov.br\/portal\/2024\/05\/02\/policia-militar-fecha-mes-de-abril-com-214-armas-de-fogo-apreendidas-na-paraiba-e-194-foragidos-capturados\/"},"wordCount":265,"publisher":{"@id":"https:\/\/www.pm.pb.gov.br\/portal\/#organization"},"articleSection":["A\u00e7\u00f5es Policiais"],"inLanguage":"pt-BR"},{"@type":"WebPage","@id":"https:\/\/www.pm.pb.gov.br\/portal\/2024\/05\/02\/policia-militar-fecha-mes-de-abril-com-214-armas-de-fogo-apreendidas-na-paraiba-e-194-foragidos-capturados\/","url":"https:\/\/www.pm.pb.gov.br\/portal\/2024\/05\/02\/policia-militar-fecha-mes-de-abril-com-214-armas-de-fogo-apreendidas-na-paraiba-e-194-foragidos-capturados\/","name":"Pol\u00edcia Militar fecha m\u00eas de abril com 214 armas de fogo apreendidas na Para\u00edba e 194 foragidos capturados - Pol\u00edcia Militar da Para\u00edba","isPartOf":{"@id":"https:\/\/www.pm.pb.gov.br\/portal\/#website"},"datePublished":"2024-05-02T16:30:35+00:00","dateModified":"2024-05-02T16:30:38+00:00","description":"No per\u00edodo, 194 foragidos da Justi\u00e7a com mandados de pris\u00e3o em aberto foram capturados.","breadcrumb":{"@id":"https:\/\/www.pm.pb.gov.br\/portal\/2024\/05\/02\/policia-militar-fecha-mes-de-abril-com-214-armas-de-fogo-apreendidas-na-paraiba-e-194-foragidos-capturados\/#breadcrumb"},"inLanguage":"pt-BR","potentialAction":[{"@type":"ReadAction","target":["https:\/\/www.pm.pb.gov.br\/portal\/2024\/05\/02\/policia-militar-fecha-mes-de-abril-com-214-armas-de-fogo-apreendidas-na-paraiba-e-194-foragidos-capturados\/"]}]},{"@type":"BreadcrumbList","@id":"https:\/\/www.pm.pb.gov.br\/portal\/2024\/05\/02\/policia-militar-fecha-mes-de-abril-com-214-armas-de-fogo-apreendidas-na-paraiba-e-194-foragidos-capturados\/#breadcrumb","itemListElement":[{"@type":"ListItem","position":1,"name":"In\u00edcio","item":"https:\/\/www.pm.pb.gov.br\/portal\/"},{"@type":"ListItem","position":2,"name":"Pol\u00edcia Militar fecha m\u00eas de abril com 214 armas de fogo apreendidas na Para\u00edba e 194 foragidos capturados"}]},{"@type":"WebSite","@id":"https:\/\/www.pm.pb.gov.br\/portal\/#website","url":"https:\/\/www.pm.pb.gov.br\/portal\/","name":"Pol\u00edcia Militar da Para\u00edba","description":"","publisher":{"@id":"https:\/\/www.pm.pb.gov.br\/portal\/#organization"},"potentialAction":[{"@type":"SearchAction","target":{"@type":"EntryPoint","urlTemplate":"https:\/\/www.pm.pb.gov.br\/portal\/?s={search_term_string}"},"query-input":"required name=search_term_string"}],"inLanguage":"pt-BR"},{"@type":"Organization","@id":"https:\/\/www.pm.pb.gov.br\/portal\/#organization","name":"Pol\u00edcia Militar da Para\u00edba","url":"https:\/\/www.pm.pb.gov.br\/portal\/","logo":{"@type":"ImageObject","inLanguage":"pt-BR","@id":"https:\/\/www.pm.pb.gov.br\/portal\/#\/schema\/logo\/image\/","url":"https:\/\/www.pm.pb.gov.br\/portal\/wp-content\/uploads\/2025\/03\/cropped-logo-site-mag2-1.png","contentUrl":"https:\/\/www.pm.pb.gov.br\/portal\/wp-content\/uploads\/2025\/03\/cropped-logo-site-mag2-1.png","width":320,"height":90,"caption":"Pol\u00edcia Militar da Para\u00edba"},"image":{"@id":"https:\/\/www.pm.pb.gov.br\/portal\/#\/schema\/logo\/image\/"}},{"@type":"Person","@id":"https:\/\/www.pm.pb.gov.br\/portal\/#\/schema\/person\/f84f56dcc78ce4357054da888b8247fd","name":"Tarcisio Oliveira","image":{"@type":"ImageObject","inLanguage":"pt-BR","@id":"https:\/\/www.pm.pb.gov.br\/portal\/#\/schema\/person\/image\/","url":"https:\/\/secure.gravatar.com\/avatar\/72917b630b69d31cd0297507f34bac97?s=96&d=mm&r=g","contentUrl":"https:\/\/secure.gravatar.com\/avatar\/72917b630b69d31cd0297507f34bac97?s=96&d=mm&r=g","caption":"Tarcisio Oliveira"},"url":"https:\/\/www.pm.pb.gov.br\/portal\/author\/tarcisio\/"}]}},"_links":{"self":[{"href":"https:\/\/www.pm.pb.gov.br\/portal\/wp-json\/wp\/v2\/posts\/921926"}],"collection":[{"href":"https:\/\/www.pm.pb.gov.br\/portal\/wp-json\/wp\/v2\/posts"}],"about":[{"href":"https:\/\/www.pm.pb.gov.br\/portal\/wp-json\/wp\/v2\/types\/post"}],"author":[{"embeddable":true,"href":"https:\/\/www.pm.pb.gov.br\/portal\/wp-json\/wp\/v2\/users\/12"}],"replies":[{"embeddable":true,"href":"https:\/\/www.pm.pb.gov.br\/portal\/wp-json\/wp\/v2\/comments?post=921926"}],"version-history":[{"count":1,"href":"https:\/\/www.pm.pb.gov.br\/portal\/wp-json\/wp\/v2\/posts\/921926\/revisions"}],"predecessor-version":[{"id":921927,"href":"https:\/\/www.pm.pb.gov.br\/portal\/wp-json\/wp\/v2\/posts\/921926\/revisions\/921927"}],"wp:featuredmedia":[{"embeddable":true,"href":"https:\/\/www.pm.pb.gov.br\/portal\/wp-json\/wp\/v2\/media\/921838"}],"wp:attachment":[{"href":"https:\/\/www.pm.pb.gov.br\/portal\/wp-json\/wp\/v2\/media?parent=921926"}],"wp:term":[{"taxonomy":"category","embeddable":true,"href":"https:\/\/www.pm.pb.gov.br\/portal\/wp-json\/wp\/v2\/categories?post=921926"},{"taxonomy":"post_tag","embeddable":true,"href":"https:\/\/www.pm.pb.gov.br\/portal\/wp-json\/wp\/v2\/tags?post=921926"}],"curies":[{"name":"wp","href":"https:\/\/api.w.org\/{rel}","templated":true}]}}