{"id":921910,"date":"2024-04-29T18:00:00","date_gmt":"2024-04-29T21:00:00","guid":{"rendered":"https:\/\/www.pm.pb.gov.br\/portal\/?p=921910"},"modified":"2024-04-30T09:13:24","modified_gmt":"2024-04-30T12:13:24","slug":"policia-militar-frustra-roubo-a-residencia-desarticula-trio-acusado-do-crime-e-apreende-arma-de-fogo-na-capital","status":"publish","type":"post","link":"https:\/\/www.pm.pb.gov.br\/portal\/2024\/04\/29\/policia-militar-frustra-roubo-a-residencia-desarticula-trio-acusado-do-crime-e-apreende-arma-de-fogo-na-capital\/","title":{"rendered":"Pol\u00edcia Militar frustra roubo \u00e0 resid\u00eancia, desarticula trio acusado do crime, e apreende arma de fogo na capital"},"content":{"rendered":"\n<p>Mais uma resposta de combate os crimes patrimoniais. A Pol\u00edcia Militar frustrou um roubo a uma resid\u00eancia na tarde desta segunda-feira (29) e prendeu tr\u00eas acusados. Um deles j\u00e1 tinha passagem pelo mesmo tipo de crime, tendo respondido na Justi\u00e7a por homic\u00eddio. Na a\u00e7\u00e3o, que ocorreu no bairro do Bessa em Jo\u00e3o Pessoa, uma arma de fogo foi apreendida e diversos objetos que seriam levados foram recuperados.<\/p>\n<p>De acordo com o comando do Batalh\u00e3o Especializado em Policiamento Tur\u00edstico (BEPTur), um dos criminosos teve acesso pr\u00e9vio a casa e teria tentado dopar o propriet\u00e1rio para facilitar o crime. \u201cFomos informados de uma movimenta\u00e7\u00e3o suspeita na casa e, rapidamente fizemos o cerco, frustrando o delito\u201d, disse o major Bruno, comandante do Batalh\u00e3o. \u201cUm dos acusados j\u00e1 responde por roubo, homic\u00eddio e \u00e9 natural do Rio de Janeiro. Ele j\u00e1 tem outras passagens pela pol\u00edcia pelo mesmo tipo de crime que fez hoje: adentrar resid\u00eancias, fazer amizade com os propriet\u00e1rios, e fazer roubos no local\u201d, explicou o comandante.<\/p>\n<p>Na a\u00e7\u00e3o a PM apreendeu um rev\u00f3lver, recuperou dinheiro, celulares, perfumes, notebooks, entre outros objetos. Toda a ocorr\u00eancia foi apresentada na Central de Flagrantes para os procedimentos cab\u00edveis. \u00a0<\/p>\n","protected":false},"excerpt":{"rendered":"<p>Mais uma resposta de combate os crimes patrimoniais. A Pol\u00edcia Militar frustrou um roubo a uma resid\u00eancia na tarde desta<\/p>\n","protected":false},"author":12,"featured_media":921911,"comment_status":"closed","ping_status":"closed","sticky":false,"template":"","format":"standard","meta":{"_exactmetrics_skip_tracking":false,"_exactmetrics_sitenote_active":false,"_exactmetrics_sitenote_note":"","_exactmetrics_sitenote_category":0,"footnotes":""},"categories":[4],"tags":[],"yoast_head":"<!-- This site is optimized with the Yoast SEO plugin v22.0 - https:\/\/yoast.com\/wordpress\/plugins\/seo\/ -->\n<title>Pol\u00edcia Militar frustra roubo \u00e0 resid\u00eancia, desarticula trio acusado do crime, e apreende arma de fogo na capital - Pol\u00edcia Militar da Para\u00edba<\/title>\n<meta name=\"description\" content=\"Um dos acusados j\u00e1 responde por roubo, homic\u00eddio e \u00e9 natural do Rio de Janeiro, tendo outras passagens pelo mesmo tipo de crime que fez hoje\" \/>\n<meta name=\"robots\" content=\"index, follow, max-snippet:-1, max-image-preview:large, max-video-preview:-1\" \/>\n<link rel=\"canonical\" href=\"https:\/\/www.pm.pb.gov.br\/portal\/2024\/04\/29\/policia-militar-frustra-roubo-a-residencia-desarticula-trio-acusado-do-crime-e-apreende-arma-de-fogo-na-capital\/\" \/>\n<meta property=\"og:locale\" content=\"pt_BR\" \/>\n<meta property=\"og:type\" content=\"article\" \/>\n<meta property=\"og:title\" content=\"Pol\u00edcia Militar frustra roubo \u00e0 resid\u00eancia, desarticula trio acusado do crime, e apreende arma de fogo na capital - Pol\u00edcia Militar da Para\u00edba\" \/>\n<meta property=\"og:description\" content=\"Um dos acusados j\u00e1 responde por roubo, homic\u00eddio e \u00e9 natural do Rio de Janeiro, tendo outras passagens pelo mesmo tipo de crime que fez hoje\" \/>\n<meta property=\"og:url\" content=\"https:\/\/www.pm.pb.gov.br\/portal\/2024\/04\/29\/policia-militar-frustra-roubo-a-residencia-desarticula-trio-acusado-do-crime-e-apreende-arma-de-fogo-na-capital\/\" \/>\n<meta property=\"og:site_name\" content=\"Pol\u00edcia Militar da Para\u00edba\" \/>\n<meta property=\"article:published_time\" content=\"2024-04-29T21:00:00+00:00\" \/>\n<meta property=\"article:modified_time\" content=\"2024-04-30T12:13:24+00:00\" \/>\n<meta property=\"og:image\" content=\"http:\/\/www.pm.pb.gov.br\/portal\/wp-content\/uploads\/2024\/04\/WhatsApp-Image-2024-04-29-at-16.38.48.jpeg\" \/>\n\t<meta property=\"og:image:width\" content=\"800\" \/>\n\t<meta property=\"og:image:height\" content=\"445\" \/>\n\t<meta property=\"og:image:type\" content=\"image\/jpeg\" \/>\n<meta name=\"author\" content=\"Tarcisio Oliveira\" \/>\n<meta name=\"twitter:card\" content=\"summary_large_image\" \/>\n<meta name=\"twitter:label1\" content=\"Escrito por\" \/>\n\t<meta name=\"twitter:data1\" content=\"Tarcisio Oliveira\" \/>\n\t<meta name=\"twitter:label2\" content=\"Est. tempo de leitura\" \/>\n\t<meta name=\"twitter:data2\" content=\"2 minutos\" \/>\n<script type=\"application\/ld+json\" class=\"yoast-schema-graph\">{\"@context\":\"https:\/\/schema.org\",\"@graph\":[{\"@type\":\"Article\",\"@id\":\"https:\/\/www.pm.pb.gov.br\/portal\/2024\/04\/29\/policia-militar-frustra-roubo-a-residencia-desarticula-trio-acusado-do-crime-e-apreende-arma-de-fogo-na-capital\/#article\",\"isPartOf\":{\"@id\":\"https:\/\/www.pm.pb.gov.br\/portal\/2024\/04\/29\/policia-militar-frustra-roubo-a-residencia-desarticula-trio-acusado-do-crime-e-apreende-arma-de-fogo-na-capital\/\"},\"author\":{\"name\":\"Tarcisio Oliveira\",\"@id\":\"https:\/\/www.pm.pb.gov.br\/portal\/#\/schema\/person\/f84f56dcc78ce4357054da888b8247fd\"},\"headline\":\"Pol\u00edcia Militar frustra roubo \u00e0 resid\u00eancia, desarticula trio acusado do crime, e apreende arma de fogo na capital\",\"datePublished\":\"2024-04-29T21:00:00+00:00\",\"dateModified\":\"2024-04-30T12:13:24+00:00\",\"mainEntityOfPage\":{\"@id\":\"https:\/\/www.pm.pb.gov.br\/portal\/2024\/04\/29\/policia-militar-frustra-roubo-a-residencia-desarticula-trio-acusado-do-crime-e-apreende-arma-de-fogo-na-capital\/\"},\"wordCount\":231,\"publisher\":{\"@id\":\"https:\/\/www.pm.pb.gov.br\/portal\/#organization\"},\"articleSection\":[\"A\u00e7\u00f5es Policiais\"],\"inLanguage\":\"pt-BR\"},{\"@type\":\"WebPage\",\"@id\":\"https:\/\/www.pm.pb.gov.br\/portal\/2024\/04\/29\/policia-militar-frustra-roubo-a-residencia-desarticula-trio-acusado-do-crime-e-apreende-arma-de-fogo-na-capital\/\",\"url\":\"https:\/\/www.pm.pb.gov.br\/portal\/2024\/04\/29\/policia-militar-frustra-roubo-a-residencia-desarticula-trio-acusado-do-crime-e-apreende-arma-de-fogo-na-capital\/\",\"name\":\"Pol\u00edcia Militar frustra roubo \u00e0 resid\u00eancia, desarticula trio acusado do crime, e apreende arma de fogo na capital - Pol\u00edcia Militar da Para\u00edba\",\"isPartOf\":{\"@id\":\"https:\/\/www.pm.pb.gov.br\/portal\/#website\"},\"datePublished\":\"2024-04-29T21:00:00+00:00\",\"dateModified\":\"2024-04-30T12:13:24+00:00\",\"description\":\"Um dos acusados j\u00e1 responde por roubo, homic\u00eddio e \u00e9 natural do Rio de Janeiro, tendo outras passagens pelo mesmo tipo de crime que fez hoje\",\"breadcrumb\":{\"@id\":\"https:\/\/www.pm.pb.gov.br\/portal\/2024\/04\/29\/policia-militar-frustra-roubo-a-residencia-desarticula-trio-acusado-do-crime-e-apreende-arma-de-fogo-na-capital\/#breadcrumb\"},\"inLanguage\":\"pt-BR\",\"potentialAction\":[{\"@type\":\"ReadAction\",\"target\":[\"https:\/\/www.pm.pb.gov.br\/portal\/2024\/04\/29\/policia-militar-frustra-roubo-a-residencia-desarticula-trio-acusado-do-crime-e-apreende-arma-de-fogo-na-capital\/\"]}]},{\"@type\":\"BreadcrumbList\",\"@id\":\"https:\/\/www.pm.pb.gov.br\/portal\/2024\/04\/29\/policia-militar-frustra-roubo-a-residencia-desarticula-trio-acusado-do-crime-e-apreende-arma-de-fogo-na-capital\/#breadcrumb\",\"itemListElement\":[{\"@type\":\"ListItem\",\"position\":1,\"name\":\"In\u00edcio\",\"item\":\"https:\/\/www.pm.pb.gov.br\/portal\/\"},{\"@type\":\"ListItem\",\"position\":2,\"name\":\"Pol\u00edcia Militar frustra roubo \u00e0 resid\u00eancia, desarticula trio acusado do crime, e apreende arma de fogo na capital\"}]},{\"@type\":\"WebSite\",\"@id\":\"https:\/\/www.pm.pb.gov.br\/portal\/#website\",\"url\":\"https:\/\/www.pm.pb.gov.br\/portal\/\",\"name\":\"Pol\u00edcia Militar da Para\u00edba\",\"description\":\"\",\"publisher\":{\"@id\":\"https:\/\/www.pm.pb.gov.br\/portal\/#organization\"},\"potentialAction\":[{\"@type\":\"SearchAction\",\"target\":{\"@type\":\"EntryPoint\",\"urlTemplate\":\"https:\/\/www.pm.pb.gov.br\/portal\/?s={search_term_string}\"},\"query-input\":\"required name=search_term_string\"}],\"inLanguage\":\"pt-BR\"},{\"@type\":\"Organization\",\"@id\":\"https:\/\/www.pm.pb.gov.br\/portal\/#organization\",\"name\":\"Pol\u00edcia Militar da Para\u00edba\",\"url\":\"https:\/\/www.pm.pb.gov.br\/portal\/\",\"logo\":{\"@type\":\"ImageObject\",\"inLanguage\":\"pt-BR\",\"@id\":\"https:\/\/www.pm.pb.gov.br\/portal\/#\/schema\/logo\/image\/\",\"url\":\"https:\/\/www.pm.pb.gov.br\/portal\/wp-content\/uploads\/2025\/03\/cropped-logo-site-mag2-1.png\",\"contentUrl\":\"https:\/\/www.pm.pb.gov.br\/portal\/wp-content\/uploads\/2025\/03\/cropped-logo-site-mag2-1.png\",\"width\":320,\"height\":90,\"caption\":\"Pol\u00edcia Militar da Para\u00edba\"},\"image\":{\"@id\":\"https:\/\/www.pm.pb.gov.br\/portal\/#\/schema\/logo\/image\/\"}},{\"@type\":\"Person\",\"@id\":\"https:\/\/www.pm.pb.gov.br\/portal\/#\/schema\/person\/f84f56dcc78ce4357054da888b8247fd\",\"name\":\"Tarcisio Oliveira\",\"image\":{\"@type\":\"ImageObject\",\"inLanguage\":\"pt-BR\",\"@id\":\"https:\/\/www.pm.pb.gov.br\/portal\/#\/schema\/person\/image\/\",\"url\":\"https:\/\/secure.gravatar.com\/avatar\/72917b630b69d31cd0297507f34bac97?s=96&d=mm&r=g\",\"contentUrl\":\"https:\/\/secure.gravatar.com\/avatar\/72917b630b69d31cd0297507f34bac97?s=96&d=mm&r=g\",\"caption\":\"Tarcisio Oliveira\"},\"url\":\"https:\/\/www.pm.pb.gov.br\/portal\/author\/tarcisio\/\"}]}<\/script>\n<!-- \/ Yoast SEO plugin. -->","yoast_head_json":{"title":"Pol\u00edcia Militar frustra roubo \u00e0 resid\u00eancia, desarticula trio acusado do crime, e apreende arma de fogo na capital - Pol\u00edcia Militar da Para\u00edba","description":"Um dos acusados j\u00e1 responde por roubo, homic\u00eddio e \u00e9 natural do Rio de Janeiro, tendo outras passagens pelo mesmo tipo de crime que fez hoje","robots":{"index":"index","follow":"follow","max-snippet":"max-snippet:-1","max-image-preview":"max-image-preview:large","max-video-preview":"max-video-preview:-1"},"canonical":"https:\/\/www.pm.pb.gov.br\/portal\/2024\/04\/29\/policia-militar-frustra-roubo-a-residencia-desarticula-trio-acusado-do-crime-e-apreende-arma-de-fogo-na-capital\/","og_locale":"pt_BR","og_type":"article","og_title":"Pol\u00edcia Militar frustra roubo \u00e0 resid\u00eancia, desarticula trio acusado do crime, e apreende arma de fogo na capital - Pol\u00edcia Militar da Para\u00edba","og_description":"Um dos acusados j\u00e1 responde por roubo, homic\u00eddio e \u00e9 natural do Rio de Janeiro, tendo outras passagens pelo mesmo tipo de crime que fez hoje","og_url":"https:\/\/www.pm.pb.gov.br\/portal\/2024\/04\/29\/policia-militar-frustra-roubo-a-residencia-desarticula-trio-acusado-do-crime-e-apreende-arma-de-fogo-na-capital\/","og_site_name":"Pol\u00edcia Militar da Para\u00edba","article_published_time":"2024-04-29T21:00:00+00:00","article_modified_time":"2024-04-30T12:13:24+00:00","og_image":[{"width":800,"height":445,"url":"http:\/\/www.pm.pb.gov.br\/portal\/wp-content\/uploads\/2024\/04\/WhatsApp-Image-2024-04-29-at-16.38.48.jpeg","type":"image\/jpeg"}],"author":"Tarcisio Oliveira","twitter_card":"summary_large_image","twitter_misc":{"Escrito por":"Tarcisio Oliveira","Est. tempo de leitura":"2 minutos"},"schema":{"@context":"https:\/\/schema.org","@graph":[{"@type":"Article","@id":"https:\/\/www.pm.pb.gov.br\/portal\/2024\/04\/29\/policia-militar-frustra-roubo-a-residencia-desarticula-trio-acusado-do-crime-e-apreende-arma-de-fogo-na-capital\/#article","isPartOf":{"@id":"https:\/\/www.pm.pb.gov.br\/portal\/2024\/04\/29\/policia-militar-frustra-roubo-a-residencia-desarticula-trio-acusado-do-crime-e-apreende-arma-de-fogo-na-capital\/"},"author":{"name":"Tarcisio Oliveira","@id":"https:\/\/www.pm.pb.gov.br\/portal\/#\/schema\/person\/f84f56dcc78ce4357054da888b8247fd"},"headline":"Pol\u00edcia Militar frustra roubo \u00e0 resid\u00eancia, desarticula trio acusado do crime, e apreende arma de fogo na capital","datePublished":"2024-04-29T21:00:00+00:00","dateModified":"2024-04-30T12:13:24+00:00","mainEntityOfPage":{"@id":"https:\/\/www.pm.pb.gov.br\/portal\/2024\/04\/29\/policia-militar-frustra-roubo-a-residencia-desarticula-trio-acusado-do-crime-e-apreende-arma-de-fogo-na-capital\/"},"wordCount":231,"publisher":{"@id":"https:\/\/www.pm.pb.gov.br\/portal\/#organization"},"articleSection":["A\u00e7\u00f5es Policiais"],"inLanguage":"pt-BR"},{"@type":"WebPage","@id":"https:\/\/www.pm.pb.gov.br\/portal\/2024\/04\/29\/policia-militar-frustra-roubo-a-residencia-desarticula-trio-acusado-do-crime-e-apreende-arma-de-fogo-na-capital\/","url":"https:\/\/www.pm.pb.gov.br\/portal\/2024\/04\/29\/policia-militar-frustra-roubo-a-residencia-desarticula-trio-acusado-do-crime-e-apreende-arma-de-fogo-na-capital\/","name":"Pol\u00edcia Militar frustra roubo \u00e0 resid\u00eancia, desarticula trio acusado do crime, e apreende arma de fogo na capital - Pol\u00edcia Militar da Para\u00edba","isPartOf":{"@id":"https:\/\/www.pm.pb.gov.br\/portal\/#website"},"datePublished":"2024-04-29T21:00:00+00:00","dateModified":"2024-04-30T12:13:24+00:00","description":"Um dos acusados j\u00e1 responde por roubo, homic\u00eddio e \u00e9 natural do Rio de Janeiro, tendo outras passagens pelo mesmo tipo de crime que fez hoje","breadcrumb":{"@id":"https:\/\/www.pm.pb.gov.br\/portal\/2024\/04\/29\/policia-militar-frustra-roubo-a-residencia-desarticula-trio-acusado-do-crime-e-apreende-arma-de-fogo-na-capital\/#breadcrumb"},"inLanguage":"pt-BR","potentialAction":[{"@type":"ReadAction","target":["https:\/\/www.pm.pb.gov.br\/portal\/2024\/04\/29\/policia-militar-frustra-roubo-a-residencia-desarticula-trio-acusado-do-crime-e-apreende-arma-de-fogo-na-capital\/"]}]},{"@type":"BreadcrumbList","@id":"https:\/\/www.pm.pb.gov.br\/portal\/2024\/04\/29\/policia-militar-frustra-roubo-a-residencia-desarticula-trio-acusado-do-crime-e-apreende-arma-de-fogo-na-capital\/#breadcrumb","itemListElement":[{"@type":"ListItem","position":1,"name":"In\u00edcio","item":"https:\/\/www.pm.pb.gov.br\/portal\/"},{"@type":"ListItem","position":2,"name":"Pol\u00edcia Militar frustra roubo \u00e0 resid\u00eancia, desarticula trio acusado do crime, e apreende arma de fogo na capital"}]},{"@type":"WebSite","@id":"https:\/\/www.pm.pb.gov.br\/portal\/#website","url":"https:\/\/www.pm.pb.gov.br\/portal\/","name":"Pol\u00edcia Militar da Para\u00edba","description":"","publisher":{"@id":"https:\/\/www.pm.pb.gov.br\/portal\/#organization"},"potentialAction":[{"@type":"SearchAction","target":{"@type":"EntryPoint","urlTemplate":"https:\/\/www.pm.pb.gov.br\/portal\/?s={search_term_string}"},"query-input":"required name=search_term_string"}],"inLanguage":"pt-BR"},{"@type":"Organization","@id":"https:\/\/www.pm.pb.gov.br\/portal\/#organization","name":"Pol\u00edcia Militar da Para\u00edba","url":"https:\/\/www.pm.pb.gov.br\/portal\/","logo":{"@type":"ImageObject","inLanguage":"pt-BR","@id":"https:\/\/www.pm.pb.gov.br\/portal\/#\/schema\/logo\/image\/","url":"https:\/\/www.pm.pb.gov.br\/portal\/wp-content\/uploads\/2025\/03\/cropped-logo-site-mag2-1.png","contentUrl":"https:\/\/www.pm.pb.gov.br\/portal\/wp-content\/uploads\/2025\/03\/cropped-logo-site-mag2-1.png","width":320,"height":90,"caption":"Pol\u00edcia Militar da Para\u00edba"},"image":{"@id":"https:\/\/www.pm.pb.gov.br\/portal\/#\/schema\/logo\/image\/"}},{"@type":"Person","@id":"https:\/\/www.pm.pb.gov.br\/portal\/#\/schema\/person\/f84f56dcc78ce4357054da888b8247fd","name":"Tarcisio Oliveira","image":{"@type":"ImageObject","inLanguage":"pt-BR","@id":"https:\/\/www.pm.pb.gov.br\/portal\/#\/schema\/person\/image\/","url":"https:\/\/secure.gravatar.com\/avatar\/72917b630b69d31cd0297507f34bac97?s=96&d=mm&r=g","contentUrl":"https:\/\/secure.gravatar.com\/avatar\/72917b630b69d31cd0297507f34bac97?s=96&d=mm&r=g","caption":"Tarcisio Oliveira"},"url":"https:\/\/www.pm.pb.gov.br\/portal\/author\/tarcisio\/"}]}},"_links":{"self":[{"href":"https:\/\/www.pm.pb.gov.br\/portal\/wp-json\/wp\/v2\/posts\/921910"}],"collection":[{"href":"https:\/\/www.pm.pb.gov.br\/portal\/wp-json\/wp\/v2\/posts"}],"about":[{"href":"https:\/\/www.pm.pb.gov.br\/portal\/wp-json\/wp\/v2\/types\/post"}],"author":[{"embeddable":true,"href":"https:\/\/www.pm.pb.gov.br\/portal\/wp-json\/wp\/v2\/users\/12"}],"replies":[{"embeddable":true,"href":"https:\/\/www.pm.pb.gov.br\/portal\/wp-json\/wp\/v2\/comments?post=921910"}],"version-history":[{"count":1,"href":"https:\/\/www.pm.pb.gov.br\/portal\/wp-json\/wp\/v2\/posts\/921910\/revisions"}],"predecessor-version":[{"id":921912,"href":"https:\/\/www.pm.pb.gov.br\/portal\/wp-json\/wp\/v2\/posts\/921910\/revisions\/921912"}],"wp:featuredmedia":[{"embeddable":true,"href":"https:\/\/www.pm.pb.gov.br\/portal\/wp-json\/wp\/v2\/media\/921911"}],"wp:attachment":[{"href":"https:\/\/www.pm.pb.gov.br\/portal\/wp-json\/wp\/v2\/media?parent=921910"}],"wp:term":[{"taxonomy":"category","embeddable":true,"href":"https:\/\/www.pm.pb.gov.br\/portal\/wp-json\/wp\/v2\/categories?post=921910"},{"taxonomy":"post_tag","embeddable":true,"href":"https:\/\/www.pm.pb.gov.br\/portal\/wp-json\/wp\/v2\/tags?post=921910"}],"curies":[{"name":"wp","href":"https:\/\/api.w.org\/{rel}","templated":true}]}}