{"id":921855,"date":"2024-04-25T11:59:18","date_gmt":"2024-04-25T14:59:18","guid":{"rendered":"https:\/\/www.pm.pb.gov.br\/portal\/?p=921855"},"modified":"2024-04-25T19:42:15","modified_gmt":"2024-04-25T22:42:15","slug":"comandante-geral-da-pm-abre-1o-encontro-sobre-drone-policial-e-destaca-tecnologia-como-aliada-da-seguranca-publica","status":"publish","type":"post","link":"https:\/\/www.pm.pb.gov.br\/portal\/2024\/04\/25\/comandante-geral-da-pm-abre-1o-encontro-sobre-drone-policial-e-destaca-tecnologia-como-aliada-da-seguranca-publica\/","title":{"rendered":"Comandante-geral da PM abre 1\u00ba Encontro Sobre Drone Policial e destaca tecnologia como aliada da seguran\u00e7a p\u00fablica"},"content":{"rendered":"\n<p>O comandante-geral da Pol\u00edcia Militar da Para\u00edba, o coronel S\u00e9rgio Fonseca, abriu oficialmente o 1\u00b0 Encontro Sobre Drone Policial da PMPB (1\u00ba ENDROP). A atividade aconteceu na manh\u00e3 desta quinta-feira (25) no Quartel do Comando Geral, em Cabedelo. Na ocasi\u00e3o, o coronel destacou o refor\u00e7o da tecnologia para a seguran\u00e7a p\u00fablica, e como o uso de aeronaves remotamente pilotadas tem contribu\u00eddo para as a\u00e7\u00f5es da PM.<\/p>\n<p>O Encontro desta quinta foi promovido pelo Comando de Opera\u00e7\u00f5es A\u00e9reas (COA) e reuniu especialistas no tema, profissionais que atuam na \u00e1rea e parceiros de empresas de tecnologia. \u201cCom o COA, nos vemos a aplica\u00e7\u00e3o, na pr\u00e1tica, do drone enquanto instrumento de seguran\u00e7a p\u00fablica. Em diversas a\u00e7\u00f5es localizamos foragidos que tentavam se esconder, mas que, com a imagens fornecidas pelas aeronaves, foram detectados e capturados pelos nossos policiais\u201d, destacou o comandante da PM. \u201cInvestir em drones hoje \u00e9 investir em uma das \u00e1reas que mais ir\u00e1 crescer na Pol\u00edcia Militar\u201d, ressaltou o coronel S\u00e9rgio (foto abaixo).<\/p>\n<p><img loading=\"lazy\" decoding=\"async\" class=\" wp-image-921859 aligncenter\" src=\"http:\/\/www.pm.pb.gov.br\/portal\/wp-content\/uploads\/2024\/04\/WhatsApp-Image-2024-04-25-at-12.13.41-567x445.jpeg\" alt=\"\" width=\"477\" height=\"374\" srcset=\"https:\/\/www.pm.pb.gov.br\/portal\/wp-content\/uploads\/2024\/04\/WhatsApp-Image-2024-04-25-at-12.13.41-567x445.jpeg 567w, https:\/\/www.pm.pb.gov.br\/portal\/wp-content\/uploads\/2024\/04\/WhatsApp-Image-2024-04-25-at-12.13.41-726x570.jpeg 726w, https:\/\/www.pm.pb.gov.br\/portal\/wp-content\/uploads\/2024\/04\/WhatsApp-Image-2024-04-25-at-12.13.41-768x603.jpeg 768w, https:\/\/www.pm.pb.gov.br\/portal\/wp-content\/uploads\/2024\/04\/WhatsApp-Image-2024-04-25-at-12.13.41.jpeg 1200w\" sizes=\"(max-width: 477px) 100vw, 477px\" \/><\/p>\n<p>Durante o evento, comandante, chefes, diretores, oficias e pra\u00e7as da institui\u00e7\u00e3o assistiram, de forma pioneira entre as policiais, a demonstra\u00e7\u00e3o de um software de reconhecimento facial que pode ser usado para busca de foragidos. O hall do Comando Geral tamb\u00e9m recebeu diversas aeronaves que contribu\u00edram com as miss\u00f5es da PMPB nos \u00faltimos anos.<\/p>\n<p>As palestras foram lecionadas pelo capit\u00e3o Adilson, subcomandante do COA, pelo tenente-coronel Arnaldo Sobrinho, e pelos sargentos Francynne Aldyne Hyp\u00f3lito de Souza e Eli Vicente Fonseca Matute, da For\u00e7a A\u00e9rea Brasileira, e que atuam na \u00e1rea no controle do tr\u00e1fego a\u00e9reo na regi\u00e3o de Recife (fotos abaixo).<\/p>\n<p><img loading=\"lazy\" decoding=\"async\" class=\" wp-image-921860 aligncenter\" src=\"http:\/\/www.pm.pb.gov.br\/portal\/wp-content\/uploads\/2024\/04\/WhatsApp-Image-2024-04-25-at-12.04.16-593x445.jpeg\" alt=\"\" width=\"603\" height=\"453\" srcset=\"https:\/\/www.pm.pb.gov.br\/portal\/wp-content\/uploads\/2024\/04\/WhatsApp-Image-2024-04-25-at-12.04.16-593x445.jpeg 593w, https:\/\/www.pm.pb.gov.br\/portal\/wp-content\/uploads\/2024\/04\/WhatsApp-Image-2024-04-25-at-12.04.16-760x570.jpeg 760w, https:\/\/www.pm.pb.gov.br\/portal\/wp-content\/uploads\/2024\/04\/WhatsApp-Image-2024-04-25-at-12.04.16-768x576.jpeg 768w, https:\/\/www.pm.pb.gov.br\/portal\/wp-content\/uploads\/2024\/04\/WhatsApp-Image-2024-04-25-at-12.04.16-1536x1152.jpeg 1536w, https:\/\/www.pm.pb.gov.br\/portal\/wp-content\/uploads\/2024\/04\/WhatsApp-Image-2024-04-25-at-12.04.16.jpeg 1600w\" sizes=\"(max-width: 603px) 100vw, 603px\" \/><\/p>\n<p><img loading=\"lazy\" decoding=\"async\" class=\" wp-image-921857 aligncenter\" src=\"http:\/\/www.pm.pb.gov.br\/portal\/wp-content\/uploads\/2024\/04\/WhatsApp-Image-2024-04-25-at-11.26.39-791x445.jpeg\" alt=\"\" width=\"690\" height=\"388\" srcset=\"https:\/\/www.pm.pb.gov.br\/portal\/wp-content\/uploads\/2024\/04\/WhatsApp-Image-2024-04-25-at-11.26.39-791x445.jpeg 791w, https:\/\/www.pm.pb.gov.br\/portal\/wp-content\/uploads\/2024\/04\/WhatsApp-Image-2024-04-25-at-11.26.39-1013x570.jpeg 1013w, https:\/\/www.pm.pb.gov.br\/portal\/wp-content\/uploads\/2024\/04\/WhatsApp-Image-2024-04-25-at-11.26.39-768x432.jpeg 768w, https:\/\/www.pm.pb.gov.br\/portal\/wp-content\/uploads\/2024\/04\/WhatsApp-Image-2024-04-25-at-11.26.39-1536x864.jpeg 1536w, https:\/\/www.pm.pb.gov.br\/portal\/wp-content\/uploads\/2024\/04\/WhatsApp-Image-2024-04-25-at-11.26.39.jpeg 1600w\" sizes=\"(max-width: 690px) 100vw, 690px\" \/><\/p>\n\n\n\n<p><em>Atualizado \u00e0s 20h03.<\/em><\/p>\n","protected":false},"excerpt":{"rendered":"<p>O comandante-geral da Pol\u00edcia Militar da Para\u00edba, o coronel S\u00e9rgio Fonseca, abriu oficialmente o 1\u00b0 Encontro Sobre Drone Policial da<\/p>\n","protected":false},"author":12,"featured_media":921856,"comment_status":"closed","ping_status":"closed","sticky":false,"template":"","format":"standard","meta":{"_exactmetrics_skip_tracking":false,"_exactmetrics_sitenote_active":false,"_exactmetrics_sitenote_note":"","_exactmetrics_sitenote_category":0,"footnotes":""},"categories":[7],"tags":[],"yoast_head":"<!-- This site is optimized with the Yoast SEO plugin v22.0 - https:\/\/yoast.com\/wordpress\/plugins\/seo\/ -->\n<title>Comandante-geral da PM abre 1\u00ba Encontro Sobre Drone Policial e destaca tecnologia como aliada da seguran\u00e7a p\u00fablica - Pol\u00edcia Militar da Para\u00edba<\/title>\n<meta name=\"robots\" content=\"index, follow, max-snippet:-1, max-image-preview:large, max-video-preview:-1\" \/>\n<link rel=\"canonical\" href=\"https:\/\/www.pm.pb.gov.br\/portal\/2024\/04\/25\/comandante-geral-da-pm-abre-1o-encontro-sobre-drone-policial-e-destaca-tecnologia-como-aliada-da-seguranca-publica\/\" \/>\n<meta property=\"og:locale\" content=\"pt_BR\" \/>\n<meta property=\"og:type\" content=\"article\" \/>\n<meta property=\"og:title\" content=\"Comandante-geral da PM abre 1\u00ba Encontro Sobre Drone Policial e destaca tecnologia como aliada da seguran\u00e7a p\u00fablica - Pol\u00edcia Militar da Para\u00edba\" \/>\n<meta property=\"og:description\" content=\"O comandante-geral da Pol\u00edcia Militar da Para\u00edba, o coronel S\u00e9rgio Fonseca, abriu oficialmente o 1\u00b0 Encontro Sobre Drone Policial da\" \/>\n<meta property=\"og:url\" content=\"https:\/\/www.pm.pb.gov.br\/portal\/2024\/04\/25\/comandante-geral-da-pm-abre-1o-encontro-sobre-drone-policial-e-destaca-tecnologia-como-aliada-da-seguranca-publica\/\" \/>\n<meta property=\"og:site_name\" content=\"Pol\u00edcia Militar da Para\u00edba\" \/>\n<meta property=\"article:published_time\" content=\"2024-04-25T14:59:18+00:00\" \/>\n<meta property=\"article:modified_time\" content=\"2024-04-25T22:42:15+00:00\" \/>\n<meta property=\"og:image\" content=\"http:\/\/www.pm.pb.gov.br\/portal\/wp-content\/uploads\/2024\/04\/WhatsApp-Image-2024-04-25-at-11.26.40.jpeg\" \/>\n\t<meta property=\"og:image:width\" content=\"1600\" \/>\n\t<meta property=\"og:image:height\" content=\"900\" \/>\n\t<meta property=\"og:image:type\" content=\"image\/jpeg\" \/>\n<meta name=\"author\" content=\"Tarcisio Oliveira\" \/>\n<meta name=\"twitter:card\" content=\"summary_large_image\" \/>\n<meta name=\"twitter:label1\" content=\"Escrito por\" \/>\n\t<meta name=\"twitter:data1\" content=\"Tarcisio Oliveira\" \/>\n\t<meta name=\"twitter:label2\" content=\"Est. tempo de leitura\" \/>\n\t<meta name=\"twitter:data2\" content=\"3 minutos\" \/>\n<script type=\"application\/ld+json\" class=\"yoast-schema-graph\">{\"@context\":\"https:\/\/schema.org\",\"@graph\":[{\"@type\":\"Article\",\"@id\":\"https:\/\/www.pm.pb.gov.br\/portal\/2024\/04\/25\/comandante-geral-da-pm-abre-1o-encontro-sobre-drone-policial-e-destaca-tecnologia-como-aliada-da-seguranca-publica\/#article\",\"isPartOf\":{\"@id\":\"https:\/\/www.pm.pb.gov.br\/portal\/2024\/04\/25\/comandante-geral-da-pm-abre-1o-encontro-sobre-drone-policial-e-destaca-tecnologia-como-aliada-da-seguranca-publica\/\"},\"author\":{\"name\":\"Tarcisio Oliveira\",\"@id\":\"https:\/\/www.pm.pb.gov.br\/portal\/#\/schema\/person\/f84f56dcc78ce4357054da888b8247fd\"},\"headline\":\"Comandante-geral da PM abre 1\u00ba Encontro Sobre Drone Policial e destaca tecnologia como aliada da seguran\u00e7a p\u00fablica\",\"datePublished\":\"2024-04-25T14:59:18+00:00\",\"dateModified\":\"2024-04-25T22:42:15+00:00\",\"mainEntityOfPage\":{\"@id\":\"https:\/\/www.pm.pb.gov.br\/portal\/2024\/04\/25\/comandante-geral-da-pm-abre-1o-encontro-sobre-drone-policial-e-destaca-tecnologia-como-aliada-da-seguranca-publica\/\"},\"wordCount\":310,\"publisher\":{\"@id\":\"https:\/\/www.pm.pb.gov.br\/portal\/#organization\"},\"articleSection\":[\"Desenvolvimento e Tecnologia\"],\"inLanguage\":\"pt-BR\"},{\"@type\":\"WebPage\",\"@id\":\"https:\/\/www.pm.pb.gov.br\/portal\/2024\/04\/25\/comandante-geral-da-pm-abre-1o-encontro-sobre-drone-policial-e-destaca-tecnologia-como-aliada-da-seguranca-publica\/\",\"url\":\"https:\/\/www.pm.pb.gov.br\/portal\/2024\/04\/25\/comandante-geral-da-pm-abre-1o-encontro-sobre-drone-policial-e-destaca-tecnologia-como-aliada-da-seguranca-publica\/\",\"name\":\"Comandante-geral da PM abre 1\u00ba Encontro Sobre Drone Policial e destaca tecnologia como aliada da seguran\u00e7a p\u00fablica - Pol\u00edcia Militar da Para\u00edba\",\"isPartOf\":{\"@id\":\"https:\/\/www.pm.pb.gov.br\/portal\/#website\"},\"datePublished\":\"2024-04-25T14:59:18+00:00\",\"dateModified\":\"2024-04-25T22:42:15+00:00\",\"breadcrumb\":{\"@id\":\"https:\/\/www.pm.pb.gov.br\/portal\/2024\/04\/25\/comandante-geral-da-pm-abre-1o-encontro-sobre-drone-policial-e-destaca-tecnologia-como-aliada-da-seguranca-publica\/#breadcrumb\"},\"inLanguage\":\"pt-BR\",\"potentialAction\":[{\"@type\":\"ReadAction\",\"target\":[\"https:\/\/www.pm.pb.gov.br\/portal\/2024\/04\/25\/comandante-geral-da-pm-abre-1o-encontro-sobre-drone-policial-e-destaca-tecnologia-como-aliada-da-seguranca-publica\/\"]}]},{\"@type\":\"BreadcrumbList\",\"@id\":\"https:\/\/www.pm.pb.gov.br\/portal\/2024\/04\/25\/comandante-geral-da-pm-abre-1o-encontro-sobre-drone-policial-e-destaca-tecnologia-como-aliada-da-seguranca-publica\/#breadcrumb\",\"itemListElement\":[{\"@type\":\"ListItem\",\"position\":1,\"name\":\"In\u00edcio\",\"item\":\"https:\/\/www.pm.pb.gov.br\/portal\/\"},{\"@type\":\"ListItem\",\"position\":2,\"name\":\"Comandante-geral da PM abre 1\u00ba Encontro Sobre Drone Policial e destaca tecnologia como aliada da seguran\u00e7a p\u00fablica\"}]},{\"@type\":\"WebSite\",\"@id\":\"https:\/\/www.pm.pb.gov.br\/portal\/#website\",\"url\":\"https:\/\/www.pm.pb.gov.br\/portal\/\",\"name\":\"Pol\u00edcia Militar da Para\u00edba\",\"description\":\"\",\"publisher\":{\"@id\":\"https:\/\/www.pm.pb.gov.br\/portal\/#organization\"},\"potentialAction\":[{\"@type\":\"SearchAction\",\"target\":{\"@type\":\"EntryPoint\",\"urlTemplate\":\"https:\/\/www.pm.pb.gov.br\/portal\/?s={search_term_string}\"},\"query-input\":\"required name=search_term_string\"}],\"inLanguage\":\"pt-BR\"},{\"@type\":\"Organization\",\"@id\":\"https:\/\/www.pm.pb.gov.br\/portal\/#organization\",\"name\":\"Pol\u00edcia Militar da Para\u00edba\",\"url\":\"https:\/\/www.pm.pb.gov.br\/portal\/\",\"logo\":{\"@type\":\"ImageObject\",\"inLanguage\":\"pt-BR\",\"@id\":\"https:\/\/www.pm.pb.gov.br\/portal\/#\/schema\/logo\/image\/\",\"url\":\"https:\/\/www.pm.pb.gov.br\/portal\/wp-content\/uploads\/2025\/03\/cropped-logo-site-mag2-1.png\",\"contentUrl\":\"https:\/\/www.pm.pb.gov.br\/portal\/wp-content\/uploads\/2025\/03\/cropped-logo-site-mag2-1.png\",\"width\":320,\"height\":90,\"caption\":\"Pol\u00edcia Militar da Para\u00edba\"},\"image\":{\"@id\":\"https:\/\/www.pm.pb.gov.br\/portal\/#\/schema\/logo\/image\/\"}},{\"@type\":\"Person\",\"@id\":\"https:\/\/www.pm.pb.gov.br\/portal\/#\/schema\/person\/f84f56dcc78ce4357054da888b8247fd\",\"name\":\"Tarcisio Oliveira\",\"image\":{\"@type\":\"ImageObject\",\"inLanguage\":\"pt-BR\",\"@id\":\"https:\/\/www.pm.pb.gov.br\/portal\/#\/schema\/person\/image\/\",\"url\":\"https:\/\/secure.gravatar.com\/avatar\/72917b630b69d31cd0297507f34bac97?s=96&d=mm&r=g\",\"contentUrl\":\"https:\/\/secure.gravatar.com\/avatar\/72917b630b69d31cd0297507f34bac97?s=96&d=mm&r=g\",\"caption\":\"Tarcisio Oliveira\"},\"url\":\"https:\/\/www.pm.pb.gov.br\/portal\/author\/tarcisio\/\"}]}<\/script>\n<!-- \/ Yoast SEO plugin. -->","yoast_head_json":{"title":"Comandante-geral da PM abre 1\u00ba Encontro Sobre Drone Policial e destaca tecnologia como aliada da seguran\u00e7a p\u00fablica - Pol\u00edcia Militar da Para\u00edba","robots":{"index":"index","follow":"follow","max-snippet":"max-snippet:-1","max-image-preview":"max-image-preview:large","max-video-preview":"max-video-preview:-1"},"canonical":"https:\/\/www.pm.pb.gov.br\/portal\/2024\/04\/25\/comandante-geral-da-pm-abre-1o-encontro-sobre-drone-policial-e-destaca-tecnologia-como-aliada-da-seguranca-publica\/","og_locale":"pt_BR","og_type":"article","og_title":"Comandante-geral da PM abre 1\u00ba Encontro Sobre Drone Policial e destaca tecnologia como aliada da seguran\u00e7a p\u00fablica - Pol\u00edcia Militar da Para\u00edba","og_description":"O comandante-geral da Pol\u00edcia Militar da Para\u00edba, o coronel S\u00e9rgio Fonseca, abriu oficialmente o 1\u00b0 Encontro Sobre Drone Policial da","og_url":"https:\/\/www.pm.pb.gov.br\/portal\/2024\/04\/25\/comandante-geral-da-pm-abre-1o-encontro-sobre-drone-policial-e-destaca-tecnologia-como-aliada-da-seguranca-publica\/","og_site_name":"Pol\u00edcia Militar da Para\u00edba","article_published_time":"2024-04-25T14:59:18+00:00","article_modified_time":"2024-04-25T22:42:15+00:00","og_image":[{"width":1600,"height":900,"url":"http:\/\/www.pm.pb.gov.br\/portal\/wp-content\/uploads\/2024\/04\/WhatsApp-Image-2024-04-25-at-11.26.40.jpeg","type":"image\/jpeg"}],"author":"Tarcisio Oliveira","twitter_card":"summary_large_image","twitter_misc":{"Escrito por":"Tarcisio Oliveira","Est. tempo de leitura":"3 minutos"},"schema":{"@context":"https:\/\/schema.org","@graph":[{"@type":"Article","@id":"https:\/\/www.pm.pb.gov.br\/portal\/2024\/04\/25\/comandante-geral-da-pm-abre-1o-encontro-sobre-drone-policial-e-destaca-tecnologia-como-aliada-da-seguranca-publica\/#article","isPartOf":{"@id":"https:\/\/www.pm.pb.gov.br\/portal\/2024\/04\/25\/comandante-geral-da-pm-abre-1o-encontro-sobre-drone-policial-e-destaca-tecnologia-como-aliada-da-seguranca-publica\/"},"author":{"name":"Tarcisio Oliveira","@id":"https:\/\/www.pm.pb.gov.br\/portal\/#\/schema\/person\/f84f56dcc78ce4357054da888b8247fd"},"headline":"Comandante-geral da PM abre 1\u00ba Encontro Sobre Drone Policial e destaca tecnologia como aliada da seguran\u00e7a p\u00fablica","datePublished":"2024-04-25T14:59:18+00:00","dateModified":"2024-04-25T22:42:15+00:00","mainEntityOfPage":{"@id":"https:\/\/www.pm.pb.gov.br\/portal\/2024\/04\/25\/comandante-geral-da-pm-abre-1o-encontro-sobre-drone-policial-e-destaca-tecnologia-como-aliada-da-seguranca-publica\/"},"wordCount":310,"publisher":{"@id":"https:\/\/www.pm.pb.gov.br\/portal\/#organization"},"articleSection":["Desenvolvimento e Tecnologia"],"inLanguage":"pt-BR"},{"@type":"WebPage","@id":"https:\/\/www.pm.pb.gov.br\/portal\/2024\/04\/25\/comandante-geral-da-pm-abre-1o-encontro-sobre-drone-policial-e-destaca-tecnologia-como-aliada-da-seguranca-publica\/","url":"https:\/\/www.pm.pb.gov.br\/portal\/2024\/04\/25\/comandante-geral-da-pm-abre-1o-encontro-sobre-drone-policial-e-destaca-tecnologia-como-aliada-da-seguranca-publica\/","name":"Comandante-geral da PM abre 1\u00ba Encontro Sobre Drone Policial e destaca tecnologia como aliada da seguran\u00e7a p\u00fablica - Pol\u00edcia Militar da Para\u00edba","isPartOf":{"@id":"https:\/\/www.pm.pb.gov.br\/portal\/#website"},"datePublished":"2024-04-25T14:59:18+00:00","dateModified":"2024-04-25T22:42:15+00:00","breadcrumb":{"@id":"https:\/\/www.pm.pb.gov.br\/portal\/2024\/04\/25\/comandante-geral-da-pm-abre-1o-encontro-sobre-drone-policial-e-destaca-tecnologia-como-aliada-da-seguranca-publica\/#breadcrumb"},"inLanguage":"pt-BR","potentialAction":[{"@type":"ReadAction","target":["https:\/\/www.pm.pb.gov.br\/portal\/2024\/04\/25\/comandante-geral-da-pm-abre-1o-encontro-sobre-drone-policial-e-destaca-tecnologia-como-aliada-da-seguranca-publica\/"]}]},{"@type":"BreadcrumbList","@id":"https:\/\/www.pm.pb.gov.br\/portal\/2024\/04\/25\/comandante-geral-da-pm-abre-1o-encontro-sobre-drone-policial-e-destaca-tecnologia-como-aliada-da-seguranca-publica\/#breadcrumb","itemListElement":[{"@type":"ListItem","position":1,"name":"In\u00edcio","item":"https:\/\/www.pm.pb.gov.br\/portal\/"},{"@type":"ListItem","position":2,"name":"Comandante-geral da PM abre 1\u00ba Encontro Sobre Drone Policial e destaca tecnologia como aliada da seguran\u00e7a p\u00fablica"}]},{"@type":"WebSite","@id":"https:\/\/www.pm.pb.gov.br\/portal\/#website","url":"https:\/\/www.pm.pb.gov.br\/portal\/","name":"Pol\u00edcia Militar da Para\u00edba","description":"","publisher":{"@id":"https:\/\/www.pm.pb.gov.br\/portal\/#organization"},"potentialAction":[{"@type":"SearchAction","target":{"@type":"EntryPoint","urlTemplate":"https:\/\/www.pm.pb.gov.br\/portal\/?s={search_term_string}"},"query-input":"required name=search_term_string"}],"inLanguage":"pt-BR"},{"@type":"Organization","@id":"https:\/\/www.pm.pb.gov.br\/portal\/#organization","name":"Pol\u00edcia Militar da Para\u00edba","url":"https:\/\/www.pm.pb.gov.br\/portal\/","logo":{"@type":"ImageObject","inLanguage":"pt-BR","@id":"https:\/\/www.pm.pb.gov.br\/portal\/#\/schema\/logo\/image\/","url":"https:\/\/www.pm.pb.gov.br\/portal\/wp-content\/uploads\/2025\/03\/cropped-logo-site-mag2-1.png","contentUrl":"https:\/\/www.pm.pb.gov.br\/portal\/wp-content\/uploads\/2025\/03\/cropped-logo-site-mag2-1.png","width":320,"height":90,"caption":"Pol\u00edcia Militar da Para\u00edba"},"image":{"@id":"https:\/\/www.pm.pb.gov.br\/portal\/#\/schema\/logo\/image\/"}},{"@type":"Person","@id":"https:\/\/www.pm.pb.gov.br\/portal\/#\/schema\/person\/f84f56dcc78ce4357054da888b8247fd","name":"Tarcisio Oliveira","image":{"@type":"ImageObject","inLanguage":"pt-BR","@id":"https:\/\/www.pm.pb.gov.br\/portal\/#\/schema\/person\/image\/","url":"https:\/\/secure.gravatar.com\/avatar\/72917b630b69d31cd0297507f34bac97?s=96&d=mm&r=g","contentUrl":"https:\/\/secure.gravatar.com\/avatar\/72917b630b69d31cd0297507f34bac97?s=96&d=mm&r=g","caption":"Tarcisio Oliveira"},"url":"https:\/\/www.pm.pb.gov.br\/portal\/author\/tarcisio\/"}]}},"_links":{"self":[{"href":"https:\/\/www.pm.pb.gov.br\/portal\/wp-json\/wp\/v2\/posts\/921855"}],"collection":[{"href":"https:\/\/www.pm.pb.gov.br\/portal\/wp-json\/wp\/v2\/posts"}],"about":[{"href":"https:\/\/www.pm.pb.gov.br\/portal\/wp-json\/wp\/v2\/types\/post"}],"author":[{"embeddable":true,"href":"https:\/\/www.pm.pb.gov.br\/portal\/wp-json\/wp\/v2\/users\/12"}],"replies":[{"embeddable":true,"href":"https:\/\/www.pm.pb.gov.br\/portal\/wp-json\/wp\/v2\/comments?post=921855"}],"version-history":[{"count":3,"href":"https:\/\/www.pm.pb.gov.br\/portal\/wp-json\/wp\/v2\/posts\/921855\/revisions"}],"predecessor-version":[{"id":921868,"href":"https:\/\/www.pm.pb.gov.br\/portal\/wp-json\/wp\/v2\/posts\/921855\/revisions\/921868"}],"wp:featuredmedia":[{"embeddable":true,"href":"https:\/\/www.pm.pb.gov.br\/portal\/wp-json\/wp\/v2\/media\/921856"}],"wp:attachment":[{"href":"https:\/\/www.pm.pb.gov.br\/portal\/wp-json\/wp\/v2\/media?parent=921855"}],"wp:term":[{"taxonomy":"category","embeddable":true,"href":"https:\/\/www.pm.pb.gov.br\/portal\/wp-json\/wp\/v2\/categories?post=921855"},{"taxonomy":"post_tag","embeddable":true,"href":"https:\/\/www.pm.pb.gov.br\/portal\/wp-json\/wp\/v2\/tags?post=921855"}],"curies":[{"name":"wp","href":"https:\/\/api.w.org\/{rel}","templated":true}]}}