{"id":921841,"date":"2024-04-24T09:39:59","date_gmt":"2024-04-24T12:39:59","guid":{"rendered":"https:\/\/www.pm.pb.gov.br\/portal\/?p=921841"},"modified":"2024-04-24T09:46:10","modified_gmt":"2024-04-24T12:46:10","slug":"policia-militar-apreende-nove-armas-de-fogo-e-frustra-acoes-criminosas-na-grande-joao-pessoa","status":"publish","type":"post","link":"https:\/\/www.pm.pb.gov.br\/portal\/2024\/04\/24\/policia-militar-apreende-nove-armas-de-fogo-e-frustra-acoes-criminosas-na-grande-joao-pessoa\/","title":{"rendered":"Pol\u00edcia Militar apreende nove armas de fogo e frustra a\u00e7\u00f5es criminosas na Grande Jo\u00e3o Pessoa"},"content":{"rendered":"\n<p>As a\u00e7\u00f5es preventivas e de combate a criminalidade realizadas pela Pol\u00edcia Militar resultaram na apreens\u00e3o de nove armas de fogo entre a tarde da \u00faltima ter\u00e7a-feira (23) e madrugada desta quarta (24). As apreens\u00f5es foram realizadas em cinco cidades resultando ainda em ataques criminosos frustrados, pessoas presas e adolescentes apreendidos.<\/p>\n<p>Na regi\u00e3o metropolitana de Jo\u00e3o Pessoa, duas armas foram apreendidas nas zonas norte e sul da capital. Em Gramame, um rifle foi apreendido com um adolescente (foto abaixo). J\u00e1 na regi\u00e3o da Ilha do Bispo, a PM frustrou um grupo criminoso que havia sequestrado um motorista de transporte por aplicativo. Houve troca de tiros e quatro pessoas foram presas com uma garrucha e um simulacro de pistola. Entre os envolvidos estavam dois adolescentes que foram apreendidos. O motorista conseguiu fugir do grupo criminoso e o ve\u00edculo foi recuperado.<\/p>\n<p><img loading=\"lazy\" decoding=\"async\" class=\"size-medium wp-image-921843 aligncenter\" src=\"http:\/\/www.pm.pb.gov.br\/portal\/wp-content\/uploads\/2024\/04\/WhatsApp-Image-2024-04-23-at-21.43.57-390x445.jpeg\" alt=\"\" width=\"390\" height=\"445\" srcset=\"https:\/\/www.pm.pb.gov.br\/portal\/wp-content\/uploads\/2024\/04\/WhatsApp-Image-2024-04-23-at-21.43.57-390x445.jpeg 390w, https:\/\/www.pm.pb.gov.br\/portal\/wp-content\/uploads\/2024\/04\/WhatsApp-Image-2024-04-23-at-21.43.57-500x570.jpeg 500w, https:\/\/www.pm.pb.gov.br\/portal\/wp-content\/uploads\/2024\/04\/WhatsApp-Image-2024-04-23-at-21.43.57.jpeg 720w\" sizes=\"(max-width: 390px) 100vw, 390px\" \/><\/p>\n<p><strong>Grande JP &#8211;<\/strong> Em Cabedelo, duas espingardas e um rev\u00f3lver foram apreendidos com criminosos que atuavam na regi\u00e3o (foto principal acima). Com essas a\u00e7\u00f5es chega a 62 armas de fogo apreendidas em Cabedelo somente este ano de 2024. A intensifica\u00e7\u00e3o do policiamento na \u00e1rea deve continuar. J\u00e1 em Santa Rita, a arma apreendida foi uma pistola que estava com um homem considerado l\u00edder de grupo criminoso, apontado por homic\u00eddio, ataque a resid\u00eancias e outros crimes (foto abaixo). A a\u00e7\u00e3o foi realizada em conjunto entre a PM e a Pol\u00edcia Civil.<\/p>\n<p><img loading=\"lazy\" decoding=\"async\" class=\"size-medium wp-image-921844 aligncenter\" src=\"http:\/\/www.pm.pb.gov.br\/portal\/wp-content\/uploads\/2024\/04\/WhatsApp-Image-2024-04-23-at-17.08.08-334x445.jpeg\" alt=\"\" width=\"334\" height=\"445\" srcset=\"https:\/\/www.pm.pb.gov.br\/portal\/wp-content\/uploads\/2024\/04\/WhatsApp-Image-2024-04-23-at-17.08.08-334x445.jpeg 334w, https:\/\/www.pm.pb.gov.br\/portal\/wp-content\/uploads\/2024\/04\/WhatsApp-Image-2024-04-23-at-17.08.08-428x570.jpeg 428w, https:\/\/www.pm.pb.gov.br\/portal\/wp-content\/uploads\/2024\/04\/WhatsApp-Image-2024-04-23-at-17.08.08-768x1024.jpeg 768w, https:\/\/www.pm.pb.gov.br\/portal\/wp-content\/uploads\/2024\/04\/WhatsApp-Image-2024-04-23-at-17.08.08.jpeg 960w\" sizes=\"(max-width: 334px) 100vw, 334px\" \/><\/p>\n<p><strong>Litorais norte e sul \u2013 <\/strong>As a\u00e7\u00f5es da PM nas cidades do litoral como Conde e Mamanguape tamb\u00e9m resultaram em armas e drogas apreendidas, al\u00e9m de crimes frustrados. No Conde, um rifle e entorpecentes foram apreendidos. O material foi abandonado por um grupo criminoso que fugiu em uma regi\u00e3o de mata, ao perceber a chegada da PM na regi\u00e3o. Nas dilig\u00eancias os policiais tamb\u00e9m localizaram muni\u00e7\u00f5es e balan\u00e7as de precis\u00e3o (foto abaixo).<\/p>\n<p><img loading=\"lazy\" decoding=\"async\" class=\" wp-image-921846 aligncenter\" src=\"http:\/\/www.pm.pb.gov.br\/portal\/wp-content\/uploads\/2024\/04\/WhatsApp-Image-2024-04-24-at-09.25.41-800x445.jpeg\" alt=\"\" width=\"656\" height=\"365\" srcset=\"https:\/\/www.pm.pb.gov.br\/portal\/wp-content\/uploads\/2024\/04\/WhatsApp-Image-2024-04-24-at-09.25.41-800x445.jpeg 800w, https:\/\/www.pm.pb.gov.br\/portal\/wp-content\/uploads\/2024\/04\/WhatsApp-Image-2024-04-24-at-09.25.41-1024x570.jpeg 1024w, https:\/\/www.pm.pb.gov.br\/portal\/wp-content\/uploads\/2024\/04\/WhatsApp-Image-2024-04-24-at-09.25.41-245x136.jpeg 245w, https:\/\/www.pm.pb.gov.br\/portal\/wp-content\/uploads\/2024\/04\/WhatsApp-Image-2024-04-24-at-09.25.41-768x428.jpeg 768w, https:\/\/www.pm.pb.gov.br\/portal\/wp-content\/uploads\/2024\/04\/WhatsApp-Image-2024-04-24-at-09.25.41.jpeg 1280w\" sizes=\"(max-width: 656px) 100vw, 656px\" \/><\/p>\n<p>Na zona rural de Mamanguape, os policiais militares frustraram um ataque de um grupo criminoso e prenderam tr\u00eas acusados que estavam com dois rev\u00f3lveres.<\/p>\n<p>Todas as ocorr\u00eancias foram encaminhadas para as delegacias para as devidas apura\u00e7\u00f5es.<\/p>\n<p><img loading=\"lazy\" decoding=\"async\" class=\" wp-image-921845 aligncenter\" src=\"http:\/\/www.pm.pb.gov.br\/portal\/wp-content\/uploads\/2024\/04\/WhatsApp-Image-2024-04-23-at-22.36.18-554x445.jpeg\" alt=\"\" width=\"495\" height=\"398\" srcset=\"https:\/\/www.pm.pb.gov.br\/portal\/wp-content\/uploads\/2024\/04\/WhatsApp-Image-2024-04-23-at-22.36.18-554x445.jpeg 554w, https:\/\/www.pm.pb.gov.br\/portal\/wp-content\/uploads\/2024\/04\/WhatsApp-Image-2024-04-23-at-22.36.18-710x570.jpeg 710w, https:\/\/www.pm.pb.gov.br\/portal\/wp-content\/uploads\/2024\/04\/WhatsApp-Image-2024-04-23-at-22.36.18-768x617.jpeg 768w, https:\/\/www.pm.pb.gov.br\/portal\/wp-content\/uploads\/2024\/04\/WhatsApp-Image-2024-04-23-at-22.36.18.jpeg 1200w\" sizes=\"(max-width: 495px) 100vw, 495px\" \/><\/p>\n<p><em>Atualizado \u00e0s 10h07.<\/em><\/p>\n\n\n","protected":false},"excerpt":{"rendered":"<p>As a\u00e7\u00f5es preventivas e de combate a criminalidade realizadas pela Pol\u00edcia Militar resultaram na apreens\u00e3o de nove armas de fogo<\/p>\n","protected":false},"author":12,"featured_media":921842,"comment_status":"closed","ping_status":"closed","sticky":false,"template":"","format":"standard","meta":{"_exactmetrics_skip_tracking":false,"_exactmetrics_sitenote_active":false,"_exactmetrics_sitenote_note":"","_exactmetrics_sitenote_category":0,"footnotes":""},"categories":[4],"tags":[],"yoast_head":"<!-- This site is optimized with the Yoast SEO plugin v22.0 - https:\/\/yoast.com\/wordpress\/plugins\/seo\/ -->\n<title>Pol\u00edcia Militar apreende nove armas de fogo e frustra a\u00e7\u00f5es criminosas na Grande Jo\u00e3o Pessoa - Pol\u00edcia Militar da Para\u00edba<\/title>\n<meta name=\"description\" content=\"Apreens\u00f5es aconteceram em cinco cidades, resultando em acusados presos, adolescentes apreendidos e ataques criminosos frustrados.\" \/>\n<meta name=\"robots\" content=\"index, follow, max-snippet:-1, max-image-preview:large, max-video-preview:-1\" \/>\n<link rel=\"canonical\" href=\"https:\/\/www.pm.pb.gov.br\/portal\/2024\/04\/24\/policia-militar-apreende-nove-armas-de-fogo-e-frustra-acoes-criminosas-na-grande-joao-pessoa\/\" \/>\n<meta property=\"og:locale\" content=\"pt_BR\" \/>\n<meta property=\"og:type\" content=\"article\" \/>\n<meta property=\"og:title\" content=\"Pol\u00edcia Militar apreende nove armas de fogo e frustra a\u00e7\u00f5es criminosas na Grande Jo\u00e3o Pessoa - Pol\u00edcia Militar da Para\u00edba\" \/>\n<meta property=\"og:description\" content=\"Apreens\u00f5es aconteceram em cinco cidades, resultando em acusados presos, adolescentes apreendidos e ataques criminosos frustrados.\" \/>\n<meta property=\"og:url\" content=\"https:\/\/www.pm.pb.gov.br\/portal\/2024\/04\/24\/policia-militar-apreende-nove-armas-de-fogo-e-frustra-acoes-criminosas-na-grande-joao-pessoa\/\" \/>\n<meta property=\"og:site_name\" content=\"Pol\u00edcia Militar da Para\u00edba\" \/>\n<meta property=\"article:published_time\" content=\"2024-04-24T12:39:59+00:00\" \/>\n<meta property=\"article:modified_time\" content=\"2024-04-24T12:46:10+00:00\" \/>\n<meta property=\"og:image\" content=\"http:\/\/www.pm.pb.gov.br\/portal\/wp-content\/uploads\/2024\/04\/WhatsApp-Image-2024-04-24-at-09.44.46.jpeg\" \/>\n\t<meta property=\"og:image:width\" content=\"800\" \/>\n\t<meta property=\"og:image:height\" content=\"445\" \/>\n\t<meta property=\"og:image:type\" content=\"image\/jpeg\" \/>\n<meta name=\"author\" content=\"Tarcisio Oliveira\" \/>\n<meta name=\"twitter:card\" content=\"summary_large_image\" \/>\n<meta name=\"twitter:label1\" content=\"Escrito por\" \/>\n\t<meta name=\"twitter:data1\" content=\"Tarcisio Oliveira\" \/>\n\t<meta name=\"twitter:label2\" content=\"Est. tempo de leitura\" \/>\n\t<meta name=\"twitter:data2\" content=\"3 minutos\" \/>\n<script type=\"application\/ld+json\" class=\"yoast-schema-graph\">{\"@context\":\"https:\/\/schema.org\",\"@graph\":[{\"@type\":\"Article\",\"@id\":\"https:\/\/www.pm.pb.gov.br\/portal\/2024\/04\/24\/policia-militar-apreende-nove-armas-de-fogo-e-frustra-acoes-criminosas-na-grande-joao-pessoa\/#article\",\"isPartOf\":{\"@id\":\"https:\/\/www.pm.pb.gov.br\/portal\/2024\/04\/24\/policia-militar-apreende-nove-armas-de-fogo-e-frustra-acoes-criminosas-na-grande-joao-pessoa\/\"},\"author\":{\"name\":\"Tarcisio Oliveira\",\"@id\":\"https:\/\/www.pm.pb.gov.br\/portal\/#\/schema\/person\/f84f56dcc78ce4357054da888b8247fd\"},\"headline\":\"Pol\u00edcia Militar apreende nove armas de fogo e frustra a\u00e7\u00f5es criminosas na Grande Jo\u00e3o Pessoa\",\"datePublished\":\"2024-04-24T12:39:59+00:00\",\"dateModified\":\"2024-04-24T12:46:10+00:00\",\"mainEntityOfPage\":{\"@id\":\"https:\/\/www.pm.pb.gov.br\/portal\/2024\/04\/24\/policia-militar-apreende-nove-armas-de-fogo-e-frustra-acoes-criminosas-na-grande-joao-pessoa\/\"},\"wordCount\":384,\"publisher\":{\"@id\":\"https:\/\/www.pm.pb.gov.br\/portal\/#organization\"},\"articleSection\":[\"A\u00e7\u00f5es Policiais\"],\"inLanguage\":\"pt-BR\"},{\"@type\":\"WebPage\",\"@id\":\"https:\/\/www.pm.pb.gov.br\/portal\/2024\/04\/24\/policia-militar-apreende-nove-armas-de-fogo-e-frustra-acoes-criminosas-na-grande-joao-pessoa\/\",\"url\":\"https:\/\/www.pm.pb.gov.br\/portal\/2024\/04\/24\/policia-militar-apreende-nove-armas-de-fogo-e-frustra-acoes-criminosas-na-grande-joao-pessoa\/\",\"name\":\"Pol\u00edcia Militar apreende nove armas de fogo e frustra a\u00e7\u00f5es criminosas na Grande Jo\u00e3o Pessoa - Pol\u00edcia Militar da Para\u00edba\",\"isPartOf\":{\"@id\":\"https:\/\/www.pm.pb.gov.br\/portal\/#website\"},\"datePublished\":\"2024-04-24T12:39:59+00:00\",\"dateModified\":\"2024-04-24T12:46:10+00:00\",\"description\":\"Apreens\u00f5es aconteceram em cinco cidades, resultando em acusados presos, adolescentes apreendidos e ataques criminosos frustrados.\",\"breadcrumb\":{\"@id\":\"https:\/\/www.pm.pb.gov.br\/portal\/2024\/04\/24\/policia-militar-apreende-nove-armas-de-fogo-e-frustra-acoes-criminosas-na-grande-joao-pessoa\/#breadcrumb\"},\"inLanguage\":\"pt-BR\",\"potentialAction\":[{\"@type\":\"ReadAction\",\"target\":[\"https:\/\/www.pm.pb.gov.br\/portal\/2024\/04\/24\/policia-militar-apreende-nove-armas-de-fogo-e-frustra-acoes-criminosas-na-grande-joao-pessoa\/\"]}]},{\"@type\":\"BreadcrumbList\",\"@id\":\"https:\/\/www.pm.pb.gov.br\/portal\/2024\/04\/24\/policia-militar-apreende-nove-armas-de-fogo-e-frustra-acoes-criminosas-na-grande-joao-pessoa\/#breadcrumb\",\"itemListElement\":[{\"@type\":\"ListItem\",\"position\":1,\"name\":\"In\u00edcio\",\"item\":\"https:\/\/www.pm.pb.gov.br\/portal\/\"},{\"@type\":\"ListItem\",\"position\":2,\"name\":\"Pol\u00edcia Militar apreende nove armas de fogo e frustra a\u00e7\u00f5es criminosas na Grande Jo\u00e3o Pessoa\"}]},{\"@type\":\"WebSite\",\"@id\":\"https:\/\/www.pm.pb.gov.br\/portal\/#website\",\"url\":\"https:\/\/www.pm.pb.gov.br\/portal\/\",\"name\":\"Pol\u00edcia Militar da Para\u00edba\",\"description\":\"\",\"publisher\":{\"@id\":\"https:\/\/www.pm.pb.gov.br\/portal\/#organization\"},\"potentialAction\":[{\"@type\":\"SearchAction\",\"target\":{\"@type\":\"EntryPoint\",\"urlTemplate\":\"https:\/\/www.pm.pb.gov.br\/portal\/?s={search_term_string}\"},\"query-input\":\"required name=search_term_string\"}],\"inLanguage\":\"pt-BR\"},{\"@type\":\"Organization\",\"@id\":\"https:\/\/www.pm.pb.gov.br\/portal\/#organization\",\"name\":\"Pol\u00edcia Militar da Para\u00edba\",\"url\":\"https:\/\/www.pm.pb.gov.br\/portal\/\",\"logo\":{\"@type\":\"ImageObject\",\"inLanguage\":\"pt-BR\",\"@id\":\"https:\/\/www.pm.pb.gov.br\/portal\/#\/schema\/logo\/image\/\",\"url\":\"https:\/\/www.pm.pb.gov.br\/portal\/wp-content\/uploads\/2025\/03\/cropped-logo-site-mag2-1.png\",\"contentUrl\":\"https:\/\/www.pm.pb.gov.br\/portal\/wp-content\/uploads\/2025\/03\/cropped-logo-site-mag2-1.png\",\"width\":320,\"height\":90,\"caption\":\"Pol\u00edcia Militar da Para\u00edba\"},\"image\":{\"@id\":\"https:\/\/www.pm.pb.gov.br\/portal\/#\/schema\/logo\/image\/\"}},{\"@type\":\"Person\",\"@id\":\"https:\/\/www.pm.pb.gov.br\/portal\/#\/schema\/person\/f84f56dcc78ce4357054da888b8247fd\",\"name\":\"Tarcisio Oliveira\",\"image\":{\"@type\":\"ImageObject\",\"inLanguage\":\"pt-BR\",\"@id\":\"https:\/\/www.pm.pb.gov.br\/portal\/#\/schema\/person\/image\/\",\"url\":\"https:\/\/secure.gravatar.com\/avatar\/72917b630b69d31cd0297507f34bac97?s=96&d=mm&r=g\",\"contentUrl\":\"https:\/\/secure.gravatar.com\/avatar\/72917b630b69d31cd0297507f34bac97?s=96&d=mm&r=g\",\"caption\":\"Tarcisio Oliveira\"},\"url\":\"https:\/\/www.pm.pb.gov.br\/portal\/author\/tarcisio\/\"}]}<\/script>\n<!-- \/ Yoast SEO plugin. -->","yoast_head_json":{"title":"Pol\u00edcia Militar apreende nove armas de fogo e frustra a\u00e7\u00f5es criminosas na Grande Jo\u00e3o Pessoa - Pol\u00edcia Militar da Para\u00edba","description":"Apreens\u00f5es aconteceram em cinco cidades, resultando em acusados presos, adolescentes apreendidos e ataques criminosos frustrados.","robots":{"index":"index","follow":"follow","max-snippet":"max-snippet:-1","max-image-preview":"max-image-preview:large","max-video-preview":"max-video-preview:-1"},"canonical":"https:\/\/www.pm.pb.gov.br\/portal\/2024\/04\/24\/policia-militar-apreende-nove-armas-de-fogo-e-frustra-acoes-criminosas-na-grande-joao-pessoa\/","og_locale":"pt_BR","og_type":"article","og_title":"Pol\u00edcia Militar apreende nove armas de fogo e frustra a\u00e7\u00f5es criminosas na Grande Jo\u00e3o Pessoa - Pol\u00edcia Militar da Para\u00edba","og_description":"Apreens\u00f5es aconteceram em cinco cidades, resultando em acusados presos, adolescentes apreendidos e ataques criminosos frustrados.","og_url":"https:\/\/www.pm.pb.gov.br\/portal\/2024\/04\/24\/policia-militar-apreende-nove-armas-de-fogo-e-frustra-acoes-criminosas-na-grande-joao-pessoa\/","og_site_name":"Pol\u00edcia Militar da Para\u00edba","article_published_time":"2024-04-24T12:39:59+00:00","article_modified_time":"2024-04-24T12:46:10+00:00","og_image":[{"width":800,"height":445,"url":"http:\/\/www.pm.pb.gov.br\/portal\/wp-content\/uploads\/2024\/04\/WhatsApp-Image-2024-04-24-at-09.44.46.jpeg","type":"image\/jpeg"}],"author":"Tarcisio Oliveira","twitter_card":"summary_large_image","twitter_misc":{"Escrito por":"Tarcisio Oliveira","Est. tempo de leitura":"3 minutos"},"schema":{"@context":"https:\/\/schema.org","@graph":[{"@type":"Article","@id":"https:\/\/www.pm.pb.gov.br\/portal\/2024\/04\/24\/policia-militar-apreende-nove-armas-de-fogo-e-frustra-acoes-criminosas-na-grande-joao-pessoa\/#article","isPartOf":{"@id":"https:\/\/www.pm.pb.gov.br\/portal\/2024\/04\/24\/policia-militar-apreende-nove-armas-de-fogo-e-frustra-acoes-criminosas-na-grande-joao-pessoa\/"},"author":{"name":"Tarcisio Oliveira","@id":"https:\/\/www.pm.pb.gov.br\/portal\/#\/schema\/person\/f84f56dcc78ce4357054da888b8247fd"},"headline":"Pol\u00edcia Militar apreende nove armas de fogo e frustra a\u00e7\u00f5es criminosas na Grande Jo\u00e3o Pessoa","datePublished":"2024-04-24T12:39:59+00:00","dateModified":"2024-04-24T12:46:10+00:00","mainEntityOfPage":{"@id":"https:\/\/www.pm.pb.gov.br\/portal\/2024\/04\/24\/policia-militar-apreende-nove-armas-de-fogo-e-frustra-acoes-criminosas-na-grande-joao-pessoa\/"},"wordCount":384,"publisher":{"@id":"https:\/\/www.pm.pb.gov.br\/portal\/#organization"},"articleSection":["A\u00e7\u00f5es Policiais"],"inLanguage":"pt-BR"},{"@type":"WebPage","@id":"https:\/\/www.pm.pb.gov.br\/portal\/2024\/04\/24\/policia-militar-apreende-nove-armas-de-fogo-e-frustra-acoes-criminosas-na-grande-joao-pessoa\/","url":"https:\/\/www.pm.pb.gov.br\/portal\/2024\/04\/24\/policia-militar-apreende-nove-armas-de-fogo-e-frustra-acoes-criminosas-na-grande-joao-pessoa\/","name":"Pol\u00edcia Militar apreende nove armas de fogo e frustra a\u00e7\u00f5es criminosas na Grande Jo\u00e3o Pessoa - Pol\u00edcia Militar da Para\u00edba","isPartOf":{"@id":"https:\/\/www.pm.pb.gov.br\/portal\/#website"},"datePublished":"2024-04-24T12:39:59+00:00","dateModified":"2024-04-24T12:46:10+00:00","description":"Apreens\u00f5es aconteceram em cinco cidades, resultando em acusados presos, adolescentes apreendidos e ataques criminosos frustrados.","breadcrumb":{"@id":"https:\/\/www.pm.pb.gov.br\/portal\/2024\/04\/24\/policia-militar-apreende-nove-armas-de-fogo-e-frustra-acoes-criminosas-na-grande-joao-pessoa\/#breadcrumb"},"inLanguage":"pt-BR","potentialAction":[{"@type":"ReadAction","target":["https:\/\/www.pm.pb.gov.br\/portal\/2024\/04\/24\/policia-militar-apreende-nove-armas-de-fogo-e-frustra-acoes-criminosas-na-grande-joao-pessoa\/"]}]},{"@type":"BreadcrumbList","@id":"https:\/\/www.pm.pb.gov.br\/portal\/2024\/04\/24\/policia-militar-apreende-nove-armas-de-fogo-e-frustra-acoes-criminosas-na-grande-joao-pessoa\/#breadcrumb","itemListElement":[{"@type":"ListItem","position":1,"name":"In\u00edcio","item":"https:\/\/www.pm.pb.gov.br\/portal\/"},{"@type":"ListItem","position":2,"name":"Pol\u00edcia Militar apreende nove armas de fogo e frustra a\u00e7\u00f5es criminosas na Grande Jo\u00e3o Pessoa"}]},{"@type":"WebSite","@id":"https:\/\/www.pm.pb.gov.br\/portal\/#website","url":"https:\/\/www.pm.pb.gov.br\/portal\/","name":"Pol\u00edcia Militar da Para\u00edba","description":"","publisher":{"@id":"https:\/\/www.pm.pb.gov.br\/portal\/#organization"},"potentialAction":[{"@type":"SearchAction","target":{"@type":"EntryPoint","urlTemplate":"https:\/\/www.pm.pb.gov.br\/portal\/?s={search_term_string}"},"query-input":"required name=search_term_string"}],"inLanguage":"pt-BR"},{"@type":"Organization","@id":"https:\/\/www.pm.pb.gov.br\/portal\/#organization","name":"Pol\u00edcia Militar da Para\u00edba","url":"https:\/\/www.pm.pb.gov.br\/portal\/","logo":{"@type":"ImageObject","inLanguage":"pt-BR","@id":"https:\/\/www.pm.pb.gov.br\/portal\/#\/schema\/logo\/image\/","url":"https:\/\/www.pm.pb.gov.br\/portal\/wp-content\/uploads\/2025\/03\/cropped-logo-site-mag2-1.png","contentUrl":"https:\/\/www.pm.pb.gov.br\/portal\/wp-content\/uploads\/2025\/03\/cropped-logo-site-mag2-1.png","width":320,"height":90,"caption":"Pol\u00edcia Militar da Para\u00edba"},"image":{"@id":"https:\/\/www.pm.pb.gov.br\/portal\/#\/schema\/logo\/image\/"}},{"@type":"Person","@id":"https:\/\/www.pm.pb.gov.br\/portal\/#\/schema\/person\/f84f56dcc78ce4357054da888b8247fd","name":"Tarcisio Oliveira","image":{"@type":"ImageObject","inLanguage":"pt-BR","@id":"https:\/\/www.pm.pb.gov.br\/portal\/#\/schema\/person\/image\/","url":"https:\/\/secure.gravatar.com\/avatar\/72917b630b69d31cd0297507f34bac97?s=96&d=mm&r=g","contentUrl":"https:\/\/secure.gravatar.com\/avatar\/72917b630b69d31cd0297507f34bac97?s=96&d=mm&r=g","caption":"Tarcisio Oliveira"},"url":"https:\/\/www.pm.pb.gov.br\/portal\/author\/tarcisio\/"}]}},"_links":{"self":[{"href":"https:\/\/www.pm.pb.gov.br\/portal\/wp-json\/wp\/v2\/posts\/921841"}],"collection":[{"href":"https:\/\/www.pm.pb.gov.br\/portal\/wp-json\/wp\/v2\/posts"}],"about":[{"href":"https:\/\/www.pm.pb.gov.br\/portal\/wp-json\/wp\/v2\/types\/post"}],"author":[{"embeddable":true,"href":"https:\/\/www.pm.pb.gov.br\/portal\/wp-json\/wp\/v2\/users\/12"}],"replies":[{"embeddable":true,"href":"https:\/\/www.pm.pb.gov.br\/portal\/wp-json\/wp\/v2\/comments?post=921841"}],"version-history":[{"count":2,"href":"https:\/\/www.pm.pb.gov.br\/portal\/wp-json\/wp\/v2\/posts\/921841\/revisions"}],"predecessor-version":[{"id":921848,"href":"https:\/\/www.pm.pb.gov.br\/portal\/wp-json\/wp\/v2\/posts\/921841\/revisions\/921848"}],"wp:featuredmedia":[{"embeddable":true,"href":"https:\/\/www.pm.pb.gov.br\/portal\/wp-json\/wp\/v2\/media\/921842"}],"wp:attachment":[{"href":"https:\/\/www.pm.pb.gov.br\/portal\/wp-json\/wp\/v2\/media?parent=921841"}],"wp:term":[{"taxonomy":"category","embeddable":true,"href":"https:\/\/www.pm.pb.gov.br\/portal\/wp-json\/wp\/v2\/categories?post=921841"},{"taxonomy":"post_tag","embeddable":true,"href":"https:\/\/www.pm.pb.gov.br\/portal\/wp-json\/wp\/v2\/tags?post=921841"}],"curies":[{"name":"wp","href":"https:\/\/api.w.org\/{rel}","templated":true}]}}