{"id":921836,"date":"2024-04-22T11:32:17","date_gmt":"2024-04-22T14:32:17","guid":{"rendered":"https:\/\/www.pm.pb.gov.br\/portal\/?p=921836"},"modified":"2024-04-22T11:32:19","modified_gmt":"2024-04-22T14:32:19","slug":"resultado-31-armas-de-fogo-sao-apreendidas-em-final-de-semana-de-operacao-policial-na-paraiba","status":"publish","type":"post","link":"https:\/\/www.pm.pb.gov.br\/portal\/2024\/04\/22\/resultado-31-armas-de-fogo-sao-apreendidas-em-final-de-semana-de-operacao-policial-na-paraiba\/","title":{"rendered":"RESULTADO: 31 armas de fogo s\u00e3o apreendidas em final de semana de opera\u00e7\u00e3o policial na Para\u00edba"},"content":{"rendered":"\n<p>O final de semana da Opera\u00e7\u00e3o Tiradentes, realizada pela Pol\u00edcia Militar, resultou em 31 armas de fogo apreendidas na Para\u00edba. Da sexta-feira at\u00e9 este \u00faltimo domingo (21), 162 pessoas foram conduzidas para as delegacias, envolvidas em crimes ou atos infracionais.<\/p>\n<p>Os dados foram apresentados em um relat\u00f3rio do Estado-Maior Estrat\u00e9gico ao alto comando da institui\u00e7\u00e3o, que j\u00e1 planeja novas a\u00e7\u00f5es para a semana. Entre os presos est\u00e3o acusados de tr\u00e1fico de drogas, porte e posse ilegal de arma de fogo, foragidos da Justi\u00e7a ou que haviam quebrado regime prisional, acusados de roubos e furtos, adolescentes em atos infracionais, entre outros delitos. A intensifica\u00e7\u00e3o das abordagens em pontos estrat\u00e9gicos nas cidades paraibanas levou a captura de 22 acusados que tinham mandados de pris\u00e3o em aberto. A Opera\u00e7\u00e3o foi coordenada pelo pr\u00f3prio comandante-geral da PM, o coronel S\u00e9rgio Fonseca (fotos acima e abaixo).<\/p>\n<p><img loading=\"lazy\" decoding=\"async\" class=\" wp-image-921839 aligncenter\" src=\"http:\/\/www.pm.pb.gov.br\/portal\/wp-content\/uploads\/2024\/04\/WhatsApp-Image-2024-04-20-at-04.42.13-566x445.jpeg\" alt=\"\" width=\"511\" height=\"402\" srcset=\"https:\/\/www.pm.pb.gov.br\/portal\/wp-content\/uploads\/2024\/04\/WhatsApp-Image-2024-04-20-at-04.42.13-566x445.jpeg 566w, https:\/\/www.pm.pb.gov.br\/portal\/wp-content\/uploads\/2024\/04\/WhatsApp-Image-2024-04-20-at-04.42.13-725x570.jpeg 725w, https:\/\/www.pm.pb.gov.br\/portal\/wp-content\/uploads\/2024\/04\/WhatsApp-Image-2024-04-20-at-04.42.13-768x604.jpeg 768w, https:\/\/www.pm.pb.gov.br\/portal\/wp-content\/uploads\/2024\/04\/WhatsApp-Image-2024-04-20-at-04.42.13-1536x1208.jpeg 1536w, https:\/\/www.pm.pb.gov.br\/portal\/wp-content\/uploads\/2024\/04\/WhatsApp-Image-2024-04-20-at-04.42.13-2048x1610.jpeg 2048w\" sizes=\"(max-width: 511px) 100vw, 511px\" \/><\/p>\n<p>Mais de tr\u00eas quilos de drogas e 632 por\u00e7\u00f5es de entorpecentes foram retirados de circula\u00e7\u00e3o. A zona sul de Jo\u00e3o Pessoa, por exemplo, registrou quatro presos, tr\u00eas armas apreendidas e cerca de 500 por\u00e7\u00f5es de entorpecentes apreendidos. Em Santa Rita, a PM frustrou um ataque de grupo criminoso e apreendeu uma espingarda e dois rev\u00f3lveres. As a\u00e7\u00f5es preventivas devem continuar.<\/p>\n<p><img loading=\"lazy\" decoding=\"async\" class=\" wp-image-921834 aligncenter\" src=\"http:\/\/www.pm.pb.gov.br\/portal\/wp-content\/uploads\/2024\/04\/armas-santa-rita-623x445.jpg\" alt=\"\" width=\"512\" height=\"366\" srcset=\"https:\/\/www.pm.pb.gov.br\/portal\/wp-content\/uploads\/2024\/04\/armas-santa-rita-623x445.jpg 623w, https:\/\/www.pm.pb.gov.br\/portal\/wp-content\/uploads\/2024\/04\/armas-santa-rita-798x570.jpg 798w, https:\/\/www.pm.pb.gov.br\/portal\/wp-content\/uploads\/2024\/04\/armas-santa-rita-768x548.jpg 768w, https:\/\/www.pm.pb.gov.br\/portal\/wp-content\/uploads\/2024\/04\/armas-santa-rita-1536x1097.jpg 1536w, https:\/\/www.pm.pb.gov.br\/portal\/wp-content\/uploads\/2024\/04\/armas-santa-rita.jpg 1598w\" sizes=\"(max-width: 512px) 100vw, 512px\" \/><\/p>\n<p><img loading=\"lazy\" decoding=\"async\" class=\" wp-image-921826 aligncenter\" src=\"http:\/\/www.pm.pb.gov.br\/portal\/wp-content\/uploads\/2024\/04\/arma-e-drogas-Aratu-593x445.jpg\" alt=\"\" width=\"514\" height=\"386\" srcset=\"https:\/\/www.pm.pb.gov.br\/portal\/wp-content\/uploads\/2024\/04\/arma-e-drogas-Aratu-593x445.jpg 593w, https:\/\/www.pm.pb.gov.br\/portal\/wp-content\/uploads\/2024\/04\/arma-e-drogas-Aratu-760x570.jpg 760w, https:\/\/www.pm.pb.gov.br\/portal\/wp-content\/uploads\/2024\/04\/arma-e-drogas-Aratu-768x576.jpg 768w, https:\/\/www.pm.pb.gov.br\/portal\/wp-content\/uploads\/2024\/04\/arma-e-drogas-Aratu.jpg 1280w\" sizes=\"(max-width: 514px) 100vw, 514px\" \/><\/p>\n\n\n","protected":false},"excerpt":{"rendered":"<p>O final de semana da Opera\u00e7\u00e3o Tiradentes, realizada pela Pol\u00edcia Militar, resultou em 31 armas de fogo apreendidas na Para\u00edba.<\/p>\n","protected":false},"author":12,"featured_media":921838,"comment_status":"closed","ping_status":"closed","sticky":false,"template":"","format":"standard","meta":{"_exactmetrics_skip_tracking":false,"_exactmetrics_sitenote_active":false,"_exactmetrics_sitenote_note":"","_exactmetrics_sitenote_category":0,"footnotes":""},"categories":[4],"tags":[],"yoast_head":"<!-- This site is optimized with the Yoast SEO plugin v22.0 - https:\/\/yoast.com\/wordpress\/plugins\/seo\/ -->\n<title>RESULTADO: 31 armas de fogo s\u00e3o apreendidas em final de semana de opera\u00e7\u00e3o policial na Para\u00edba - Pol\u00edcia Militar da Para\u00edba<\/title>\n<meta name=\"description\" content=\"Da sexta-feira at\u00e9 este \u00faltimo domingo (21), 162 pessoas foram conduzidas para as delegacias, envolvidas em crimes ou atos infracionais.\" \/>\n<meta name=\"robots\" content=\"index, follow, max-snippet:-1, max-image-preview:large, max-video-preview:-1\" \/>\n<link rel=\"canonical\" href=\"https:\/\/www.pm.pb.gov.br\/portal\/2024\/04\/22\/resultado-31-armas-de-fogo-sao-apreendidas-em-final-de-semana-de-operacao-policial-na-paraiba\/\" \/>\n<meta property=\"og:locale\" content=\"pt_BR\" \/>\n<meta property=\"og:type\" content=\"article\" \/>\n<meta property=\"og:title\" content=\"RESULTADO: 31 armas de fogo s\u00e3o apreendidas em final de semana de opera\u00e7\u00e3o policial na Para\u00edba - Pol\u00edcia Militar da Para\u00edba\" \/>\n<meta property=\"og:description\" content=\"Da sexta-feira at\u00e9 este \u00faltimo domingo (21), 162 pessoas foram conduzidas para as delegacias, envolvidas em crimes ou atos infracionais.\" \/>\n<meta property=\"og:url\" content=\"https:\/\/www.pm.pb.gov.br\/portal\/2024\/04\/22\/resultado-31-armas-de-fogo-sao-apreendidas-em-final-de-semana-de-operacao-policial-na-paraiba\/\" \/>\n<meta property=\"og:site_name\" content=\"Pol\u00edcia Militar da Para\u00edba\" \/>\n<meta property=\"article:published_time\" content=\"2024-04-22T14:32:17+00:00\" \/>\n<meta property=\"article:modified_time\" content=\"2024-04-22T14:32:19+00:00\" \/>\n<meta property=\"og:image\" content=\"http:\/\/www.pm.pb.gov.br\/portal\/wp-content\/uploads\/2024\/04\/ilustrativa2.jpeg\" \/>\n\t<meta property=\"og:image:width\" content=\"800\" \/>\n\t<meta property=\"og:image:height\" content=\"445\" \/>\n\t<meta property=\"og:image:type\" content=\"image\/jpeg\" \/>\n<meta name=\"author\" content=\"Tarcisio Oliveira\" \/>\n<meta name=\"twitter:card\" content=\"summary_large_image\" \/>\n<meta name=\"twitter:label1\" content=\"Escrito por\" \/>\n\t<meta name=\"twitter:data1\" content=\"Tarcisio Oliveira\" \/>\n\t<meta name=\"twitter:label2\" content=\"Est. tempo de leitura\" \/>\n\t<meta name=\"twitter:data2\" content=\"2 minutos\" \/>\n<script type=\"application\/ld+json\" class=\"yoast-schema-graph\">{\"@context\":\"https:\/\/schema.org\",\"@graph\":[{\"@type\":\"Article\",\"@id\":\"https:\/\/www.pm.pb.gov.br\/portal\/2024\/04\/22\/resultado-31-armas-de-fogo-sao-apreendidas-em-final-de-semana-de-operacao-policial-na-paraiba\/#article\",\"isPartOf\":{\"@id\":\"https:\/\/www.pm.pb.gov.br\/portal\/2024\/04\/22\/resultado-31-armas-de-fogo-sao-apreendidas-em-final-de-semana-de-operacao-policial-na-paraiba\/\"},\"author\":{\"name\":\"Tarcisio Oliveira\",\"@id\":\"https:\/\/www.pm.pb.gov.br\/portal\/#\/schema\/person\/f84f56dcc78ce4357054da888b8247fd\"},\"headline\":\"RESULTADO: 31 armas de fogo s\u00e3o apreendidas em final de semana de opera\u00e7\u00e3o policial na Para\u00edba\",\"datePublished\":\"2024-04-22T14:32:17+00:00\",\"dateModified\":\"2024-04-22T14:32:19+00:00\",\"mainEntityOfPage\":{\"@id\":\"https:\/\/www.pm.pb.gov.br\/portal\/2024\/04\/22\/resultado-31-armas-de-fogo-sao-apreendidas-em-final-de-semana-de-operacao-policial-na-paraiba\/\"},\"wordCount\":237,\"publisher\":{\"@id\":\"https:\/\/www.pm.pb.gov.br\/portal\/#organization\"},\"articleSection\":[\"A\u00e7\u00f5es Policiais\"],\"inLanguage\":\"pt-BR\"},{\"@type\":\"WebPage\",\"@id\":\"https:\/\/www.pm.pb.gov.br\/portal\/2024\/04\/22\/resultado-31-armas-de-fogo-sao-apreendidas-em-final-de-semana-de-operacao-policial-na-paraiba\/\",\"url\":\"https:\/\/www.pm.pb.gov.br\/portal\/2024\/04\/22\/resultado-31-armas-de-fogo-sao-apreendidas-em-final-de-semana-de-operacao-policial-na-paraiba\/\",\"name\":\"RESULTADO: 31 armas de fogo s\u00e3o apreendidas em final de semana de opera\u00e7\u00e3o policial na Para\u00edba - Pol\u00edcia Militar da Para\u00edba\",\"isPartOf\":{\"@id\":\"https:\/\/www.pm.pb.gov.br\/portal\/#website\"},\"datePublished\":\"2024-04-22T14:32:17+00:00\",\"dateModified\":\"2024-04-22T14:32:19+00:00\",\"description\":\"Da sexta-feira at\u00e9 este \u00faltimo domingo (21), 162 pessoas foram conduzidas para as delegacias, envolvidas em crimes ou atos infracionais.\",\"breadcrumb\":{\"@id\":\"https:\/\/www.pm.pb.gov.br\/portal\/2024\/04\/22\/resultado-31-armas-de-fogo-sao-apreendidas-em-final-de-semana-de-operacao-policial-na-paraiba\/#breadcrumb\"},\"inLanguage\":\"pt-BR\",\"potentialAction\":[{\"@type\":\"ReadAction\",\"target\":[\"https:\/\/www.pm.pb.gov.br\/portal\/2024\/04\/22\/resultado-31-armas-de-fogo-sao-apreendidas-em-final-de-semana-de-operacao-policial-na-paraiba\/\"]}]},{\"@type\":\"BreadcrumbList\",\"@id\":\"https:\/\/www.pm.pb.gov.br\/portal\/2024\/04\/22\/resultado-31-armas-de-fogo-sao-apreendidas-em-final-de-semana-de-operacao-policial-na-paraiba\/#breadcrumb\",\"itemListElement\":[{\"@type\":\"ListItem\",\"position\":1,\"name\":\"In\u00edcio\",\"item\":\"https:\/\/www.pm.pb.gov.br\/portal\/\"},{\"@type\":\"ListItem\",\"position\":2,\"name\":\"RESULTADO: 31 armas de fogo s\u00e3o apreendidas em final de semana de opera\u00e7\u00e3o policial na Para\u00edba\"}]},{\"@type\":\"WebSite\",\"@id\":\"https:\/\/www.pm.pb.gov.br\/portal\/#website\",\"url\":\"https:\/\/www.pm.pb.gov.br\/portal\/\",\"name\":\"Pol\u00edcia Militar da Para\u00edba\",\"description\":\"\",\"publisher\":{\"@id\":\"https:\/\/www.pm.pb.gov.br\/portal\/#organization\"},\"potentialAction\":[{\"@type\":\"SearchAction\",\"target\":{\"@type\":\"EntryPoint\",\"urlTemplate\":\"https:\/\/www.pm.pb.gov.br\/portal\/?s={search_term_string}\"},\"query-input\":\"required name=search_term_string\"}],\"inLanguage\":\"pt-BR\"},{\"@type\":\"Organization\",\"@id\":\"https:\/\/www.pm.pb.gov.br\/portal\/#organization\",\"name\":\"Pol\u00edcia Militar da Para\u00edba\",\"url\":\"https:\/\/www.pm.pb.gov.br\/portal\/\",\"logo\":{\"@type\":\"ImageObject\",\"inLanguage\":\"pt-BR\",\"@id\":\"https:\/\/www.pm.pb.gov.br\/portal\/#\/schema\/logo\/image\/\",\"url\":\"https:\/\/www.pm.pb.gov.br\/portal\/wp-content\/uploads\/2025\/03\/cropped-logo-site-mag2-1.png\",\"contentUrl\":\"https:\/\/www.pm.pb.gov.br\/portal\/wp-content\/uploads\/2025\/03\/cropped-logo-site-mag2-1.png\",\"width\":320,\"height\":90,\"caption\":\"Pol\u00edcia Militar da Para\u00edba\"},\"image\":{\"@id\":\"https:\/\/www.pm.pb.gov.br\/portal\/#\/schema\/logo\/image\/\"}},{\"@type\":\"Person\",\"@id\":\"https:\/\/www.pm.pb.gov.br\/portal\/#\/schema\/person\/f84f56dcc78ce4357054da888b8247fd\",\"name\":\"Tarcisio Oliveira\",\"image\":{\"@type\":\"ImageObject\",\"inLanguage\":\"pt-BR\",\"@id\":\"https:\/\/www.pm.pb.gov.br\/portal\/#\/schema\/person\/image\/\",\"url\":\"https:\/\/secure.gravatar.com\/avatar\/72917b630b69d31cd0297507f34bac97?s=96&d=mm&r=g\",\"contentUrl\":\"https:\/\/secure.gravatar.com\/avatar\/72917b630b69d31cd0297507f34bac97?s=96&d=mm&r=g\",\"caption\":\"Tarcisio Oliveira\"},\"url\":\"https:\/\/www.pm.pb.gov.br\/portal\/author\/tarcisio\/\"}]}<\/script>\n<!-- \/ Yoast SEO plugin. -->","yoast_head_json":{"title":"RESULTADO: 31 armas de fogo s\u00e3o apreendidas em final de semana de opera\u00e7\u00e3o policial na Para\u00edba - Pol\u00edcia Militar da Para\u00edba","description":"Da sexta-feira at\u00e9 este \u00faltimo domingo (21), 162 pessoas foram conduzidas para as delegacias, envolvidas em crimes ou atos infracionais.","robots":{"index":"index","follow":"follow","max-snippet":"max-snippet:-1","max-image-preview":"max-image-preview:large","max-video-preview":"max-video-preview:-1"},"canonical":"https:\/\/www.pm.pb.gov.br\/portal\/2024\/04\/22\/resultado-31-armas-de-fogo-sao-apreendidas-em-final-de-semana-de-operacao-policial-na-paraiba\/","og_locale":"pt_BR","og_type":"article","og_title":"RESULTADO: 31 armas de fogo s\u00e3o apreendidas em final de semana de opera\u00e7\u00e3o policial na Para\u00edba - Pol\u00edcia Militar da Para\u00edba","og_description":"Da sexta-feira at\u00e9 este \u00faltimo domingo (21), 162 pessoas foram conduzidas para as delegacias, envolvidas em crimes ou atos infracionais.","og_url":"https:\/\/www.pm.pb.gov.br\/portal\/2024\/04\/22\/resultado-31-armas-de-fogo-sao-apreendidas-em-final-de-semana-de-operacao-policial-na-paraiba\/","og_site_name":"Pol\u00edcia Militar da Para\u00edba","article_published_time":"2024-04-22T14:32:17+00:00","article_modified_time":"2024-04-22T14:32:19+00:00","og_image":[{"width":800,"height":445,"url":"http:\/\/www.pm.pb.gov.br\/portal\/wp-content\/uploads\/2024\/04\/ilustrativa2.jpeg","type":"image\/jpeg"}],"author":"Tarcisio Oliveira","twitter_card":"summary_large_image","twitter_misc":{"Escrito por":"Tarcisio Oliveira","Est. tempo de leitura":"2 minutos"},"schema":{"@context":"https:\/\/schema.org","@graph":[{"@type":"Article","@id":"https:\/\/www.pm.pb.gov.br\/portal\/2024\/04\/22\/resultado-31-armas-de-fogo-sao-apreendidas-em-final-de-semana-de-operacao-policial-na-paraiba\/#article","isPartOf":{"@id":"https:\/\/www.pm.pb.gov.br\/portal\/2024\/04\/22\/resultado-31-armas-de-fogo-sao-apreendidas-em-final-de-semana-de-operacao-policial-na-paraiba\/"},"author":{"name":"Tarcisio Oliveira","@id":"https:\/\/www.pm.pb.gov.br\/portal\/#\/schema\/person\/f84f56dcc78ce4357054da888b8247fd"},"headline":"RESULTADO: 31 armas de fogo s\u00e3o apreendidas em final de semana de opera\u00e7\u00e3o policial na Para\u00edba","datePublished":"2024-04-22T14:32:17+00:00","dateModified":"2024-04-22T14:32:19+00:00","mainEntityOfPage":{"@id":"https:\/\/www.pm.pb.gov.br\/portal\/2024\/04\/22\/resultado-31-armas-de-fogo-sao-apreendidas-em-final-de-semana-de-operacao-policial-na-paraiba\/"},"wordCount":237,"publisher":{"@id":"https:\/\/www.pm.pb.gov.br\/portal\/#organization"},"articleSection":["A\u00e7\u00f5es Policiais"],"inLanguage":"pt-BR"},{"@type":"WebPage","@id":"https:\/\/www.pm.pb.gov.br\/portal\/2024\/04\/22\/resultado-31-armas-de-fogo-sao-apreendidas-em-final-de-semana-de-operacao-policial-na-paraiba\/","url":"https:\/\/www.pm.pb.gov.br\/portal\/2024\/04\/22\/resultado-31-armas-de-fogo-sao-apreendidas-em-final-de-semana-de-operacao-policial-na-paraiba\/","name":"RESULTADO: 31 armas de fogo s\u00e3o apreendidas em final de semana de opera\u00e7\u00e3o policial na Para\u00edba - Pol\u00edcia Militar da Para\u00edba","isPartOf":{"@id":"https:\/\/www.pm.pb.gov.br\/portal\/#website"},"datePublished":"2024-04-22T14:32:17+00:00","dateModified":"2024-04-22T14:32:19+00:00","description":"Da sexta-feira at\u00e9 este \u00faltimo domingo (21), 162 pessoas foram conduzidas para as delegacias, envolvidas em crimes ou atos infracionais.","breadcrumb":{"@id":"https:\/\/www.pm.pb.gov.br\/portal\/2024\/04\/22\/resultado-31-armas-de-fogo-sao-apreendidas-em-final-de-semana-de-operacao-policial-na-paraiba\/#breadcrumb"},"inLanguage":"pt-BR","potentialAction":[{"@type":"ReadAction","target":["https:\/\/www.pm.pb.gov.br\/portal\/2024\/04\/22\/resultado-31-armas-de-fogo-sao-apreendidas-em-final-de-semana-de-operacao-policial-na-paraiba\/"]}]},{"@type":"BreadcrumbList","@id":"https:\/\/www.pm.pb.gov.br\/portal\/2024\/04\/22\/resultado-31-armas-de-fogo-sao-apreendidas-em-final-de-semana-de-operacao-policial-na-paraiba\/#breadcrumb","itemListElement":[{"@type":"ListItem","position":1,"name":"In\u00edcio","item":"https:\/\/www.pm.pb.gov.br\/portal\/"},{"@type":"ListItem","position":2,"name":"RESULTADO: 31 armas de fogo s\u00e3o apreendidas em final de semana de opera\u00e7\u00e3o policial na Para\u00edba"}]},{"@type":"WebSite","@id":"https:\/\/www.pm.pb.gov.br\/portal\/#website","url":"https:\/\/www.pm.pb.gov.br\/portal\/","name":"Pol\u00edcia Militar da Para\u00edba","description":"","publisher":{"@id":"https:\/\/www.pm.pb.gov.br\/portal\/#organization"},"potentialAction":[{"@type":"SearchAction","target":{"@type":"EntryPoint","urlTemplate":"https:\/\/www.pm.pb.gov.br\/portal\/?s={search_term_string}"},"query-input":"required name=search_term_string"}],"inLanguage":"pt-BR"},{"@type":"Organization","@id":"https:\/\/www.pm.pb.gov.br\/portal\/#organization","name":"Pol\u00edcia Militar da Para\u00edba","url":"https:\/\/www.pm.pb.gov.br\/portal\/","logo":{"@type":"ImageObject","inLanguage":"pt-BR","@id":"https:\/\/www.pm.pb.gov.br\/portal\/#\/schema\/logo\/image\/","url":"https:\/\/www.pm.pb.gov.br\/portal\/wp-content\/uploads\/2025\/03\/cropped-logo-site-mag2-1.png","contentUrl":"https:\/\/www.pm.pb.gov.br\/portal\/wp-content\/uploads\/2025\/03\/cropped-logo-site-mag2-1.png","width":320,"height":90,"caption":"Pol\u00edcia Militar da Para\u00edba"},"image":{"@id":"https:\/\/www.pm.pb.gov.br\/portal\/#\/schema\/logo\/image\/"}},{"@type":"Person","@id":"https:\/\/www.pm.pb.gov.br\/portal\/#\/schema\/person\/f84f56dcc78ce4357054da888b8247fd","name":"Tarcisio Oliveira","image":{"@type":"ImageObject","inLanguage":"pt-BR","@id":"https:\/\/www.pm.pb.gov.br\/portal\/#\/schema\/person\/image\/","url":"https:\/\/secure.gravatar.com\/avatar\/72917b630b69d31cd0297507f34bac97?s=96&d=mm&r=g","contentUrl":"https:\/\/secure.gravatar.com\/avatar\/72917b630b69d31cd0297507f34bac97?s=96&d=mm&r=g","caption":"Tarcisio Oliveira"},"url":"https:\/\/www.pm.pb.gov.br\/portal\/author\/tarcisio\/"}]}},"_links":{"self":[{"href":"https:\/\/www.pm.pb.gov.br\/portal\/wp-json\/wp\/v2\/posts\/921836"}],"collection":[{"href":"https:\/\/www.pm.pb.gov.br\/portal\/wp-json\/wp\/v2\/posts"}],"about":[{"href":"https:\/\/www.pm.pb.gov.br\/portal\/wp-json\/wp\/v2\/types\/post"}],"author":[{"embeddable":true,"href":"https:\/\/www.pm.pb.gov.br\/portal\/wp-json\/wp\/v2\/users\/12"}],"replies":[{"embeddable":true,"href":"https:\/\/www.pm.pb.gov.br\/portal\/wp-json\/wp\/v2\/comments?post=921836"}],"version-history":[{"count":1,"href":"https:\/\/www.pm.pb.gov.br\/portal\/wp-json\/wp\/v2\/posts\/921836\/revisions"}],"predecessor-version":[{"id":921840,"href":"https:\/\/www.pm.pb.gov.br\/portal\/wp-json\/wp\/v2\/posts\/921836\/revisions\/921840"}],"wp:featuredmedia":[{"embeddable":true,"href":"https:\/\/www.pm.pb.gov.br\/portal\/wp-json\/wp\/v2\/media\/921838"}],"wp:attachment":[{"href":"https:\/\/www.pm.pb.gov.br\/portal\/wp-json\/wp\/v2\/media?parent=921836"}],"wp:term":[{"taxonomy":"category","embeddable":true,"href":"https:\/\/www.pm.pb.gov.br\/portal\/wp-json\/wp\/v2\/categories?post=921836"},{"taxonomy":"post_tag","embeddable":true,"href":"https:\/\/www.pm.pb.gov.br\/portal\/wp-json\/wp\/v2\/tags?post=921836"}],"curies":[{"name":"wp","href":"https:\/\/api.w.org\/{rel}","templated":true}]}}