{"id":921814,"date":"2024-04-19T13:16:38","date_gmt":"2024-04-19T16:16:38","guid":{"rendered":"https:\/\/www.pm.pb.gov.br\/portal\/?p=921814"},"modified":"2024-04-19T13:16:39","modified_gmt":"2024-04-19T16:16:39","slug":"policia-militar-apreende-59a-arma-de-fogo-em-cabedelo-neste-ano","status":"publish","type":"post","link":"https:\/\/www.pm.pb.gov.br\/portal\/2024\/04\/19\/policia-militar-apreende-59a-arma-de-fogo-em-cabedelo-neste-ano\/","title":{"rendered":"Pol\u00edcia Militar apreende 59\u00aa arma de fogo em Cabedelo neste ano"},"content":{"rendered":"\n<p><img loading=\"lazy\" decoding=\"async\" class=\"size-medium wp-image-921815 alignright\" src=\"http:\/\/www.pm.pb.gov.br\/portal\/wp-content\/uploads\/2024\/04\/WhatsApp-Image-2024-04-19-at-13.00.31-250x445.jpeg\" alt=\"\" width=\"250\" height=\"445\" srcset=\"https:\/\/www.pm.pb.gov.br\/portal\/wp-content\/uploads\/2024\/04\/WhatsApp-Image-2024-04-19-at-13.00.31-250x445.jpeg 250w, https:\/\/www.pm.pb.gov.br\/portal\/wp-content\/uploads\/2024\/04\/WhatsApp-Image-2024-04-19-at-13.00.31-321x570.jpeg 321w, https:\/\/www.pm.pb.gov.br\/portal\/wp-content\/uploads\/2024\/04\/WhatsApp-Image-2024-04-19-at-13.00.31.jpeg 720w\" sizes=\"(max-width: 250px) 100vw, 250px\" \/>A semana est\u00e1 terminando, mas o trabalho de combate a criminalidade em Cabedelo continua forte (foto acima ilustrativa). Nesta sexta-feira (19), a 59\u00aa arma de fogo foi apreendida pela Pol\u00edcia Militar somente neste ano na regi\u00e3o. Dessa vez, um rev\u00f3lver e muni\u00e7\u00f5es (foto ao lado) foram localizadas com um homem que foi preso na comunidade Pontilh\u00e3o, e encaminhado para a 7\u00aa Delegacia Distrital.<\/p>\n<p>A a\u00e7\u00e3o da PM foi realizada pela 6\u00aa Companhia Independente que, somente nesta semana, apreendeu mais quatro armas de fogo prendendo acusados de diversos delitos. De janeiro at\u00e9 agora foram 59 armas apreendidas de diversos calibres, com acusados que integram grupos criminosos. As ocorr\u00eancias foram encaminhadas para as devidas apura\u00e7\u00f5es.<\/p>\n<p>Novas a\u00e7\u00f5es devem acontecer neste final de semana e com o refor\u00e7o do policiamento da Opera\u00e7\u00e3o Tiradentes.<\/p>\n\n\n","protected":false},"excerpt":{"rendered":"<p>A semana est\u00e1 terminando, mas o trabalho de combate a criminalidade em Cabedelo continua forte (foto acima ilustrativa). Nesta sexta-feira<\/p>\n","protected":false},"author":12,"featured_media":918749,"comment_status":"closed","ping_status":"closed","sticky":false,"template":"","format":"standard","meta":{"_exactmetrics_skip_tracking":false,"_exactmetrics_sitenote_active":false,"_exactmetrics_sitenote_note":"","_exactmetrics_sitenote_category":0,"footnotes":""},"categories":[4],"tags":[],"yoast_head":"<!-- This site is optimized with the Yoast SEO plugin v22.0 - https:\/\/yoast.com\/wordpress\/plugins\/seo\/ -->\n<title>Pol\u00edcia Militar apreende 59\u00aa arma de fogo em Cabedelo neste ano - Pol\u00edcia Militar da Para\u00edba<\/title>\n<meta name=\"description\" content=\"Novas a\u00e7\u00f5es devem acontecer neste final de semana e com o refor\u00e7o do policiamento da Opera\u00e7\u00e3o Tiradentes.\" \/>\n<meta name=\"robots\" content=\"index, follow, max-snippet:-1, max-image-preview:large, max-video-preview:-1\" \/>\n<link rel=\"canonical\" href=\"https:\/\/www.pm.pb.gov.br\/portal\/2024\/04\/19\/policia-militar-apreende-59a-arma-de-fogo-em-cabedelo-neste-ano\/\" \/>\n<meta property=\"og:locale\" content=\"pt_BR\" \/>\n<meta property=\"og:type\" content=\"article\" \/>\n<meta property=\"og:title\" content=\"Pol\u00edcia Militar apreende 59\u00aa arma de fogo em Cabedelo neste ano - Pol\u00edcia Militar da Para\u00edba\" \/>\n<meta property=\"og:description\" content=\"Novas a\u00e7\u00f5es devem acontecer neste final de semana e com o refor\u00e7o do policiamento da Opera\u00e7\u00e3o Tiradentes.\" \/>\n<meta property=\"og:url\" content=\"https:\/\/www.pm.pb.gov.br\/portal\/2024\/04\/19\/policia-militar-apreende-59a-arma-de-fogo-em-cabedelo-neste-ano\/\" \/>\n<meta property=\"og:site_name\" content=\"Pol\u00edcia Militar da Para\u00edba\" \/>\n<meta property=\"article:published_time\" content=\"2024-04-19T16:16:38+00:00\" \/>\n<meta property=\"article:modified_time\" content=\"2024-04-19T16:16:39+00:00\" \/>\n<meta property=\"og:image\" content=\"http:\/\/www.pm.pb.gov.br\/portal\/wp-content\/uploads\/2023\/10\/cabedelo22.jpeg\" \/>\n\t<meta property=\"og:image:width\" content=\"800\" \/>\n\t<meta property=\"og:image:height\" content=\"450\" \/>\n\t<meta property=\"og:image:type\" content=\"image\/jpeg\" \/>\n<meta name=\"author\" content=\"Tarcisio Oliveira\" \/>\n<meta name=\"twitter:card\" content=\"summary_large_image\" \/>\n<meta name=\"twitter:label1\" content=\"Escrito por\" \/>\n\t<meta name=\"twitter:data1\" content=\"Tarcisio Oliveira\" \/>\n\t<meta name=\"twitter:label2\" content=\"Est. tempo de leitura\" \/>\n\t<meta name=\"twitter:data2\" content=\"2 minutos\" \/>\n<script type=\"application\/ld+json\" class=\"yoast-schema-graph\">{\"@context\":\"https:\/\/schema.org\",\"@graph\":[{\"@type\":\"Article\",\"@id\":\"https:\/\/www.pm.pb.gov.br\/portal\/2024\/04\/19\/policia-militar-apreende-59a-arma-de-fogo-em-cabedelo-neste-ano\/#article\",\"isPartOf\":{\"@id\":\"https:\/\/www.pm.pb.gov.br\/portal\/2024\/04\/19\/policia-militar-apreende-59a-arma-de-fogo-em-cabedelo-neste-ano\/\"},\"author\":{\"name\":\"Tarcisio Oliveira\",\"@id\":\"https:\/\/www.pm.pb.gov.br\/portal\/#\/schema\/person\/f84f56dcc78ce4357054da888b8247fd\"},\"headline\":\"Pol\u00edcia Militar apreende 59\u00aa arma de fogo em Cabedelo neste ano\",\"datePublished\":\"2024-04-19T16:16:38+00:00\",\"dateModified\":\"2024-04-19T16:16:39+00:00\",\"mainEntityOfPage\":{\"@id\":\"https:\/\/www.pm.pb.gov.br\/portal\/2024\/04\/19\/policia-militar-apreende-59a-arma-de-fogo-em-cabedelo-neste-ano\/\"},\"wordCount\":147,\"publisher\":{\"@id\":\"https:\/\/www.pm.pb.gov.br\/portal\/#organization\"},\"articleSection\":[\"A\u00e7\u00f5es Policiais\"],\"inLanguage\":\"pt-BR\"},{\"@type\":\"WebPage\",\"@id\":\"https:\/\/www.pm.pb.gov.br\/portal\/2024\/04\/19\/policia-militar-apreende-59a-arma-de-fogo-em-cabedelo-neste-ano\/\",\"url\":\"https:\/\/www.pm.pb.gov.br\/portal\/2024\/04\/19\/policia-militar-apreende-59a-arma-de-fogo-em-cabedelo-neste-ano\/\",\"name\":\"Pol\u00edcia Militar apreende 59\u00aa arma de fogo em Cabedelo neste ano - Pol\u00edcia Militar da Para\u00edba\",\"isPartOf\":{\"@id\":\"https:\/\/www.pm.pb.gov.br\/portal\/#website\"},\"datePublished\":\"2024-04-19T16:16:38+00:00\",\"dateModified\":\"2024-04-19T16:16:39+00:00\",\"description\":\"Novas a\u00e7\u00f5es devem acontecer neste final de semana e com o refor\u00e7o do policiamento da Opera\u00e7\u00e3o Tiradentes.\",\"breadcrumb\":{\"@id\":\"https:\/\/www.pm.pb.gov.br\/portal\/2024\/04\/19\/policia-militar-apreende-59a-arma-de-fogo-em-cabedelo-neste-ano\/#breadcrumb\"},\"inLanguage\":\"pt-BR\",\"potentialAction\":[{\"@type\":\"ReadAction\",\"target\":[\"https:\/\/www.pm.pb.gov.br\/portal\/2024\/04\/19\/policia-militar-apreende-59a-arma-de-fogo-em-cabedelo-neste-ano\/\"]}]},{\"@type\":\"BreadcrumbList\",\"@id\":\"https:\/\/www.pm.pb.gov.br\/portal\/2024\/04\/19\/policia-militar-apreende-59a-arma-de-fogo-em-cabedelo-neste-ano\/#breadcrumb\",\"itemListElement\":[{\"@type\":\"ListItem\",\"position\":1,\"name\":\"In\u00edcio\",\"item\":\"https:\/\/www.pm.pb.gov.br\/portal\/\"},{\"@type\":\"ListItem\",\"position\":2,\"name\":\"Pol\u00edcia Militar apreende 59\u00aa arma de fogo em Cabedelo neste ano\"}]},{\"@type\":\"WebSite\",\"@id\":\"https:\/\/www.pm.pb.gov.br\/portal\/#website\",\"url\":\"https:\/\/www.pm.pb.gov.br\/portal\/\",\"name\":\"Pol\u00edcia Militar da Para\u00edba\",\"description\":\"\",\"publisher\":{\"@id\":\"https:\/\/www.pm.pb.gov.br\/portal\/#organization\"},\"potentialAction\":[{\"@type\":\"SearchAction\",\"target\":{\"@type\":\"EntryPoint\",\"urlTemplate\":\"https:\/\/www.pm.pb.gov.br\/portal\/?s={search_term_string}\"},\"query-input\":\"required name=search_term_string\"}],\"inLanguage\":\"pt-BR\"},{\"@type\":\"Organization\",\"@id\":\"https:\/\/www.pm.pb.gov.br\/portal\/#organization\",\"name\":\"Pol\u00edcia Militar da Para\u00edba\",\"url\":\"https:\/\/www.pm.pb.gov.br\/portal\/\",\"logo\":{\"@type\":\"ImageObject\",\"inLanguage\":\"pt-BR\",\"@id\":\"https:\/\/www.pm.pb.gov.br\/portal\/#\/schema\/logo\/image\/\",\"url\":\"https:\/\/www.pm.pb.gov.br\/portal\/wp-content\/uploads\/2025\/03\/cropped-logo-site-mag2-1.png\",\"contentUrl\":\"https:\/\/www.pm.pb.gov.br\/portal\/wp-content\/uploads\/2025\/03\/cropped-logo-site-mag2-1.png\",\"width\":320,\"height\":90,\"caption\":\"Pol\u00edcia Militar da Para\u00edba\"},\"image\":{\"@id\":\"https:\/\/www.pm.pb.gov.br\/portal\/#\/schema\/logo\/image\/\"}},{\"@type\":\"Person\",\"@id\":\"https:\/\/www.pm.pb.gov.br\/portal\/#\/schema\/person\/f84f56dcc78ce4357054da888b8247fd\",\"name\":\"Tarcisio Oliveira\",\"image\":{\"@type\":\"ImageObject\",\"inLanguage\":\"pt-BR\",\"@id\":\"https:\/\/www.pm.pb.gov.br\/portal\/#\/schema\/person\/image\/\",\"url\":\"https:\/\/secure.gravatar.com\/avatar\/72917b630b69d31cd0297507f34bac97?s=96&d=mm&r=g\",\"contentUrl\":\"https:\/\/secure.gravatar.com\/avatar\/72917b630b69d31cd0297507f34bac97?s=96&d=mm&r=g\",\"caption\":\"Tarcisio Oliveira\"},\"url\":\"https:\/\/www.pm.pb.gov.br\/portal\/author\/tarcisio\/\"}]}<\/script>\n<!-- \/ Yoast SEO plugin. -->","yoast_head_json":{"title":"Pol\u00edcia Militar apreende 59\u00aa arma de fogo em Cabedelo neste ano - Pol\u00edcia Militar da Para\u00edba","description":"Novas a\u00e7\u00f5es devem acontecer neste final de semana e com o refor\u00e7o do policiamento da Opera\u00e7\u00e3o Tiradentes.","robots":{"index":"index","follow":"follow","max-snippet":"max-snippet:-1","max-image-preview":"max-image-preview:large","max-video-preview":"max-video-preview:-1"},"canonical":"https:\/\/www.pm.pb.gov.br\/portal\/2024\/04\/19\/policia-militar-apreende-59a-arma-de-fogo-em-cabedelo-neste-ano\/","og_locale":"pt_BR","og_type":"article","og_title":"Pol\u00edcia Militar apreende 59\u00aa arma de fogo em Cabedelo neste ano - Pol\u00edcia Militar da Para\u00edba","og_description":"Novas a\u00e7\u00f5es devem acontecer neste final de semana e com o refor\u00e7o do policiamento da Opera\u00e7\u00e3o Tiradentes.","og_url":"https:\/\/www.pm.pb.gov.br\/portal\/2024\/04\/19\/policia-militar-apreende-59a-arma-de-fogo-em-cabedelo-neste-ano\/","og_site_name":"Pol\u00edcia Militar da Para\u00edba","article_published_time":"2024-04-19T16:16:38+00:00","article_modified_time":"2024-04-19T16:16:39+00:00","og_image":[{"width":800,"height":450,"url":"http:\/\/www.pm.pb.gov.br\/portal\/wp-content\/uploads\/2023\/10\/cabedelo22.jpeg","type":"image\/jpeg"}],"author":"Tarcisio Oliveira","twitter_card":"summary_large_image","twitter_misc":{"Escrito por":"Tarcisio Oliveira","Est. tempo de leitura":"2 minutos"},"schema":{"@context":"https:\/\/schema.org","@graph":[{"@type":"Article","@id":"https:\/\/www.pm.pb.gov.br\/portal\/2024\/04\/19\/policia-militar-apreende-59a-arma-de-fogo-em-cabedelo-neste-ano\/#article","isPartOf":{"@id":"https:\/\/www.pm.pb.gov.br\/portal\/2024\/04\/19\/policia-militar-apreende-59a-arma-de-fogo-em-cabedelo-neste-ano\/"},"author":{"name":"Tarcisio Oliveira","@id":"https:\/\/www.pm.pb.gov.br\/portal\/#\/schema\/person\/f84f56dcc78ce4357054da888b8247fd"},"headline":"Pol\u00edcia Militar apreende 59\u00aa arma de fogo em Cabedelo neste ano","datePublished":"2024-04-19T16:16:38+00:00","dateModified":"2024-04-19T16:16:39+00:00","mainEntityOfPage":{"@id":"https:\/\/www.pm.pb.gov.br\/portal\/2024\/04\/19\/policia-militar-apreende-59a-arma-de-fogo-em-cabedelo-neste-ano\/"},"wordCount":147,"publisher":{"@id":"https:\/\/www.pm.pb.gov.br\/portal\/#organization"},"articleSection":["A\u00e7\u00f5es Policiais"],"inLanguage":"pt-BR"},{"@type":"WebPage","@id":"https:\/\/www.pm.pb.gov.br\/portal\/2024\/04\/19\/policia-militar-apreende-59a-arma-de-fogo-em-cabedelo-neste-ano\/","url":"https:\/\/www.pm.pb.gov.br\/portal\/2024\/04\/19\/policia-militar-apreende-59a-arma-de-fogo-em-cabedelo-neste-ano\/","name":"Pol\u00edcia Militar apreende 59\u00aa arma de fogo em Cabedelo neste ano - Pol\u00edcia Militar da Para\u00edba","isPartOf":{"@id":"https:\/\/www.pm.pb.gov.br\/portal\/#website"},"datePublished":"2024-04-19T16:16:38+00:00","dateModified":"2024-04-19T16:16:39+00:00","description":"Novas a\u00e7\u00f5es devem acontecer neste final de semana e com o refor\u00e7o do policiamento da Opera\u00e7\u00e3o Tiradentes.","breadcrumb":{"@id":"https:\/\/www.pm.pb.gov.br\/portal\/2024\/04\/19\/policia-militar-apreende-59a-arma-de-fogo-em-cabedelo-neste-ano\/#breadcrumb"},"inLanguage":"pt-BR","potentialAction":[{"@type":"ReadAction","target":["https:\/\/www.pm.pb.gov.br\/portal\/2024\/04\/19\/policia-militar-apreende-59a-arma-de-fogo-em-cabedelo-neste-ano\/"]}]},{"@type":"BreadcrumbList","@id":"https:\/\/www.pm.pb.gov.br\/portal\/2024\/04\/19\/policia-militar-apreende-59a-arma-de-fogo-em-cabedelo-neste-ano\/#breadcrumb","itemListElement":[{"@type":"ListItem","position":1,"name":"In\u00edcio","item":"https:\/\/www.pm.pb.gov.br\/portal\/"},{"@type":"ListItem","position":2,"name":"Pol\u00edcia Militar apreende 59\u00aa arma de fogo em Cabedelo neste ano"}]},{"@type":"WebSite","@id":"https:\/\/www.pm.pb.gov.br\/portal\/#website","url":"https:\/\/www.pm.pb.gov.br\/portal\/","name":"Pol\u00edcia Militar da Para\u00edba","description":"","publisher":{"@id":"https:\/\/www.pm.pb.gov.br\/portal\/#organization"},"potentialAction":[{"@type":"SearchAction","target":{"@type":"EntryPoint","urlTemplate":"https:\/\/www.pm.pb.gov.br\/portal\/?s={search_term_string}"},"query-input":"required name=search_term_string"}],"inLanguage":"pt-BR"},{"@type":"Organization","@id":"https:\/\/www.pm.pb.gov.br\/portal\/#organization","name":"Pol\u00edcia Militar da Para\u00edba","url":"https:\/\/www.pm.pb.gov.br\/portal\/","logo":{"@type":"ImageObject","inLanguage":"pt-BR","@id":"https:\/\/www.pm.pb.gov.br\/portal\/#\/schema\/logo\/image\/","url":"https:\/\/www.pm.pb.gov.br\/portal\/wp-content\/uploads\/2025\/03\/cropped-logo-site-mag2-1.png","contentUrl":"https:\/\/www.pm.pb.gov.br\/portal\/wp-content\/uploads\/2025\/03\/cropped-logo-site-mag2-1.png","width":320,"height":90,"caption":"Pol\u00edcia Militar da Para\u00edba"},"image":{"@id":"https:\/\/www.pm.pb.gov.br\/portal\/#\/schema\/logo\/image\/"}},{"@type":"Person","@id":"https:\/\/www.pm.pb.gov.br\/portal\/#\/schema\/person\/f84f56dcc78ce4357054da888b8247fd","name":"Tarcisio Oliveira","image":{"@type":"ImageObject","inLanguage":"pt-BR","@id":"https:\/\/www.pm.pb.gov.br\/portal\/#\/schema\/person\/image\/","url":"https:\/\/secure.gravatar.com\/avatar\/72917b630b69d31cd0297507f34bac97?s=96&d=mm&r=g","contentUrl":"https:\/\/secure.gravatar.com\/avatar\/72917b630b69d31cd0297507f34bac97?s=96&d=mm&r=g","caption":"Tarcisio Oliveira"},"url":"https:\/\/www.pm.pb.gov.br\/portal\/author\/tarcisio\/"}]}},"_links":{"self":[{"href":"https:\/\/www.pm.pb.gov.br\/portal\/wp-json\/wp\/v2\/posts\/921814"}],"collection":[{"href":"https:\/\/www.pm.pb.gov.br\/portal\/wp-json\/wp\/v2\/posts"}],"about":[{"href":"https:\/\/www.pm.pb.gov.br\/portal\/wp-json\/wp\/v2\/types\/post"}],"author":[{"embeddable":true,"href":"https:\/\/www.pm.pb.gov.br\/portal\/wp-json\/wp\/v2\/users\/12"}],"replies":[{"embeddable":true,"href":"https:\/\/www.pm.pb.gov.br\/portal\/wp-json\/wp\/v2\/comments?post=921814"}],"version-history":[{"count":1,"href":"https:\/\/www.pm.pb.gov.br\/portal\/wp-json\/wp\/v2\/posts\/921814\/revisions"}],"predecessor-version":[{"id":921816,"href":"https:\/\/www.pm.pb.gov.br\/portal\/wp-json\/wp\/v2\/posts\/921814\/revisions\/921816"}],"wp:featuredmedia":[{"embeddable":true,"href":"https:\/\/www.pm.pb.gov.br\/portal\/wp-json\/wp\/v2\/media\/918749"}],"wp:attachment":[{"href":"https:\/\/www.pm.pb.gov.br\/portal\/wp-json\/wp\/v2\/media?parent=921814"}],"wp:term":[{"taxonomy":"category","embeddable":true,"href":"https:\/\/www.pm.pb.gov.br\/portal\/wp-json\/wp\/v2\/categories?post=921814"},{"taxonomy":"post_tag","embeddable":true,"href":"https:\/\/www.pm.pb.gov.br\/portal\/wp-json\/wp\/v2\/tags?post=921814"}],"curies":[{"name":"wp","href":"https:\/\/api.w.org\/{rel}","templated":true}]}}