{"id":921770,"date":"2024-04-17T09:38:00","date_gmt":"2024-04-17T12:38:00","guid":{"rendered":"https:\/\/www.pm.pb.gov.br\/portal\/?p=921770"},"modified":"2024-04-17T12:05:05","modified_gmt":"2024-04-17T15:05:05","slug":"no-sertao-acao-conjunta-mira-crimes-de-homicidio-trafico-e-roubo-durante-operacao-confluencia","status":"publish","type":"post","link":"https:\/\/www.pm.pb.gov.br\/portal\/2024\/04\/17\/no-sertao-acao-conjunta-mira-crimes-de-homicidio-trafico-e-roubo-durante-operacao-confluencia\/","title":{"rendered":"No Sert\u00e3o, a\u00e7\u00e3o conjunta mira crimes de homic\u00eddio, tr\u00e1fico e roubo durante Opera\u00e7\u00e3o Conflu\u00eancia"},"content":{"rendered":"\n<p>Nesta quarta-feira (17) uma a\u00e7\u00e3o das Pol\u00edcias Militar e Civil, em conjunto com o Corpo de Bombeiros Militar, sob a coordena\u00e7\u00e3o da Delegacia de Homic\u00eddios e Entorpecentes de Patos (DHE), deflagrou a \u201cOpera\u00e7\u00e3o Conflu\u00eancia\u201d em localidades espec\u00edficas da cidade de Patos.<\/p>\n<p>A opera\u00e7\u00e3o objetivou o cumprimento de mandados de busca e apreens\u00e3o em \u00e1reas de converg\u00eancia entre diferentes tipos de crimes, como homic\u00eddio, tr\u00e1fico de drogas, roubo, furto, entre outros. O foco \u00e9 intensificar a presen\u00e7a policial e reprimir as a\u00e7\u00f5es delituosas, sejam elas pontuais ou coordenadas.<\/p>\n<p>Nesse contexto, essa opera\u00e7\u00e3o, que contou com mais de 100 integrantes das for\u00e7as de seguran\u00e7a, foi intitulada como Conflu\u00eancia, por concentrar em uma \u00e1rea as atividades criminosas de diferentes grupos, mas que passaram a praticar delitos com objetivos em comum.<\/p>\n<p><img loading=\"lazy\" decoding=\"async\" class=\" wp-image-921772 aligncenter\" src=\"http:\/\/www.pm.pb.gov.br\/portal\/wp-content\/uploads\/2024\/04\/WhatsApp-Image-2024-04-17-at-07.31.39-593x445.jpeg\" alt=\"\" width=\"534\" height=\"401\" srcset=\"https:\/\/www.pm.pb.gov.br\/portal\/wp-content\/uploads\/2024\/04\/WhatsApp-Image-2024-04-17-at-07.31.39-593x445.jpeg 593w, https:\/\/www.pm.pb.gov.br\/portal\/wp-content\/uploads\/2024\/04\/WhatsApp-Image-2024-04-17-at-07.31.39-760x570.jpeg 760w, https:\/\/www.pm.pb.gov.br\/portal\/wp-content\/uploads\/2024\/04\/WhatsApp-Image-2024-04-17-at-07.31.39-768x576.jpeg 768w, https:\/\/www.pm.pb.gov.br\/portal\/wp-content\/uploads\/2024\/04\/WhatsApp-Image-2024-04-17-at-07.31.39-1536x1152.jpeg 1536w, https:\/\/www.pm.pb.gov.br\/portal\/wp-content\/uploads\/2024\/04\/WhatsApp-Image-2024-04-17-at-07.31.39.jpeg 1600w\" sizes=\"(max-width: 534px) 100vw, 534px\" \/><\/p>\n<p>Foram cumpridos 13 mandados de busca e apreens\u00e3o, resultando na apreens\u00e3o de quatro armas de fogo e muni\u00e7\u00f5es com pris\u00f5es em flagrante, um flagrante por tr\u00e1fico de drogas, subst\u00e2ncia semelhante \u00e0 maconha. Al\u00e9m disso, foram conduzidos indiv\u00edduos respons\u00e1veis por crimes ambientais at\u00e9 Delegacia de Pol\u00edcia Civil para prestar esclarecimentos.<\/p>\n<p>Os delegados Rodrigo Monteiro, delegado seccional de Patos, e Alex Amorim, da DHE, afirmam que a Opera\u00e7\u00e3o mira integrantes de grupos criminosos que seriam respons\u00e1veis por homic\u00eddios que aconteceram na cidade, originados por uma disputa entre os criminosos.<\/p>\n<p><img loading=\"lazy\" decoding=\"async\" class=\" wp-image-921773 aligncenter\" src=\"http:\/\/www.pm.pb.gov.br\/portal\/wp-content\/uploads\/2024\/04\/WhatsApp-Image-2024-04-17-at-07.31.40-791x445.jpeg\" alt=\"\" width=\"647\" height=\"364\" srcset=\"https:\/\/www.pm.pb.gov.br\/portal\/wp-content\/uploads\/2024\/04\/WhatsApp-Image-2024-04-17-at-07.31.40-791x445.jpeg 791w, https:\/\/www.pm.pb.gov.br\/portal\/wp-content\/uploads\/2024\/04\/WhatsApp-Image-2024-04-17-at-07.31.40-1013x570.jpeg 1013w, https:\/\/www.pm.pb.gov.br\/portal\/wp-content\/uploads\/2024\/04\/WhatsApp-Image-2024-04-17-at-07.31.40-768x432.jpeg 768w, https:\/\/www.pm.pb.gov.br\/portal\/wp-content\/uploads\/2024\/04\/WhatsApp-Image-2024-04-17-at-07.31.40.jpeg 1280w\" sizes=\"(max-width: 647px) 100vw, 647px\" \/><\/p>\n<p>O tenente-coronel Esa\u00fa, comandante do 3\u00b0 BPM, ressalta que os n\u00fameros obtidos e o sucesso da opera\u00e7\u00e3o influenciar\u00e3o diretamente na redu\u00e7\u00e3o not\u00e1vel dos \u00edndices de criminalidade da nossa cidade, refletindo diretamente na sensa\u00e7\u00e3o de seguran\u00e7a da popula\u00e7\u00e3o. Cabe ressaltar que a colabora\u00e7\u00e3o entre os diferentes \u00f3rg\u00e3os de seguran\u00e7a p\u00fablica \u00e9 essencial para combater o crime de forma eficaz, demonstrando o compromisso em proteger e servir \u00e0 popula\u00e7\u00e3o.<\/p>\n<p><em>Com informa\u00e7\u00f5es do 3 BPM.<\/em><\/p>\n\n\n\n\n","protected":false},"excerpt":{"rendered":"<p>Nesta quarta-feira (17) uma a\u00e7\u00e3o das Pol\u00edcias Militar e Civil, em conjunto com o Corpo de Bombeiros Militar, sob a<\/p>\n","protected":false},"author":12,"featured_media":921771,"comment_status":"closed","ping_status":"closed","sticky":false,"template":"","format":"standard","meta":{"_exactmetrics_skip_tracking":false,"_exactmetrics_sitenote_active":false,"_exactmetrics_sitenote_note":"","_exactmetrics_sitenote_category":0,"footnotes":""},"categories":[4],"tags":[],"yoast_head":"<!-- This site is optimized with the Yoast SEO plugin v22.0 - https:\/\/yoast.com\/wordpress\/plugins\/seo\/ -->\n<title>No Sert\u00e3o, a\u00e7\u00e3o conjunta mira crimes de homic\u00eddio, tr\u00e1fico e roubo durante Opera\u00e7\u00e3o Conflu\u00eancia - Pol\u00edcia Militar da Para\u00edba<\/title>\n<meta name=\"robots\" content=\"index, follow, max-snippet:-1, max-image-preview:large, max-video-preview:-1\" \/>\n<link rel=\"canonical\" href=\"https:\/\/www.pm.pb.gov.br\/portal\/2024\/04\/17\/no-sertao-acao-conjunta-mira-crimes-de-homicidio-trafico-e-roubo-durante-operacao-confluencia\/\" \/>\n<meta property=\"og:locale\" content=\"pt_BR\" \/>\n<meta property=\"og:type\" content=\"article\" \/>\n<meta property=\"og:title\" content=\"No Sert\u00e3o, a\u00e7\u00e3o conjunta mira crimes de homic\u00eddio, tr\u00e1fico e roubo durante Opera\u00e7\u00e3o Conflu\u00eancia - Pol\u00edcia Militar da Para\u00edba\" \/>\n<meta property=\"og:description\" content=\"Nesta quarta-feira (17) uma a\u00e7\u00e3o das Pol\u00edcias Militar e Civil, em conjunto com o Corpo de Bombeiros Militar, sob a\" \/>\n<meta property=\"og:url\" content=\"https:\/\/www.pm.pb.gov.br\/portal\/2024\/04\/17\/no-sertao-acao-conjunta-mira-crimes-de-homicidio-trafico-e-roubo-durante-operacao-confluencia\/\" \/>\n<meta property=\"og:site_name\" content=\"Pol\u00edcia Militar da Para\u00edba\" \/>\n<meta property=\"article:published_time\" content=\"2024-04-17T12:38:00+00:00\" \/>\n<meta property=\"article:modified_time\" content=\"2024-04-17T15:05:05+00:00\" \/>\n<meta property=\"og:image\" content=\"http:\/\/www.pm.pb.gov.br\/portal\/wp-content\/uploads\/2024\/04\/WhatsApp-Image-2024-04-17-at-11.59.18-scaled.jpeg\" \/>\n\t<meta property=\"og:image:width\" content=\"2560\" \/>\n\t<meta property=\"og:image:height\" content=\"1829\" \/>\n\t<meta property=\"og:image:type\" content=\"image\/jpeg\" \/>\n<meta name=\"author\" content=\"Tarcisio Oliveira\" \/>\n<meta name=\"twitter:card\" content=\"summary_large_image\" \/>\n<meta name=\"twitter:label1\" content=\"Escrito por\" \/>\n\t<meta name=\"twitter:data1\" content=\"Tarcisio Oliveira\" \/>\n\t<meta name=\"twitter:label2\" content=\"Est. tempo de leitura\" \/>\n\t<meta name=\"twitter:data2\" content=\"3 minutos\" \/>\n<script type=\"application\/ld+json\" class=\"yoast-schema-graph\">{\"@context\":\"https:\/\/schema.org\",\"@graph\":[{\"@type\":\"Article\",\"@id\":\"https:\/\/www.pm.pb.gov.br\/portal\/2024\/04\/17\/no-sertao-acao-conjunta-mira-crimes-de-homicidio-trafico-e-roubo-durante-operacao-confluencia\/#article\",\"isPartOf\":{\"@id\":\"https:\/\/www.pm.pb.gov.br\/portal\/2024\/04\/17\/no-sertao-acao-conjunta-mira-crimes-de-homicidio-trafico-e-roubo-durante-operacao-confluencia\/\"},\"author\":{\"name\":\"Tarcisio Oliveira\",\"@id\":\"https:\/\/www.pm.pb.gov.br\/portal\/#\/schema\/person\/f84f56dcc78ce4357054da888b8247fd\"},\"headline\":\"No Sert\u00e3o, a\u00e7\u00e3o conjunta mira crimes de homic\u00eddio, tr\u00e1fico e roubo durante Opera\u00e7\u00e3o Conflu\u00eancia\",\"datePublished\":\"2024-04-17T12:38:00+00:00\",\"dateModified\":\"2024-04-17T15:05:05+00:00\",\"mainEntityOfPage\":{\"@id\":\"https:\/\/www.pm.pb.gov.br\/portal\/2024\/04\/17\/no-sertao-acao-conjunta-mira-crimes-de-homicidio-trafico-e-roubo-durante-operacao-confluencia\/\"},\"wordCount\":342,\"publisher\":{\"@id\":\"https:\/\/www.pm.pb.gov.br\/portal\/#organization\"},\"articleSection\":[\"A\u00e7\u00f5es Policiais\"],\"inLanguage\":\"pt-BR\"},{\"@type\":\"WebPage\",\"@id\":\"https:\/\/www.pm.pb.gov.br\/portal\/2024\/04\/17\/no-sertao-acao-conjunta-mira-crimes-de-homicidio-trafico-e-roubo-durante-operacao-confluencia\/\",\"url\":\"https:\/\/www.pm.pb.gov.br\/portal\/2024\/04\/17\/no-sertao-acao-conjunta-mira-crimes-de-homicidio-trafico-e-roubo-durante-operacao-confluencia\/\",\"name\":\"No Sert\u00e3o, a\u00e7\u00e3o conjunta mira crimes de homic\u00eddio, tr\u00e1fico e roubo durante Opera\u00e7\u00e3o Conflu\u00eancia - Pol\u00edcia Militar da Para\u00edba\",\"isPartOf\":{\"@id\":\"https:\/\/www.pm.pb.gov.br\/portal\/#website\"},\"datePublished\":\"2024-04-17T12:38:00+00:00\",\"dateModified\":\"2024-04-17T15:05:05+00:00\",\"breadcrumb\":{\"@id\":\"https:\/\/www.pm.pb.gov.br\/portal\/2024\/04\/17\/no-sertao-acao-conjunta-mira-crimes-de-homicidio-trafico-e-roubo-durante-operacao-confluencia\/#breadcrumb\"},\"inLanguage\":\"pt-BR\",\"potentialAction\":[{\"@type\":\"ReadAction\",\"target\":[\"https:\/\/www.pm.pb.gov.br\/portal\/2024\/04\/17\/no-sertao-acao-conjunta-mira-crimes-de-homicidio-trafico-e-roubo-durante-operacao-confluencia\/\"]}]},{\"@type\":\"BreadcrumbList\",\"@id\":\"https:\/\/www.pm.pb.gov.br\/portal\/2024\/04\/17\/no-sertao-acao-conjunta-mira-crimes-de-homicidio-trafico-e-roubo-durante-operacao-confluencia\/#breadcrumb\",\"itemListElement\":[{\"@type\":\"ListItem\",\"position\":1,\"name\":\"In\u00edcio\",\"item\":\"https:\/\/www.pm.pb.gov.br\/portal\/\"},{\"@type\":\"ListItem\",\"position\":2,\"name\":\"No Sert\u00e3o, a\u00e7\u00e3o conjunta mira crimes de homic\u00eddio, tr\u00e1fico e roubo durante Opera\u00e7\u00e3o Conflu\u00eancia\"}]},{\"@type\":\"WebSite\",\"@id\":\"https:\/\/www.pm.pb.gov.br\/portal\/#website\",\"url\":\"https:\/\/www.pm.pb.gov.br\/portal\/\",\"name\":\"Pol\u00edcia Militar da Para\u00edba\",\"description\":\"\",\"publisher\":{\"@id\":\"https:\/\/www.pm.pb.gov.br\/portal\/#organization\"},\"potentialAction\":[{\"@type\":\"SearchAction\",\"target\":{\"@type\":\"EntryPoint\",\"urlTemplate\":\"https:\/\/www.pm.pb.gov.br\/portal\/?s={search_term_string}\"},\"query-input\":\"required name=search_term_string\"}],\"inLanguage\":\"pt-BR\"},{\"@type\":\"Organization\",\"@id\":\"https:\/\/www.pm.pb.gov.br\/portal\/#organization\",\"name\":\"Pol\u00edcia Militar da Para\u00edba\",\"url\":\"https:\/\/www.pm.pb.gov.br\/portal\/\",\"logo\":{\"@type\":\"ImageObject\",\"inLanguage\":\"pt-BR\",\"@id\":\"https:\/\/www.pm.pb.gov.br\/portal\/#\/schema\/logo\/image\/\",\"url\":\"https:\/\/www.pm.pb.gov.br\/portal\/wp-content\/uploads\/2025\/03\/cropped-logo-site-mag2-1.png\",\"contentUrl\":\"https:\/\/www.pm.pb.gov.br\/portal\/wp-content\/uploads\/2025\/03\/cropped-logo-site-mag2-1.png\",\"width\":320,\"height\":90,\"caption\":\"Pol\u00edcia Militar da Para\u00edba\"},\"image\":{\"@id\":\"https:\/\/www.pm.pb.gov.br\/portal\/#\/schema\/logo\/image\/\"}},{\"@type\":\"Person\",\"@id\":\"https:\/\/www.pm.pb.gov.br\/portal\/#\/schema\/person\/f84f56dcc78ce4357054da888b8247fd\",\"name\":\"Tarcisio Oliveira\",\"image\":{\"@type\":\"ImageObject\",\"inLanguage\":\"pt-BR\",\"@id\":\"https:\/\/www.pm.pb.gov.br\/portal\/#\/schema\/person\/image\/\",\"url\":\"https:\/\/secure.gravatar.com\/avatar\/72917b630b69d31cd0297507f34bac97?s=96&d=mm&r=g\",\"contentUrl\":\"https:\/\/secure.gravatar.com\/avatar\/72917b630b69d31cd0297507f34bac97?s=96&d=mm&r=g\",\"caption\":\"Tarcisio Oliveira\"},\"url\":\"https:\/\/www.pm.pb.gov.br\/portal\/author\/tarcisio\/\"}]}<\/script>\n<!-- \/ Yoast SEO plugin. -->","yoast_head_json":{"title":"No Sert\u00e3o, a\u00e7\u00e3o conjunta mira crimes de homic\u00eddio, tr\u00e1fico e roubo durante Opera\u00e7\u00e3o Conflu\u00eancia - Pol\u00edcia Militar da Para\u00edba","robots":{"index":"index","follow":"follow","max-snippet":"max-snippet:-1","max-image-preview":"max-image-preview:large","max-video-preview":"max-video-preview:-1"},"canonical":"https:\/\/www.pm.pb.gov.br\/portal\/2024\/04\/17\/no-sertao-acao-conjunta-mira-crimes-de-homicidio-trafico-e-roubo-durante-operacao-confluencia\/","og_locale":"pt_BR","og_type":"article","og_title":"No Sert\u00e3o, a\u00e7\u00e3o conjunta mira crimes de homic\u00eddio, tr\u00e1fico e roubo durante Opera\u00e7\u00e3o Conflu\u00eancia - Pol\u00edcia Militar da Para\u00edba","og_description":"Nesta quarta-feira (17) uma a\u00e7\u00e3o das Pol\u00edcias Militar e Civil, em conjunto com o Corpo de Bombeiros Militar, sob a","og_url":"https:\/\/www.pm.pb.gov.br\/portal\/2024\/04\/17\/no-sertao-acao-conjunta-mira-crimes-de-homicidio-trafico-e-roubo-durante-operacao-confluencia\/","og_site_name":"Pol\u00edcia Militar da Para\u00edba","article_published_time":"2024-04-17T12:38:00+00:00","article_modified_time":"2024-04-17T15:05:05+00:00","og_image":[{"width":2560,"height":1829,"url":"http:\/\/www.pm.pb.gov.br\/portal\/wp-content\/uploads\/2024\/04\/WhatsApp-Image-2024-04-17-at-11.59.18-scaled.jpeg","type":"image\/jpeg"}],"author":"Tarcisio Oliveira","twitter_card":"summary_large_image","twitter_misc":{"Escrito por":"Tarcisio Oliveira","Est. tempo de leitura":"3 minutos"},"schema":{"@context":"https:\/\/schema.org","@graph":[{"@type":"Article","@id":"https:\/\/www.pm.pb.gov.br\/portal\/2024\/04\/17\/no-sertao-acao-conjunta-mira-crimes-de-homicidio-trafico-e-roubo-durante-operacao-confluencia\/#article","isPartOf":{"@id":"https:\/\/www.pm.pb.gov.br\/portal\/2024\/04\/17\/no-sertao-acao-conjunta-mira-crimes-de-homicidio-trafico-e-roubo-durante-operacao-confluencia\/"},"author":{"name":"Tarcisio Oliveira","@id":"https:\/\/www.pm.pb.gov.br\/portal\/#\/schema\/person\/f84f56dcc78ce4357054da888b8247fd"},"headline":"No Sert\u00e3o, a\u00e7\u00e3o conjunta mira crimes de homic\u00eddio, tr\u00e1fico e roubo durante Opera\u00e7\u00e3o Conflu\u00eancia","datePublished":"2024-04-17T12:38:00+00:00","dateModified":"2024-04-17T15:05:05+00:00","mainEntityOfPage":{"@id":"https:\/\/www.pm.pb.gov.br\/portal\/2024\/04\/17\/no-sertao-acao-conjunta-mira-crimes-de-homicidio-trafico-e-roubo-durante-operacao-confluencia\/"},"wordCount":342,"publisher":{"@id":"https:\/\/www.pm.pb.gov.br\/portal\/#organization"},"articleSection":["A\u00e7\u00f5es Policiais"],"inLanguage":"pt-BR"},{"@type":"WebPage","@id":"https:\/\/www.pm.pb.gov.br\/portal\/2024\/04\/17\/no-sertao-acao-conjunta-mira-crimes-de-homicidio-trafico-e-roubo-durante-operacao-confluencia\/","url":"https:\/\/www.pm.pb.gov.br\/portal\/2024\/04\/17\/no-sertao-acao-conjunta-mira-crimes-de-homicidio-trafico-e-roubo-durante-operacao-confluencia\/","name":"No Sert\u00e3o, a\u00e7\u00e3o conjunta mira crimes de homic\u00eddio, tr\u00e1fico e roubo durante Opera\u00e7\u00e3o Conflu\u00eancia - Pol\u00edcia Militar da Para\u00edba","isPartOf":{"@id":"https:\/\/www.pm.pb.gov.br\/portal\/#website"},"datePublished":"2024-04-17T12:38:00+00:00","dateModified":"2024-04-17T15:05:05+00:00","breadcrumb":{"@id":"https:\/\/www.pm.pb.gov.br\/portal\/2024\/04\/17\/no-sertao-acao-conjunta-mira-crimes-de-homicidio-trafico-e-roubo-durante-operacao-confluencia\/#breadcrumb"},"inLanguage":"pt-BR","potentialAction":[{"@type":"ReadAction","target":["https:\/\/www.pm.pb.gov.br\/portal\/2024\/04\/17\/no-sertao-acao-conjunta-mira-crimes-de-homicidio-trafico-e-roubo-durante-operacao-confluencia\/"]}]},{"@type":"BreadcrumbList","@id":"https:\/\/www.pm.pb.gov.br\/portal\/2024\/04\/17\/no-sertao-acao-conjunta-mira-crimes-de-homicidio-trafico-e-roubo-durante-operacao-confluencia\/#breadcrumb","itemListElement":[{"@type":"ListItem","position":1,"name":"In\u00edcio","item":"https:\/\/www.pm.pb.gov.br\/portal\/"},{"@type":"ListItem","position":2,"name":"No Sert\u00e3o, a\u00e7\u00e3o conjunta mira crimes de homic\u00eddio, tr\u00e1fico e roubo durante Opera\u00e7\u00e3o Conflu\u00eancia"}]},{"@type":"WebSite","@id":"https:\/\/www.pm.pb.gov.br\/portal\/#website","url":"https:\/\/www.pm.pb.gov.br\/portal\/","name":"Pol\u00edcia Militar da Para\u00edba","description":"","publisher":{"@id":"https:\/\/www.pm.pb.gov.br\/portal\/#organization"},"potentialAction":[{"@type":"SearchAction","target":{"@type":"EntryPoint","urlTemplate":"https:\/\/www.pm.pb.gov.br\/portal\/?s={search_term_string}"},"query-input":"required name=search_term_string"}],"inLanguage":"pt-BR"},{"@type":"Organization","@id":"https:\/\/www.pm.pb.gov.br\/portal\/#organization","name":"Pol\u00edcia Militar da Para\u00edba","url":"https:\/\/www.pm.pb.gov.br\/portal\/","logo":{"@type":"ImageObject","inLanguage":"pt-BR","@id":"https:\/\/www.pm.pb.gov.br\/portal\/#\/schema\/logo\/image\/","url":"https:\/\/www.pm.pb.gov.br\/portal\/wp-content\/uploads\/2025\/03\/cropped-logo-site-mag2-1.png","contentUrl":"https:\/\/www.pm.pb.gov.br\/portal\/wp-content\/uploads\/2025\/03\/cropped-logo-site-mag2-1.png","width":320,"height":90,"caption":"Pol\u00edcia Militar da Para\u00edba"},"image":{"@id":"https:\/\/www.pm.pb.gov.br\/portal\/#\/schema\/logo\/image\/"}},{"@type":"Person","@id":"https:\/\/www.pm.pb.gov.br\/portal\/#\/schema\/person\/f84f56dcc78ce4357054da888b8247fd","name":"Tarcisio Oliveira","image":{"@type":"ImageObject","inLanguage":"pt-BR","@id":"https:\/\/www.pm.pb.gov.br\/portal\/#\/schema\/person\/image\/","url":"https:\/\/secure.gravatar.com\/avatar\/72917b630b69d31cd0297507f34bac97?s=96&d=mm&r=g","contentUrl":"https:\/\/secure.gravatar.com\/avatar\/72917b630b69d31cd0297507f34bac97?s=96&d=mm&r=g","caption":"Tarcisio Oliveira"},"url":"https:\/\/www.pm.pb.gov.br\/portal\/author\/tarcisio\/"}]}},"_links":{"self":[{"href":"https:\/\/www.pm.pb.gov.br\/portal\/wp-json\/wp\/v2\/posts\/921770"}],"collection":[{"href":"https:\/\/www.pm.pb.gov.br\/portal\/wp-json\/wp\/v2\/posts"}],"about":[{"href":"https:\/\/www.pm.pb.gov.br\/portal\/wp-json\/wp\/v2\/types\/post"}],"author":[{"embeddable":true,"href":"https:\/\/www.pm.pb.gov.br\/portal\/wp-json\/wp\/v2\/users\/12"}],"replies":[{"embeddable":true,"href":"https:\/\/www.pm.pb.gov.br\/portal\/wp-json\/wp\/v2\/comments?post=921770"}],"version-history":[{"count":1,"href":"https:\/\/www.pm.pb.gov.br\/portal\/wp-json\/wp\/v2\/posts\/921770\/revisions"}],"predecessor-version":[{"id":921774,"href":"https:\/\/www.pm.pb.gov.br\/portal\/wp-json\/wp\/v2\/posts\/921770\/revisions\/921774"}],"wp:featuredmedia":[{"embeddable":true,"href":"https:\/\/www.pm.pb.gov.br\/portal\/wp-json\/wp\/v2\/media\/921771"}],"wp:attachment":[{"href":"https:\/\/www.pm.pb.gov.br\/portal\/wp-json\/wp\/v2\/media?parent=921770"}],"wp:term":[{"taxonomy":"category","embeddable":true,"href":"https:\/\/www.pm.pb.gov.br\/portal\/wp-json\/wp\/v2\/categories?post=921770"},{"taxonomy":"post_tag","embeddable":true,"href":"https:\/\/www.pm.pb.gov.br\/portal\/wp-json\/wp\/v2\/tags?post=921770"}],"curies":[{"name":"wp","href":"https:\/\/api.w.org\/{rel}","templated":true}]}}