{"id":921756,"date":"2024-04-15T12:30:00","date_gmt":"2024-04-15T15:30:00","guid":{"rendered":"https:\/\/www.pm.pb.gov.br\/portal\/?p=921756"},"modified":"2024-04-15T12:57:11","modified_gmt":"2024-04-15T15:57:11","slug":"producao-policia-militar-apreende-17-armas-de-fogo-no-ultimo-final-de-semana-na-paraiba","status":"publish","type":"post","link":"https:\/\/www.pm.pb.gov.br\/portal\/2024\/04\/15\/producao-policia-militar-apreende-17-armas-de-fogo-no-ultimo-final-de-semana-na-paraiba\/","title":{"rendered":"PRODUTIVIDADE: Pol\u00edcia Militar apreende 17 armas de fogo no ultimo final de semana na Para\u00edba"},"content":{"rendered":"\n<p>As a\u00e7\u00f5es de seguran\u00e7a da Pol\u00edcia Militar e de combate a grupos criminosos no \u00faltimo final de semana resultaram em 17 armas de fogo apreendidas em diversos munic\u00edpios da Para\u00edba. Entre elas, est\u00e3o uma pistola e um rev\u00f3lver, material apreendido com um criminoso em Bayeux (foto abaixo), no \u00faltimo domingo (14).<\/p>\n<p>O dado \u00e9 de um relat\u00f3rio do Estado-Maior Estrat\u00e9gico da PMPB que avaliou os dias de 12 a 14 de abril. No total, 129 pessoas foram conduzidas para as delegacias por diversos delitos, entre eles tr\u00e1fico de drogas, porte ilegal de arma, viol\u00eancia dom\u00e9stica, homic\u00eddios, roubos, furto, entre outros. Deste n\u00famero, 12 mandados foram cumpridos contra pessoas que estavam sendo procuradas pela Justi\u00e7a, e tr\u00eas adolescentes foram apreendidos por atos infracionais.<\/p>\n<p><img loading=\"lazy\" decoding=\"async\" class=\"size-medium wp-image-921757 aligncenter\" src=\"http:\/\/www.pm.pb.gov.br\/portal\/wp-content\/uploads\/2024\/04\/WhatsApp-Image-2024-04-15-at-00.59.49-250x445.jpeg\" alt=\"\" width=\"250\" height=\"445\" srcset=\"https:\/\/www.pm.pb.gov.br\/portal\/wp-content\/uploads\/2024\/04\/WhatsApp-Image-2024-04-15-at-00.59.49-250x445.jpeg 250w, https:\/\/www.pm.pb.gov.br\/portal\/wp-content\/uploads\/2024\/04\/WhatsApp-Image-2024-04-15-at-00.59.49-321x570.jpeg 321w, https:\/\/www.pm.pb.gov.br\/portal\/wp-content\/uploads\/2024\/04\/WhatsApp-Image-2024-04-15-at-00.59.49.jpeg 720w\" sizes=\"(max-width: 250px) 100vw, 250px\" \/><\/p>\n<p>Entre as a\u00e7\u00f5es dos \u00faltimos dias est\u00e1 o resgate de uma mulher mantida em c\u00e1rcere pelo companheiro, em Cabedelo; um assalto a um estabelecimento comercial frustrado em Picu\u00ed (foto abaixo); e um acusado de tr\u00e1fico preso com arma e drogas em Mamanguape. Ainda com rela\u00e7\u00e3o aos entorpecentes, o dado aponta que cerca de dois quilos de drogas foram apreendidos em tabletes e em mais de 300 por\u00e7\u00f5es.<\/p>\n<p>No final de semana a PM recuperou 23 ve\u00edculos e realizou cerca de 250 check points em a\u00e7\u00f5es no tr\u00e2nsito. O trabalho deve continuar durante a semana.<\/p>\n<p><img loading=\"lazy\" decoding=\"async\" class=\" wp-image-921758 aligncenter\" src=\"http:\/\/www.pm.pb.gov.br\/portal\/wp-content\/uploads\/2024\/04\/WhatsApp-Image-2024-04-13-at-21.43.58-593x445.jpeg\" alt=\"\" width=\"538\" height=\"404\" srcset=\"https:\/\/www.pm.pb.gov.br\/portal\/wp-content\/uploads\/2024\/04\/WhatsApp-Image-2024-04-13-at-21.43.58-593x445.jpeg 593w, https:\/\/www.pm.pb.gov.br\/portal\/wp-content\/uploads\/2024\/04\/WhatsApp-Image-2024-04-13-at-21.43.58-760x570.jpeg 760w, https:\/\/www.pm.pb.gov.br\/portal\/wp-content\/uploads\/2024\/04\/WhatsApp-Image-2024-04-13-at-21.43.58-768x576.jpeg 768w, https:\/\/www.pm.pb.gov.br\/portal\/wp-content\/uploads\/2024\/04\/WhatsApp-Image-2024-04-13-at-21.43.58-1536x1152.jpeg 1536w, https:\/\/www.pm.pb.gov.br\/portal\/wp-content\/uploads\/2024\/04\/WhatsApp-Image-2024-04-13-at-21.43.58.jpeg 1600w\" sizes=\"(max-width: 538px) 100vw, 538px\" \/><\/p>\n<p><strong>Semana \u2013<\/strong> Ainda entre os dias 8 e 15 de abril, a Pol\u00edcia Militar apreendeu cerca de 60 armas de fogo que circulavam ilegalmente da Para\u00edba, prevenindo assim novos delitos como crimes patrimoniais e contra a vida. Os n\u00fameros foram apresentados ao comandante-geral da PM, o coronel S\u00e9rgio Fonseca, em uma reuni\u00e3o estrat\u00e9gica nesta segunda-feira, no Comando da corpora\u00e7\u00e3o.<\/p>\n\n\n","protected":false},"excerpt":{"rendered":"<p>As a\u00e7\u00f5es de seguran\u00e7a da Pol\u00edcia Militar e de combate a grupos criminosos no \u00faltimo final de semana resultaram em<\/p>\n","protected":false},"author":12,"featured_media":916238,"comment_status":"closed","ping_status":"closed","sticky":false,"template":"","format":"standard","meta":{"_exactmetrics_skip_tracking":false,"_exactmetrics_sitenote_active":false,"_exactmetrics_sitenote_note":"","_exactmetrics_sitenote_category":0,"footnotes":""},"categories":[4],"tags":[],"yoast_head":"<!-- This site is optimized with the Yoast SEO plugin v22.0 - https:\/\/yoast.com\/wordpress\/plugins\/seo\/ -->\n<title>PRODUTIVIDADE: Pol\u00edcia Militar apreende 17 armas de fogo no ultimo final de semana na Para\u00edba - Pol\u00edcia Militar da Para\u00edba<\/title>\n<meta name=\"description\" content=\"No total, 129 pessoas foram conduzidas para as delegacias por diversos delitos, entre eles tr\u00e1fico de drogas, porte ilegal de arma, viol\u00eancia dom\u00e9stica, homic\u00eddios.\" \/>\n<meta name=\"robots\" content=\"index, follow, max-snippet:-1, max-image-preview:large, max-video-preview:-1\" \/>\n<link rel=\"canonical\" href=\"https:\/\/www.pm.pb.gov.br\/portal\/2024\/04\/15\/producao-policia-militar-apreende-17-armas-de-fogo-no-ultimo-final-de-semana-na-paraiba\/\" \/>\n<meta property=\"og:locale\" content=\"pt_BR\" \/>\n<meta property=\"og:type\" content=\"article\" \/>\n<meta property=\"og:title\" content=\"PRODUTIVIDADE: Pol\u00edcia Militar apreende 17 armas de fogo no ultimo final de semana na Para\u00edba - Pol\u00edcia Militar da Para\u00edba\" \/>\n<meta property=\"og:description\" content=\"No total, 129 pessoas foram conduzidas para as delegacias por diversos delitos, entre eles tr\u00e1fico de drogas, porte ilegal de arma, viol\u00eancia dom\u00e9stica, homic\u00eddios.\" \/>\n<meta property=\"og:url\" content=\"https:\/\/www.pm.pb.gov.br\/portal\/2024\/04\/15\/producao-policia-militar-apreende-17-armas-de-fogo-no-ultimo-final-de-semana-na-paraiba\/\" \/>\n<meta property=\"og:site_name\" content=\"Pol\u00edcia Militar da Para\u00edba\" \/>\n<meta property=\"article:published_time\" content=\"2024-04-15T15:30:00+00:00\" \/>\n<meta property=\"article:modified_time\" content=\"2024-04-15T15:57:11+00:00\" \/>\n<meta property=\"og:image\" content=\"http:\/\/www.pm.pb.gov.br\/portal\/wp-content\/uploads\/2023\/04\/ilustrativa.jpeg\" \/>\n\t<meta property=\"og:image:width\" content=\"800\" \/>\n\t<meta property=\"og:image:height\" content=\"445\" \/>\n\t<meta property=\"og:image:type\" content=\"image\/jpeg\" \/>\n<meta name=\"author\" content=\"Tarcisio Oliveira\" \/>\n<meta name=\"twitter:card\" content=\"summary_large_image\" \/>\n<meta name=\"twitter:label1\" content=\"Escrito por\" \/>\n\t<meta name=\"twitter:data1\" content=\"Tarcisio Oliveira\" \/>\n\t<meta name=\"twitter:label2\" content=\"Est. tempo de leitura\" \/>\n\t<meta name=\"twitter:data2\" content=\"3 minutos\" \/>\n<script type=\"application\/ld+json\" class=\"yoast-schema-graph\">{\"@context\":\"https:\/\/schema.org\",\"@graph\":[{\"@type\":\"Article\",\"@id\":\"https:\/\/www.pm.pb.gov.br\/portal\/2024\/04\/15\/producao-policia-militar-apreende-17-armas-de-fogo-no-ultimo-final-de-semana-na-paraiba\/#article\",\"isPartOf\":{\"@id\":\"https:\/\/www.pm.pb.gov.br\/portal\/2024\/04\/15\/producao-policia-militar-apreende-17-armas-de-fogo-no-ultimo-final-de-semana-na-paraiba\/\"},\"author\":{\"name\":\"Tarcisio Oliveira\",\"@id\":\"https:\/\/www.pm.pb.gov.br\/portal\/#\/schema\/person\/f84f56dcc78ce4357054da888b8247fd\"},\"headline\":\"PRODUTIVIDADE: Pol\u00edcia Militar apreende 17 armas de fogo no ultimo final de semana na Para\u00edba\",\"datePublished\":\"2024-04-15T15:30:00+00:00\",\"dateModified\":\"2024-04-15T15:57:11+00:00\",\"mainEntityOfPage\":{\"@id\":\"https:\/\/www.pm.pb.gov.br\/portal\/2024\/04\/15\/producao-policia-militar-apreende-17-armas-de-fogo-no-ultimo-final-de-semana-na-paraiba\/\"},\"wordCount\":308,\"publisher\":{\"@id\":\"https:\/\/www.pm.pb.gov.br\/portal\/#organization\"},\"articleSection\":[\"A\u00e7\u00f5es Policiais\"],\"inLanguage\":\"pt-BR\"},{\"@type\":\"WebPage\",\"@id\":\"https:\/\/www.pm.pb.gov.br\/portal\/2024\/04\/15\/producao-policia-militar-apreende-17-armas-de-fogo-no-ultimo-final-de-semana-na-paraiba\/\",\"url\":\"https:\/\/www.pm.pb.gov.br\/portal\/2024\/04\/15\/producao-policia-militar-apreende-17-armas-de-fogo-no-ultimo-final-de-semana-na-paraiba\/\",\"name\":\"PRODUTIVIDADE: Pol\u00edcia Militar apreende 17 armas de fogo no ultimo final de semana na Para\u00edba - Pol\u00edcia Militar da Para\u00edba\",\"isPartOf\":{\"@id\":\"https:\/\/www.pm.pb.gov.br\/portal\/#website\"},\"datePublished\":\"2024-04-15T15:30:00+00:00\",\"dateModified\":\"2024-04-15T15:57:11+00:00\",\"description\":\"No total, 129 pessoas foram conduzidas para as delegacias por diversos delitos, entre eles tr\u00e1fico de drogas, porte ilegal de arma, viol\u00eancia dom\u00e9stica, homic\u00eddios.\",\"breadcrumb\":{\"@id\":\"https:\/\/www.pm.pb.gov.br\/portal\/2024\/04\/15\/producao-policia-militar-apreende-17-armas-de-fogo-no-ultimo-final-de-semana-na-paraiba\/#breadcrumb\"},\"inLanguage\":\"pt-BR\",\"potentialAction\":[{\"@type\":\"ReadAction\",\"target\":[\"https:\/\/www.pm.pb.gov.br\/portal\/2024\/04\/15\/producao-policia-militar-apreende-17-armas-de-fogo-no-ultimo-final-de-semana-na-paraiba\/\"]}]},{\"@type\":\"BreadcrumbList\",\"@id\":\"https:\/\/www.pm.pb.gov.br\/portal\/2024\/04\/15\/producao-policia-militar-apreende-17-armas-de-fogo-no-ultimo-final-de-semana-na-paraiba\/#breadcrumb\",\"itemListElement\":[{\"@type\":\"ListItem\",\"position\":1,\"name\":\"In\u00edcio\",\"item\":\"https:\/\/www.pm.pb.gov.br\/portal\/\"},{\"@type\":\"ListItem\",\"position\":2,\"name\":\"PRODUTIVIDADE: Pol\u00edcia Militar apreende 17 armas de fogo no ultimo final de semana na Para\u00edba\"}]},{\"@type\":\"WebSite\",\"@id\":\"https:\/\/www.pm.pb.gov.br\/portal\/#website\",\"url\":\"https:\/\/www.pm.pb.gov.br\/portal\/\",\"name\":\"Pol\u00edcia Militar da Para\u00edba\",\"description\":\"\",\"publisher\":{\"@id\":\"https:\/\/www.pm.pb.gov.br\/portal\/#organization\"},\"potentialAction\":[{\"@type\":\"SearchAction\",\"target\":{\"@type\":\"EntryPoint\",\"urlTemplate\":\"https:\/\/www.pm.pb.gov.br\/portal\/?s={search_term_string}\"},\"query-input\":\"required name=search_term_string\"}],\"inLanguage\":\"pt-BR\"},{\"@type\":\"Organization\",\"@id\":\"https:\/\/www.pm.pb.gov.br\/portal\/#organization\",\"name\":\"Pol\u00edcia Militar da Para\u00edba\",\"url\":\"https:\/\/www.pm.pb.gov.br\/portal\/\",\"logo\":{\"@type\":\"ImageObject\",\"inLanguage\":\"pt-BR\",\"@id\":\"https:\/\/www.pm.pb.gov.br\/portal\/#\/schema\/logo\/image\/\",\"url\":\"https:\/\/www.pm.pb.gov.br\/portal\/wp-content\/uploads\/2025\/03\/cropped-logo-site-mag2-1.png\",\"contentUrl\":\"https:\/\/www.pm.pb.gov.br\/portal\/wp-content\/uploads\/2025\/03\/cropped-logo-site-mag2-1.png\",\"width\":320,\"height\":90,\"caption\":\"Pol\u00edcia Militar da Para\u00edba\"},\"image\":{\"@id\":\"https:\/\/www.pm.pb.gov.br\/portal\/#\/schema\/logo\/image\/\"}},{\"@type\":\"Person\",\"@id\":\"https:\/\/www.pm.pb.gov.br\/portal\/#\/schema\/person\/f84f56dcc78ce4357054da888b8247fd\",\"name\":\"Tarcisio Oliveira\",\"image\":{\"@type\":\"ImageObject\",\"inLanguage\":\"pt-BR\",\"@id\":\"https:\/\/www.pm.pb.gov.br\/portal\/#\/schema\/person\/image\/\",\"url\":\"https:\/\/secure.gravatar.com\/avatar\/72917b630b69d31cd0297507f34bac97?s=96&d=mm&r=g\",\"contentUrl\":\"https:\/\/secure.gravatar.com\/avatar\/72917b630b69d31cd0297507f34bac97?s=96&d=mm&r=g\",\"caption\":\"Tarcisio Oliveira\"},\"url\":\"https:\/\/www.pm.pb.gov.br\/portal\/author\/tarcisio\/\"}]}<\/script>\n<!-- \/ Yoast SEO plugin. -->","yoast_head_json":{"title":"PRODUTIVIDADE: Pol\u00edcia Militar apreende 17 armas de fogo no ultimo final de semana na Para\u00edba - Pol\u00edcia Militar da Para\u00edba","description":"No total, 129 pessoas foram conduzidas para as delegacias por diversos delitos, entre eles tr\u00e1fico de drogas, porte ilegal de arma, viol\u00eancia dom\u00e9stica, homic\u00eddios.","robots":{"index":"index","follow":"follow","max-snippet":"max-snippet:-1","max-image-preview":"max-image-preview:large","max-video-preview":"max-video-preview:-1"},"canonical":"https:\/\/www.pm.pb.gov.br\/portal\/2024\/04\/15\/producao-policia-militar-apreende-17-armas-de-fogo-no-ultimo-final-de-semana-na-paraiba\/","og_locale":"pt_BR","og_type":"article","og_title":"PRODUTIVIDADE: Pol\u00edcia Militar apreende 17 armas de fogo no ultimo final de semana na Para\u00edba - Pol\u00edcia Militar da Para\u00edba","og_description":"No total, 129 pessoas foram conduzidas para as delegacias por diversos delitos, entre eles tr\u00e1fico de drogas, porte ilegal de arma, viol\u00eancia dom\u00e9stica, homic\u00eddios.","og_url":"https:\/\/www.pm.pb.gov.br\/portal\/2024\/04\/15\/producao-policia-militar-apreende-17-armas-de-fogo-no-ultimo-final-de-semana-na-paraiba\/","og_site_name":"Pol\u00edcia Militar da Para\u00edba","article_published_time":"2024-04-15T15:30:00+00:00","article_modified_time":"2024-04-15T15:57:11+00:00","og_image":[{"width":800,"height":445,"url":"http:\/\/www.pm.pb.gov.br\/portal\/wp-content\/uploads\/2023\/04\/ilustrativa.jpeg","type":"image\/jpeg"}],"author":"Tarcisio Oliveira","twitter_card":"summary_large_image","twitter_misc":{"Escrito por":"Tarcisio Oliveira","Est. tempo de leitura":"3 minutos"},"schema":{"@context":"https:\/\/schema.org","@graph":[{"@type":"Article","@id":"https:\/\/www.pm.pb.gov.br\/portal\/2024\/04\/15\/producao-policia-militar-apreende-17-armas-de-fogo-no-ultimo-final-de-semana-na-paraiba\/#article","isPartOf":{"@id":"https:\/\/www.pm.pb.gov.br\/portal\/2024\/04\/15\/producao-policia-militar-apreende-17-armas-de-fogo-no-ultimo-final-de-semana-na-paraiba\/"},"author":{"name":"Tarcisio Oliveira","@id":"https:\/\/www.pm.pb.gov.br\/portal\/#\/schema\/person\/f84f56dcc78ce4357054da888b8247fd"},"headline":"PRODUTIVIDADE: Pol\u00edcia Militar apreende 17 armas de fogo no ultimo final de semana na Para\u00edba","datePublished":"2024-04-15T15:30:00+00:00","dateModified":"2024-04-15T15:57:11+00:00","mainEntityOfPage":{"@id":"https:\/\/www.pm.pb.gov.br\/portal\/2024\/04\/15\/producao-policia-militar-apreende-17-armas-de-fogo-no-ultimo-final-de-semana-na-paraiba\/"},"wordCount":308,"publisher":{"@id":"https:\/\/www.pm.pb.gov.br\/portal\/#organization"},"articleSection":["A\u00e7\u00f5es Policiais"],"inLanguage":"pt-BR"},{"@type":"WebPage","@id":"https:\/\/www.pm.pb.gov.br\/portal\/2024\/04\/15\/producao-policia-militar-apreende-17-armas-de-fogo-no-ultimo-final-de-semana-na-paraiba\/","url":"https:\/\/www.pm.pb.gov.br\/portal\/2024\/04\/15\/producao-policia-militar-apreende-17-armas-de-fogo-no-ultimo-final-de-semana-na-paraiba\/","name":"PRODUTIVIDADE: Pol\u00edcia Militar apreende 17 armas de fogo no ultimo final de semana na Para\u00edba - Pol\u00edcia Militar da Para\u00edba","isPartOf":{"@id":"https:\/\/www.pm.pb.gov.br\/portal\/#website"},"datePublished":"2024-04-15T15:30:00+00:00","dateModified":"2024-04-15T15:57:11+00:00","description":"No total, 129 pessoas foram conduzidas para as delegacias por diversos delitos, entre eles tr\u00e1fico de drogas, porte ilegal de arma, viol\u00eancia dom\u00e9stica, homic\u00eddios.","breadcrumb":{"@id":"https:\/\/www.pm.pb.gov.br\/portal\/2024\/04\/15\/producao-policia-militar-apreende-17-armas-de-fogo-no-ultimo-final-de-semana-na-paraiba\/#breadcrumb"},"inLanguage":"pt-BR","potentialAction":[{"@type":"ReadAction","target":["https:\/\/www.pm.pb.gov.br\/portal\/2024\/04\/15\/producao-policia-militar-apreende-17-armas-de-fogo-no-ultimo-final-de-semana-na-paraiba\/"]}]},{"@type":"BreadcrumbList","@id":"https:\/\/www.pm.pb.gov.br\/portal\/2024\/04\/15\/producao-policia-militar-apreende-17-armas-de-fogo-no-ultimo-final-de-semana-na-paraiba\/#breadcrumb","itemListElement":[{"@type":"ListItem","position":1,"name":"In\u00edcio","item":"https:\/\/www.pm.pb.gov.br\/portal\/"},{"@type":"ListItem","position":2,"name":"PRODUTIVIDADE: Pol\u00edcia Militar apreende 17 armas de fogo no ultimo final de semana na Para\u00edba"}]},{"@type":"WebSite","@id":"https:\/\/www.pm.pb.gov.br\/portal\/#website","url":"https:\/\/www.pm.pb.gov.br\/portal\/","name":"Pol\u00edcia Militar da Para\u00edba","description":"","publisher":{"@id":"https:\/\/www.pm.pb.gov.br\/portal\/#organization"},"potentialAction":[{"@type":"SearchAction","target":{"@type":"EntryPoint","urlTemplate":"https:\/\/www.pm.pb.gov.br\/portal\/?s={search_term_string}"},"query-input":"required name=search_term_string"}],"inLanguage":"pt-BR"},{"@type":"Organization","@id":"https:\/\/www.pm.pb.gov.br\/portal\/#organization","name":"Pol\u00edcia Militar da Para\u00edba","url":"https:\/\/www.pm.pb.gov.br\/portal\/","logo":{"@type":"ImageObject","inLanguage":"pt-BR","@id":"https:\/\/www.pm.pb.gov.br\/portal\/#\/schema\/logo\/image\/","url":"https:\/\/www.pm.pb.gov.br\/portal\/wp-content\/uploads\/2025\/03\/cropped-logo-site-mag2-1.png","contentUrl":"https:\/\/www.pm.pb.gov.br\/portal\/wp-content\/uploads\/2025\/03\/cropped-logo-site-mag2-1.png","width":320,"height":90,"caption":"Pol\u00edcia Militar da Para\u00edba"},"image":{"@id":"https:\/\/www.pm.pb.gov.br\/portal\/#\/schema\/logo\/image\/"}},{"@type":"Person","@id":"https:\/\/www.pm.pb.gov.br\/portal\/#\/schema\/person\/f84f56dcc78ce4357054da888b8247fd","name":"Tarcisio Oliveira","image":{"@type":"ImageObject","inLanguage":"pt-BR","@id":"https:\/\/www.pm.pb.gov.br\/portal\/#\/schema\/person\/image\/","url":"https:\/\/secure.gravatar.com\/avatar\/72917b630b69d31cd0297507f34bac97?s=96&d=mm&r=g","contentUrl":"https:\/\/secure.gravatar.com\/avatar\/72917b630b69d31cd0297507f34bac97?s=96&d=mm&r=g","caption":"Tarcisio Oliveira"},"url":"https:\/\/www.pm.pb.gov.br\/portal\/author\/tarcisio\/"}]}},"_links":{"self":[{"href":"https:\/\/www.pm.pb.gov.br\/portal\/wp-json\/wp\/v2\/posts\/921756"}],"collection":[{"href":"https:\/\/www.pm.pb.gov.br\/portal\/wp-json\/wp\/v2\/posts"}],"about":[{"href":"https:\/\/www.pm.pb.gov.br\/portal\/wp-json\/wp\/v2\/types\/post"}],"author":[{"embeddable":true,"href":"https:\/\/www.pm.pb.gov.br\/portal\/wp-json\/wp\/v2\/users\/12"}],"replies":[{"embeddable":true,"href":"https:\/\/www.pm.pb.gov.br\/portal\/wp-json\/wp\/v2\/comments?post=921756"}],"version-history":[{"count":2,"href":"https:\/\/www.pm.pb.gov.br\/portal\/wp-json\/wp\/v2\/posts\/921756\/revisions"}],"predecessor-version":[{"id":921760,"href":"https:\/\/www.pm.pb.gov.br\/portal\/wp-json\/wp\/v2\/posts\/921756\/revisions\/921760"}],"wp:featuredmedia":[{"embeddable":true,"href":"https:\/\/www.pm.pb.gov.br\/portal\/wp-json\/wp\/v2\/media\/916238"}],"wp:attachment":[{"href":"https:\/\/www.pm.pb.gov.br\/portal\/wp-json\/wp\/v2\/media?parent=921756"}],"wp:term":[{"taxonomy":"category","embeddable":true,"href":"https:\/\/www.pm.pb.gov.br\/portal\/wp-json\/wp\/v2\/categories?post=921756"},{"taxonomy":"post_tag","embeddable":true,"href":"https:\/\/www.pm.pb.gov.br\/portal\/wp-json\/wp\/v2\/tags?post=921756"}],"curies":[{"name":"wp","href":"https:\/\/api.w.org\/{rel}","templated":true}]}}