{"id":921699,"date":"2024-04-07T08:54:00","date_gmt":"2024-04-07T11:54:00","guid":{"rendered":"https:\/\/www.pm.pb.gov.br\/portal\/?p=921699"},"modified":"2024-04-07T12:59:46","modified_gmt":"2024-04-07T15:59:46","slug":"sobe-para-seis-o-numero-de-suspeitos-presos-por-envolvimento-em-crime-que-vitimou-policial-militar-em-bayeux","status":"publish","type":"post","link":"https:\/\/www.pm.pb.gov.br\/portal\/2024\/04\/07\/sobe-para-seis-o-numero-de-suspeitos-presos-por-envolvimento-em-crime-que-vitimou-policial-militar-em-bayeux\/","title":{"rendered":"Sobe para seis o n\u00famero de suspeitos presos por envolvimento em crime que vitimou policial militar em Bayeux"},"content":{"rendered":"\n<p>Subiu para 6 o n\u00famero de indiv\u00edduos presos suspeitos de terem envolvimento no crime que vitimou um policial militar, na \u00faltima quinta-feira (04), na comunidade Porto do Moinho, em Bayeux.<\/p>\n\n\n\n<p>O quinto suspeito foi detido na tarde deste s\u00e1bado (06), pelas equipes da 4\u00aa Companhia Independente, na comunidade S\u00e3o Louren\u00e7o, em Bayeux. Ele tem 27 anos e foi detido com drogas e um simulacro de arma de fogo. Durante a a\u00e7\u00e3o, o suspeito ficou ferido e foi conduzido at\u00e9 o Hospital de Emerg\u00eancia e Trauma para atendimento m\u00e9dico e ficou sob cust\u00f3dia policial.<\/p>\n\n\n\n<p>O sexto suspeito tamb\u00e9m foi preso pelas equipes da 4\u00aa CIPM, com o apoio da For\u00e7a Regional, no fim da tarde do s\u00e1bado, na comunidade Porto do Moinho, em Bayeux. Ele tem 24 anos e foi detido com 49 muni\u00e7\u00f5es de calibre .40, uma motocicleta roubada, uma capa de colete bal\u00edstico, duas balan\u00e7as de precis\u00e3o e entorpecentes. A motocicleta encontrada em posse do suspeito teria sido utilizada em um homic\u00eddio praticado h\u00e1 alguns dias, no bairro Jardim Aeroporto. Ele foi conduzido com o material apreendido para a 6\u00aa Delegacia Distrital em Santa Rita.<\/p>\n\n\n\n<p>Quatro suspeitos de participarem do crime j\u00e1 haviam sido presos entre quinta (04) e sexta-feira (05), em opera\u00e7\u00f5es da Pol\u00edcia Militar na cidade de Bayeux. Com eles foram apreendidas uma pistola, v\u00e1rias muni\u00e7\u00f5es, drogas e balan\u00e7a de precis\u00e3o.<\/p>\n","protected":false},"excerpt":{"rendered":"<p>Subiu para 6 o n\u00famero de indiv\u00edduos presos suspeitos de terem envolvimento no crime que vitimou um policial militar, na<\/p>\n","protected":false},"author":5,"featured_media":921700,"comment_status":"closed","ping_status":"closed","sticky":false,"template":"","format":"standard","meta":{"_exactmetrics_skip_tracking":false,"_exactmetrics_sitenote_active":false,"_exactmetrics_sitenote_note":"","_exactmetrics_sitenote_category":0,"footnotes":""},"categories":[4],"tags":[],"yoast_head":"<!-- This site is optimized with the Yoast SEO plugin v22.0 - https:\/\/yoast.com\/wordpress\/plugins\/seo\/ -->\n<title>Sobe para seis o n\u00famero de suspeitos presos por envolvimento em crime que vitimou policial militar em Bayeux - Pol\u00edcia Militar da Para\u00edba<\/title>\n<meta name=\"robots\" content=\"index, follow, max-snippet:-1, max-image-preview:large, max-video-preview:-1\" \/>\n<link rel=\"canonical\" href=\"https:\/\/www.pm.pb.gov.br\/portal\/2024\/04\/07\/sobe-para-seis-o-numero-de-suspeitos-presos-por-envolvimento-em-crime-que-vitimou-policial-militar-em-bayeux\/\" \/>\n<meta property=\"og:locale\" content=\"pt_BR\" \/>\n<meta property=\"og:type\" content=\"article\" \/>\n<meta property=\"og:title\" content=\"Sobe para seis o n\u00famero de suspeitos presos por envolvimento em crime que vitimou policial militar em Bayeux - Pol\u00edcia Militar da Para\u00edba\" \/>\n<meta property=\"og:description\" content=\"Subiu para 6 o n\u00famero de indiv\u00edduos presos suspeitos de terem envolvimento no crime que vitimou um policial militar, na\" \/>\n<meta property=\"og:url\" content=\"https:\/\/www.pm.pb.gov.br\/portal\/2024\/04\/07\/sobe-para-seis-o-numero-de-suspeitos-presos-por-envolvimento-em-crime-que-vitimou-policial-militar-em-bayeux\/\" \/>\n<meta property=\"og:site_name\" content=\"Pol\u00edcia Militar da Para\u00edba\" \/>\n<meta property=\"article:published_time\" content=\"2024-04-07T11:54:00+00:00\" \/>\n<meta property=\"article:modified_time\" content=\"2024-04-07T15:59:46+00:00\" \/>\n<meta property=\"og:image\" content=\"http:\/\/www.pm.pb.gov.br\/portal\/wp-content\/uploads\/2024\/04\/Sobe-para-seis-o-numero-de-suspeitos-presos-por-envolvimento-em-crime-que-vitimou-policial-militar-em-Bayeux.jpeg\" \/>\n\t<meta property=\"og:image:width\" content=\"601\" \/>\n\t<meta property=\"og:image:height\" content=\"690\" \/>\n\t<meta property=\"og:image:type\" content=\"image\/jpeg\" \/>\n<meta name=\"author\" content=\"Assessoria de Imprensa da PMPB\" \/>\n<meta name=\"twitter:card\" content=\"summary_large_image\" \/>\n<meta name=\"twitter:label1\" content=\"Escrito por\" \/>\n\t<meta name=\"twitter:data1\" content=\"Assessoria de Imprensa da PMPB\" \/>\n\t<meta name=\"twitter:label2\" content=\"Est. tempo de leitura\" \/>\n\t<meta name=\"twitter:data2\" content=\"2 minutos\" \/>\n<script type=\"application\/ld+json\" class=\"yoast-schema-graph\">{\"@context\":\"https:\/\/schema.org\",\"@graph\":[{\"@type\":\"Article\",\"@id\":\"https:\/\/www.pm.pb.gov.br\/portal\/2024\/04\/07\/sobe-para-seis-o-numero-de-suspeitos-presos-por-envolvimento-em-crime-que-vitimou-policial-militar-em-bayeux\/#article\",\"isPartOf\":{\"@id\":\"https:\/\/www.pm.pb.gov.br\/portal\/2024\/04\/07\/sobe-para-seis-o-numero-de-suspeitos-presos-por-envolvimento-em-crime-que-vitimou-policial-militar-em-bayeux\/\"},\"author\":{\"name\":\"Assessoria de Imprensa da PMPB\",\"@id\":\"https:\/\/www.pm.pb.gov.br\/portal\/#\/schema\/person\/e8454f46651c3ecf0e1ba3c1666d9947\"},\"headline\":\"Sobe para seis o n\u00famero de suspeitos presos por envolvimento em crime que vitimou policial militar em Bayeux\",\"datePublished\":\"2024-04-07T11:54:00+00:00\",\"dateModified\":\"2024-04-07T15:59:46+00:00\",\"mainEntityOfPage\":{\"@id\":\"https:\/\/www.pm.pb.gov.br\/portal\/2024\/04\/07\/sobe-para-seis-o-numero-de-suspeitos-presos-por-envolvimento-em-crime-que-vitimou-policial-militar-em-bayeux\/\"},\"wordCount\":254,\"publisher\":{\"@id\":\"https:\/\/www.pm.pb.gov.br\/portal\/#organization\"},\"articleSection\":[\"A\u00e7\u00f5es Policiais\"],\"inLanguage\":\"pt-BR\"},{\"@type\":\"WebPage\",\"@id\":\"https:\/\/www.pm.pb.gov.br\/portal\/2024\/04\/07\/sobe-para-seis-o-numero-de-suspeitos-presos-por-envolvimento-em-crime-que-vitimou-policial-militar-em-bayeux\/\",\"url\":\"https:\/\/www.pm.pb.gov.br\/portal\/2024\/04\/07\/sobe-para-seis-o-numero-de-suspeitos-presos-por-envolvimento-em-crime-que-vitimou-policial-militar-em-bayeux\/\",\"name\":\"Sobe para seis o n\u00famero de suspeitos presos por envolvimento em crime que vitimou policial militar em Bayeux - Pol\u00edcia Militar da Para\u00edba\",\"isPartOf\":{\"@id\":\"https:\/\/www.pm.pb.gov.br\/portal\/#website\"},\"datePublished\":\"2024-04-07T11:54:00+00:00\",\"dateModified\":\"2024-04-07T15:59:46+00:00\",\"breadcrumb\":{\"@id\":\"https:\/\/www.pm.pb.gov.br\/portal\/2024\/04\/07\/sobe-para-seis-o-numero-de-suspeitos-presos-por-envolvimento-em-crime-que-vitimou-policial-militar-em-bayeux\/#breadcrumb\"},\"inLanguage\":\"pt-BR\",\"potentialAction\":[{\"@type\":\"ReadAction\",\"target\":[\"https:\/\/www.pm.pb.gov.br\/portal\/2024\/04\/07\/sobe-para-seis-o-numero-de-suspeitos-presos-por-envolvimento-em-crime-que-vitimou-policial-militar-em-bayeux\/\"]}]},{\"@type\":\"BreadcrumbList\",\"@id\":\"https:\/\/www.pm.pb.gov.br\/portal\/2024\/04\/07\/sobe-para-seis-o-numero-de-suspeitos-presos-por-envolvimento-em-crime-que-vitimou-policial-militar-em-bayeux\/#breadcrumb\",\"itemListElement\":[{\"@type\":\"ListItem\",\"position\":1,\"name\":\"In\u00edcio\",\"item\":\"https:\/\/www.pm.pb.gov.br\/portal\/\"},{\"@type\":\"ListItem\",\"position\":2,\"name\":\"Sobe para seis o n\u00famero de suspeitos presos por envolvimento em crime que vitimou policial militar em Bayeux\"}]},{\"@type\":\"WebSite\",\"@id\":\"https:\/\/www.pm.pb.gov.br\/portal\/#website\",\"url\":\"https:\/\/www.pm.pb.gov.br\/portal\/\",\"name\":\"Pol\u00edcia Militar da Para\u00edba\",\"description\":\"\",\"publisher\":{\"@id\":\"https:\/\/www.pm.pb.gov.br\/portal\/#organization\"},\"potentialAction\":[{\"@type\":\"SearchAction\",\"target\":{\"@type\":\"EntryPoint\",\"urlTemplate\":\"https:\/\/www.pm.pb.gov.br\/portal\/?s={search_term_string}\"},\"query-input\":\"required name=search_term_string\"}],\"inLanguage\":\"pt-BR\"},{\"@type\":\"Organization\",\"@id\":\"https:\/\/www.pm.pb.gov.br\/portal\/#organization\",\"name\":\"Pol\u00edcia Militar da Para\u00edba\",\"url\":\"https:\/\/www.pm.pb.gov.br\/portal\/\",\"logo\":{\"@type\":\"ImageObject\",\"inLanguage\":\"pt-BR\",\"@id\":\"https:\/\/www.pm.pb.gov.br\/portal\/#\/schema\/logo\/image\/\",\"url\":\"https:\/\/www.pm.pb.gov.br\/portal\/wp-content\/uploads\/2025\/03\/cropped-logo-site-mag2-1.png\",\"contentUrl\":\"https:\/\/www.pm.pb.gov.br\/portal\/wp-content\/uploads\/2025\/03\/cropped-logo-site-mag2-1.png\",\"width\":320,\"height\":90,\"caption\":\"Pol\u00edcia Militar da Para\u00edba\"},\"image\":{\"@id\":\"https:\/\/www.pm.pb.gov.br\/portal\/#\/schema\/logo\/image\/\"}},{\"@type\":\"Person\",\"@id\":\"https:\/\/www.pm.pb.gov.br\/portal\/#\/schema\/person\/e8454f46651c3ecf0e1ba3c1666d9947\",\"name\":\"Assessoria de Imprensa da PMPB\",\"image\":{\"@type\":\"ImageObject\",\"inLanguage\":\"pt-BR\",\"@id\":\"https:\/\/www.pm.pb.gov.br\/portal\/#\/schema\/person\/image\/\",\"url\":\"https:\/\/secure.gravatar.com\/avatar\/2efe197438265d1e90bd98c4c8e1acf8?s=96&d=mm&r=g\",\"contentUrl\":\"https:\/\/secure.gravatar.com\/avatar\/2efe197438265d1e90bd98c4c8e1acf8?s=96&d=mm&r=g\",\"caption\":\"Assessoria de Imprensa da PMPB\"},\"url\":\"https:\/\/www.pm.pb.gov.br\/portal\/author\/assessoria\/\"}]}<\/script>\n<!-- \/ Yoast SEO plugin. -->","yoast_head_json":{"title":"Sobe para seis o n\u00famero de suspeitos presos por envolvimento em crime que vitimou policial militar em Bayeux - Pol\u00edcia Militar da Para\u00edba","robots":{"index":"index","follow":"follow","max-snippet":"max-snippet:-1","max-image-preview":"max-image-preview:large","max-video-preview":"max-video-preview:-1"},"canonical":"https:\/\/www.pm.pb.gov.br\/portal\/2024\/04\/07\/sobe-para-seis-o-numero-de-suspeitos-presos-por-envolvimento-em-crime-que-vitimou-policial-militar-em-bayeux\/","og_locale":"pt_BR","og_type":"article","og_title":"Sobe para seis o n\u00famero de suspeitos presos por envolvimento em crime que vitimou policial militar em Bayeux - Pol\u00edcia Militar da Para\u00edba","og_description":"Subiu para 6 o n\u00famero de indiv\u00edduos presos suspeitos de terem envolvimento no crime que vitimou um policial militar, na","og_url":"https:\/\/www.pm.pb.gov.br\/portal\/2024\/04\/07\/sobe-para-seis-o-numero-de-suspeitos-presos-por-envolvimento-em-crime-que-vitimou-policial-militar-em-bayeux\/","og_site_name":"Pol\u00edcia Militar da Para\u00edba","article_published_time":"2024-04-07T11:54:00+00:00","article_modified_time":"2024-04-07T15:59:46+00:00","og_image":[{"width":601,"height":690,"url":"http:\/\/www.pm.pb.gov.br\/portal\/wp-content\/uploads\/2024\/04\/Sobe-para-seis-o-numero-de-suspeitos-presos-por-envolvimento-em-crime-que-vitimou-policial-militar-em-Bayeux.jpeg","type":"image\/jpeg"}],"author":"Assessoria de Imprensa da PMPB","twitter_card":"summary_large_image","twitter_misc":{"Escrito por":"Assessoria de Imprensa da PMPB","Est. tempo de leitura":"2 minutos"},"schema":{"@context":"https:\/\/schema.org","@graph":[{"@type":"Article","@id":"https:\/\/www.pm.pb.gov.br\/portal\/2024\/04\/07\/sobe-para-seis-o-numero-de-suspeitos-presos-por-envolvimento-em-crime-que-vitimou-policial-militar-em-bayeux\/#article","isPartOf":{"@id":"https:\/\/www.pm.pb.gov.br\/portal\/2024\/04\/07\/sobe-para-seis-o-numero-de-suspeitos-presos-por-envolvimento-em-crime-que-vitimou-policial-militar-em-bayeux\/"},"author":{"name":"Assessoria de Imprensa da PMPB","@id":"https:\/\/www.pm.pb.gov.br\/portal\/#\/schema\/person\/e8454f46651c3ecf0e1ba3c1666d9947"},"headline":"Sobe para seis o n\u00famero de suspeitos presos por envolvimento em crime que vitimou policial militar em Bayeux","datePublished":"2024-04-07T11:54:00+00:00","dateModified":"2024-04-07T15:59:46+00:00","mainEntityOfPage":{"@id":"https:\/\/www.pm.pb.gov.br\/portal\/2024\/04\/07\/sobe-para-seis-o-numero-de-suspeitos-presos-por-envolvimento-em-crime-que-vitimou-policial-militar-em-bayeux\/"},"wordCount":254,"publisher":{"@id":"https:\/\/www.pm.pb.gov.br\/portal\/#organization"},"articleSection":["A\u00e7\u00f5es Policiais"],"inLanguage":"pt-BR"},{"@type":"WebPage","@id":"https:\/\/www.pm.pb.gov.br\/portal\/2024\/04\/07\/sobe-para-seis-o-numero-de-suspeitos-presos-por-envolvimento-em-crime-que-vitimou-policial-militar-em-bayeux\/","url":"https:\/\/www.pm.pb.gov.br\/portal\/2024\/04\/07\/sobe-para-seis-o-numero-de-suspeitos-presos-por-envolvimento-em-crime-que-vitimou-policial-militar-em-bayeux\/","name":"Sobe para seis o n\u00famero de suspeitos presos por envolvimento em crime que vitimou policial militar em Bayeux - Pol\u00edcia Militar da Para\u00edba","isPartOf":{"@id":"https:\/\/www.pm.pb.gov.br\/portal\/#website"},"datePublished":"2024-04-07T11:54:00+00:00","dateModified":"2024-04-07T15:59:46+00:00","breadcrumb":{"@id":"https:\/\/www.pm.pb.gov.br\/portal\/2024\/04\/07\/sobe-para-seis-o-numero-de-suspeitos-presos-por-envolvimento-em-crime-que-vitimou-policial-militar-em-bayeux\/#breadcrumb"},"inLanguage":"pt-BR","potentialAction":[{"@type":"ReadAction","target":["https:\/\/www.pm.pb.gov.br\/portal\/2024\/04\/07\/sobe-para-seis-o-numero-de-suspeitos-presos-por-envolvimento-em-crime-que-vitimou-policial-militar-em-bayeux\/"]}]},{"@type":"BreadcrumbList","@id":"https:\/\/www.pm.pb.gov.br\/portal\/2024\/04\/07\/sobe-para-seis-o-numero-de-suspeitos-presos-por-envolvimento-em-crime-que-vitimou-policial-militar-em-bayeux\/#breadcrumb","itemListElement":[{"@type":"ListItem","position":1,"name":"In\u00edcio","item":"https:\/\/www.pm.pb.gov.br\/portal\/"},{"@type":"ListItem","position":2,"name":"Sobe para seis o n\u00famero de suspeitos presos por envolvimento em crime que vitimou policial militar em Bayeux"}]},{"@type":"WebSite","@id":"https:\/\/www.pm.pb.gov.br\/portal\/#website","url":"https:\/\/www.pm.pb.gov.br\/portal\/","name":"Pol\u00edcia Militar da Para\u00edba","description":"","publisher":{"@id":"https:\/\/www.pm.pb.gov.br\/portal\/#organization"},"potentialAction":[{"@type":"SearchAction","target":{"@type":"EntryPoint","urlTemplate":"https:\/\/www.pm.pb.gov.br\/portal\/?s={search_term_string}"},"query-input":"required name=search_term_string"}],"inLanguage":"pt-BR"},{"@type":"Organization","@id":"https:\/\/www.pm.pb.gov.br\/portal\/#organization","name":"Pol\u00edcia Militar da Para\u00edba","url":"https:\/\/www.pm.pb.gov.br\/portal\/","logo":{"@type":"ImageObject","inLanguage":"pt-BR","@id":"https:\/\/www.pm.pb.gov.br\/portal\/#\/schema\/logo\/image\/","url":"https:\/\/www.pm.pb.gov.br\/portal\/wp-content\/uploads\/2025\/03\/cropped-logo-site-mag2-1.png","contentUrl":"https:\/\/www.pm.pb.gov.br\/portal\/wp-content\/uploads\/2025\/03\/cropped-logo-site-mag2-1.png","width":320,"height":90,"caption":"Pol\u00edcia Militar da Para\u00edba"},"image":{"@id":"https:\/\/www.pm.pb.gov.br\/portal\/#\/schema\/logo\/image\/"}},{"@type":"Person","@id":"https:\/\/www.pm.pb.gov.br\/portal\/#\/schema\/person\/e8454f46651c3ecf0e1ba3c1666d9947","name":"Assessoria de Imprensa da PMPB","image":{"@type":"ImageObject","inLanguage":"pt-BR","@id":"https:\/\/www.pm.pb.gov.br\/portal\/#\/schema\/person\/image\/","url":"https:\/\/secure.gravatar.com\/avatar\/2efe197438265d1e90bd98c4c8e1acf8?s=96&d=mm&r=g","contentUrl":"https:\/\/secure.gravatar.com\/avatar\/2efe197438265d1e90bd98c4c8e1acf8?s=96&d=mm&r=g","caption":"Assessoria de Imprensa da PMPB"},"url":"https:\/\/www.pm.pb.gov.br\/portal\/author\/assessoria\/"}]}},"_links":{"self":[{"href":"https:\/\/www.pm.pb.gov.br\/portal\/wp-json\/wp\/v2\/posts\/921699"}],"collection":[{"href":"https:\/\/www.pm.pb.gov.br\/portal\/wp-json\/wp\/v2\/posts"}],"about":[{"href":"https:\/\/www.pm.pb.gov.br\/portal\/wp-json\/wp\/v2\/types\/post"}],"author":[{"embeddable":true,"href":"https:\/\/www.pm.pb.gov.br\/portal\/wp-json\/wp\/v2\/users\/5"}],"replies":[{"embeddable":true,"href":"https:\/\/www.pm.pb.gov.br\/portal\/wp-json\/wp\/v2\/comments?post=921699"}],"version-history":[{"count":1,"href":"https:\/\/www.pm.pb.gov.br\/portal\/wp-json\/wp\/v2\/posts\/921699\/revisions"}],"predecessor-version":[{"id":921701,"href":"https:\/\/www.pm.pb.gov.br\/portal\/wp-json\/wp\/v2\/posts\/921699\/revisions\/921701"}],"wp:featuredmedia":[{"embeddable":true,"href":"https:\/\/www.pm.pb.gov.br\/portal\/wp-json\/wp\/v2\/media\/921700"}],"wp:attachment":[{"href":"https:\/\/www.pm.pb.gov.br\/portal\/wp-json\/wp\/v2\/media?parent=921699"}],"wp:term":[{"taxonomy":"category","embeddable":true,"href":"https:\/\/www.pm.pb.gov.br\/portal\/wp-json\/wp\/v2\/categories?post=921699"},{"taxonomy":"post_tag","embeddable":true,"href":"https:\/\/www.pm.pb.gov.br\/portal\/wp-json\/wp\/v2\/tags?post=921699"}],"curies":[{"name":"wp","href":"https:\/\/api.w.org\/{rel}","templated":true}]}}