{"id":921695,"date":"2024-04-07T11:09:24","date_gmt":"2024-04-07T14:09:24","guid":{"rendered":"https:\/\/www.pm.pb.gov.br\/portal\/?p=921695"},"modified":"2024-04-07T11:09:26","modified_gmt":"2024-04-07T14:09:26","slug":"policia-militar-cumpre-dois-mandados-de-prisao-e-apreende-duas-armas-de-fogo-em-acoes-na-zona-sul-da-capital","status":"publish","type":"post","link":"https:\/\/www.pm.pb.gov.br\/portal\/2024\/04\/07\/policia-militar-cumpre-dois-mandados-de-prisao-e-apreende-duas-armas-de-fogo-em-acoes-na-zona-sul-da-capital\/","title":{"rendered":"Pol\u00edcia Militar cumpre dois mandados de pris\u00e3o e apreende duas armas de fogo em a\u00e7\u00f5es na zona sul da capital"},"content":{"rendered":"\n<p>A Pol\u00edcia Militar cumpriu dois mandados de pris\u00e3o e apreendeu duas armas de fogo em a\u00e7\u00f5es realizadas na zona sul de Jo\u00e3o Pessoa, durante a noite deste s\u00e1bado (06).<\/p>\n<p>Policiais militares da For\u00e7a T\u00e1tica do 5\u00ba Batalh\u00e3o localizaram o primeiro foragido da justi\u00e7a no bairro Funcion\u00e1rios II. O homem, considerado de alta periculosidade, possu\u00eda contra si um mandado de pris\u00e3o pelo crime de homic\u00eddio. Com ele foi apreendido um rev\u00f3lver calibre .38 com vinte e duas muni\u00e7\u00f5es (foto em destaque).<\/p>\n<p><img loading=\"lazy\" decoding=\"async\" class=\"alignright  wp-image-921697\" src=\"http:\/\/www.pm.pb.gov.br\/portal\/wp-content\/uploads\/2024\/04\/Policia-Militar-cumpre-dois-mandados-de-prisao-e-apreende-duas-armas-de-fogo-em-acoes-na-zona-sul-da-capital-2-473x445.jpeg\" alt=\"\" width=\"290\" height=\"273\" srcset=\"https:\/\/www.pm.pb.gov.br\/portal\/wp-content\/uploads\/2024\/04\/Policia-Militar-cumpre-dois-mandados-de-prisao-e-apreende-duas-armas-de-fogo-em-acoes-na-zona-sul-da-capital-2-473x445.jpeg 473w, https:\/\/www.pm.pb.gov.br\/portal\/wp-content\/uploads\/2024\/04\/Policia-Militar-cumpre-dois-mandados-de-prisao-e-apreende-duas-armas-de-fogo-em-acoes-na-zona-sul-da-capital-2-606x570.jpeg 606w, https:\/\/www.pm.pb.gov.br\/portal\/wp-content\/uploads\/2024\/04\/Policia-Militar-cumpre-dois-mandados-de-prisao-e-apreende-duas-armas-de-fogo-em-acoes-na-zona-sul-da-capital-2-768x723.jpeg 768w, https:\/\/www.pm.pb.gov.br\/portal\/wp-content\/uploads\/2024\/04\/Policia-Militar-cumpre-dois-mandados-de-prisao-e-apreende-duas-armas-de-fogo-em-acoes-na-zona-sul-da-capital-2.jpeg 900w\" sizes=\"(max-width: 290px) 100vw, 290px\" \/>Na segunda a\u00e7\u00e3o, tamb\u00e9m realizada pelas equipes do 5\u00ba BPM, um mandado foi cumprido contra um segundo suspeito, tamb\u00e9m de alta periculosidade, no bairro Mangabeira VIII. Com ele foi apreendido um rev\u00f3lver calibre .38 com dez muni\u00e7\u00f5es e tr\u00eas por\u00e7\u00f5es de maconha (foto \u00e0 direita).<\/p>\n<p>Ambos os casos foram apresentados na Cidade da Pol\u00edcia Civil.<\/p>\n","protected":false},"excerpt":{"rendered":"<p>A Pol\u00edcia Militar cumpriu dois mandados de pris\u00e3o e apreendeu duas armas de fogo em a\u00e7\u00f5es realizadas na zona sul<\/p>\n","protected":false},"author":5,"featured_media":921696,"comment_status":"closed","ping_status":"closed","sticky":false,"template":"","format":"standard","meta":{"_exactmetrics_skip_tracking":false,"_exactmetrics_sitenote_active":false,"_exactmetrics_sitenote_note":"","_exactmetrics_sitenote_category":0,"footnotes":""},"categories":[4],"tags":[],"yoast_head":"<!-- This site is optimized with the Yoast SEO plugin v22.0 - https:\/\/yoast.com\/wordpress\/plugins\/seo\/ -->\n<title>Pol\u00edcia Militar cumpre dois mandados de pris\u00e3o e apreende duas armas de fogo em a\u00e7\u00f5es na zona sul da capital - Pol\u00edcia Militar da Para\u00edba<\/title>\n<meta name=\"robots\" content=\"index, follow, max-snippet:-1, max-image-preview:large, max-video-preview:-1\" \/>\n<link rel=\"canonical\" href=\"https:\/\/www.pm.pb.gov.br\/portal\/2024\/04\/07\/policia-militar-cumpre-dois-mandados-de-prisao-e-apreende-duas-armas-de-fogo-em-acoes-na-zona-sul-da-capital\/\" \/>\n<meta property=\"og:locale\" content=\"pt_BR\" \/>\n<meta property=\"og:type\" content=\"article\" \/>\n<meta property=\"og:title\" content=\"Pol\u00edcia Militar cumpre dois mandados de pris\u00e3o e apreende duas armas de fogo em a\u00e7\u00f5es na zona sul da capital - Pol\u00edcia Militar da Para\u00edba\" \/>\n<meta property=\"og:description\" content=\"A Pol\u00edcia Militar cumpriu dois mandados de pris\u00e3o e apreendeu duas armas de fogo em a\u00e7\u00f5es realizadas na zona sul\" \/>\n<meta property=\"og:url\" content=\"https:\/\/www.pm.pb.gov.br\/portal\/2024\/04\/07\/policia-militar-cumpre-dois-mandados-de-prisao-e-apreende-duas-armas-de-fogo-em-acoes-na-zona-sul-da-capital\/\" \/>\n<meta property=\"og:site_name\" content=\"Pol\u00edcia Militar da Para\u00edba\" \/>\n<meta property=\"article:published_time\" content=\"2024-04-07T14:09:24+00:00\" \/>\n<meta property=\"article:modified_time\" content=\"2024-04-07T14:09:26+00:00\" \/>\n<meta property=\"og:image\" content=\"http:\/\/www.pm.pb.gov.br\/portal\/wp-content\/uploads\/2024\/04\/Policia-Militar-cumpre-dois-mandados-de-prisao-e-apreende-duas-armas-de-fogo-em-acoes-na-zona-sul-da-capital-1.jpeg\" \/>\n\t<meta property=\"og:image:width\" content=\"1200\" \/>\n\t<meta property=\"og:image:height\" content=\"939\" \/>\n\t<meta property=\"og:image:type\" content=\"image\/jpeg\" \/>\n<meta name=\"author\" content=\"Assessoria de Imprensa da PMPB\" \/>\n<meta name=\"twitter:card\" content=\"summary_large_image\" \/>\n<meta name=\"twitter:label1\" content=\"Escrito por\" \/>\n\t<meta name=\"twitter:data1\" content=\"Assessoria de Imprensa da PMPB\" \/>\n\t<meta name=\"twitter:label2\" content=\"Est. tempo de leitura\" \/>\n\t<meta name=\"twitter:data2\" content=\"2 minutos\" \/>\n<script type=\"application\/ld+json\" class=\"yoast-schema-graph\">{\"@context\":\"https:\/\/schema.org\",\"@graph\":[{\"@type\":\"Article\",\"@id\":\"https:\/\/www.pm.pb.gov.br\/portal\/2024\/04\/07\/policia-militar-cumpre-dois-mandados-de-prisao-e-apreende-duas-armas-de-fogo-em-acoes-na-zona-sul-da-capital\/#article\",\"isPartOf\":{\"@id\":\"https:\/\/www.pm.pb.gov.br\/portal\/2024\/04\/07\/policia-militar-cumpre-dois-mandados-de-prisao-e-apreende-duas-armas-de-fogo-em-acoes-na-zona-sul-da-capital\/\"},\"author\":{\"name\":\"Assessoria de Imprensa da PMPB\",\"@id\":\"https:\/\/www.pm.pb.gov.br\/portal\/#\/schema\/person\/e8454f46651c3ecf0e1ba3c1666d9947\"},\"headline\":\"Pol\u00edcia Militar cumpre dois mandados de pris\u00e3o e apreende duas armas de fogo em a\u00e7\u00f5es na zona sul da capital\",\"datePublished\":\"2024-04-07T14:09:24+00:00\",\"dateModified\":\"2024-04-07T14:09:26+00:00\",\"mainEntityOfPage\":{\"@id\":\"https:\/\/www.pm.pb.gov.br\/portal\/2024\/04\/07\/policia-militar-cumpre-dois-mandados-de-prisao-e-apreende-duas-armas-de-fogo-em-acoes-na-zona-sul-da-capital\/\"},\"wordCount\":175,\"publisher\":{\"@id\":\"https:\/\/www.pm.pb.gov.br\/portal\/#organization\"},\"articleSection\":[\"A\u00e7\u00f5es Policiais\"],\"inLanguage\":\"pt-BR\"},{\"@type\":\"WebPage\",\"@id\":\"https:\/\/www.pm.pb.gov.br\/portal\/2024\/04\/07\/policia-militar-cumpre-dois-mandados-de-prisao-e-apreende-duas-armas-de-fogo-em-acoes-na-zona-sul-da-capital\/\",\"url\":\"https:\/\/www.pm.pb.gov.br\/portal\/2024\/04\/07\/policia-militar-cumpre-dois-mandados-de-prisao-e-apreende-duas-armas-de-fogo-em-acoes-na-zona-sul-da-capital\/\",\"name\":\"Pol\u00edcia Militar cumpre dois mandados de pris\u00e3o e apreende duas armas de fogo em a\u00e7\u00f5es na zona sul da capital - Pol\u00edcia Militar da Para\u00edba\",\"isPartOf\":{\"@id\":\"https:\/\/www.pm.pb.gov.br\/portal\/#website\"},\"datePublished\":\"2024-04-07T14:09:24+00:00\",\"dateModified\":\"2024-04-07T14:09:26+00:00\",\"breadcrumb\":{\"@id\":\"https:\/\/www.pm.pb.gov.br\/portal\/2024\/04\/07\/policia-militar-cumpre-dois-mandados-de-prisao-e-apreende-duas-armas-de-fogo-em-acoes-na-zona-sul-da-capital\/#breadcrumb\"},\"inLanguage\":\"pt-BR\",\"potentialAction\":[{\"@type\":\"ReadAction\",\"target\":[\"https:\/\/www.pm.pb.gov.br\/portal\/2024\/04\/07\/policia-militar-cumpre-dois-mandados-de-prisao-e-apreende-duas-armas-de-fogo-em-acoes-na-zona-sul-da-capital\/\"]}]},{\"@type\":\"BreadcrumbList\",\"@id\":\"https:\/\/www.pm.pb.gov.br\/portal\/2024\/04\/07\/policia-militar-cumpre-dois-mandados-de-prisao-e-apreende-duas-armas-de-fogo-em-acoes-na-zona-sul-da-capital\/#breadcrumb\",\"itemListElement\":[{\"@type\":\"ListItem\",\"position\":1,\"name\":\"In\u00edcio\",\"item\":\"https:\/\/www.pm.pb.gov.br\/portal\/\"},{\"@type\":\"ListItem\",\"position\":2,\"name\":\"Pol\u00edcia Militar cumpre dois mandados de pris\u00e3o e apreende duas armas de fogo em a\u00e7\u00f5es na zona sul da capital\"}]},{\"@type\":\"WebSite\",\"@id\":\"https:\/\/www.pm.pb.gov.br\/portal\/#website\",\"url\":\"https:\/\/www.pm.pb.gov.br\/portal\/\",\"name\":\"Pol\u00edcia Militar da Para\u00edba\",\"description\":\"\",\"publisher\":{\"@id\":\"https:\/\/www.pm.pb.gov.br\/portal\/#organization\"},\"potentialAction\":[{\"@type\":\"SearchAction\",\"target\":{\"@type\":\"EntryPoint\",\"urlTemplate\":\"https:\/\/www.pm.pb.gov.br\/portal\/?s={search_term_string}\"},\"query-input\":\"required name=search_term_string\"}],\"inLanguage\":\"pt-BR\"},{\"@type\":\"Organization\",\"@id\":\"https:\/\/www.pm.pb.gov.br\/portal\/#organization\",\"name\":\"Pol\u00edcia Militar da Para\u00edba\",\"url\":\"https:\/\/www.pm.pb.gov.br\/portal\/\",\"logo\":{\"@type\":\"ImageObject\",\"inLanguage\":\"pt-BR\",\"@id\":\"https:\/\/www.pm.pb.gov.br\/portal\/#\/schema\/logo\/image\/\",\"url\":\"https:\/\/www.pm.pb.gov.br\/portal\/wp-content\/uploads\/2025\/03\/cropped-logo-site-mag2-1.png\",\"contentUrl\":\"https:\/\/www.pm.pb.gov.br\/portal\/wp-content\/uploads\/2025\/03\/cropped-logo-site-mag2-1.png\",\"width\":320,\"height\":90,\"caption\":\"Pol\u00edcia Militar da Para\u00edba\"},\"image\":{\"@id\":\"https:\/\/www.pm.pb.gov.br\/portal\/#\/schema\/logo\/image\/\"}},{\"@type\":\"Person\",\"@id\":\"https:\/\/www.pm.pb.gov.br\/portal\/#\/schema\/person\/e8454f46651c3ecf0e1ba3c1666d9947\",\"name\":\"Assessoria de Imprensa da PMPB\",\"image\":{\"@type\":\"ImageObject\",\"inLanguage\":\"pt-BR\",\"@id\":\"https:\/\/www.pm.pb.gov.br\/portal\/#\/schema\/person\/image\/\",\"url\":\"https:\/\/secure.gravatar.com\/avatar\/2efe197438265d1e90bd98c4c8e1acf8?s=96&d=mm&r=g\",\"contentUrl\":\"https:\/\/secure.gravatar.com\/avatar\/2efe197438265d1e90bd98c4c8e1acf8?s=96&d=mm&r=g\",\"caption\":\"Assessoria de Imprensa da PMPB\"},\"url\":\"https:\/\/www.pm.pb.gov.br\/portal\/author\/assessoria\/\"}]}<\/script>\n<!-- \/ Yoast SEO plugin. -->","yoast_head_json":{"title":"Pol\u00edcia Militar cumpre dois mandados de pris\u00e3o e apreende duas armas de fogo em a\u00e7\u00f5es na zona sul da capital - Pol\u00edcia Militar da Para\u00edba","robots":{"index":"index","follow":"follow","max-snippet":"max-snippet:-1","max-image-preview":"max-image-preview:large","max-video-preview":"max-video-preview:-1"},"canonical":"https:\/\/www.pm.pb.gov.br\/portal\/2024\/04\/07\/policia-militar-cumpre-dois-mandados-de-prisao-e-apreende-duas-armas-de-fogo-em-acoes-na-zona-sul-da-capital\/","og_locale":"pt_BR","og_type":"article","og_title":"Pol\u00edcia Militar cumpre dois mandados de pris\u00e3o e apreende duas armas de fogo em a\u00e7\u00f5es na zona sul da capital - Pol\u00edcia Militar da Para\u00edba","og_description":"A Pol\u00edcia Militar cumpriu dois mandados de pris\u00e3o e apreendeu duas armas de fogo em a\u00e7\u00f5es realizadas na zona sul","og_url":"https:\/\/www.pm.pb.gov.br\/portal\/2024\/04\/07\/policia-militar-cumpre-dois-mandados-de-prisao-e-apreende-duas-armas-de-fogo-em-acoes-na-zona-sul-da-capital\/","og_site_name":"Pol\u00edcia Militar da Para\u00edba","article_published_time":"2024-04-07T14:09:24+00:00","article_modified_time":"2024-04-07T14:09:26+00:00","og_image":[{"width":1200,"height":939,"url":"http:\/\/www.pm.pb.gov.br\/portal\/wp-content\/uploads\/2024\/04\/Policia-Militar-cumpre-dois-mandados-de-prisao-e-apreende-duas-armas-de-fogo-em-acoes-na-zona-sul-da-capital-1.jpeg","type":"image\/jpeg"}],"author":"Assessoria de Imprensa da PMPB","twitter_card":"summary_large_image","twitter_misc":{"Escrito por":"Assessoria de Imprensa da PMPB","Est. tempo de leitura":"2 minutos"},"schema":{"@context":"https:\/\/schema.org","@graph":[{"@type":"Article","@id":"https:\/\/www.pm.pb.gov.br\/portal\/2024\/04\/07\/policia-militar-cumpre-dois-mandados-de-prisao-e-apreende-duas-armas-de-fogo-em-acoes-na-zona-sul-da-capital\/#article","isPartOf":{"@id":"https:\/\/www.pm.pb.gov.br\/portal\/2024\/04\/07\/policia-militar-cumpre-dois-mandados-de-prisao-e-apreende-duas-armas-de-fogo-em-acoes-na-zona-sul-da-capital\/"},"author":{"name":"Assessoria de Imprensa da PMPB","@id":"https:\/\/www.pm.pb.gov.br\/portal\/#\/schema\/person\/e8454f46651c3ecf0e1ba3c1666d9947"},"headline":"Pol\u00edcia Militar cumpre dois mandados de pris\u00e3o e apreende duas armas de fogo em a\u00e7\u00f5es na zona sul da capital","datePublished":"2024-04-07T14:09:24+00:00","dateModified":"2024-04-07T14:09:26+00:00","mainEntityOfPage":{"@id":"https:\/\/www.pm.pb.gov.br\/portal\/2024\/04\/07\/policia-militar-cumpre-dois-mandados-de-prisao-e-apreende-duas-armas-de-fogo-em-acoes-na-zona-sul-da-capital\/"},"wordCount":175,"publisher":{"@id":"https:\/\/www.pm.pb.gov.br\/portal\/#organization"},"articleSection":["A\u00e7\u00f5es Policiais"],"inLanguage":"pt-BR"},{"@type":"WebPage","@id":"https:\/\/www.pm.pb.gov.br\/portal\/2024\/04\/07\/policia-militar-cumpre-dois-mandados-de-prisao-e-apreende-duas-armas-de-fogo-em-acoes-na-zona-sul-da-capital\/","url":"https:\/\/www.pm.pb.gov.br\/portal\/2024\/04\/07\/policia-militar-cumpre-dois-mandados-de-prisao-e-apreende-duas-armas-de-fogo-em-acoes-na-zona-sul-da-capital\/","name":"Pol\u00edcia Militar cumpre dois mandados de pris\u00e3o e apreende duas armas de fogo em a\u00e7\u00f5es na zona sul da capital - Pol\u00edcia Militar da Para\u00edba","isPartOf":{"@id":"https:\/\/www.pm.pb.gov.br\/portal\/#website"},"datePublished":"2024-04-07T14:09:24+00:00","dateModified":"2024-04-07T14:09:26+00:00","breadcrumb":{"@id":"https:\/\/www.pm.pb.gov.br\/portal\/2024\/04\/07\/policia-militar-cumpre-dois-mandados-de-prisao-e-apreende-duas-armas-de-fogo-em-acoes-na-zona-sul-da-capital\/#breadcrumb"},"inLanguage":"pt-BR","potentialAction":[{"@type":"ReadAction","target":["https:\/\/www.pm.pb.gov.br\/portal\/2024\/04\/07\/policia-militar-cumpre-dois-mandados-de-prisao-e-apreende-duas-armas-de-fogo-em-acoes-na-zona-sul-da-capital\/"]}]},{"@type":"BreadcrumbList","@id":"https:\/\/www.pm.pb.gov.br\/portal\/2024\/04\/07\/policia-militar-cumpre-dois-mandados-de-prisao-e-apreende-duas-armas-de-fogo-em-acoes-na-zona-sul-da-capital\/#breadcrumb","itemListElement":[{"@type":"ListItem","position":1,"name":"In\u00edcio","item":"https:\/\/www.pm.pb.gov.br\/portal\/"},{"@type":"ListItem","position":2,"name":"Pol\u00edcia Militar cumpre dois mandados de pris\u00e3o e apreende duas armas de fogo em a\u00e7\u00f5es na zona sul da capital"}]},{"@type":"WebSite","@id":"https:\/\/www.pm.pb.gov.br\/portal\/#website","url":"https:\/\/www.pm.pb.gov.br\/portal\/","name":"Pol\u00edcia Militar da Para\u00edba","description":"","publisher":{"@id":"https:\/\/www.pm.pb.gov.br\/portal\/#organization"},"potentialAction":[{"@type":"SearchAction","target":{"@type":"EntryPoint","urlTemplate":"https:\/\/www.pm.pb.gov.br\/portal\/?s={search_term_string}"},"query-input":"required name=search_term_string"}],"inLanguage":"pt-BR"},{"@type":"Organization","@id":"https:\/\/www.pm.pb.gov.br\/portal\/#organization","name":"Pol\u00edcia Militar da Para\u00edba","url":"https:\/\/www.pm.pb.gov.br\/portal\/","logo":{"@type":"ImageObject","inLanguage":"pt-BR","@id":"https:\/\/www.pm.pb.gov.br\/portal\/#\/schema\/logo\/image\/","url":"https:\/\/www.pm.pb.gov.br\/portal\/wp-content\/uploads\/2025\/03\/cropped-logo-site-mag2-1.png","contentUrl":"https:\/\/www.pm.pb.gov.br\/portal\/wp-content\/uploads\/2025\/03\/cropped-logo-site-mag2-1.png","width":320,"height":90,"caption":"Pol\u00edcia Militar da Para\u00edba"},"image":{"@id":"https:\/\/www.pm.pb.gov.br\/portal\/#\/schema\/logo\/image\/"}},{"@type":"Person","@id":"https:\/\/www.pm.pb.gov.br\/portal\/#\/schema\/person\/e8454f46651c3ecf0e1ba3c1666d9947","name":"Assessoria de Imprensa da PMPB","image":{"@type":"ImageObject","inLanguage":"pt-BR","@id":"https:\/\/www.pm.pb.gov.br\/portal\/#\/schema\/person\/image\/","url":"https:\/\/secure.gravatar.com\/avatar\/2efe197438265d1e90bd98c4c8e1acf8?s=96&d=mm&r=g","contentUrl":"https:\/\/secure.gravatar.com\/avatar\/2efe197438265d1e90bd98c4c8e1acf8?s=96&d=mm&r=g","caption":"Assessoria de Imprensa da PMPB"},"url":"https:\/\/www.pm.pb.gov.br\/portal\/author\/assessoria\/"}]}},"_links":{"self":[{"href":"https:\/\/www.pm.pb.gov.br\/portal\/wp-json\/wp\/v2\/posts\/921695"}],"collection":[{"href":"https:\/\/www.pm.pb.gov.br\/portal\/wp-json\/wp\/v2\/posts"}],"about":[{"href":"https:\/\/www.pm.pb.gov.br\/portal\/wp-json\/wp\/v2\/types\/post"}],"author":[{"embeddable":true,"href":"https:\/\/www.pm.pb.gov.br\/portal\/wp-json\/wp\/v2\/users\/5"}],"replies":[{"embeddable":true,"href":"https:\/\/www.pm.pb.gov.br\/portal\/wp-json\/wp\/v2\/comments?post=921695"}],"version-history":[{"count":1,"href":"https:\/\/www.pm.pb.gov.br\/portal\/wp-json\/wp\/v2\/posts\/921695\/revisions"}],"predecessor-version":[{"id":921698,"href":"https:\/\/www.pm.pb.gov.br\/portal\/wp-json\/wp\/v2\/posts\/921695\/revisions\/921698"}],"wp:featuredmedia":[{"embeddable":true,"href":"https:\/\/www.pm.pb.gov.br\/portal\/wp-json\/wp\/v2\/media\/921696"}],"wp:attachment":[{"href":"https:\/\/www.pm.pb.gov.br\/portal\/wp-json\/wp\/v2\/media?parent=921695"}],"wp:term":[{"taxonomy":"category","embeddable":true,"href":"https:\/\/www.pm.pb.gov.br\/portal\/wp-json\/wp\/v2\/categories?post=921695"},{"taxonomy":"post_tag","embeddable":true,"href":"https:\/\/www.pm.pb.gov.br\/portal\/wp-json\/wp\/v2\/tags?post=921695"}],"curies":[{"name":"wp","href":"https:\/\/api.w.org\/{rel}","templated":true}]}}