{"id":921683,"date":"2024-04-06T10:31:25","date_gmt":"2024-04-06T13:31:25","guid":{"rendered":"https:\/\/www.pm.pb.gov.br\/portal\/?p=921683"},"modified":"2024-04-06T10:31:27","modified_gmt":"2024-04-06T13:31:27","slug":"policia-militar-captura-foragido-da-justica-e-prende-suspeito-por-porte-ilegal-de-arma-de-fogo-em-acoes-na-orla-da-capital","status":"publish","type":"post","link":"https:\/\/www.pm.pb.gov.br\/portal\/2024\/04\/06\/policia-militar-captura-foragido-da-justica-e-prende-suspeito-por-porte-ilegal-de-arma-de-fogo-em-acoes-na-orla-da-capital\/","title":{"rendered":"Pol\u00edcia Militar captura foragido da justi\u00e7a e prende suspeito por porte ilegal de arma de fogo em a\u00e7\u00f5es na orla da capital"},"content":{"rendered":"\n\n\n<p>A Pol\u00edcia Militar, atrav\u00e9s do Batalh\u00e3o Especializado em Policiamento Tur\u00edstico (BEPTur), cumpriu um mandado de pris\u00e3o e prendeu um suspeito por porte ilegal de arma de fogo, durante a\u00e7\u00f5es realizadas entre a noite desta sexta-feira (05) e madrugada deste s\u00e1bado (06), nos bairros de Mana\u00edra e Bessa, em Jo\u00e3o Pessoa (Imagem acima ilustrativa).<\/p>\n<p>O foragido tratava-se de um homem, de 27 anos, natural do Rio de Janeiro, que possu\u00eda em seu desfavor um mandado de pris\u00e3o pelo crime de roubo. Ele foi abordado durante a\u00e7\u00f5es de intensifica\u00e7\u00e3o do patrulhamento preventivo, nas proximidades do Bairro S\u00e3o Jos\u00e9 e, ap\u00f3s a consulta de dados, constatou-se o mandado pendente de cumprimento.<\/p>\n<p><img loading=\"lazy\" decoding=\"async\" class=\"wp-image-921685 alignright\" src=\"http:\/\/www.pm.pb.gov.br\/portal\/wp-content\/uploads\/2024\/04\/Policia-Militar-captura-foragido-da-justica-e-prende-suspeito-por-porte-ilegal-de-arma-de-fogo-em-acoes-na-orla-da-capital-316x445.jpeg\" alt=\"\" width=\"185\" height=\"261\" srcset=\"https:\/\/www.pm.pb.gov.br\/portal\/wp-content\/uploads\/2024\/04\/Policia-Militar-captura-foragido-da-justica-e-prende-suspeito-por-porte-ilegal-de-arma-de-fogo-em-acoes-na-orla-da-capital-316x445.jpeg 316w, https:\/\/www.pm.pb.gov.br\/portal\/wp-content\/uploads\/2024\/04\/Policia-Militar-captura-foragido-da-justica-e-prende-suspeito-por-porte-ilegal-de-arma-de-fogo-em-acoes-na-orla-da-capital-405x570.jpeg 405w, https:\/\/www.pm.pb.gov.br\/portal\/wp-content\/uploads\/2024\/04\/Policia-Militar-captura-foragido-da-justica-e-prende-suspeito-por-porte-ilegal-de-arma-de-fogo-em-acoes-na-orla-da-capital.jpeg 591w\" sizes=\"(max-width: 185px) 100vw, 185px\" \/>J\u00e1 na madrugada de s\u00e1bado, as equipes prenderam em flagrante um homem de 41 anos, que foi abordado em um bar, no bairro do Bessa, ap\u00f3s den\u00fancias de amea\u00e7a. Durante a busca pessoal, foi encontrada com o suspeito uma pistola calibre .380 com quatorze muni\u00e7\u00f5es (foto \u00e0 direita).<\/p>\n<p>Os dois casos foram conduzidos para a Cidade da Pol\u00edcia Civil, no Geisel.<\/p>\n","protected":false},"excerpt":{"rendered":"<p>A Pol\u00edcia Militar, atrav\u00e9s do Batalh\u00e3o Especializado em Policiamento Tur\u00edstico (BEPTur), cumpriu um mandado de pris\u00e3o e prendeu um suspeito<\/p>\n","protected":false},"author":5,"featured_media":921684,"comment_status":"closed","ping_status":"closed","sticky":false,"template":"","format":"standard","meta":{"_exactmetrics_skip_tracking":false,"_exactmetrics_sitenote_active":false,"_exactmetrics_sitenote_note":"","_exactmetrics_sitenote_category":0,"footnotes":""},"categories":[4],"tags":[],"yoast_head":"<!-- This site is optimized with the Yoast SEO plugin v22.0 - https:\/\/yoast.com\/wordpress\/plugins\/seo\/ -->\n<title>Pol\u00edcia Militar captura foragido da justi\u00e7a e prende suspeito por porte ilegal de arma de fogo em a\u00e7\u00f5es na orla da capital - Pol\u00edcia Militar da Para\u00edba<\/title>\n<meta name=\"robots\" content=\"index, follow, max-snippet:-1, max-image-preview:large, max-video-preview:-1\" \/>\n<link rel=\"canonical\" href=\"https:\/\/www.pm.pb.gov.br\/portal\/2024\/04\/06\/policia-militar-captura-foragido-da-justica-e-prende-suspeito-por-porte-ilegal-de-arma-de-fogo-em-acoes-na-orla-da-capital\/\" \/>\n<meta property=\"og:locale\" content=\"pt_BR\" \/>\n<meta property=\"og:type\" content=\"article\" \/>\n<meta property=\"og:title\" content=\"Pol\u00edcia Militar captura foragido da justi\u00e7a e prende suspeito por porte ilegal de arma de fogo em a\u00e7\u00f5es na orla da capital - Pol\u00edcia Militar da Para\u00edba\" \/>\n<meta property=\"og:description\" content=\"A Pol\u00edcia Militar, atrav\u00e9s do Batalh\u00e3o Especializado em Policiamento Tur\u00edstico (BEPTur), cumpriu um mandado de pris\u00e3o e prendeu um suspeito\" \/>\n<meta property=\"og:url\" content=\"https:\/\/www.pm.pb.gov.br\/portal\/2024\/04\/06\/policia-militar-captura-foragido-da-justica-e-prende-suspeito-por-porte-ilegal-de-arma-de-fogo-em-acoes-na-orla-da-capital\/\" \/>\n<meta property=\"og:site_name\" content=\"Pol\u00edcia Militar da Para\u00edba\" \/>\n<meta property=\"article:published_time\" content=\"2024-04-06T13:31:25+00:00\" \/>\n<meta property=\"article:modified_time\" content=\"2024-04-06T13:31:27+00:00\" \/>\n<meta property=\"og:image\" content=\"http:\/\/www.pm.pb.gov.br\/portal\/wp-content\/uploads\/2024\/04\/IMG_5880-scaled.jpg\" \/>\n\t<meta property=\"og:image:width\" content=\"2560\" \/>\n\t<meta property=\"og:image:height\" content=\"1707\" \/>\n\t<meta property=\"og:image:type\" content=\"image\/jpeg\" \/>\n<meta name=\"author\" content=\"Assessoria de Imprensa da PMPB\" \/>\n<meta name=\"twitter:card\" content=\"summary_large_image\" \/>\n<meta name=\"twitter:label1\" content=\"Escrito por\" \/>\n\t<meta name=\"twitter:data1\" content=\"Assessoria de Imprensa da PMPB\" \/>\n\t<meta name=\"twitter:label2\" content=\"Est. tempo de leitura\" \/>\n\t<meta name=\"twitter:data2\" content=\"2 minutos\" \/>\n<script type=\"application\/ld+json\" class=\"yoast-schema-graph\">{\"@context\":\"https:\/\/schema.org\",\"@graph\":[{\"@type\":\"Article\",\"@id\":\"https:\/\/www.pm.pb.gov.br\/portal\/2024\/04\/06\/policia-militar-captura-foragido-da-justica-e-prende-suspeito-por-porte-ilegal-de-arma-de-fogo-em-acoes-na-orla-da-capital\/#article\",\"isPartOf\":{\"@id\":\"https:\/\/www.pm.pb.gov.br\/portal\/2024\/04\/06\/policia-militar-captura-foragido-da-justica-e-prende-suspeito-por-porte-ilegal-de-arma-de-fogo-em-acoes-na-orla-da-capital\/\"},\"author\":{\"name\":\"Assessoria de Imprensa da PMPB\",\"@id\":\"https:\/\/www.pm.pb.gov.br\/portal\/#\/schema\/person\/e8454f46651c3ecf0e1ba3c1666d9947\"},\"headline\":\"Pol\u00edcia Militar captura foragido da justi\u00e7a e prende suspeito por porte ilegal de arma de fogo em a\u00e7\u00f5es na orla da capital\",\"datePublished\":\"2024-04-06T13:31:25+00:00\",\"dateModified\":\"2024-04-06T13:31:27+00:00\",\"mainEntityOfPage\":{\"@id\":\"https:\/\/www.pm.pb.gov.br\/portal\/2024\/04\/06\/policia-militar-captura-foragido-da-justica-e-prende-suspeito-por-porte-ilegal-de-arma-de-fogo-em-acoes-na-orla-da-capital\/\"},\"wordCount\":209,\"publisher\":{\"@id\":\"https:\/\/www.pm.pb.gov.br\/portal\/#organization\"},\"articleSection\":[\"A\u00e7\u00f5es Policiais\"],\"inLanguage\":\"pt-BR\"},{\"@type\":\"WebPage\",\"@id\":\"https:\/\/www.pm.pb.gov.br\/portal\/2024\/04\/06\/policia-militar-captura-foragido-da-justica-e-prende-suspeito-por-porte-ilegal-de-arma-de-fogo-em-acoes-na-orla-da-capital\/\",\"url\":\"https:\/\/www.pm.pb.gov.br\/portal\/2024\/04\/06\/policia-militar-captura-foragido-da-justica-e-prende-suspeito-por-porte-ilegal-de-arma-de-fogo-em-acoes-na-orla-da-capital\/\",\"name\":\"Pol\u00edcia Militar captura foragido da justi\u00e7a e prende suspeito por porte ilegal de arma de fogo em a\u00e7\u00f5es na orla da capital - Pol\u00edcia Militar da Para\u00edba\",\"isPartOf\":{\"@id\":\"https:\/\/www.pm.pb.gov.br\/portal\/#website\"},\"datePublished\":\"2024-04-06T13:31:25+00:00\",\"dateModified\":\"2024-04-06T13:31:27+00:00\",\"breadcrumb\":{\"@id\":\"https:\/\/www.pm.pb.gov.br\/portal\/2024\/04\/06\/policia-militar-captura-foragido-da-justica-e-prende-suspeito-por-porte-ilegal-de-arma-de-fogo-em-acoes-na-orla-da-capital\/#breadcrumb\"},\"inLanguage\":\"pt-BR\",\"potentialAction\":[{\"@type\":\"ReadAction\",\"target\":[\"https:\/\/www.pm.pb.gov.br\/portal\/2024\/04\/06\/policia-militar-captura-foragido-da-justica-e-prende-suspeito-por-porte-ilegal-de-arma-de-fogo-em-acoes-na-orla-da-capital\/\"]}]},{\"@type\":\"BreadcrumbList\",\"@id\":\"https:\/\/www.pm.pb.gov.br\/portal\/2024\/04\/06\/policia-militar-captura-foragido-da-justica-e-prende-suspeito-por-porte-ilegal-de-arma-de-fogo-em-acoes-na-orla-da-capital\/#breadcrumb\",\"itemListElement\":[{\"@type\":\"ListItem\",\"position\":1,\"name\":\"In\u00edcio\",\"item\":\"https:\/\/www.pm.pb.gov.br\/portal\/\"},{\"@type\":\"ListItem\",\"position\":2,\"name\":\"Pol\u00edcia Militar captura foragido da justi\u00e7a e prende suspeito por porte ilegal de arma de fogo em a\u00e7\u00f5es na orla da capital\"}]},{\"@type\":\"WebSite\",\"@id\":\"https:\/\/www.pm.pb.gov.br\/portal\/#website\",\"url\":\"https:\/\/www.pm.pb.gov.br\/portal\/\",\"name\":\"Pol\u00edcia Militar da Para\u00edba\",\"description\":\"\",\"publisher\":{\"@id\":\"https:\/\/www.pm.pb.gov.br\/portal\/#organization\"},\"potentialAction\":[{\"@type\":\"SearchAction\",\"target\":{\"@type\":\"EntryPoint\",\"urlTemplate\":\"https:\/\/www.pm.pb.gov.br\/portal\/?s={search_term_string}\"},\"query-input\":\"required name=search_term_string\"}],\"inLanguage\":\"pt-BR\"},{\"@type\":\"Organization\",\"@id\":\"https:\/\/www.pm.pb.gov.br\/portal\/#organization\",\"name\":\"Pol\u00edcia Militar da Para\u00edba\",\"url\":\"https:\/\/www.pm.pb.gov.br\/portal\/\",\"logo\":{\"@type\":\"ImageObject\",\"inLanguage\":\"pt-BR\",\"@id\":\"https:\/\/www.pm.pb.gov.br\/portal\/#\/schema\/logo\/image\/\",\"url\":\"https:\/\/www.pm.pb.gov.br\/portal\/wp-content\/uploads\/2025\/03\/cropped-logo-site-mag2-1.png\",\"contentUrl\":\"https:\/\/www.pm.pb.gov.br\/portal\/wp-content\/uploads\/2025\/03\/cropped-logo-site-mag2-1.png\",\"width\":320,\"height\":90,\"caption\":\"Pol\u00edcia Militar da Para\u00edba\"},\"image\":{\"@id\":\"https:\/\/www.pm.pb.gov.br\/portal\/#\/schema\/logo\/image\/\"}},{\"@type\":\"Person\",\"@id\":\"https:\/\/www.pm.pb.gov.br\/portal\/#\/schema\/person\/e8454f46651c3ecf0e1ba3c1666d9947\",\"name\":\"Assessoria de Imprensa da PMPB\",\"image\":{\"@type\":\"ImageObject\",\"inLanguage\":\"pt-BR\",\"@id\":\"https:\/\/www.pm.pb.gov.br\/portal\/#\/schema\/person\/image\/\",\"url\":\"https:\/\/secure.gravatar.com\/avatar\/2efe197438265d1e90bd98c4c8e1acf8?s=96&d=mm&r=g\",\"contentUrl\":\"https:\/\/secure.gravatar.com\/avatar\/2efe197438265d1e90bd98c4c8e1acf8?s=96&d=mm&r=g\",\"caption\":\"Assessoria de Imprensa da PMPB\"},\"url\":\"https:\/\/www.pm.pb.gov.br\/portal\/author\/assessoria\/\"}]}<\/script>\n<!-- \/ Yoast SEO plugin. -->","yoast_head_json":{"title":"Pol\u00edcia Militar captura foragido da justi\u00e7a e prende suspeito por porte ilegal de arma de fogo em a\u00e7\u00f5es na orla da capital - Pol\u00edcia Militar da Para\u00edba","robots":{"index":"index","follow":"follow","max-snippet":"max-snippet:-1","max-image-preview":"max-image-preview:large","max-video-preview":"max-video-preview:-1"},"canonical":"https:\/\/www.pm.pb.gov.br\/portal\/2024\/04\/06\/policia-militar-captura-foragido-da-justica-e-prende-suspeito-por-porte-ilegal-de-arma-de-fogo-em-acoes-na-orla-da-capital\/","og_locale":"pt_BR","og_type":"article","og_title":"Pol\u00edcia Militar captura foragido da justi\u00e7a e prende suspeito por porte ilegal de arma de fogo em a\u00e7\u00f5es na orla da capital - Pol\u00edcia Militar da Para\u00edba","og_description":"A Pol\u00edcia Militar, atrav\u00e9s do Batalh\u00e3o Especializado em Policiamento Tur\u00edstico (BEPTur), cumpriu um mandado de pris\u00e3o e prendeu um suspeito","og_url":"https:\/\/www.pm.pb.gov.br\/portal\/2024\/04\/06\/policia-militar-captura-foragido-da-justica-e-prende-suspeito-por-porte-ilegal-de-arma-de-fogo-em-acoes-na-orla-da-capital\/","og_site_name":"Pol\u00edcia Militar da Para\u00edba","article_published_time":"2024-04-06T13:31:25+00:00","article_modified_time":"2024-04-06T13:31:27+00:00","og_image":[{"width":2560,"height":1707,"url":"http:\/\/www.pm.pb.gov.br\/portal\/wp-content\/uploads\/2024\/04\/IMG_5880-scaled.jpg","type":"image\/jpeg"}],"author":"Assessoria de Imprensa da PMPB","twitter_card":"summary_large_image","twitter_misc":{"Escrito por":"Assessoria de Imprensa da PMPB","Est. tempo de leitura":"2 minutos"},"schema":{"@context":"https:\/\/schema.org","@graph":[{"@type":"Article","@id":"https:\/\/www.pm.pb.gov.br\/portal\/2024\/04\/06\/policia-militar-captura-foragido-da-justica-e-prende-suspeito-por-porte-ilegal-de-arma-de-fogo-em-acoes-na-orla-da-capital\/#article","isPartOf":{"@id":"https:\/\/www.pm.pb.gov.br\/portal\/2024\/04\/06\/policia-militar-captura-foragido-da-justica-e-prende-suspeito-por-porte-ilegal-de-arma-de-fogo-em-acoes-na-orla-da-capital\/"},"author":{"name":"Assessoria de Imprensa da PMPB","@id":"https:\/\/www.pm.pb.gov.br\/portal\/#\/schema\/person\/e8454f46651c3ecf0e1ba3c1666d9947"},"headline":"Pol\u00edcia Militar captura foragido da justi\u00e7a e prende suspeito por porte ilegal de arma de fogo em a\u00e7\u00f5es na orla da capital","datePublished":"2024-04-06T13:31:25+00:00","dateModified":"2024-04-06T13:31:27+00:00","mainEntityOfPage":{"@id":"https:\/\/www.pm.pb.gov.br\/portal\/2024\/04\/06\/policia-militar-captura-foragido-da-justica-e-prende-suspeito-por-porte-ilegal-de-arma-de-fogo-em-acoes-na-orla-da-capital\/"},"wordCount":209,"publisher":{"@id":"https:\/\/www.pm.pb.gov.br\/portal\/#organization"},"articleSection":["A\u00e7\u00f5es Policiais"],"inLanguage":"pt-BR"},{"@type":"WebPage","@id":"https:\/\/www.pm.pb.gov.br\/portal\/2024\/04\/06\/policia-militar-captura-foragido-da-justica-e-prende-suspeito-por-porte-ilegal-de-arma-de-fogo-em-acoes-na-orla-da-capital\/","url":"https:\/\/www.pm.pb.gov.br\/portal\/2024\/04\/06\/policia-militar-captura-foragido-da-justica-e-prende-suspeito-por-porte-ilegal-de-arma-de-fogo-em-acoes-na-orla-da-capital\/","name":"Pol\u00edcia Militar captura foragido da justi\u00e7a e prende suspeito por porte ilegal de arma de fogo em a\u00e7\u00f5es na orla da capital - Pol\u00edcia Militar da Para\u00edba","isPartOf":{"@id":"https:\/\/www.pm.pb.gov.br\/portal\/#website"},"datePublished":"2024-04-06T13:31:25+00:00","dateModified":"2024-04-06T13:31:27+00:00","breadcrumb":{"@id":"https:\/\/www.pm.pb.gov.br\/portal\/2024\/04\/06\/policia-militar-captura-foragido-da-justica-e-prende-suspeito-por-porte-ilegal-de-arma-de-fogo-em-acoes-na-orla-da-capital\/#breadcrumb"},"inLanguage":"pt-BR","potentialAction":[{"@type":"ReadAction","target":["https:\/\/www.pm.pb.gov.br\/portal\/2024\/04\/06\/policia-militar-captura-foragido-da-justica-e-prende-suspeito-por-porte-ilegal-de-arma-de-fogo-em-acoes-na-orla-da-capital\/"]}]},{"@type":"BreadcrumbList","@id":"https:\/\/www.pm.pb.gov.br\/portal\/2024\/04\/06\/policia-militar-captura-foragido-da-justica-e-prende-suspeito-por-porte-ilegal-de-arma-de-fogo-em-acoes-na-orla-da-capital\/#breadcrumb","itemListElement":[{"@type":"ListItem","position":1,"name":"In\u00edcio","item":"https:\/\/www.pm.pb.gov.br\/portal\/"},{"@type":"ListItem","position":2,"name":"Pol\u00edcia Militar captura foragido da justi\u00e7a e prende suspeito por porte ilegal de arma de fogo em a\u00e7\u00f5es na orla da capital"}]},{"@type":"WebSite","@id":"https:\/\/www.pm.pb.gov.br\/portal\/#website","url":"https:\/\/www.pm.pb.gov.br\/portal\/","name":"Pol\u00edcia Militar da Para\u00edba","description":"","publisher":{"@id":"https:\/\/www.pm.pb.gov.br\/portal\/#organization"},"potentialAction":[{"@type":"SearchAction","target":{"@type":"EntryPoint","urlTemplate":"https:\/\/www.pm.pb.gov.br\/portal\/?s={search_term_string}"},"query-input":"required name=search_term_string"}],"inLanguage":"pt-BR"},{"@type":"Organization","@id":"https:\/\/www.pm.pb.gov.br\/portal\/#organization","name":"Pol\u00edcia Militar da Para\u00edba","url":"https:\/\/www.pm.pb.gov.br\/portal\/","logo":{"@type":"ImageObject","inLanguage":"pt-BR","@id":"https:\/\/www.pm.pb.gov.br\/portal\/#\/schema\/logo\/image\/","url":"https:\/\/www.pm.pb.gov.br\/portal\/wp-content\/uploads\/2025\/03\/cropped-logo-site-mag2-1.png","contentUrl":"https:\/\/www.pm.pb.gov.br\/portal\/wp-content\/uploads\/2025\/03\/cropped-logo-site-mag2-1.png","width":320,"height":90,"caption":"Pol\u00edcia Militar da Para\u00edba"},"image":{"@id":"https:\/\/www.pm.pb.gov.br\/portal\/#\/schema\/logo\/image\/"}},{"@type":"Person","@id":"https:\/\/www.pm.pb.gov.br\/portal\/#\/schema\/person\/e8454f46651c3ecf0e1ba3c1666d9947","name":"Assessoria de Imprensa da PMPB","image":{"@type":"ImageObject","inLanguage":"pt-BR","@id":"https:\/\/www.pm.pb.gov.br\/portal\/#\/schema\/person\/image\/","url":"https:\/\/secure.gravatar.com\/avatar\/2efe197438265d1e90bd98c4c8e1acf8?s=96&d=mm&r=g","contentUrl":"https:\/\/secure.gravatar.com\/avatar\/2efe197438265d1e90bd98c4c8e1acf8?s=96&d=mm&r=g","caption":"Assessoria de Imprensa da PMPB"},"url":"https:\/\/www.pm.pb.gov.br\/portal\/author\/assessoria\/"}]}},"_links":{"self":[{"href":"https:\/\/www.pm.pb.gov.br\/portal\/wp-json\/wp\/v2\/posts\/921683"}],"collection":[{"href":"https:\/\/www.pm.pb.gov.br\/portal\/wp-json\/wp\/v2\/posts"}],"about":[{"href":"https:\/\/www.pm.pb.gov.br\/portal\/wp-json\/wp\/v2\/types\/post"}],"author":[{"embeddable":true,"href":"https:\/\/www.pm.pb.gov.br\/portal\/wp-json\/wp\/v2\/users\/5"}],"replies":[{"embeddable":true,"href":"https:\/\/www.pm.pb.gov.br\/portal\/wp-json\/wp\/v2\/comments?post=921683"}],"version-history":[{"count":3,"href":"https:\/\/www.pm.pb.gov.br\/portal\/wp-json\/wp\/v2\/posts\/921683\/revisions"}],"predecessor-version":[{"id":921689,"href":"https:\/\/www.pm.pb.gov.br\/portal\/wp-json\/wp\/v2\/posts\/921683\/revisions\/921689"}],"wp:featuredmedia":[{"embeddable":true,"href":"https:\/\/www.pm.pb.gov.br\/portal\/wp-json\/wp\/v2\/media\/921684"}],"wp:attachment":[{"href":"https:\/\/www.pm.pb.gov.br\/portal\/wp-json\/wp\/v2\/media?parent=921683"}],"wp:term":[{"taxonomy":"category","embeddable":true,"href":"https:\/\/www.pm.pb.gov.br\/portal\/wp-json\/wp\/v2\/categories?post=921683"},{"taxonomy":"post_tag","embeddable":true,"href":"https:\/\/www.pm.pb.gov.br\/portal\/wp-json\/wp\/v2\/tags?post=921683"}],"curies":[{"name":"wp","href":"https:\/\/api.w.org\/{rel}","templated":true}]}}