{"id":921661,"date":"2024-04-03T11:24:18","date_gmt":"2024-04-03T14:24:18","guid":{"rendered":"https:\/\/www.pm.pb.gov.br\/portal\/?p=921661"},"modified":"2024-04-03T11:24:20","modified_gmt":"2024-04-03T14:24:20","slug":"primeiro-trimestre-102-suspeitos-foram-presos-durante-o-reforco-das-acoes-na-orla-de-joao-pessoa","status":"publish","type":"post","link":"https:\/\/www.pm.pb.gov.br\/portal\/2024\/04\/03\/primeiro-trimestre-102-suspeitos-foram-presos-durante-o-reforco-das-acoes-na-orla-de-joao-pessoa\/","title":{"rendered":"Primeiro trimestre: 102 suspeitos foram presos durante o refor\u00e7o das a\u00e7\u00f5es na orla de Jo\u00e3o Pessoa"},"content":{"rendered":"Com a alta esta\u00e7\u00e3o e a maior movimenta\u00e7\u00e3o de pessoas na orla da Capital, as a\u00e7\u00f5es e opera\u00e7\u00f5es foram refor\u00e7adas para garantir a seguran\u00e7a na regi\u00e3o, o que resultou na pris\u00e3o de 102 suspeitos, na apreens\u00e3o de 8 armas de fogo, 565 por\u00e7\u00f5es com drogas e 17 ve\u00edculos com registro de roubo ou furto, conforme aponta a se\u00e7\u00e3o de planejamento e opera\u00e7\u00f5es do Batalh\u00e3o Especializado em Policiamento Tur\u00edstico (BEPTur). <br \/><br \/>Al\u00e9m do aumento da sensa\u00e7\u00e3o de seguran\u00e7a com a presen\u00e7a policial em pontos estrat\u00e9gicos, o trimestre fechou com redu\u00e7\u00e3o de 28% dos roubos gerais, queda de 26% dos furtos e arrombamentos e de 13% do n\u00famero de roubos de ve\u00edculos, quando comparado com o mesmo per\u00edodo de 2023.<br \/><br \/>Com o fechamento da alta esta\u00e7\u00e3o e feriado da Semana Santa, as estrat\u00e9gias foram redirecionadas de acordo com a leitura das estat\u00edsticas e ouvindo a popula\u00e7\u00e3o, j\u00e1 que o espa\u00e7o \u00e9 um dos mais procurados para pr\u00e1tica de atividades f\u00edsicas, lazer e tem um malha comercial e banc\u00e1ria em toda sua extens\u00e3o. <br \/><br \/>","protected":false},"excerpt":{"rendered":"<p>Com a alta esta\u00e7\u00e3o e a maior movimenta\u00e7\u00e3o de pessoas na orla da Capital, as a\u00e7\u00f5es e opera\u00e7\u00f5es foram refor\u00e7adas<\/p>\n","protected":false},"author":5,"featured_media":917312,"comment_status":"closed","ping_status":"closed","sticky":false,"template":"","format":"standard","meta":{"_exactmetrics_skip_tracking":false,"_exactmetrics_sitenote_active":false,"_exactmetrics_sitenote_note":"","_exactmetrics_sitenote_category":0,"footnotes":""},"categories":[4],"tags":[],"yoast_head":"<!-- This site is optimized with the Yoast SEO plugin v22.0 - https:\/\/yoast.com\/wordpress\/plugins\/seo\/ -->\n<title>Primeiro trimestre: 102 suspeitos foram presos durante o refor\u00e7o das a\u00e7\u00f5es na orla de Jo\u00e3o Pessoa - Pol\u00edcia Militar da Para\u00edba<\/title>\n<meta name=\"robots\" content=\"index, follow, max-snippet:-1, max-image-preview:large, max-video-preview:-1\" \/>\n<link rel=\"canonical\" href=\"https:\/\/www.pm.pb.gov.br\/portal\/2024\/04\/03\/primeiro-trimestre-102-suspeitos-foram-presos-durante-o-reforco-das-acoes-na-orla-de-joao-pessoa\/\" \/>\n<meta property=\"og:locale\" content=\"pt_BR\" \/>\n<meta property=\"og:type\" content=\"article\" \/>\n<meta property=\"og:title\" content=\"Primeiro trimestre: 102 suspeitos foram presos durante o refor\u00e7o das a\u00e7\u00f5es na orla de Jo\u00e3o Pessoa - Pol\u00edcia Militar da Para\u00edba\" \/>\n<meta property=\"og:description\" content=\"Com a alta esta\u00e7\u00e3o e a maior movimenta\u00e7\u00e3o de pessoas na orla da Capital, as a\u00e7\u00f5es e opera\u00e7\u00f5es foram refor\u00e7adas\" \/>\n<meta property=\"og:url\" content=\"https:\/\/www.pm.pb.gov.br\/portal\/2024\/04\/03\/primeiro-trimestre-102-suspeitos-foram-presos-durante-o-reforco-das-acoes-na-orla-de-joao-pessoa\/\" \/>\n<meta property=\"og:site_name\" content=\"Pol\u00edcia Militar da Para\u00edba\" \/>\n<meta property=\"article:published_time\" content=\"2024-04-03T14:24:18+00:00\" \/>\n<meta property=\"article:modified_time\" content=\"2024-04-03T14:24:20+00:00\" \/>\n<meta property=\"og:image\" content=\"http:\/\/www.pm.pb.gov.br\/portal\/wp-content\/uploads\/2023\/07\/beptur.jpeg\" \/>\n\t<meta property=\"og:image:width\" content=\"800\" \/>\n\t<meta property=\"og:image:height\" content=\"445\" \/>\n\t<meta property=\"og:image:type\" content=\"image\/jpeg\" \/>\n<meta name=\"author\" content=\"Assessoria de Imprensa da PMPB\" \/>\n<meta name=\"twitter:card\" content=\"summary_large_image\" \/>\n<meta name=\"twitter:label1\" content=\"Escrito por\" \/>\n\t<meta name=\"twitter:data1\" content=\"Assessoria de Imprensa da PMPB\" \/>\n\t<meta name=\"twitter:label2\" content=\"Est. tempo de leitura\" \/>\n\t<meta name=\"twitter:data2\" content=\"2 minutos\" \/>\n<script type=\"application\/ld+json\" class=\"yoast-schema-graph\">{\"@context\":\"https:\/\/schema.org\",\"@graph\":[{\"@type\":\"Article\",\"@id\":\"https:\/\/www.pm.pb.gov.br\/portal\/2024\/04\/03\/primeiro-trimestre-102-suspeitos-foram-presos-durante-o-reforco-das-acoes-na-orla-de-joao-pessoa\/#article\",\"isPartOf\":{\"@id\":\"https:\/\/www.pm.pb.gov.br\/portal\/2024\/04\/03\/primeiro-trimestre-102-suspeitos-foram-presos-durante-o-reforco-das-acoes-na-orla-de-joao-pessoa\/\"},\"author\":{\"name\":\"Assessoria de Imprensa da PMPB\",\"@id\":\"https:\/\/www.pm.pb.gov.br\/portal\/#\/schema\/person\/e8454f46651c3ecf0e1ba3c1666d9947\"},\"headline\":\"Primeiro trimestre: 102 suspeitos foram presos durante o refor\u00e7o das a\u00e7\u00f5es na orla de Jo\u00e3o Pessoa\",\"datePublished\":\"2024-04-03T14:24:18+00:00\",\"dateModified\":\"2024-04-03T14:24:20+00:00\",\"mainEntityOfPage\":{\"@id\":\"https:\/\/www.pm.pb.gov.br\/portal\/2024\/04\/03\/primeiro-trimestre-102-suspeitos-foram-presos-durante-o-reforco-das-acoes-na-orla-de-joao-pessoa\/\"},\"wordCount\":211,\"publisher\":{\"@id\":\"https:\/\/www.pm.pb.gov.br\/portal\/#organization\"},\"articleSection\":[\"A\u00e7\u00f5es Policiais\"],\"inLanguage\":\"pt-BR\"},{\"@type\":\"WebPage\",\"@id\":\"https:\/\/www.pm.pb.gov.br\/portal\/2024\/04\/03\/primeiro-trimestre-102-suspeitos-foram-presos-durante-o-reforco-das-acoes-na-orla-de-joao-pessoa\/\",\"url\":\"https:\/\/www.pm.pb.gov.br\/portal\/2024\/04\/03\/primeiro-trimestre-102-suspeitos-foram-presos-durante-o-reforco-das-acoes-na-orla-de-joao-pessoa\/\",\"name\":\"Primeiro trimestre: 102 suspeitos foram presos durante o refor\u00e7o das a\u00e7\u00f5es na orla de Jo\u00e3o Pessoa - Pol\u00edcia Militar da Para\u00edba\",\"isPartOf\":{\"@id\":\"https:\/\/www.pm.pb.gov.br\/portal\/#website\"},\"datePublished\":\"2024-04-03T14:24:18+00:00\",\"dateModified\":\"2024-04-03T14:24:20+00:00\",\"breadcrumb\":{\"@id\":\"https:\/\/www.pm.pb.gov.br\/portal\/2024\/04\/03\/primeiro-trimestre-102-suspeitos-foram-presos-durante-o-reforco-das-acoes-na-orla-de-joao-pessoa\/#breadcrumb\"},\"inLanguage\":\"pt-BR\",\"potentialAction\":[{\"@type\":\"ReadAction\",\"target\":[\"https:\/\/www.pm.pb.gov.br\/portal\/2024\/04\/03\/primeiro-trimestre-102-suspeitos-foram-presos-durante-o-reforco-das-acoes-na-orla-de-joao-pessoa\/\"]}]},{\"@type\":\"BreadcrumbList\",\"@id\":\"https:\/\/www.pm.pb.gov.br\/portal\/2024\/04\/03\/primeiro-trimestre-102-suspeitos-foram-presos-durante-o-reforco-das-acoes-na-orla-de-joao-pessoa\/#breadcrumb\",\"itemListElement\":[{\"@type\":\"ListItem\",\"position\":1,\"name\":\"In\u00edcio\",\"item\":\"https:\/\/www.pm.pb.gov.br\/portal\/\"},{\"@type\":\"ListItem\",\"position\":2,\"name\":\"Primeiro trimestre: 102 suspeitos foram presos durante o refor\u00e7o das a\u00e7\u00f5es na orla de Jo\u00e3o Pessoa\"}]},{\"@type\":\"WebSite\",\"@id\":\"https:\/\/www.pm.pb.gov.br\/portal\/#website\",\"url\":\"https:\/\/www.pm.pb.gov.br\/portal\/\",\"name\":\"Pol\u00edcia Militar da Para\u00edba\",\"description\":\"\",\"publisher\":{\"@id\":\"https:\/\/www.pm.pb.gov.br\/portal\/#organization\"},\"potentialAction\":[{\"@type\":\"SearchAction\",\"target\":{\"@type\":\"EntryPoint\",\"urlTemplate\":\"https:\/\/www.pm.pb.gov.br\/portal\/?s={search_term_string}\"},\"query-input\":\"required name=search_term_string\"}],\"inLanguage\":\"pt-BR\"},{\"@type\":\"Organization\",\"@id\":\"https:\/\/www.pm.pb.gov.br\/portal\/#organization\",\"name\":\"Pol\u00edcia Militar da Para\u00edba\",\"url\":\"https:\/\/www.pm.pb.gov.br\/portal\/\",\"logo\":{\"@type\":\"ImageObject\",\"inLanguage\":\"pt-BR\",\"@id\":\"https:\/\/www.pm.pb.gov.br\/portal\/#\/schema\/logo\/image\/\",\"url\":\"https:\/\/www.pm.pb.gov.br\/portal\/wp-content\/uploads\/2025\/03\/cropped-logo-site-mag2-1.png\",\"contentUrl\":\"https:\/\/www.pm.pb.gov.br\/portal\/wp-content\/uploads\/2025\/03\/cropped-logo-site-mag2-1.png\",\"width\":320,\"height\":90,\"caption\":\"Pol\u00edcia Militar da Para\u00edba\"},\"image\":{\"@id\":\"https:\/\/www.pm.pb.gov.br\/portal\/#\/schema\/logo\/image\/\"}},{\"@type\":\"Person\",\"@id\":\"https:\/\/www.pm.pb.gov.br\/portal\/#\/schema\/person\/e8454f46651c3ecf0e1ba3c1666d9947\",\"name\":\"Assessoria de Imprensa da PMPB\",\"image\":{\"@type\":\"ImageObject\",\"inLanguage\":\"pt-BR\",\"@id\":\"https:\/\/www.pm.pb.gov.br\/portal\/#\/schema\/person\/image\/\",\"url\":\"https:\/\/secure.gravatar.com\/avatar\/2efe197438265d1e90bd98c4c8e1acf8?s=96&d=mm&r=g\",\"contentUrl\":\"https:\/\/secure.gravatar.com\/avatar\/2efe197438265d1e90bd98c4c8e1acf8?s=96&d=mm&r=g\",\"caption\":\"Assessoria de Imprensa da PMPB\"},\"url\":\"https:\/\/www.pm.pb.gov.br\/portal\/author\/assessoria\/\"}]}<\/script>\n<!-- \/ Yoast SEO plugin. -->","yoast_head_json":{"title":"Primeiro trimestre: 102 suspeitos foram presos durante o refor\u00e7o das a\u00e7\u00f5es na orla de Jo\u00e3o Pessoa - Pol\u00edcia Militar da Para\u00edba","robots":{"index":"index","follow":"follow","max-snippet":"max-snippet:-1","max-image-preview":"max-image-preview:large","max-video-preview":"max-video-preview:-1"},"canonical":"https:\/\/www.pm.pb.gov.br\/portal\/2024\/04\/03\/primeiro-trimestre-102-suspeitos-foram-presos-durante-o-reforco-das-acoes-na-orla-de-joao-pessoa\/","og_locale":"pt_BR","og_type":"article","og_title":"Primeiro trimestre: 102 suspeitos foram presos durante o refor\u00e7o das a\u00e7\u00f5es na orla de Jo\u00e3o Pessoa - Pol\u00edcia Militar da Para\u00edba","og_description":"Com a alta esta\u00e7\u00e3o e a maior movimenta\u00e7\u00e3o de pessoas na orla da Capital, as a\u00e7\u00f5es e opera\u00e7\u00f5es foram refor\u00e7adas","og_url":"https:\/\/www.pm.pb.gov.br\/portal\/2024\/04\/03\/primeiro-trimestre-102-suspeitos-foram-presos-durante-o-reforco-das-acoes-na-orla-de-joao-pessoa\/","og_site_name":"Pol\u00edcia Militar da Para\u00edba","article_published_time":"2024-04-03T14:24:18+00:00","article_modified_time":"2024-04-03T14:24:20+00:00","og_image":[{"width":800,"height":445,"url":"http:\/\/www.pm.pb.gov.br\/portal\/wp-content\/uploads\/2023\/07\/beptur.jpeg","type":"image\/jpeg"}],"author":"Assessoria de Imprensa da PMPB","twitter_card":"summary_large_image","twitter_misc":{"Escrito por":"Assessoria de Imprensa da PMPB","Est. tempo de leitura":"2 minutos"},"schema":{"@context":"https:\/\/schema.org","@graph":[{"@type":"Article","@id":"https:\/\/www.pm.pb.gov.br\/portal\/2024\/04\/03\/primeiro-trimestre-102-suspeitos-foram-presos-durante-o-reforco-das-acoes-na-orla-de-joao-pessoa\/#article","isPartOf":{"@id":"https:\/\/www.pm.pb.gov.br\/portal\/2024\/04\/03\/primeiro-trimestre-102-suspeitos-foram-presos-durante-o-reforco-das-acoes-na-orla-de-joao-pessoa\/"},"author":{"name":"Assessoria de Imprensa da PMPB","@id":"https:\/\/www.pm.pb.gov.br\/portal\/#\/schema\/person\/e8454f46651c3ecf0e1ba3c1666d9947"},"headline":"Primeiro trimestre: 102 suspeitos foram presos durante o refor\u00e7o das a\u00e7\u00f5es na orla de Jo\u00e3o Pessoa","datePublished":"2024-04-03T14:24:18+00:00","dateModified":"2024-04-03T14:24:20+00:00","mainEntityOfPage":{"@id":"https:\/\/www.pm.pb.gov.br\/portal\/2024\/04\/03\/primeiro-trimestre-102-suspeitos-foram-presos-durante-o-reforco-das-acoes-na-orla-de-joao-pessoa\/"},"wordCount":211,"publisher":{"@id":"https:\/\/www.pm.pb.gov.br\/portal\/#organization"},"articleSection":["A\u00e7\u00f5es Policiais"],"inLanguage":"pt-BR"},{"@type":"WebPage","@id":"https:\/\/www.pm.pb.gov.br\/portal\/2024\/04\/03\/primeiro-trimestre-102-suspeitos-foram-presos-durante-o-reforco-das-acoes-na-orla-de-joao-pessoa\/","url":"https:\/\/www.pm.pb.gov.br\/portal\/2024\/04\/03\/primeiro-trimestre-102-suspeitos-foram-presos-durante-o-reforco-das-acoes-na-orla-de-joao-pessoa\/","name":"Primeiro trimestre: 102 suspeitos foram presos durante o refor\u00e7o das a\u00e7\u00f5es na orla de Jo\u00e3o Pessoa - Pol\u00edcia Militar da Para\u00edba","isPartOf":{"@id":"https:\/\/www.pm.pb.gov.br\/portal\/#website"},"datePublished":"2024-04-03T14:24:18+00:00","dateModified":"2024-04-03T14:24:20+00:00","breadcrumb":{"@id":"https:\/\/www.pm.pb.gov.br\/portal\/2024\/04\/03\/primeiro-trimestre-102-suspeitos-foram-presos-durante-o-reforco-das-acoes-na-orla-de-joao-pessoa\/#breadcrumb"},"inLanguage":"pt-BR","potentialAction":[{"@type":"ReadAction","target":["https:\/\/www.pm.pb.gov.br\/portal\/2024\/04\/03\/primeiro-trimestre-102-suspeitos-foram-presos-durante-o-reforco-das-acoes-na-orla-de-joao-pessoa\/"]}]},{"@type":"BreadcrumbList","@id":"https:\/\/www.pm.pb.gov.br\/portal\/2024\/04\/03\/primeiro-trimestre-102-suspeitos-foram-presos-durante-o-reforco-das-acoes-na-orla-de-joao-pessoa\/#breadcrumb","itemListElement":[{"@type":"ListItem","position":1,"name":"In\u00edcio","item":"https:\/\/www.pm.pb.gov.br\/portal\/"},{"@type":"ListItem","position":2,"name":"Primeiro trimestre: 102 suspeitos foram presos durante o refor\u00e7o das a\u00e7\u00f5es na orla de Jo\u00e3o Pessoa"}]},{"@type":"WebSite","@id":"https:\/\/www.pm.pb.gov.br\/portal\/#website","url":"https:\/\/www.pm.pb.gov.br\/portal\/","name":"Pol\u00edcia Militar da Para\u00edba","description":"","publisher":{"@id":"https:\/\/www.pm.pb.gov.br\/portal\/#organization"},"potentialAction":[{"@type":"SearchAction","target":{"@type":"EntryPoint","urlTemplate":"https:\/\/www.pm.pb.gov.br\/portal\/?s={search_term_string}"},"query-input":"required name=search_term_string"}],"inLanguage":"pt-BR"},{"@type":"Organization","@id":"https:\/\/www.pm.pb.gov.br\/portal\/#organization","name":"Pol\u00edcia Militar da Para\u00edba","url":"https:\/\/www.pm.pb.gov.br\/portal\/","logo":{"@type":"ImageObject","inLanguage":"pt-BR","@id":"https:\/\/www.pm.pb.gov.br\/portal\/#\/schema\/logo\/image\/","url":"https:\/\/www.pm.pb.gov.br\/portal\/wp-content\/uploads\/2025\/03\/cropped-logo-site-mag2-1.png","contentUrl":"https:\/\/www.pm.pb.gov.br\/portal\/wp-content\/uploads\/2025\/03\/cropped-logo-site-mag2-1.png","width":320,"height":90,"caption":"Pol\u00edcia Militar da Para\u00edba"},"image":{"@id":"https:\/\/www.pm.pb.gov.br\/portal\/#\/schema\/logo\/image\/"}},{"@type":"Person","@id":"https:\/\/www.pm.pb.gov.br\/portal\/#\/schema\/person\/e8454f46651c3ecf0e1ba3c1666d9947","name":"Assessoria de Imprensa da PMPB","image":{"@type":"ImageObject","inLanguage":"pt-BR","@id":"https:\/\/www.pm.pb.gov.br\/portal\/#\/schema\/person\/image\/","url":"https:\/\/secure.gravatar.com\/avatar\/2efe197438265d1e90bd98c4c8e1acf8?s=96&d=mm&r=g","contentUrl":"https:\/\/secure.gravatar.com\/avatar\/2efe197438265d1e90bd98c4c8e1acf8?s=96&d=mm&r=g","caption":"Assessoria de Imprensa da PMPB"},"url":"https:\/\/www.pm.pb.gov.br\/portal\/author\/assessoria\/"}]}},"_links":{"self":[{"href":"https:\/\/www.pm.pb.gov.br\/portal\/wp-json\/wp\/v2\/posts\/921661"}],"collection":[{"href":"https:\/\/www.pm.pb.gov.br\/portal\/wp-json\/wp\/v2\/posts"}],"about":[{"href":"https:\/\/www.pm.pb.gov.br\/portal\/wp-json\/wp\/v2\/types\/post"}],"author":[{"embeddable":true,"href":"https:\/\/www.pm.pb.gov.br\/portal\/wp-json\/wp\/v2\/users\/5"}],"replies":[{"embeddable":true,"href":"https:\/\/www.pm.pb.gov.br\/portal\/wp-json\/wp\/v2\/comments?post=921661"}],"version-history":[{"count":1,"href":"https:\/\/www.pm.pb.gov.br\/portal\/wp-json\/wp\/v2\/posts\/921661\/revisions"}],"predecessor-version":[{"id":921663,"href":"https:\/\/www.pm.pb.gov.br\/portal\/wp-json\/wp\/v2\/posts\/921661\/revisions\/921663"}],"wp:featuredmedia":[{"embeddable":true,"href":"https:\/\/www.pm.pb.gov.br\/portal\/wp-json\/wp\/v2\/media\/917312"}],"wp:attachment":[{"href":"https:\/\/www.pm.pb.gov.br\/portal\/wp-json\/wp\/v2\/media?parent=921661"}],"wp:term":[{"taxonomy":"category","embeddable":true,"href":"https:\/\/www.pm.pb.gov.br\/portal\/wp-json\/wp\/v2\/categories?post=921661"},{"taxonomy":"post_tag","embeddable":true,"href":"https:\/\/www.pm.pb.gov.br\/portal\/wp-json\/wp\/v2\/tags?post=921661"}],"curies":[{"name":"wp","href":"https:\/\/api.w.org\/{rel}","templated":true}]}}