{"id":921650,"date":"2024-04-20T08:49:34","date_gmt":"2024-04-20T11:49:34","guid":{"rendered":"https:\/\/www.pm.pb.gov.br\/portal\/?p=921650"},"modified":"2024-04-20T08:49:36","modified_gmt":"2024-04-20T11:49:36","slug":"operacao-tiradentes-policia-militar-intensifica-combate-ao-trafico-e-apreende-drogas-e-armas-na-zona-sul-da-capital","status":"publish","type":"post","link":"https:\/\/www.pm.pb.gov.br\/portal\/2024\/04\/20\/operacao-tiradentes-policia-militar-intensifica-combate-ao-trafico-e-apreende-drogas-e-armas-na-zona-sul-da-capital\/","title":{"rendered":"OPERA\u00c7\u00c3O TIRADENTES: Pol\u00edcia Militar intensifica combate ao tr\u00e1fico e apreende drogas e armas na zona sul da Capital"},"content":{"rendered":"\n<p>Na noite desta sexta-feira (19), a Pol\u00edcia Militar deteve um suspeito e apreendeu uma vasta quantidade de drogas e duas armas de fogo em bairros de Jo\u00e3o Pessoa. <\/p>\n\n\n\n<figure class=\"wp-block-image size-large\"><img loading=\"lazy\" decoding=\"async\" width=\"1024\" height=\"474\" src=\"https:\/\/www.pm.pb.gov.br\/portal\/wp-content\/uploads\/2024\/04\/drogas-rotam-1024x474.jpg\" alt=\"\" class=\"wp-image-921827\" srcset=\"https:\/\/www.pm.pb.gov.br\/portal\/wp-content\/uploads\/2024\/04\/drogas-rotam-1024x474.jpg 1024w, https:\/\/www.pm.pb.gov.br\/portal\/wp-content\/uploads\/2024\/04\/drogas-rotam-800x370.jpg 800w, https:\/\/www.pm.pb.gov.br\/portal\/wp-content\/uploads\/2024\/04\/drogas-rotam-768x355.jpg 768w, https:\/\/www.pm.pb.gov.br\/portal\/wp-content\/uploads\/2024\/04\/drogas-rotam.jpg 1280w\" sizes=\"(max-width: 1024px) 100vw, 1024px\" \/><\/figure>\n\n\n\n<p><br>Em duas a\u00e7\u00f5es do ROTAM, quando faziam rondas no bairro do Grot\u00e3o avistaram um homem em atitude suspeita. Ao procederem com a abordagem, foi localizado com ele um rev\u00f3lver calibre .38, dez papelotes de coca\u00edna e R$ 300,00 em dinheiro. Ainda no mesmo bairro, as equipes conseguiram apreender duzentos papelotes de coca\u00edna prontos para a venda, uma maquineta de cart\u00e3o de cr\u00e9dito e mais de dois mil reais em dinheiro, encontrados em uma mochila abandonada em um ponto de tr\u00e1fico j\u00e1 conhecido pela pol\u00edcia. <\/p>\n\n\n\n<figure class=\"wp-block-image size-large\"><img loading=\"lazy\" decoding=\"async\" width=\"958\" height=\"570\" src=\"https:\/\/www.pm.pb.gov.br\/portal\/wp-content\/uploads\/2024\/04\/arma-rotam-958x570.jpg\" alt=\"\" class=\"wp-image-921828\" srcset=\"https:\/\/www.pm.pb.gov.br\/portal\/wp-content\/uploads\/2024\/04\/arma-rotam-958x570.jpg 958w, https:\/\/www.pm.pb.gov.br\/portal\/wp-content\/uploads\/2024\/04\/arma-rotam-748x445.jpg 748w, https:\/\/www.pm.pb.gov.br\/portal\/wp-content\/uploads\/2024\/04\/arma-rotam-768x457.jpg 768w, https:\/\/www.pm.pb.gov.br\/portal\/wp-content\/uploads\/2024\/04\/arma-rotam-1536x914.jpg 1536w, https:\/\/www.pm.pb.gov.br\/portal\/wp-content\/uploads\/2024\/04\/arma-rotam.jpg 1600w\" sizes=\"(max-width: 958px) 100vw, 958px\" \/><\/figure>\n\n\n\n<p><br>J\u00e1 na comunidade do Aratu, em Mangabeira, policiais da For\u00e7a T\u00e1tica do 5\u00ba Batalh\u00e3o, apreenderam uma espingarda calibre .32, um colete bal\u00edstico e aproximadamente duzentas por\u00e7\u00f5es de drogas, ap\u00f3s a fuga de criminosos ao avistarem a chegada das guarni\u00e7\u00f5es (foto destacada). <\/p>\n\n\n\n<p>Os suspeitos e todo o material apreendido foram conduzidos at\u00e9 a Delegacia, onde foram adotadas as medidas cab\u00edveis.<br><\/p>\n","protected":false},"excerpt":{"rendered":"<p>Na noite desta sexta-feira (19), a Pol\u00edcia Militar deteve um suspeito e apreendeu uma vasta quantidade de drogas e duas<\/p>\n","protected":false},"author":5,"featured_media":921826,"comment_status":"closed","ping_status":"closed","sticky":false,"template":"","format":"standard","meta":{"_exactmetrics_skip_tracking":false,"_exactmetrics_sitenote_active":false,"_exactmetrics_sitenote_note":"","_exactmetrics_sitenote_category":0,"footnotes":""},"categories":[4],"tags":[],"yoast_head":"<!-- This site is optimized with the Yoast SEO plugin v22.0 - https:\/\/yoast.com\/wordpress\/plugins\/seo\/ -->\n<title>OPERA\u00c7\u00c3O TIRADENTES: Pol\u00edcia Militar intensifica combate ao tr\u00e1fico e apreende drogas e armas na zona sul da Capital - Pol\u00edcia Militar da Para\u00edba<\/title>\n<meta name=\"robots\" content=\"index, follow, max-snippet:-1, max-image-preview:large, max-video-preview:-1\" \/>\n<link rel=\"canonical\" href=\"https:\/\/www.pm.pb.gov.br\/portal\/2024\/04\/20\/operacao-tiradentes-policia-militar-intensifica-combate-ao-trafico-e-apreende-drogas-e-armas-na-zona-sul-da-capital\/\" \/>\n<meta property=\"og:locale\" content=\"pt_BR\" \/>\n<meta property=\"og:type\" content=\"article\" \/>\n<meta property=\"og:title\" content=\"OPERA\u00c7\u00c3O TIRADENTES: Pol\u00edcia Militar intensifica combate ao tr\u00e1fico e apreende drogas e armas na zona sul da Capital - Pol\u00edcia Militar da Para\u00edba\" \/>\n<meta property=\"og:description\" content=\"Na noite desta sexta-feira (19), a Pol\u00edcia Militar deteve um suspeito e apreendeu uma vasta quantidade de drogas e duas\" \/>\n<meta property=\"og:url\" content=\"https:\/\/www.pm.pb.gov.br\/portal\/2024\/04\/20\/operacao-tiradentes-policia-militar-intensifica-combate-ao-trafico-e-apreende-drogas-e-armas-na-zona-sul-da-capital\/\" \/>\n<meta property=\"og:site_name\" content=\"Pol\u00edcia Militar da Para\u00edba\" \/>\n<meta property=\"article:published_time\" content=\"2024-04-20T11:49:34+00:00\" \/>\n<meta property=\"article:modified_time\" content=\"2024-04-20T11:49:36+00:00\" \/>\n<meta property=\"og:image\" content=\"http:\/\/www.pm.pb.gov.br\/portal\/wp-content\/uploads\/2024\/04\/arma-e-drogas-Aratu.jpg\" \/>\n\t<meta property=\"og:image:width\" content=\"1280\" \/>\n\t<meta property=\"og:image:height\" content=\"960\" \/>\n\t<meta property=\"og:image:type\" content=\"image\/jpeg\" \/>\n<meta name=\"author\" content=\"Assessoria de Imprensa da PMPB\" \/>\n<meta name=\"twitter:card\" content=\"summary_large_image\" \/>\n<meta name=\"twitter:label1\" content=\"Escrito por\" \/>\n\t<meta name=\"twitter:data1\" content=\"Assessoria de Imprensa da PMPB\" \/>\n\t<meta name=\"twitter:label2\" content=\"Est. tempo de leitura\" \/>\n\t<meta name=\"twitter:data2\" content=\"2 minutos\" \/>\n<script type=\"application\/ld+json\" class=\"yoast-schema-graph\">{\"@context\":\"https:\/\/schema.org\",\"@graph\":[{\"@type\":\"Article\",\"@id\":\"https:\/\/www.pm.pb.gov.br\/portal\/2024\/04\/20\/operacao-tiradentes-policia-militar-intensifica-combate-ao-trafico-e-apreende-drogas-e-armas-na-zona-sul-da-capital\/#article\",\"isPartOf\":{\"@id\":\"https:\/\/www.pm.pb.gov.br\/portal\/2024\/04\/20\/operacao-tiradentes-policia-militar-intensifica-combate-ao-trafico-e-apreende-drogas-e-armas-na-zona-sul-da-capital\/\"},\"author\":{\"name\":\"Assessoria de Imprensa da PMPB\",\"@id\":\"https:\/\/www.pm.pb.gov.br\/portal\/#\/schema\/person\/e8454f46651c3ecf0e1ba3c1666d9947\"},\"headline\":\"OPERA\u00c7\u00c3O TIRADENTES: Pol\u00edcia Militar intensifica combate ao tr\u00e1fico e apreende drogas e armas na zona sul da Capital\",\"datePublished\":\"2024-04-20T11:49:34+00:00\",\"dateModified\":\"2024-04-20T11:49:36+00:00\",\"mainEntityOfPage\":{\"@id\":\"https:\/\/www.pm.pb.gov.br\/portal\/2024\/04\/20\/operacao-tiradentes-policia-militar-intensifica-combate-ao-trafico-e-apreende-drogas-e-armas-na-zona-sul-da-capital\/\"},\"wordCount\":206,\"publisher\":{\"@id\":\"https:\/\/www.pm.pb.gov.br\/portal\/#organization\"},\"articleSection\":[\"A\u00e7\u00f5es Policiais\"],\"inLanguage\":\"pt-BR\"},{\"@type\":\"WebPage\",\"@id\":\"https:\/\/www.pm.pb.gov.br\/portal\/2024\/04\/20\/operacao-tiradentes-policia-militar-intensifica-combate-ao-trafico-e-apreende-drogas-e-armas-na-zona-sul-da-capital\/\",\"url\":\"https:\/\/www.pm.pb.gov.br\/portal\/2024\/04\/20\/operacao-tiradentes-policia-militar-intensifica-combate-ao-trafico-e-apreende-drogas-e-armas-na-zona-sul-da-capital\/\",\"name\":\"OPERA\u00c7\u00c3O TIRADENTES: Pol\u00edcia Militar intensifica combate ao tr\u00e1fico e apreende drogas e armas na zona sul da Capital - Pol\u00edcia Militar da Para\u00edba\",\"isPartOf\":{\"@id\":\"https:\/\/www.pm.pb.gov.br\/portal\/#website\"},\"datePublished\":\"2024-04-20T11:49:34+00:00\",\"dateModified\":\"2024-04-20T11:49:36+00:00\",\"breadcrumb\":{\"@id\":\"https:\/\/www.pm.pb.gov.br\/portal\/2024\/04\/20\/operacao-tiradentes-policia-militar-intensifica-combate-ao-trafico-e-apreende-drogas-e-armas-na-zona-sul-da-capital\/#breadcrumb\"},\"inLanguage\":\"pt-BR\",\"potentialAction\":[{\"@type\":\"ReadAction\",\"target\":[\"https:\/\/www.pm.pb.gov.br\/portal\/2024\/04\/20\/operacao-tiradentes-policia-militar-intensifica-combate-ao-trafico-e-apreende-drogas-e-armas-na-zona-sul-da-capital\/\"]}]},{\"@type\":\"BreadcrumbList\",\"@id\":\"https:\/\/www.pm.pb.gov.br\/portal\/2024\/04\/20\/operacao-tiradentes-policia-militar-intensifica-combate-ao-trafico-e-apreende-drogas-e-armas-na-zona-sul-da-capital\/#breadcrumb\",\"itemListElement\":[{\"@type\":\"ListItem\",\"position\":1,\"name\":\"In\u00edcio\",\"item\":\"https:\/\/www.pm.pb.gov.br\/portal\/\"},{\"@type\":\"ListItem\",\"position\":2,\"name\":\"OPERA\u00c7\u00c3O TIRADENTES: Pol\u00edcia Militar intensifica combate ao tr\u00e1fico e apreende drogas e armas na zona sul da Capital\"}]},{\"@type\":\"WebSite\",\"@id\":\"https:\/\/www.pm.pb.gov.br\/portal\/#website\",\"url\":\"https:\/\/www.pm.pb.gov.br\/portal\/\",\"name\":\"Pol\u00edcia Militar da Para\u00edba\",\"description\":\"\",\"publisher\":{\"@id\":\"https:\/\/www.pm.pb.gov.br\/portal\/#organization\"},\"potentialAction\":[{\"@type\":\"SearchAction\",\"target\":{\"@type\":\"EntryPoint\",\"urlTemplate\":\"https:\/\/www.pm.pb.gov.br\/portal\/?s={search_term_string}\"},\"query-input\":\"required name=search_term_string\"}],\"inLanguage\":\"pt-BR\"},{\"@type\":\"Organization\",\"@id\":\"https:\/\/www.pm.pb.gov.br\/portal\/#organization\",\"name\":\"Pol\u00edcia Militar da Para\u00edba\",\"url\":\"https:\/\/www.pm.pb.gov.br\/portal\/\",\"logo\":{\"@type\":\"ImageObject\",\"inLanguage\":\"pt-BR\",\"@id\":\"https:\/\/www.pm.pb.gov.br\/portal\/#\/schema\/logo\/image\/\",\"url\":\"https:\/\/www.pm.pb.gov.br\/portal\/wp-content\/uploads\/2025\/03\/cropped-logo-site-mag2-1.png\",\"contentUrl\":\"https:\/\/www.pm.pb.gov.br\/portal\/wp-content\/uploads\/2025\/03\/cropped-logo-site-mag2-1.png\",\"width\":320,\"height\":90,\"caption\":\"Pol\u00edcia Militar da Para\u00edba\"},\"image\":{\"@id\":\"https:\/\/www.pm.pb.gov.br\/portal\/#\/schema\/logo\/image\/\"}},{\"@type\":\"Person\",\"@id\":\"https:\/\/www.pm.pb.gov.br\/portal\/#\/schema\/person\/e8454f46651c3ecf0e1ba3c1666d9947\",\"name\":\"Assessoria de Imprensa da PMPB\",\"image\":{\"@type\":\"ImageObject\",\"inLanguage\":\"pt-BR\",\"@id\":\"https:\/\/www.pm.pb.gov.br\/portal\/#\/schema\/person\/image\/\",\"url\":\"https:\/\/secure.gravatar.com\/avatar\/2efe197438265d1e90bd98c4c8e1acf8?s=96&d=mm&r=g\",\"contentUrl\":\"https:\/\/secure.gravatar.com\/avatar\/2efe197438265d1e90bd98c4c8e1acf8?s=96&d=mm&r=g\",\"caption\":\"Assessoria de Imprensa da PMPB\"},\"url\":\"https:\/\/www.pm.pb.gov.br\/portal\/author\/assessoria\/\"}]}<\/script>\n<!-- \/ Yoast SEO plugin. -->","yoast_head_json":{"title":"OPERA\u00c7\u00c3O TIRADENTES: Pol\u00edcia Militar intensifica combate ao tr\u00e1fico e apreende drogas e armas na zona sul da Capital - Pol\u00edcia Militar da Para\u00edba","robots":{"index":"index","follow":"follow","max-snippet":"max-snippet:-1","max-image-preview":"max-image-preview:large","max-video-preview":"max-video-preview:-1"},"canonical":"https:\/\/www.pm.pb.gov.br\/portal\/2024\/04\/20\/operacao-tiradentes-policia-militar-intensifica-combate-ao-trafico-e-apreende-drogas-e-armas-na-zona-sul-da-capital\/","og_locale":"pt_BR","og_type":"article","og_title":"OPERA\u00c7\u00c3O TIRADENTES: Pol\u00edcia Militar intensifica combate ao tr\u00e1fico e apreende drogas e armas na zona sul da Capital - Pol\u00edcia Militar da Para\u00edba","og_description":"Na noite desta sexta-feira (19), a Pol\u00edcia Militar deteve um suspeito e apreendeu uma vasta quantidade de drogas e duas","og_url":"https:\/\/www.pm.pb.gov.br\/portal\/2024\/04\/20\/operacao-tiradentes-policia-militar-intensifica-combate-ao-trafico-e-apreende-drogas-e-armas-na-zona-sul-da-capital\/","og_site_name":"Pol\u00edcia Militar da Para\u00edba","article_published_time":"2024-04-20T11:49:34+00:00","article_modified_time":"2024-04-20T11:49:36+00:00","og_image":[{"width":1280,"height":960,"url":"http:\/\/www.pm.pb.gov.br\/portal\/wp-content\/uploads\/2024\/04\/arma-e-drogas-Aratu.jpg","type":"image\/jpeg"}],"author":"Assessoria de Imprensa da PMPB","twitter_card":"summary_large_image","twitter_misc":{"Escrito por":"Assessoria de Imprensa da PMPB","Est. tempo de leitura":"2 minutos"},"schema":{"@context":"https:\/\/schema.org","@graph":[{"@type":"Article","@id":"https:\/\/www.pm.pb.gov.br\/portal\/2024\/04\/20\/operacao-tiradentes-policia-militar-intensifica-combate-ao-trafico-e-apreende-drogas-e-armas-na-zona-sul-da-capital\/#article","isPartOf":{"@id":"https:\/\/www.pm.pb.gov.br\/portal\/2024\/04\/20\/operacao-tiradentes-policia-militar-intensifica-combate-ao-trafico-e-apreende-drogas-e-armas-na-zona-sul-da-capital\/"},"author":{"name":"Assessoria de Imprensa da PMPB","@id":"https:\/\/www.pm.pb.gov.br\/portal\/#\/schema\/person\/e8454f46651c3ecf0e1ba3c1666d9947"},"headline":"OPERA\u00c7\u00c3O TIRADENTES: Pol\u00edcia Militar intensifica combate ao tr\u00e1fico e apreende drogas e armas na zona sul da Capital","datePublished":"2024-04-20T11:49:34+00:00","dateModified":"2024-04-20T11:49:36+00:00","mainEntityOfPage":{"@id":"https:\/\/www.pm.pb.gov.br\/portal\/2024\/04\/20\/operacao-tiradentes-policia-militar-intensifica-combate-ao-trafico-e-apreende-drogas-e-armas-na-zona-sul-da-capital\/"},"wordCount":206,"publisher":{"@id":"https:\/\/www.pm.pb.gov.br\/portal\/#organization"},"articleSection":["A\u00e7\u00f5es Policiais"],"inLanguage":"pt-BR"},{"@type":"WebPage","@id":"https:\/\/www.pm.pb.gov.br\/portal\/2024\/04\/20\/operacao-tiradentes-policia-militar-intensifica-combate-ao-trafico-e-apreende-drogas-e-armas-na-zona-sul-da-capital\/","url":"https:\/\/www.pm.pb.gov.br\/portal\/2024\/04\/20\/operacao-tiradentes-policia-militar-intensifica-combate-ao-trafico-e-apreende-drogas-e-armas-na-zona-sul-da-capital\/","name":"OPERA\u00c7\u00c3O TIRADENTES: Pol\u00edcia Militar intensifica combate ao tr\u00e1fico e apreende drogas e armas na zona sul da Capital - Pol\u00edcia Militar da Para\u00edba","isPartOf":{"@id":"https:\/\/www.pm.pb.gov.br\/portal\/#website"},"datePublished":"2024-04-20T11:49:34+00:00","dateModified":"2024-04-20T11:49:36+00:00","breadcrumb":{"@id":"https:\/\/www.pm.pb.gov.br\/portal\/2024\/04\/20\/operacao-tiradentes-policia-militar-intensifica-combate-ao-trafico-e-apreende-drogas-e-armas-na-zona-sul-da-capital\/#breadcrumb"},"inLanguage":"pt-BR","potentialAction":[{"@type":"ReadAction","target":["https:\/\/www.pm.pb.gov.br\/portal\/2024\/04\/20\/operacao-tiradentes-policia-militar-intensifica-combate-ao-trafico-e-apreende-drogas-e-armas-na-zona-sul-da-capital\/"]}]},{"@type":"BreadcrumbList","@id":"https:\/\/www.pm.pb.gov.br\/portal\/2024\/04\/20\/operacao-tiradentes-policia-militar-intensifica-combate-ao-trafico-e-apreende-drogas-e-armas-na-zona-sul-da-capital\/#breadcrumb","itemListElement":[{"@type":"ListItem","position":1,"name":"In\u00edcio","item":"https:\/\/www.pm.pb.gov.br\/portal\/"},{"@type":"ListItem","position":2,"name":"OPERA\u00c7\u00c3O TIRADENTES: Pol\u00edcia Militar intensifica combate ao tr\u00e1fico e apreende drogas e armas na zona sul da Capital"}]},{"@type":"WebSite","@id":"https:\/\/www.pm.pb.gov.br\/portal\/#website","url":"https:\/\/www.pm.pb.gov.br\/portal\/","name":"Pol\u00edcia Militar da Para\u00edba","description":"","publisher":{"@id":"https:\/\/www.pm.pb.gov.br\/portal\/#organization"},"potentialAction":[{"@type":"SearchAction","target":{"@type":"EntryPoint","urlTemplate":"https:\/\/www.pm.pb.gov.br\/portal\/?s={search_term_string}"},"query-input":"required name=search_term_string"}],"inLanguage":"pt-BR"},{"@type":"Organization","@id":"https:\/\/www.pm.pb.gov.br\/portal\/#organization","name":"Pol\u00edcia Militar da Para\u00edba","url":"https:\/\/www.pm.pb.gov.br\/portal\/","logo":{"@type":"ImageObject","inLanguage":"pt-BR","@id":"https:\/\/www.pm.pb.gov.br\/portal\/#\/schema\/logo\/image\/","url":"https:\/\/www.pm.pb.gov.br\/portal\/wp-content\/uploads\/2025\/03\/cropped-logo-site-mag2-1.png","contentUrl":"https:\/\/www.pm.pb.gov.br\/portal\/wp-content\/uploads\/2025\/03\/cropped-logo-site-mag2-1.png","width":320,"height":90,"caption":"Pol\u00edcia Militar da Para\u00edba"},"image":{"@id":"https:\/\/www.pm.pb.gov.br\/portal\/#\/schema\/logo\/image\/"}},{"@type":"Person","@id":"https:\/\/www.pm.pb.gov.br\/portal\/#\/schema\/person\/e8454f46651c3ecf0e1ba3c1666d9947","name":"Assessoria de Imprensa da PMPB","image":{"@type":"ImageObject","inLanguage":"pt-BR","@id":"https:\/\/www.pm.pb.gov.br\/portal\/#\/schema\/person\/image\/","url":"https:\/\/secure.gravatar.com\/avatar\/2efe197438265d1e90bd98c4c8e1acf8?s=96&d=mm&r=g","contentUrl":"https:\/\/secure.gravatar.com\/avatar\/2efe197438265d1e90bd98c4c8e1acf8?s=96&d=mm&r=g","caption":"Assessoria de Imprensa da PMPB"},"url":"https:\/\/www.pm.pb.gov.br\/portal\/author\/assessoria\/"}]}},"_links":{"self":[{"href":"https:\/\/www.pm.pb.gov.br\/portal\/wp-json\/wp\/v2\/posts\/921650"}],"collection":[{"href":"https:\/\/www.pm.pb.gov.br\/portal\/wp-json\/wp\/v2\/posts"}],"about":[{"href":"https:\/\/www.pm.pb.gov.br\/portal\/wp-json\/wp\/v2\/types\/post"}],"author":[{"embeddable":true,"href":"https:\/\/www.pm.pb.gov.br\/portal\/wp-json\/wp\/v2\/users\/5"}],"replies":[{"embeddable":true,"href":"https:\/\/www.pm.pb.gov.br\/portal\/wp-json\/wp\/v2\/comments?post=921650"}],"version-history":[{"count":2,"href":"https:\/\/www.pm.pb.gov.br\/portal\/wp-json\/wp\/v2\/posts\/921650\/revisions"}],"predecessor-version":[{"id":921829,"href":"https:\/\/www.pm.pb.gov.br\/portal\/wp-json\/wp\/v2\/posts\/921650\/revisions\/921829"}],"wp:featuredmedia":[{"embeddable":true,"href":"https:\/\/www.pm.pb.gov.br\/portal\/wp-json\/wp\/v2\/media\/921826"}],"wp:attachment":[{"href":"https:\/\/www.pm.pb.gov.br\/portal\/wp-json\/wp\/v2\/media?parent=921650"}],"wp:term":[{"taxonomy":"category","embeddable":true,"href":"https:\/\/www.pm.pb.gov.br\/portal\/wp-json\/wp\/v2\/categories?post=921650"},{"taxonomy":"post_tag","embeddable":true,"href":"https:\/\/www.pm.pb.gov.br\/portal\/wp-json\/wp\/v2\/tags?post=921650"}],"curies":[{"name":"wp","href":"https:\/\/api.w.org\/{rel}","templated":true}]}}