{"id":921602,"date":"2024-03-27T20:31:55","date_gmt":"2024-03-27T23:31:55","guid":{"rendered":"https:\/\/www.pm.pb.gov.br\/portal\/?p=921602"},"modified":"2024-03-27T20:31:58","modified_gmt":"2024-03-27T23:31:58","slug":"avanco-policiais-militares-da-paraiba-sao-capacitados-para-realizar-licitacoes-internacionais","status":"publish","type":"post","link":"https:\/\/www.pm.pb.gov.br\/portal\/2024\/03\/27\/avanco-policiais-militares-da-paraiba-sao-capacitados-para-realizar-licitacoes-internacionais\/","title":{"rendered":"Avan\u00e7o: Policiais militares da Para\u00edba s\u00e3o capacitados para realizar licita\u00e7\u00f5es internacionais"},"content":{"rendered":"\n<p>Mais um avan\u00e7o administrativo deve acontecer na Pol\u00edcia Militar da Para\u00edba, que agora tem integrantes capacitados para realizar licita\u00e7\u00f5es internacionais e cons\u00f3rcios. Durante os \u00faltimos dois dias (26 e 27 de mar\u00e7o), os policiais passaram por uma capacita\u00e7\u00e3o com o professor e advogado Jonas Lima, que al\u00e9m de forma\u00e7\u00e3o no exterior, \u00e9 atualmente uma das maiores refer\u00eancias do tema no Brasil.<br><br>O momento de capacita\u00e7\u00e3o faz parte do incentivo do comandante-geral da PM, coronel S\u00e9rgio Fonseca, na qualifica\u00e7\u00e3o do efetivo da ag\u00eancia de contrata\u00e7\u00f5es da corpora\u00e7\u00e3o para que possa fazer aquisi\u00e7\u00f5es do que h\u00e1 de melhor no mercado nacional e internacional para o trabalho policial militar, resultando numa melhor presta\u00e7\u00e3o de servi\u00e7o \u00e0 popula\u00e7\u00e3o.<br><br>Al\u00e9m dos policiais da ag\u00eancia de contrata\u00e7\u00f5es e demais unidades da Pol\u00edcia Militar da Para\u00edba, foram oportunizadas vagas para capacitar tamb\u00e9m integrantes do Corpo de Bombeiros Militar, Pol\u00edcia Civil, Secretaria de Administra\u00e7\u00e3o Penitenci\u00e1ria, Secret\u00e1ria de Estado da Administra\u00e7\u00e3o, Secretaria de Estado da Seguran\u00e7a e Defesa Social, Casa Militar do Governador, Superintend\u00eancia de Obras do Plano de Desenvolvimento do Estado (Suplan) e da Funda\u00e7\u00e3o Paraibana de Gest\u00e3o em Sa\u00fade  (PBSa\u00fade).<\/p>\n\n\n\n<p><img loading=\"lazy\" decoding=\"async\" width=\"1600\" height=\"1066\" class=\"wp-image-921608\" style=\"width: 800px;\" src=\"http:\/\/www.pm.pb.gov.br\/portal\/wp-content\/uploads\/2024\/03\/WhatsApp-Image-2024-03-27-at-8.49.44-PM-1.jpeg\" alt=\"\" srcset=\"https:\/\/www.pm.pb.gov.br\/portal\/wp-content\/uploads\/2024\/03\/WhatsApp-Image-2024-03-27-at-8.49.44-PM-1.jpeg 1600w, https:\/\/www.pm.pb.gov.br\/portal\/wp-content\/uploads\/2024\/03\/WhatsApp-Image-2024-03-27-at-8.49.44-PM-1-668x445.jpeg 668w, https:\/\/www.pm.pb.gov.br\/portal\/wp-content\/uploads\/2024\/03\/WhatsApp-Image-2024-03-27-at-8.49.44-PM-1-856x570.jpeg 856w, https:\/\/www.pm.pb.gov.br\/portal\/wp-content\/uploads\/2024\/03\/WhatsApp-Image-2024-03-27-at-8.49.44-PM-1-768x512.jpeg 768w, https:\/\/www.pm.pb.gov.br\/portal\/wp-content\/uploads\/2024\/03\/WhatsApp-Image-2024-03-27-at-8.49.44-PM-1-1536x1023.jpeg 1536w, https:\/\/www.pm.pb.gov.br\/portal\/wp-content\/uploads\/2024\/03\/WhatsApp-Image-2024-03-27-at-8.49.44-PM-1-272x182.jpeg 272w\" sizes=\"(max-width: 1600px) 100vw, 1600px\" \/><\/p>\n\n\n\n<p><br><img loading=\"lazy\" decoding=\"async\" width=\"1280\" height=\"960\" class=\"wp-image-921609\" style=\"width: 800px;\" src=\"http:\/\/www.pm.pb.gov.br\/portal\/wp-content\/uploads\/2024\/03\/WhatsApp-Image-2024-03-27-at-5.47.34-PM.jpeg\" alt=\"\" srcset=\"https:\/\/www.pm.pb.gov.br\/portal\/wp-content\/uploads\/2024\/03\/WhatsApp-Image-2024-03-27-at-5.47.34-PM.jpeg 1280w, https:\/\/www.pm.pb.gov.br\/portal\/wp-content\/uploads\/2024\/03\/WhatsApp-Image-2024-03-27-at-5.47.34-PM-593x445.jpeg 593w, https:\/\/www.pm.pb.gov.br\/portal\/wp-content\/uploads\/2024\/03\/WhatsApp-Image-2024-03-27-at-5.47.34-PM-760x570.jpeg 760w, https:\/\/www.pm.pb.gov.br\/portal\/wp-content\/uploads\/2024\/03\/WhatsApp-Image-2024-03-27-at-5.47.34-PM-768x576.jpeg 768w\" sizes=\"(max-width: 1280px) 100vw, 1280px\" \/><\/p>\n\n\n\n<p><img loading=\"lazy\" decoding=\"async\" width=\"1600\" height=\"1066\" class=\"wp-image-921607\" style=\"width: 800px;\" src=\"http:\/\/www.pm.pb.gov.br\/portal\/wp-content\/uploads\/2024\/03\/WhatsApp-Image-2024-03-27-at-8.49.44-PM.jpeg\" alt=\"\" srcset=\"https:\/\/www.pm.pb.gov.br\/portal\/wp-content\/uploads\/2024\/03\/WhatsApp-Image-2024-03-27-at-8.49.44-PM.jpeg 1600w, https:\/\/www.pm.pb.gov.br\/portal\/wp-content\/uploads\/2024\/03\/WhatsApp-Image-2024-03-27-at-8.49.44-PM-668x445.jpeg 668w, https:\/\/www.pm.pb.gov.br\/portal\/wp-content\/uploads\/2024\/03\/WhatsApp-Image-2024-03-27-at-8.49.44-PM-856x570.jpeg 856w, https:\/\/www.pm.pb.gov.br\/portal\/wp-content\/uploads\/2024\/03\/WhatsApp-Image-2024-03-27-at-8.49.44-PM-768x512.jpeg 768w, https:\/\/www.pm.pb.gov.br\/portal\/wp-content\/uploads\/2024\/03\/WhatsApp-Image-2024-03-27-at-8.49.44-PM-1536x1023.jpeg 1536w, https:\/\/www.pm.pb.gov.br\/portal\/wp-content\/uploads\/2024\/03\/WhatsApp-Image-2024-03-27-at-8.49.44-PM-272x182.jpeg 272w\" sizes=\"(max-width: 1600px) 100vw, 1600px\" \/><\/p>\n\n\n\n<p><img loading=\"lazy\" decoding=\"async\" width=\"1600\" height=\"1066\" class=\"wp-image-921610\" style=\"width: 800px;\" src=\"http:\/\/www.pm.pb.gov.br\/portal\/wp-content\/uploads\/2024\/03\/WhatsApp-Image-2024-03-27-at-8.49.44-PM-2.jpeg\" alt=\"\" srcset=\"https:\/\/www.pm.pb.gov.br\/portal\/wp-content\/uploads\/2024\/03\/WhatsApp-Image-2024-03-27-at-8.49.44-PM-2.jpeg 1600w, https:\/\/www.pm.pb.gov.br\/portal\/wp-content\/uploads\/2024\/03\/WhatsApp-Image-2024-03-27-at-8.49.44-PM-2-668x445.jpeg 668w, https:\/\/www.pm.pb.gov.br\/portal\/wp-content\/uploads\/2024\/03\/WhatsApp-Image-2024-03-27-at-8.49.44-PM-2-856x570.jpeg 856w, https:\/\/www.pm.pb.gov.br\/portal\/wp-content\/uploads\/2024\/03\/WhatsApp-Image-2024-03-27-at-8.49.44-PM-2-768x512.jpeg 768w, https:\/\/www.pm.pb.gov.br\/portal\/wp-content\/uploads\/2024\/03\/WhatsApp-Image-2024-03-27-at-8.49.44-PM-2-1536x1023.jpeg 1536w, https:\/\/www.pm.pb.gov.br\/portal\/wp-content\/uploads\/2024\/03\/WhatsApp-Image-2024-03-27-at-8.49.44-PM-2-272x182.jpeg 272w\" sizes=\"(max-width: 1600px) 100vw, 1600px\" \/><\/p>\n","protected":false},"excerpt":{"rendered":"<p>Mais um avan\u00e7o administrativo deve acontecer na Pol\u00edcia Militar da Para\u00edba, que agora tem integrantes capacitados para realizar licita\u00e7\u00f5es internacionais<\/p>\n","protected":false},"author":5,"featured_media":921607,"comment_status":"closed","ping_status":"closed","sticky":false,"template":"","format":"standard","meta":{"_exactmetrics_skip_tracking":false,"_exactmetrics_sitenote_active":false,"_exactmetrics_sitenote_note":"","_exactmetrics_sitenote_category":0,"footnotes":""},"categories":[4],"tags":[],"yoast_head":"<!-- This site is optimized with the Yoast SEO plugin v22.0 - https:\/\/yoast.com\/wordpress\/plugins\/seo\/ -->\n<title>Avan\u00e7o: Policiais militares da Para\u00edba s\u00e3o capacitados para realizar licita\u00e7\u00f5es internacionais - Pol\u00edcia Militar da Para\u00edba<\/title>\n<meta name=\"robots\" content=\"index, follow, max-snippet:-1, max-image-preview:large, max-video-preview:-1\" \/>\n<link rel=\"canonical\" href=\"https:\/\/www.pm.pb.gov.br\/portal\/2024\/03\/27\/avanco-policiais-militares-da-paraiba-sao-capacitados-para-realizar-licitacoes-internacionais\/\" \/>\n<meta property=\"og:locale\" content=\"pt_BR\" \/>\n<meta property=\"og:type\" content=\"article\" \/>\n<meta property=\"og:title\" content=\"Avan\u00e7o: Policiais militares da Para\u00edba s\u00e3o capacitados para realizar licita\u00e7\u00f5es internacionais - Pol\u00edcia Militar da Para\u00edba\" \/>\n<meta property=\"og:description\" content=\"Mais um avan\u00e7o administrativo deve acontecer na Pol\u00edcia Militar da Para\u00edba, que agora tem integrantes capacitados para realizar licita\u00e7\u00f5es internacionais\" \/>\n<meta property=\"og:url\" content=\"https:\/\/www.pm.pb.gov.br\/portal\/2024\/03\/27\/avanco-policiais-militares-da-paraiba-sao-capacitados-para-realizar-licitacoes-internacionais\/\" \/>\n<meta property=\"og:site_name\" content=\"Pol\u00edcia Militar da Para\u00edba\" \/>\n<meta property=\"article:published_time\" content=\"2024-03-27T23:31:55+00:00\" \/>\n<meta property=\"article:modified_time\" content=\"2024-03-27T23:31:58+00:00\" \/>\n<meta property=\"og:image\" content=\"http:\/\/www.pm.pb.gov.br\/portal\/wp-content\/uploads\/2024\/03\/WhatsApp-Image-2024-03-27-at-8.49.44-PM.jpeg\" \/>\n\t<meta property=\"og:image:width\" content=\"1600\" \/>\n\t<meta property=\"og:image:height\" content=\"1066\" \/>\n\t<meta property=\"og:image:type\" content=\"image\/jpeg\" \/>\n<meta name=\"author\" content=\"Assessoria de Imprensa da PMPB\" \/>\n<meta name=\"twitter:card\" content=\"summary_large_image\" \/>\n<meta name=\"twitter:label1\" content=\"Escrito por\" \/>\n\t<meta name=\"twitter:data1\" content=\"Assessoria de Imprensa da PMPB\" \/>\n\t<meta name=\"twitter:label2\" content=\"Est. tempo de leitura\" \/>\n\t<meta name=\"twitter:data2\" content=\"3 minutos\" \/>\n<script type=\"application\/ld+json\" class=\"yoast-schema-graph\">{\"@context\":\"https:\/\/schema.org\",\"@graph\":[{\"@type\":\"Article\",\"@id\":\"https:\/\/www.pm.pb.gov.br\/portal\/2024\/03\/27\/avanco-policiais-militares-da-paraiba-sao-capacitados-para-realizar-licitacoes-internacionais\/#article\",\"isPartOf\":{\"@id\":\"https:\/\/www.pm.pb.gov.br\/portal\/2024\/03\/27\/avanco-policiais-militares-da-paraiba-sao-capacitados-para-realizar-licitacoes-internacionais\/\"},\"author\":{\"name\":\"Assessoria de Imprensa da PMPB\",\"@id\":\"https:\/\/www.pm.pb.gov.br\/portal\/#\/schema\/person\/e8454f46651c3ecf0e1ba3c1666d9947\"},\"headline\":\"Avan\u00e7o: Policiais militares da Para\u00edba s\u00e3o capacitados para realizar licita\u00e7\u00f5es internacionais\",\"datePublished\":\"2024-03-27T23:31:55+00:00\",\"dateModified\":\"2024-03-27T23:31:58+00:00\",\"mainEntityOfPage\":{\"@id\":\"https:\/\/www.pm.pb.gov.br\/portal\/2024\/03\/27\/avanco-policiais-militares-da-paraiba-sao-capacitados-para-realizar-licitacoes-internacionais\/\"},\"wordCount\":231,\"publisher\":{\"@id\":\"https:\/\/www.pm.pb.gov.br\/portal\/#organization\"},\"articleSection\":[\"A\u00e7\u00f5es Policiais\"],\"inLanguage\":\"pt-BR\"},{\"@type\":\"WebPage\",\"@id\":\"https:\/\/www.pm.pb.gov.br\/portal\/2024\/03\/27\/avanco-policiais-militares-da-paraiba-sao-capacitados-para-realizar-licitacoes-internacionais\/\",\"url\":\"https:\/\/www.pm.pb.gov.br\/portal\/2024\/03\/27\/avanco-policiais-militares-da-paraiba-sao-capacitados-para-realizar-licitacoes-internacionais\/\",\"name\":\"Avan\u00e7o: Policiais militares da Para\u00edba s\u00e3o capacitados para realizar licita\u00e7\u00f5es internacionais - Pol\u00edcia Militar da Para\u00edba\",\"isPartOf\":{\"@id\":\"https:\/\/www.pm.pb.gov.br\/portal\/#website\"},\"datePublished\":\"2024-03-27T23:31:55+00:00\",\"dateModified\":\"2024-03-27T23:31:58+00:00\",\"breadcrumb\":{\"@id\":\"https:\/\/www.pm.pb.gov.br\/portal\/2024\/03\/27\/avanco-policiais-militares-da-paraiba-sao-capacitados-para-realizar-licitacoes-internacionais\/#breadcrumb\"},\"inLanguage\":\"pt-BR\",\"potentialAction\":[{\"@type\":\"ReadAction\",\"target\":[\"https:\/\/www.pm.pb.gov.br\/portal\/2024\/03\/27\/avanco-policiais-militares-da-paraiba-sao-capacitados-para-realizar-licitacoes-internacionais\/\"]}]},{\"@type\":\"BreadcrumbList\",\"@id\":\"https:\/\/www.pm.pb.gov.br\/portal\/2024\/03\/27\/avanco-policiais-militares-da-paraiba-sao-capacitados-para-realizar-licitacoes-internacionais\/#breadcrumb\",\"itemListElement\":[{\"@type\":\"ListItem\",\"position\":1,\"name\":\"In\u00edcio\",\"item\":\"https:\/\/www.pm.pb.gov.br\/portal\/\"},{\"@type\":\"ListItem\",\"position\":2,\"name\":\"Avan\u00e7o: Policiais militares da Para\u00edba s\u00e3o capacitados para realizar licita\u00e7\u00f5es internacionais\"}]},{\"@type\":\"WebSite\",\"@id\":\"https:\/\/www.pm.pb.gov.br\/portal\/#website\",\"url\":\"https:\/\/www.pm.pb.gov.br\/portal\/\",\"name\":\"Pol\u00edcia Militar da Para\u00edba\",\"description\":\"\",\"publisher\":{\"@id\":\"https:\/\/www.pm.pb.gov.br\/portal\/#organization\"},\"potentialAction\":[{\"@type\":\"SearchAction\",\"target\":{\"@type\":\"EntryPoint\",\"urlTemplate\":\"https:\/\/www.pm.pb.gov.br\/portal\/?s={search_term_string}\"},\"query-input\":\"required name=search_term_string\"}],\"inLanguage\":\"pt-BR\"},{\"@type\":\"Organization\",\"@id\":\"https:\/\/www.pm.pb.gov.br\/portal\/#organization\",\"name\":\"Pol\u00edcia Militar da Para\u00edba\",\"url\":\"https:\/\/www.pm.pb.gov.br\/portal\/\",\"logo\":{\"@type\":\"ImageObject\",\"inLanguage\":\"pt-BR\",\"@id\":\"https:\/\/www.pm.pb.gov.br\/portal\/#\/schema\/logo\/image\/\",\"url\":\"https:\/\/www.pm.pb.gov.br\/portal\/wp-content\/uploads\/2025\/03\/cropped-logo-site-mag2-1.png\",\"contentUrl\":\"https:\/\/www.pm.pb.gov.br\/portal\/wp-content\/uploads\/2025\/03\/cropped-logo-site-mag2-1.png\",\"width\":320,\"height\":90,\"caption\":\"Pol\u00edcia Militar da Para\u00edba\"},\"image\":{\"@id\":\"https:\/\/www.pm.pb.gov.br\/portal\/#\/schema\/logo\/image\/\"}},{\"@type\":\"Person\",\"@id\":\"https:\/\/www.pm.pb.gov.br\/portal\/#\/schema\/person\/e8454f46651c3ecf0e1ba3c1666d9947\",\"name\":\"Assessoria de Imprensa da PMPB\",\"image\":{\"@type\":\"ImageObject\",\"inLanguage\":\"pt-BR\",\"@id\":\"https:\/\/www.pm.pb.gov.br\/portal\/#\/schema\/person\/image\/\",\"url\":\"https:\/\/secure.gravatar.com\/avatar\/2efe197438265d1e90bd98c4c8e1acf8?s=96&d=mm&r=g\",\"contentUrl\":\"https:\/\/secure.gravatar.com\/avatar\/2efe197438265d1e90bd98c4c8e1acf8?s=96&d=mm&r=g\",\"caption\":\"Assessoria de Imprensa da PMPB\"},\"url\":\"https:\/\/www.pm.pb.gov.br\/portal\/author\/assessoria\/\"}]}<\/script>\n<!-- \/ Yoast SEO plugin. -->","yoast_head_json":{"title":"Avan\u00e7o: Policiais militares da Para\u00edba s\u00e3o capacitados para realizar licita\u00e7\u00f5es internacionais - Pol\u00edcia Militar da Para\u00edba","robots":{"index":"index","follow":"follow","max-snippet":"max-snippet:-1","max-image-preview":"max-image-preview:large","max-video-preview":"max-video-preview:-1"},"canonical":"https:\/\/www.pm.pb.gov.br\/portal\/2024\/03\/27\/avanco-policiais-militares-da-paraiba-sao-capacitados-para-realizar-licitacoes-internacionais\/","og_locale":"pt_BR","og_type":"article","og_title":"Avan\u00e7o: Policiais militares da Para\u00edba s\u00e3o capacitados para realizar licita\u00e7\u00f5es internacionais - Pol\u00edcia Militar da Para\u00edba","og_description":"Mais um avan\u00e7o administrativo deve acontecer na Pol\u00edcia Militar da Para\u00edba, que agora tem integrantes capacitados para realizar licita\u00e7\u00f5es internacionais","og_url":"https:\/\/www.pm.pb.gov.br\/portal\/2024\/03\/27\/avanco-policiais-militares-da-paraiba-sao-capacitados-para-realizar-licitacoes-internacionais\/","og_site_name":"Pol\u00edcia Militar da Para\u00edba","article_published_time":"2024-03-27T23:31:55+00:00","article_modified_time":"2024-03-27T23:31:58+00:00","og_image":[{"width":1600,"height":1066,"url":"http:\/\/www.pm.pb.gov.br\/portal\/wp-content\/uploads\/2024\/03\/WhatsApp-Image-2024-03-27-at-8.49.44-PM.jpeg","type":"image\/jpeg"}],"author":"Assessoria de Imprensa da PMPB","twitter_card":"summary_large_image","twitter_misc":{"Escrito por":"Assessoria de Imprensa da PMPB","Est. tempo de leitura":"3 minutos"},"schema":{"@context":"https:\/\/schema.org","@graph":[{"@type":"Article","@id":"https:\/\/www.pm.pb.gov.br\/portal\/2024\/03\/27\/avanco-policiais-militares-da-paraiba-sao-capacitados-para-realizar-licitacoes-internacionais\/#article","isPartOf":{"@id":"https:\/\/www.pm.pb.gov.br\/portal\/2024\/03\/27\/avanco-policiais-militares-da-paraiba-sao-capacitados-para-realizar-licitacoes-internacionais\/"},"author":{"name":"Assessoria de Imprensa da PMPB","@id":"https:\/\/www.pm.pb.gov.br\/portal\/#\/schema\/person\/e8454f46651c3ecf0e1ba3c1666d9947"},"headline":"Avan\u00e7o: Policiais militares da Para\u00edba s\u00e3o capacitados para realizar licita\u00e7\u00f5es internacionais","datePublished":"2024-03-27T23:31:55+00:00","dateModified":"2024-03-27T23:31:58+00:00","mainEntityOfPage":{"@id":"https:\/\/www.pm.pb.gov.br\/portal\/2024\/03\/27\/avanco-policiais-militares-da-paraiba-sao-capacitados-para-realizar-licitacoes-internacionais\/"},"wordCount":231,"publisher":{"@id":"https:\/\/www.pm.pb.gov.br\/portal\/#organization"},"articleSection":["A\u00e7\u00f5es Policiais"],"inLanguage":"pt-BR"},{"@type":"WebPage","@id":"https:\/\/www.pm.pb.gov.br\/portal\/2024\/03\/27\/avanco-policiais-militares-da-paraiba-sao-capacitados-para-realizar-licitacoes-internacionais\/","url":"https:\/\/www.pm.pb.gov.br\/portal\/2024\/03\/27\/avanco-policiais-militares-da-paraiba-sao-capacitados-para-realizar-licitacoes-internacionais\/","name":"Avan\u00e7o: Policiais militares da Para\u00edba s\u00e3o capacitados para realizar licita\u00e7\u00f5es internacionais - Pol\u00edcia Militar da Para\u00edba","isPartOf":{"@id":"https:\/\/www.pm.pb.gov.br\/portal\/#website"},"datePublished":"2024-03-27T23:31:55+00:00","dateModified":"2024-03-27T23:31:58+00:00","breadcrumb":{"@id":"https:\/\/www.pm.pb.gov.br\/portal\/2024\/03\/27\/avanco-policiais-militares-da-paraiba-sao-capacitados-para-realizar-licitacoes-internacionais\/#breadcrumb"},"inLanguage":"pt-BR","potentialAction":[{"@type":"ReadAction","target":["https:\/\/www.pm.pb.gov.br\/portal\/2024\/03\/27\/avanco-policiais-militares-da-paraiba-sao-capacitados-para-realizar-licitacoes-internacionais\/"]}]},{"@type":"BreadcrumbList","@id":"https:\/\/www.pm.pb.gov.br\/portal\/2024\/03\/27\/avanco-policiais-militares-da-paraiba-sao-capacitados-para-realizar-licitacoes-internacionais\/#breadcrumb","itemListElement":[{"@type":"ListItem","position":1,"name":"In\u00edcio","item":"https:\/\/www.pm.pb.gov.br\/portal\/"},{"@type":"ListItem","position":2,"name":"Avan\u00e7o: Policiais militares da Para\u00edba s\u00e3o capacitados para realizar licita\u00e7\u00f5es internacionais"}]},{"@type":"WebSite","@id":"https:\/\/www.pm.pb.gov.br\/portal\/#website","url":"https:\/\/www.pm.pb.gov.br\/portal\/","name":"Pol\u00edcia Militar da Para\u00edba","description":"","publisher":{"@id":"https:\/\/www.pm.pb.gov.br\/portal\/#organization"},"potentialAction":[{"@type":"SearchAction","target":{"@type":"EntryPoint","urlTemplate":"https:\/\/www.pm.pb.gov.br\/portal\/?s={search_term_string}"},"query-input":"required name=search_term_string"}],"inLanguage":"pt-BR"},{"@type":"Organization","@id":"https:\/\/www.pm.pb.gov.br\/portal\/#organization","name":"Pol\u00edcia Militar da Para\u00edba","url":"https:\/\/www.pm.pb.gov.br\/portal\/","logo":{"@type":"ImageObject","inLanguage":"pt-BR","@id":"https:\/\/www.pm.pb.gov.br\/portal\/#\/schema\/logo\/image\/","url":"https:\/\/www.pm.pb.gov.br\/portal\/wp-content\/uploads\/2025\/03\/cropped-logo-site-mag2-1.png","contentUrl":"https:\/\/www.pm.pb.gov.br\/portal\/wp-content\/uploads\/2025\/03\/cropped-logo-site-mag2-1.png","width":320,"height":90,"caption":"Pol\u00edcia Militar da Para\u00edba"},"image":{"@id":"https:\/\/www.pm.pb.gov.br\/portal\/#\/schema\/logo\/image\/"}},{"@type":"Person","@id":"https:\/\/www.pm.pb.gov.br\/portal\/#\/schema\/person\/e8454f46651c3ecf0e1ba3c1666d9947","name":"Assessoria de Imprensa da PMPB","image":{"@type":"ImageObject","inLanguage":"pt-BR","@id":"https:\/\/www.pm.pb.gov.br\/portal\/#\/schema\/person\/image\/","url":"https:\/\/secure.gravatar.com\/avatar\/2efe197438265d1e90bd98c4c8e1acf8?s=96&d=mm&r=g","contentUrl":"https:\/\/secure.gravatar.com\/avatar\/2efe197438265d1e90bd98c4c8e1acf8?s=96&d=mm&r=g","caption":"Assessoria de Imprensa da PMPB"},"url":"https:\/\/www.pm.pb.gov.br\/portal\/author\/assessoria\/"}]}},"_links":{"self":[{"href":"https:\/\/www.pm.pb.gov.br\/portal\/wp-json\/wp\/v2\/posts\/921602"}],"collection":[{"href":"https:\/\/www.pm.pb.gov.br\/portal\/wp-json\/wp\/v2\/posts"}],"about":[{"href":"https:\/\/www.pm.pb.gov.br\/portal\/wp-json\/wp\/v2\/types\/post"}],"author":[{"embeddable":true,"href":"https:\/\/www.pm.pb.gov.br\/portal\/wp-json\/wp\/v2\/users\/5"}],"replies":[{"embeddable":true,"href":"https:\/\/www.pm.pb.gov.br\/portal\/wp-json\/wp\/v2\/comments?post=921602"}],"version-history":[{"count":2,"href":"https:\/\/www.pm.pb.gov.br\/portal\/wp-json\/wp\/v2\/posts\/921602\/revisions"}],"predecessor-version":[{"id":921611,"href":"https:\/\/www.pm.pb.gov.br\/portal\/wp-json\/wp\/v2\/posts\/921602\/revisions\/921611"}],"wp:featuredmedia":[{"embeddable":true,"href":"https:\/\/www.pm.pb.gov.br\/portal\/wp-json\/wp\/v2\/media\/921607"}],"wp:attachment":[{"href":"https:\/\/www.pm.pb.gov.br\/portal\/wp-json\/wp\/v2\/media?parent=921602"}],"wp:term":[{"taxonomy":"category","embeddable":true,"href":"https:\/\/www.pm.pb.gov.br\/portal\/wp-json\/wp\/v2\/categories?post=921602"},{"taxonomy":"post_tag","embeddable":true,"href":"https:\/\/www.pm.pb.gov.br\/portal\/wp-json\/wp\/v2\/tags?post=921602"}],"curies":[{"name":"wp","href":"https:\/\/api.w.org\/{rel}","templated":true}]}}