{"id":921591,"date":"2024-03-25T15:25:53","date_gmt":"2024-03-25T18:25:53","guid":{"rendered":"https:\/\/www.pm.pb.gov.br\/portal\/?p=921591"},"modified":"2024-03-25T15:25:55","modified_gmt":"2024-03-25T18:25:55","slug":"policia-militar-apreende-pela-5a-vez-o-mesmo-adolescente-em-menos-de-tres-meses-na-grande-jp","status":"publish","type":"post","link":"https:\/\/www.pm.pb.gov.br\/portal\/2024\/03\/25\/policia-militar-apreende-pela-5a-vez-o-mesmo-adolescente-em-menos-de-tres-meses-na-grande-jp\/","title":{"rendered":"Pol\u00edcia Militar apreende pela 5\u00aa vez o mesmo adolescente em menos de tr\u00eas meses na grande JP"},"content":{"rendered":"Um adolescente de 17 anos foi apreendido pela 5\u00aa vez, no fim da manh\u00e3 desta segunda-feira (25), durante a\u00e7\u00e3o perto da comunidade S\u00e3o Luiz, no bairro do Bessa, em Jo\u00e3o Pessoa. Desta vez, ele foi flagrando pelas equipes do Regimento de Opera\u00e7\u00f5es T\u00e1ticas com Apoio de Motocicletas (Rotam) com cinco muni\u00e7\u00f5es de rev\u00f3lver. O jovem estava na companhia de um homem de 22 anos, que foi preso com uma pistola. Os dois seriam integrantes de um grupo que disputa o tr\u00e1fico na regi\u00e3o. <br \/><br \/>No pr\u00f3ximo dia 29 ainda ia fazer tr\u00eas meses que o adolescente foi apreendido pela primeira vez. Do dia 29 de dezembro, quando foi apreendido por tentativa de homic\u00eddio no centro de Cabedelo, at\u00e9 agora, ele foi apreendido com um rev\u00f3lver no dia 31 de janeiro, novamente com um rev\u00f3lver cinco dias depois (4 de fevereiro) e na semana seguinte, no dia 11 de fevereiro, estava armado novamente e na companhia e com drogas, juntamente com mais dois suspeitos. E agora, com muni\u00e7\u00f5es na companhia de um homem armado de pistola.<br \/><br \/>O caso foi levado para a Central de Pol\u00edcia, no Geisel. <br \/>","protected":false},"excerpt":{"rendered":"<p>Um adolescente de 17 anos foi apreendido pela 5\u00aa vez, no fim da manh\u00e3 desta segunda-feira (25), durante a\u00e7\u00e3o perto<\/p>\n","protected":false},"author":5,"featured_media":921595,"comment_status":"closed","ping_status":"closed","sticky":false,"template":"","format":"standard","meta":{"_exactmetrics_skip_tracking":false,"_exactmetrics_sitenote_active":false,"_exactmetrics_sitenote_note":"","_exactmetrics_sitenote_category":0,"footnotes":""},"categories":[4],"tags":[],"yoast_head":"<!-- This site is optimized with the Yoast SEO plugin v22.0 - https:\/\/yoast.com\/wordpress\/plugins\/seo\/ -->\n<title>Pol\u00edcia Militar apreende pela 5\u00aa vez o mesmo adolescente em menos de tr\u00eas meses na grande JP - Pol\u00edcia Militar da Para\u00edba<\/title>\n<meta name=\"robots\" content=\"index, follow, max-snippet:-1, max-image-preview:large, max-video-preview:-1\" \/>\n<link rel=\"canonical\" href=\"https:\/\/www.pm.pb.gov.br\/portal\/2024\/03\/25\/policia-militar-apreende-pela-5a-vez-o-mesmo-adolescente-em-menos-de-tres-meses-na-grande-jp\/\" \/>\n<meta property=\"og:locale\" content=\"pt_BR\" \/>\n<meta property=\"og:type\" content=\"article\" \/>\n<meta property=\"og:title\" content=\"Pol\u00edcia Militar apreende pela 5\u00aa vez o mesmo adolescente em menos de tr\u00eas meses na grande JP - Pol\u00edcia Militar da Para\u00edba\" \/>\n<meta property=\"og:description\" content=\"Um adolescente de 17 anos foi apreendido pela 5\u00aa vez, no fim da manh\u00e3 desta segunda-feira (25), durante a\u00e7\u00e3o perto\" \/>\n<meta property=\"og:url\" content=\"https:\/\/www.pm.pb.gov.br\/portal\/2024\/03\/25\/policia-militar-apreende-pela-5a-vez-o-mesmo-adolescente-em-menos-de-tres-meses-na-grande-jp\/\" \/>\n<meta property=\"og:site_name\" content=\"Pol\u00edcia Militar da Para\u00edba\" \/>\n<meta property=\"article:published_time\" content=\"2024-03-25T18:25:53+00:00\" \/>\n<meta property=\"article:modified_time\" content=\"2024-03-25T18:25:55+00:00\" \/>\n<meta property=\"og:image\" content=\"http:\/\/www.pm.pb.gov.br\/portal\/wp-content\/uploads\/2024\/03\/WhatsApp-Image-2024-03-25-at-1.50.02-PM-scaled.jpeg\" \/>\n\t<meta property=\"og:image:width\" content=\"2560\" \/>\n\t<meta property=\"og:image:height\" content=\"1440\" \/>\n\t<meta property=\"og:image:type\" content=\"image\/jpeg\" \/>\n<meta name=\"author\" content=\"Assessoria de Imprensa da PMPB\" \/>\n<meta name=\"twitter:card\" content=\"summary_large_image\" \/>\n<meta name=\"twitter:label1\" content=\"Escrito por\" \/>\n\t<meta name=\"twitter:data1\" content=\"Assessoria de Imprensa da PMPB\" \/>\n\t<meta name=\"twitter:label2\" content=\"Est. tempo de leitura\" \/>\n\t<meta name=\"twitter:data2\" content=\"2 minutos\" \/>\n<script type=\"application\/ld+json\" class=\"yoast-schema-graph\">{\"@context\":\"https:\/\/schema.org\",\"@graph\":[{\"@type\":\"Article\",\"@id\":\"https:\/\/www.pm.pb.gov.br\/portal\/2024\/03\/25\/policia-militar-apreende-pela-5a-vez-o-mesmo-adolescente-em-menos-de-tres-meses-na-grande-jp\/#article\",\"isPartOf\":{\"@id\":\"https:\/\/www.pm.pb.gov.br\/portal\/2024\/03\/25\/policia-militar-apreende-pela-5a-vez-o-mesmo-adolescente-em-menos-de-tres-meses-na-grande-jp\/\"},\"author\":{\"name\":\"Assessoria de Imprensa da PMPB\",\"@id\":\"https:\/\/www.pm.pb.gov.br\/portal\/#\/schema\/person\/e8454f46651c3ecf0e1ba3c1666d9947\"},\"headline\":\"Pol\u00edcia Militar apreende pela 5\u00aa vez o mesmo adolescente em menos de tr\u00eas meses na grande JP\",\"datePublished\":\"2024-03-25T18:25:53+00:00\",\"dateModified\":\"2024-03-25T18:25:55+00:00\",\"mainEntityOfPage\":{\"@id\":\"https:\/\/www.pm.pb.gov.br\/portal\/2024\/03\/25\/policia-militar-apreende-pela-5a-vez-o-mesmo-adolescente-em-menos-de-tres-meses-na-grande-jp\/\"},\"wordCount\":210,\"publisher\":{\"@id\":\"https:\/\/www.pm.pb.gov.br\/portal\/#organization\"},\"articleSection\":[\"A\u00e7\u00f5es Policiais\"],\"inLanguage\":\"pt-BR\"},{\"@type\":\"WebPage\",\"@id\":\"https:\/\/www.pm.pb.gov.br\/portal\/2024\/03\/25\/policia-militar-apreende-pela-5a-vez-o-mesmo-adolescente-em-menos-de-tres-meses-na-grande-jp\/\",\"url\":\"https:\/\/www.pm.pb.gov.br\/portal\/2024\/03\/25\/policia-militar-apreende-pela-5a-vez-o-mesmo-adolescente-em-menos-de-tres-meses-na-grande-jp\/\",\"name\":\"Pol\u00edcia Militar apreende pela 5\u00aa vez o mesmo adolescente em menos de tr\u00eas meses na grande JP - Pol\u00edcia Militar da Para\u00edba\",\"isPartOf\":{\"@id\":\"https:\/\/www.pm.pb.gov.br\/portal\/#website\"},\"datePublished\":\"2024-03-25T18:25:53+00:00\",\"dateModified\":\"2024-03-25T18:25:55+00:00\",\"breadcrumb\":{\"@id\":\"https:\/\/www.pm.pb.gov.br\/portal\/2024\/03\/25\/policia-militar-apreende-pela-5a-vez-o-mesmo-adolescente-em-menos-de-tres-meses-na-grande-jp\/#breadcrumb\"},\"inLanguage\":\"pt-BR\",\"potentialAction\":[{\"@type\":\"ReadAction\",\"target\":[\"https:\/\/www.pm.pb.gov.br\/portal\/2024\/03\/25\/policia-militar-apreende-pela-5a-vez-o-mesmo-adolescente-em-menos-de-tres-meses-na-grande-jp\/\"]}]},{\"@type\":\"BreadcrumbList\",\"@id\":\"https:\/\/www.pm.pb.gov.br\/portal\/2024\/03\/25\/policia-militar-apreende-pela-5a-vez-o-mesmo-adolescente-em-menos-de-tres-meses-na-grande-jp\/#breadcrumb\",\"itemListElement\":[{\"@type\":\"ListItem\",\"position\":1,\"name\":\"In\u00edcio\",\"item\":\"https:\/\/www.pm.pb.gov.br\/portal\/\"},{\"@type\":\"ListItem\",\"position\":2,\"name\":\"Pol\u00edcia Militar apreende pela 5\u00aa vez o mesmo adolescente em menos de tr\u00eas meses na grande JP\"}]},{\"@type\":\"WebSite\",\"@id\":\"https:\/\/www.pm.pb.gov.br\/portal\/#website\",\"url\":\"https:\/\/www.pm.pb.gov.br\/portal\/\",\"name\":\"Pol\u00edcia Militar da Para\u00edba\",\"description\":\"\",\"publisher\":{\"@id\":\"https:\/\/www.pm.pb.gov.br\/portal\/#organization\"},\"potentialAction\":[{\"@type\":\"SearchAction\",\"target\":{\"@type\":\"EntryPoint\",\"urlTemplate\":\"https:\/\/www.pm.pb.gov.br\/portal\/?s={search_term_string}\"},\"query-input\":\"required name=search_term_string\"}],\"inLanguage\":\"pt-BR\"},{\"@type\":\"Organization\",\"@id\":\"https:\/\/www.pm.pb.gov.br\/portal\/#organization\",\"name\":\"Pol\u00edcia Militar da Para\u00edba\",\"url\":\"https:\/\/www.pm.pb.gov.br\/portal\/\",\"logo\":{\"@type\":\"ImageObject\",\"inLanguage\":\"pt-BR\",\"@id\":\"https:\/\/www.pm.pb.gov.br\/portal\/#\/schema\/logo\/image\/\",\"url\":\"https:\/\/www.pm.pb.gov.br\/portal\/wp-content\/uploads\/2025\/03\/cropped-logo-site-mag2-1.png\",\"contentUrl\":\"https:\/\/www.pm.pb.gov.br\/portal\/wp-content\/uploads\/2025\/03\/cropped-logo-site-mag2-1.png\",\"width\":320,\"height\":90,\"caption\":\"Pol\u00edcia Militar da Para\u00edba\"},\"image\":{\"@id\":\"https:\/\/www.pm.pb.gov.br\/portal\/#\/schema\/logo\/image\/\"}},{\"@type\":\"Person\",\"@id\":\"https:\/\/www.pm.pb.gov.br\/portal\/#\/schema\/person\/e8454f46651c3ecf0e1ba3c1666d9947\",\"name\":\"Assessoria de Imprensa da PMPB\",\"image\":{\"@type\":\"ImageObject\",\"inLanguage\":\"pt-BR\",\"@id\":\"https:\/\/www.pm.pb.gov.br\/portal\/#\/schema\/person\/image\/\",\"url\":\"https:\/\/secure.gravatar.com\/avatar\/2efe197438265d1e90bd98c4c8e1acf8?s=96&d=mm&r=g\",\"contentUrl\":\"https:\/\/secure.gravatar.com\/avatar\/2efe197438265d1e90bd98c4c8e1acf8?s=96&d=mm&r=g\",\"caption\":\"Assessoria de Imprensa da PMPB\"},\"url\":\"https:\/\/www.pm.pb.gov.br\/portal\/author\/assessoria\/\"}]}<\/script>\n<!-- \/ Yoast SEO plugin. -->","yoast_head_json":{"title":"Pol\u00edcia Militar apreende pela 5\u00aa vez o mesmo adolescente em menos de tr\u00eas meses na grande JP - Pol\u00edcia Militar da Para\u00edba","robots":{"index":"index","follow":"follow","max-snippet":"max-snippet:-1","max-image-preview":"max-image-preview:large","max-video-preview":"max-video-preview:-1"},"canonical":"https:\/\/www.pm.pb.gov.br\/portal\/2024\/03\/25\/policia-militar-apreende-pela-5a-vez-o-mesmo-adolescente-em-menos-de-tres-meses-na-grande-jp\/","og_locale":"pt_BR","og_type":"article","og_title":"Pol\u00edcia Militar apreende pela 5\u00aa vez o mesmo adolescente em menos de tr\u00eas meses na grande JP - Pol\u00edcia Militar da Para\u00edba","og_description":"Um adolescente de 17 anos foi apreendido pela 5\u00aa vez, no fim da manh\u00e3 desta segunda-feira (25), durante a\u00e7\u00e3o perto","og_url":"https:\/\/www.pm.pb.gov.br\/portal\/2024\/03\/25\/policia-militar-apreende-pela-5a-vez-o-mesmo-adolescente-em-menos-de-tres-meses-na-grande-jp\/","og_site_name":"Pol\u00edcia Militar da Para\u00edba","article_published_time":"2024-03-25T18:25:53+00:00","article_modified_time":"2024-03-25T18:25:55+00:00","og_image":[{"width":2560,"height":1440,"url":"http:\/\/www.pm.pb.gov.br\/portal\/wp-content\/uploads\/2024\/03\/WhatsApp-Image-2024-03-25-at-1.50.02-PM-scaled.jpeg","type":"image\/jpeg"}],"author":"Assessoria de Imprensa da PMPB","twitter_card":"summary_large_image","twitter_misc":{"Escrito por":"Assessoria de Imprensa da PMPB","Est. tempo de leitura":"2 minutos"},"schema":{"@context":"https:\/\/schema.org","@graph":[{"@type":"Article","@id":"https:\/\/www.pm.pb.gov.br\/portal\/2024\/03\/25\/policia-militar-apreende-pela-5a-vez-o-mesmo-adolescente-em-menos-de-tres-meses-na-grande-jp\/#article","isPartOf":{"@id":"https:\/\/www.pm.pb.gov.br\/portal\/2024\/03\/25\/policia-militar-apreende-pela-5a-vez-o-mesmo-adolescente-em-menos-de-tres-meses-na-grande-jp\/"},"author":{"name":"Assessoria de Imprensa da PMPB","@id":"https:\/\/www.pm.pb.gov.br\/portal\/#\/schema\/person\/e8454f46651c3ecf0e1ba3c1666d9947"},"headline":"Pol\u00edcia Militar apreende pela 5\u00aa vez o mesmo adolescente em menos de tr\u00eas meses na grande JP","datePublished":"2024-03-25T18:25:53+00:00","dateModified":"2024-03-25T18:25:55+00:00","mainEntityOfPage":{"@id":"https:\/\/www.pm.pb.gov.br\/portal\/2024\/03\/25\/policia-militar-apreende-pela-5a-vez-o-mesmo-adolescente-em-menos-de-tres-meses-na-grande-jp\/"},"wordCount":210,"publisher":{"@id":"https:\/\/www.pm.pb.gov.br\/portal\/#organization"},"articleSection":["A\u00e7\u00f5es Policiais"],"inLanguage":"pt-BR"},{"@type":"WebPage","@id":"https:\/\/www.pm.pb.gov.br\/portal\/2024\/03\/25\/policia-militar-apreende-pela-5a-vez-o-mesmo-adolescente-em-menos-de-tres-meses-na-grande-jp\/","url":"https:\/\/www.pm.pb.gov.br\/portal\/2024\/03\/25\/policia-militar-apreende-pela-5a-vez-o-mesmo-adolescente-em-menos-de-tres-meses-na-grande-jp\/","name":"Pol\u00edcia Militar apreende pela 5\u00aa vez o mesmo adolescente em menos de tr\u00eas meses na grande JP - Pol\u00edcia Militar da Para\u00edba","isPartOf":{"@id":"https:\/\/www.pm.pb.gov.br\/portal\/#website"},"datePublished":"2024-03-25T18:25:53+00:00","dateModified":"2024-03-25T18:25:55+00:00","breadcrumb":{"@id":"https:\/\/www.pm.pb.gov.br\/portal\/2024\/03\/25\/policia-militar-apreende-pela-5a-vez-o-mesmo-adolescente-em-menos-de-tres-meses-na-grande-jp\/#breadcrumb"},"inLanguage":"pt-BR","potentialAction":[{"@type":"ReadAction","target":["https:\/\/www.pm.pb.gov.br\/portal\/2024\/03\/25\/policia-militar-apreende-pela-5a-vez-o-mesmo-adolescente-em-menos-de-tres-meses-na-grande-jp\/"]}]},{"@type":"BreadcrumbList","@id":"https:\/\/www.pm.pb.gov.br\/portal\/2024\/03\/25\/policia-militar-apreende-pela-5a-vez-o-mesmo-adolescente-em-menos-de-tres-meses-na-grande-jp\/#breadcrumb","itemListElement":[{"@type":"ListItem","position":1,"name":"In\u00edcio","item":"https:\/\/www.pm.pb.gov.br\/portal\/"},{"@type":"ListItem","position":2,"name":"Pol\u00edcia Militar apreende pela 5\u00aa vez o mesmo adolescente em menos de tr\u00eas meses na grande JP"}]},{"@type":"WebSite","@id":"https:\/\/www.pm.pb.gov.br\/portal\/#website","url":"https:\/\/www.pm.pb.gov.br\/portal\/","name":"Pol\u00edcia Militar da Para\u00edba","description":"","publisher":{"@id":"https:\/\/www.pm.pb.gov.br\/portal\/#organization"},"potentialAction":[{"@type":"SearchAction","target":{"@type":"EntryPoint","urlTemplate":"https:\/\/www.pm.pb.gov.br\/portal\/?s={search_term_string}"},"query-input":"required name=search_term_string"}],"inLanguage":"pt-BR"},{"@type":"Organization","@id":"https:\/\/www.pm.pb.gov.br\/portal\/#organization","name":"Pol\u00edcia Militar da Para\u00edba","url":"https:\/\/www.pm.pb.gov.br\/portal\/","logo":{"@type":"ImageObject","inLanguage":"pt-BR","@id":"https:\/\/www.pm.pb.gov.br\/portal\/#\/schema\/logo\/image\/","url":"https:\/\/www.pm.pb.gov.br\/portal\/wp-content\/uploads\/2025\/03\/cropped-logo-site-mag2-1.png","contentUrl":"https:\/\/www.pm.pb.gov.br\/portal\/wp-content\/uploads\/2025\/03\/cropped-logo-site-mag2-1.png","width":320,"height":90,"caption":"Pol\u00edcia Militar da Para\u00edba"},"image":{"@id":"https:\/\/www.pm.pb.gov.br\/portal\/#\/schema\/logo\/image\/"}},{"@type":"Person","@id":"https:\/\/www.pm.pb.gov.br\/portal\/#\/schema\/person\/e8454f46651c3ecf0e1ba3c1666d9947","name":"Assessoria de Imprensa da PMPB","image":{"@type":"ImageObject","inLanguage":"pt-BR","@id":"https:\/\/www.pm.pb.gov.br\/portal\/#\/schema\/person\/image\/","url":"https:\/\/secure.gravatar.com\/avatar\/2efe197438265d1e90bd98c4c8e1acf8?s=96&d=mm&r=g","contentUrl":"https:\/\/secure.gravatar.com\/avatar\/2efe197438265d1e90bd98c4c8e1acf8?s=96&d=mm&r=g","caption":"Assessoria de Imprensa da PMPB"},"url":"https:\/\/www.pm.pb.gov.br\/portal\/author\/assessoria\/"}]}},"_links":{"self":[{"href":"https:\/\/www.pm.pb.gov.br\/portal\/wp-json\/wp\/v2\/posts\/921591"}],"collection":[{"href":"https:\/\/www.pm.pb.gov.br\/portal\/wp-json\/wp\/v2\/posts"}],"about":[{"href":"https:\/\/www.pm.pb.gov.br\/portal\/wp-json\/wp\/v2\/types\/post"}],"author":[{"embeddable":true,"href":"https:\/\/www.pm.pb.gov.br\/portal\/wp-json\/wp\/v2\/users\/5"}],"replies":[{"embeddable":true,"href":"https:\/\/www.pm.pb.gov.br\/portal\/wp-json\/wp\/v2\/comments?post=921591"}],"version-history":[{"count":1,"href":"https:\/\/www.pm.pb.gov.br\/portal\/wp-json\/wp\/v2\/posts\/921591\/revisions"}],"predecessor-version":[{"id":921593,"href":"https:\/\/www.pm.pb.gov.br\/portal\/wp-json\/wp\/v2\/posts\/921591\/revisions\/921593"}],"wp:featuredmedia":[{"embeddable":true,"href":"https:\/\/www.pm.pb.gov.br\/portal\/wp-json\/wp\/v2\/media\/921595"}],"wp:attachment":[{"href":"https:\/\/www.pm.pb.gov.br\/portal\/wp-json\/wp\/v2\/media?parent=921591"}],"wp:term":[{"taxonomy":"category","embeddable":true,"href":"https:\/\/www.pm.pb.gov.br\/portal\/wp-json\/wp\/v2\/categories?post=921591"},{"taxonomy":"post_tag","embeddable":true,"href":"https:\/\/www.pm.pb.gov.br\/portal\/wp-json\/wp\/v2\/tags?post=921591"}],"curies":[{"name":"wp","href":"https:\/\/api.w.org\/{rel}","templated":true}]}}