{"id":921580,"date":"2024-03-25T09:26:17","date_gmt":"2024-03-25T12:26:17","guid":{"rendered":"https:\/\/www.pm.pb.gov.br\/portal\/?p=921580"},"modified":"2024-03-25T09:26:20","modified_gmt":"2024-03-25T12:26:20","slug":"policia-militar-prende-mais-de-160-suspeitos-e-apreende-24-armas-de-fogo-no-fim-de-semana","status":"publish","type":"post","link":"https:\/\/www.pm.pb.gov.br\/portal\/2024\/03\/25\/policia-militar-prende-mais-de-160-suspeitos-e-apreende-24-armas-de-fogo-no-fim-de-semana\/","title":{"rendered":"Pol\u00edcia Militar prende mais de 160 suspeitos e apreende 24 armas de fogo no fim de semana"},"content":{"rendered":"O refor\u00e7o policial nas ruas e as opera\u00e7\u00f5es de combate aos grupos criminosos ligados ao tr\u00e1fico de drogas tiveram um saldo de 166 pessoas presas e apreendidas, nesse fim de semana, na Para\u00edba. Nas a\u00e7\u00f5es, foram apreendidas 24 armas de fogo, 1.815 embalagens com drogas e recuperados 13 ve\u00edculos com registros de roubos.<br \/><br \/>O destaque foi a pris\u00e3o de dois suspeitos de integrar grupos criminosos na cidade de Cabedelo. Cada um estava com uma arma, somando em mais de 40 armas apreendidas este ano pela PM, no munic\u00edpio.<br \/><br \/>Ainda conforme os dados do fim de semana, que foram divulgados pelo Estado-Maior Estrat\u00e9gico (EME), a Pol\u00edcia Militar realizou mais de 5 mil abordagens em mais de 200 pontos de bloqueios policiais montados em locais estrat\u00e9gicos.<br \/><br \/>As a\u00e7\u00f5es devem continuar e ser\u00e3o refor\u00e7adas com a Opera\u00e7\u00e3o Semana Santa.<br \/> <br \/>","protected":false},"excerpt":{"rendered":"<p>O refor\u00e7o policial nas ruas e as opera\u00e7\u00f5es de combate aos grupos criminosos ligados ao tr\u00e1fico de drogas tiveram um<\/p>\n","protected":false},"author":5,"featured_media":921589,"comment_status":"closed","ping_status":"closed","sticky":false,"template":"","format":"standard","meta":{"_exactmetrics_skip_tracking":false,"_exactmetrics_sitenote_active":false,"_exactmetrics_sitenote_note":"","_exactmetrics_sitenote_category":0,"footnotes":""},"categories":[4],"tags":[],"yoast_head":"<!-- This site is optimized with the Yoast SEO plugin v22.0 - https:\/\/yoast.com\/wordpress\/plugins\/seo\/ -->\n<title>Pol\u00edcia Militar prende mais de 160 suspeitos e apreende 24 armas de fogo no fim de semana - Pol\u00edcia Militar da Para\u00edba<\/title>\n<meta name=\"robots\" content=\"index, follow, max-snippet:-1, max-image-preview:large, max-video-preview:-1\" \/>\n<link rel=\"canonical\" href=\"https:\/\/www.pm.pb.gov.br\/portal\/2024\/03\/25\/policia-militar-prende-mais-de-160-suspeitos-e-apreende-24-armas-de-fogo-no-fim-de-semana\/\" \/>\n<meta property=\"og:locale\" content=\"pt_BR\" \/>\n<meta property=\"og:type\" content=\"article\" \/>\n<meta property=\"og:title\" content=\"Pol\u00edcia Militar prende mais de 160 suspeitos e apreende 24 armas de fogo no fim de semana - Pol\u00edcia Militar da Para\u00edba\" \/>\n<meta property=\"og:description\" content=\"O refor\u00e7o policial nas ruas e as opera\u00e7\u00f5es de combate aos grupos criminosos ligados ao tr\u00e1fico de drogas tiveram um\" \/>\n<meta property=\"og:url\" content=\"https:\/\/www.pm.pb.gov.br\/portal\/2024\/03\/25\/policia-militar-prende-mais-de-160-suspeitos-e-apreende-24-armas-de-fogo-no-fim-de-semana\/\" \/>\n<meta property=\"og:site_name\" content=\"Pol\u00edcia Militar da Para\u00edba\" \/>\n<meta property=\"article:published_time\" content=\"2024-03-25T12:26:17+00:00\" \/>\n<meta property=\"article:modified_time\" content=\"2024-03-25T12:26:20+00:00\" \/>\n<meta property=\"og:image\" content=\"http:\/\/www.pm.pb.gov.br\/portal\/wp-content\/uploads\/2024\/03\/WhatsApp-Image-2024-03-23-at-7.50.34-AM-1-scaled.jpeg\" \/>\n\t<meta property=\"og:image:width\" content=\"2560\" \/>\n\t<meta property=\"og:image:height\" content=\"1920\" \/>\n\t<meta property=\"og:image:type\" content=\"image\/jpeg\" \/>\n<meta name=\"author\" content=\"Assessoria de Imprensa da PMPB\" \/>\n<meta name=\"twitter:card\" content=\"summary_large_image\" \/>\n<meta name=\"twitter:label1\" content=\"Escrito por\" \/>\n\t<meta name=\"twitter:data1\" content=\"Assessoria de Imprensa da PMPB\" \/>\n\t<meta name=\"twitter:label2\" content=\"Est. tempo de leitura\" \/>\n\t<meta name=\"twitter:data2\" content=\"1 minuto\" \/>\n<script type=\"application\/ld+json\" class=\"yoast-schema-graph\">{\"@context\":\"https:\/\/schema.org\",\"@graph\":[{\"@type\":\"Article\",\"@id\":\"https:\/\/www.pm.pb.gov.br\/portal\/2024\/03\/25\/policia-militar-prende-mais-de-160-suspeitos-e-apreende-24-armas-de-fogo-no-fim-de-semana\/#article\",\"isPartOf\":{\"@id\":\"https:\/\/www.pm.pb.gov.br\/portal\/2024\/03\/25\/policia-militar-prende-mais-de-160-suspeitos-e-apreende-24-armas-de-fogo-no-fim-de-semana\/\"},\"author\":{\"name\":\"Assessoria de Imprensa da PMPB\",\"@id\":\"https:\/\/www.pm.pb.gov.br\/portal\/#\/schema\/person\/e8454f46651c3ecf0e1ba3c1666d9947\"},\"headline\":\"Pol\u00edcia Militar prende mais de 160 suspeitos e apreende 24 armas de fogo no fim de semana\",\"datePublished\":\"2024-03-25T12:26:17+00:00\",\"dateModified\":\"2024-03-25T12:26:20+00:00\",\"mainEntityOfPage\":{\"@id\":\"https:\/\/www.pm.pb.gov.br\/portal\/2024\/03\/25\/policia-militar-prende-mais-de-160-suspeitos-e-apreende-24-armas-de-fogo-no-fim-de-semana\/\"},\"wordCount\":160,\"publisher\":{\"@id\":\"https:\/\/www.pm.pb.gov.br\/portal\/#organization\"},\"articleSection\":[\"A\u00e7\u00f5es Policiais\"],\"inLanguage\":\"pt-BR\"},{\"@type\":\"WebPage\",\"@id\":\"https:\/\/www.pm.pb.gov.br\/portal\/2024\/03\/25\/policia-militar-prende-mais-de-160-suspeitos-e-apreende-24-armas-de-fogo-no-fim-de-semana\/\",\"url\":\"https:\/\/www.pm.pb.gov.br\/portal\/2024\/03\/25\/policia-militar-prende-mais-de-160-suspeitos-e-apreende-24-armas-de-fogo-no-fim-de-semana\/\",\"name\":\"Pol\u00edcia Militar prende mais de 160 suspeitos e apreende 24 armas de fogo no fim de semana - Pol\u00edcia Militar da Para\u00edba\",\"isPartOf\":{\"@id\":\"https:\/\/www.pm.pb.gov.br\/portal\/#website\"},\"datePublished\":\"2024-03-25T12:26:17+00:00\",\"dateModified\":\"2024-03-25T12:26:20+00:00\",\"breadcrumb\":{\"@id\":\"https:\/\/www.pm.pb.gov.br\/portal\/2024\/03\/25\/policia-militar-prende-mais-de-160-suspeitos-e-apreende-24-armas-de-fogo-no-fim-de-semana\/#breadcrumb\"},\"inLanguage\":\"pt-BR\",\"potentialAction\":[{\"@type\":\"ReadAction\",\"target\":[\"https:\/\/www.pm.pb.gov.br\/portal\/2024\/03\/25\/policia-militar-prende-mais-de-160-suspeitos-e-apreende-24-armas-de-fogo-no-fim-de-semana\/\"]}]},{\"@type\":\"BreadcrumbList\",\"@id\":\"https:\/\/www.pm.pb.gov.br\/portal\/2024\/03\/25\/policia-militar-prende-mais-de-160-suspeitos-e-apreende-24-armas-de-fogo-no-fim-de-semana\/#breadcrumb\",\"itemListElement\":[{\"@type\":\"ListItem\",\"position\":1,\"name\":\"In\u00edcio\",\"item\":\"https:\/\/www.pm.pb.gov.br\/portal\/\"},{\"@type\":\"ListItem\",\"position\":2,\"name\":\"Pol\u00edcia Militar prende mais de 160 suspeitos e apreende 24 armas de fogo no fim de semana\"}]},{\"@type\":\"WebSite\",\"@id\":\"https:\/\/www.pm.pb.gov.br\/portal\/#website\",\"url\":\"https:\/\/www.pm.pb.gov.br\/portal\/\",\"name\":\"Pol\u00edcia Militar da Para\u00edba\",\"description\":\"\",\"publisher\":{\"@id\":\"https:\/\/www.pm.pb.gov.br\/portal\/#organization\"},\"potentialAction\":[{\"@type\":\"SearchAction\",\"target\":{\"@type\":\"EntryPoint\",\"urlTemplate\":\"https:\/\/www.pm.pb.gov.br\/portal\/?s={search_term_string}\"},\"query-input\":\"required name=search_term_string\"}],\"inLanguage\":\"pt-BR\"},{\"@type\":\"Organization\",\"@id\":\"https:\/\/www.pm.pb.gov.br\/portal\/#organization\",\"name\":\"Pol\u00edcia Militar da Para\u00edba\",\"url\":\"https:\/\/www.pm.pb.gov.br\/portal\/\",\"logo\":{\"@type\":\"ImageObject\",\"inLanguage\":\"pt-BR\",\"@id\":\"https:\/\/www.pm.pb.gov.br\/portal\/#\/schema\/logo\/image\/\",\"url\":\"https:\/\/www.pm.pb.gov.br\/portal\/wp-content\/uploads\/2025\/03\/cropped-logo-site-mag2-1.png\",\"contentUrl\":\"https:\/\/www.pm.pb.gov.br\/portal\/wp-content\/uploads\/2025\/03\/cropped-logo-site-mag2-1.png\",\"width\":320,\"height\":90,\"caption\":\"Pol\u00edcia Militar da Para\u00edba\"},\"image\":{\"@id\":\"https:\/\/www.pm.pb.gov.br\/portal\/#\/schema\/logo\/image\/\"}},{\"@type\":\"Person\",\"@id\":\"https:\/\/www.pm.pb.gov.br\/portal\/#\/schema\/person\/e8454f46651c3ecf0e1ba3c1666d9947\",\"name\":\"Assessoria de Imprensa da PMPB\",\"image\":{\"@type\":\"ImageObject\",\"inLanguage\":\"pt-BR\",\"@id\":\"https:\/\/www.pm.pb.gov.br\/portal\/#\/schema\/person\/image\/\",\"url\":\"https:\/\/secure.gravatar.com\/avatar\/2efe197438265d1e90bd98c4c8e1acf8?s=96&d=mm&r=g\",\"contentUrl\":\"https:\/\/secure.gravatar.com\/avatar\/2efe197438265d1e90bd98c4c8e1acf8?s=96&d=mm&r=g\",\"caption\":\"Assessoria de Imprensa da PMPB\"},\"url\":\"https:\/\/www.pm.pb.gov.br\/portal\/author\/assessoria\/\"}]}<\/script>\n<!-- \/ Yoast SEO plugin. -->","yoast_head_json":{"title":"Pol\u00edcia Militar prende mais de 160 suspeitos e apreende 24 armas de fogo no fim de semana - Pol\u00edcia Militar da Para\u00edba","robots":{"index":"index","follow":"follow","max-snippet":"max-snippet:-1","max-image-preview":"max-image-preview:large","max-video-preview":"max-video-preview:-1"},"canonical":"https:\/\/www.pm.pb.gov.br\/portal\/2024\/03\/25\/policia-militar-prende-mais-de-160-suspeitos-e-apreende-24-armas-de-fogo-no-fim-de-semana\/","og_locale":"pt_BR","og_type":"article","og_title":"Pol\u00edcia Militar prende mais de 160 suspeitos e apreende 24 armas de fogo no fim de semana - Pol\u00edcia Militar da Para\u00edba","og_description":"O refor\u00e7o policial nas ruas e as opera\u00e7\u00f5es de combate aos grupos criminosos ligados ao tr\u00e1fico de drogas tiveram um","og_url":"https:\/\/www.pm.pb.gov.br\/portal\/2024\/03\/25\/policia-militar-prende-mais-de-160-suspeitos-e-apreende-24-armas-de-fogo-no-fim-de-semana\/","og_site_name":"Pol\u00edcia Militar da Para\u00edba","article_published_time":"2024-03-25T12:26:17+00:00","article_modified_time":"2024-03-25T12:26:20+00:00","og_image":[{"width":2560,"height":1920,"url":"http:\/\/www.pm.pb.gov.br\/portal\/wp-content\/uploads\/2024\/03\/WhatsApp-Image-2024-03-23-at-7.50.34-AM-1-scaled.jpeg","type":"image\/jpeg"}],"author":"Assessoria de Imprensa da PMPB","twitter_card":"summary_large_image","twitter_misc":{"Escrito por":"Assessoria de Imprensa da PMPB","Est. tempo de leitura":"1 minuto"},"schema":{"@context":"https:\/\/schema.org","@graph":[{"@type":"Article","@id":"https:\/\/www.pm.pb.gov.br\/portal\/2024\/03\/25\/policia-militar-prende-mais-de-160-suspeitos-e-apreende-24-armas-de-fogo-no-fim-de-semana\/#article","isPartOf":{"@id":"https:\/\/www.pm.pb.gov.br\/portal\/2024\/03\/25\/policia-militar-prende-mais-de-160-suspeitos-e-apreende-24-armas-de-fogo-no-fim-de-semana\/"},"author":{"name":"Assessoria de Imprensa da PMPB","@id":"https:\/\/www.pm.pb.gov.br\/portal\/#\/schema\/person\/e8454f46651c3ecf0e1ba3c1666d9947"},"headline":"Pol\u00edcia Militar prende mais de 160 suspeitos e apreende 24 armas de fogo no fim de semana","datePublished":"2024-03-25T12:26:17+00:00","dateModified":"2024-03-25T12:26:20+00:00","mainEntityOfPage":{"@id":"https:\/\/www.pm.pb.gov.br\/portal\/2024\/03\/25\/policia-militar-prende-mais-de-160-suspeitos-e-apreende-24-armas-de-fogo-no-fim-de-semana\/"},"wordCount":160,"publisher":{"@id":"https:\/\/www.pm.pb.gov.br\/portal\/#organization"},"articleSection":["A\u00e7\u00f5es Policiais"],"inLanguage":"pt-BR"},{"@type":"WebPage","@id":"https:\/\/www.pm.pb.gov.br\/portal\/2024\/03\/25\/policia-militar-prende-mais-de-160-suspeitos-e-apreende-24-armas-de-fogo-no-fim-de-semana\/","url":"https:\/\/www.pm.pb.gov.br\/portal\/2024\/03\/25\/policia-militar-prende-mais-de-160-suspeitos-e-apreende-24-armas-de-fogo-no-fim-de-semana\/","name":"Pol\u00edcia Militar prende mais de 160 suspeitos e apreende 24 armas de fogo no fim de semana - Pol\u00edcia Militar da Para\u00edba","isPartOf":{"@id":"https:\/\/www.pm.pb.gov.br\/portal\/#website"},"datePublished":"2024-03-25T12:26:17+00:00","dateModified":"2024-03-25T12:26:20+00:00","breadcrumb":{"@id":"https:\/\/www.pm.pb.gov.br\/portal\/2024\/03\/25\/policia-militar-prende-mais-de-160-suspeitos-e-apreende-24-armas-de-fogo-no-fim-de-semana\/#breadcrumb"},"inLanguage":"pt-BR","potentialAction":[{"@type":"ReadAction","target":["https:\/\/www.pm.pb.gov.br\/portal\/2024\/03\/25\/policia-militar-prende-mais-de-160-suspeitos-e-apreende-24-armas-de-fogo-no-fim-de-semana\/"]}]},{"@type":"BreadcrumbList","@id":"https:\/\/www.pm.pb.gov.br\/portal\/2024\/03\/25\/policia-militar-prende-mais-de-160-suspeitos-e-apreende-24-armas-de-fogo-no-fim-de-semana\/#breadcrumb","itemListElement":[{"@type":"ListItem","position":1,"name":"In\u00edcio","item":"https:\/\/www.pm.pb.gov.br\/portal\/"},{"@type":"ListItem","position":2,"name":"Pol\u00edcia Militar prende mais de 160 suspeitos e apreende 24 armas de fogo no fim de semana"}]},{"@type":"WebSite","@id":"https:\/\/www.pm.pb.gov.br\/portal\/#website","url":"https:\/\/www.pm.pb.gov.br\/portal\/","name":"Pol\u00edcia Militar da Para\u00edba","description":"","publisher":{"@id":"https:\/\/www.pm.pb.gov.br\/portal\/#organization"},"potentialAction":[{"@type":"SearchAction","target":{"@type":"EntryPoint","urlTemplate":"https:\/\/www.pm.pb.gov.br\/portal\/?s={search_term_string}"},"query-input":"required name=search_term_string"}],"inLanguage":"pt-BR"},{"@type":"Organization","@id":"https:\/\/www.pm.pb.gov.br\/portal\/#organization","name":"Pol\u00edcia Militar da Para\u00edba","url":"https:\/\/www.pm.pb.gov.br\/portal\/","logo":{"@type":"ImageObject","inLanguage":"pt-BR","@id":"https:\/\/www.pm.pb.gov.br\/portal\/#\/schema\/logo\/image\/","url":"https:\/\/www.pm.pb.gov.br\/portal\/wp-content\/uploads\/2025\/03\/cropped-logo-site-mag2-1.png","contentUrl":"https:\/\/www.pm.pb.gov.br\/portal\/wp-content\/uploads\/2025\/03\/cropped-logo-site-mag2-1.png","width":320,"height":90,"caption":"Pol\u00edcia Militar da Para\u00edba"},"image":{"@id":"https:\/\/www.pm.pb.gov.br\/portal\/#\/schema\/logo\/image\/"}},{"@type":"Person","@id":"https:\/\/www.pm.pb.gov.br\/portal\/#\/schema\/person\/e8454f46651c3ecf0e1ba3c1666d9947","name":"Assessoria de Imprensa da PMPB","image":{"@type":"ImageObject","inLanguage":"pt-BR","@id":"https:\/\/www.pm.pb.gov.br\/portal\/#\/schema\/person\/image\/","url":"https:\/\/secure.gravatar.com\/avatar\/2efe197438265d1e90bd98c4c8e1acf8?s=96&d=mm&r=g","contentUrl":"https:\/\/secure.gravatar.com\/avatar\/2efe197438265d1e90bd98c4c8e1acf8?s=96&d=mm&r=g","caption":"Assessoria de Imprensa da PMPB"},"url":"https:\/\/www.pm.pb.gov.br\/portal\/author\/assessoria\/"}]}},"_links":{"self":[{"href":"https:\/\/www.pm.pb.gov.br\/portal\/wp-json\/wp\/v2\/posts\/921580"}],"collection":[{"href":"https:\/\/www.pm.pb.gov.br\/portal\/wp-json\/wp\/v2\/posts"}],"about":[{"href":"https:\/\/www.pm.pb.gov.br\/portal\/wp-json\/wp\/v2\/types\/post"}],"author":[{"embeddable":true,"href":"https:\/\/www.pm.pb.gov.br\/portal\/wp-json\/wp\/v2\/users\/5"}],"replies":[{"embeddable":true,"href":"https:\/\/www.pm.pb.gov.br\/portal\/wp-json\/wp\/v2\/comments?post=921580"}],"version-history":[{"count":1,"href":"https:\/\/www.pm.pb.gov.br\/portal\/wp-json\/wp\/v2\/posts\/921580\/revisions"}],"predecessor-version":[{"id":921587,"href":"https:\/\/www.pm.pb.gov.br\/portal\/wp-json\/wp\/v2\/posts\/921580\/revisions\/921587"}],"wp:featuredmedia":[{"embeddable":true,"href":"https:\/\/www.pm.pb.gov.br\/portal\/wp-json\/wp\/v2\/media\/921589"}],"wp:attachment":[{"href":"https:\/\/www.pm.pb.gov.br\/portal\/wp-json\/wp\/v2\/media?parent=921580"}],"wp:term":[{"taxonomy":"category","embeddable":true,"href":"https:\/\/www.pm.pb.gov.br\/portal\/wp-json\/wp\/v2\/categories?post=921580"},{"taxonomy":"post_tag","embeddable":true,"href":"https:\/\/www.pm.pb.gov.br\/portal\/wp-json\/wp\/v2\/tags?post=921580"}],"curies":[{"name":"wp","href":"https:\/\/api.w.org\/{rel}","templated":true}]}}