{"id":921561,"date":"2024-03-24T10:26:32","date_gmt":"2024-03-24T13:26:32","guid":{"rendered":"https:\/\/www.pm.pb.gov.br\/portal\/?p=921561"},"modified":"2024-03-24T10:26:34","modified_gmt":"2024-03-24T13:26:34","slug":"sete-sao-detidos-por-suspeita-de-atuar-no-trafico-na-cidade-de-conceicao","status":"publish","type":"post","link":"https:\/\/www.pm.pb.gov.br\/portal\/2024\/03\/24\/sete-sao-detidos-por-suspeita-de-atuar-no-trafico-na-cidade-de-conceicao\/","title":{"rendered":"Sete s\u00e3o detidos por suspeita de atuar no tr\u00e1fico na cidade de Concei\u00e7\u00e3o"},"content":{"rendered":"A Pol\u00edcia Militar prendeu quatro homens e apreendeu tr\u00eas adolescentes, nesse s\u00e1bado (23), no bairro Nossa Senhora de F\u00e1tima, na cidade de Concei\u00e7\u00e3o, sert\u00e3o da Para\u00edba. Na a\u00e7\u00e3o, foram apreendidas mais de 50 embalagens com drogas, balan\u00e7a de precis\u00e3o e dinheiro.<br \/><br \/>O material estava escondido em um im\u00f3vel abandonado, onde o grupo foi encontrado na frente. Os policiais da 2\u00aa Companhia do 13\u00ba Batalh\u00e3o chegaram at\u00e9 eles depois de den\u00fancias. <br \/><br \/>O caso foi levado para a Delegacia de Pol\u00edcia, em Itaporanga.<br \/>","protected":false},"excerpt":{"rendered":"<p>A Pol\u00edcia Militar prendeu quatro homens e apreendeu tr\u00eas adolescentes, nesse s\u00e1bado (23), no bairro Nossa Senhora de F\u00e1tima, na<\/p>\n","protected":false},"author":5,"featured_media":921571,"comment_status":"closed","ping_status":"closed","sticky":false,"template":"","format":"standard","meta":{"_exactmetrics_skip_tracking":false,"_exactmetrics_sitenote_active":false,"_exactmetrics_sitenote_note":"","_exactmetrics_sitenote_category":0,"footnotes":""},"categories":[4],"tags":[],"yoast_head":"<!-- This site is optimized with the Yoast SEO plugin v22.0 - https:\/\/yoast.com\/wordpress\/plugins\/seo\/ -->\n<title>Sete s\u00e3o detidos por suspeita de atuar no tr\u00e1fico na cidade de Concei\u00e7\u00e3o - Pol\u00edcia Militar da Para\u00edba<\/title>\n<meta name=\"robots\" content=\"index, follow, max-snippet:-1, max-image-preview:large, max-video-preview:-1\" \/>\n<link rel=\"canonical\" href=\"https:\/\/www.pm.pb.gov.br\/portal\/2024\/03\/24\/sete-sao-detidos-por-suspeita-de-atuar-no-trafico-na-cidade-de-conceicao\/\" \/>\n<meta property=\"og:locale\" content=\"pt_BR\" \/>\n<meta property=\"og:type\" content=\"article\" \/>\n<meta property=\"og:title\" content=\"Sete s\u00e3o detidos por suspeita de atuar no tr\u00e1fico na cidade de Concei\u00e7\u00e3o - Pol\u00edcia Militar da Para\u00edba\" \/>\n<meta property=\"og:description\" content=\"A Pol\u00edcia Militar prendeu quatro homens e apreendeu tr\u00eas adolescentes, nesse s\u00e1bado (23), no bairro Nossa Senhora de F\u00e1tima, na\" \/>\n<meta property=\"og:url\" content=\"https:\/\/www.pm.pb.gov.br\/portal\/2024\/03\/24\/sete-sao-detidos-por-suspeita-de-atuar-no-trafico-na-cidade-de-conceicao\/\" \/>\n<meta property=\"og:site_name\" content=\"Pol\u00edcia Militar da Para\u00edba\" \/>\n<meta property=\"article:published_time\" content=\"2024-03-24T13:26:32+00:00\" \/>\n<meta property=\"article:modified_time\" content=\"2024-03-24T13:26:34+00:00\" \/>\n<meta property=\"og:image\" content=\"http:\/\/www.pm.pb.gov.br\/portal\/wp-content\/uploads\/2024\/03\/WhatsApp-Image-2024-03-24-at-10.45.23-AM.jpeg\" \/>\n\t<meta property=\"og:image:width\" content=\"883\" \/>\n\t<meta property=\"og:image:height\" content=\"711\" \/>\n\t<meta property=\"og:image:type\" content=\"image\/jpeg\" \/>\n<meta name=\"author\" content=\"Assessoria de Imprensa da PMPB\" \/>\n<meta name=\"twitter:card\" content=\"summary_large_image\" \/>\n<meta name=\"twitter:label1\" content=\"Escrito por\" \/>\n\t<meta name=\"twitter:data1\" content=\"Assessoria de Imprensa da PMPB\" \/>\n\t<meta name=\"twitter:label2\" content=\"Est. tempo de leitura\" \/>\n\t<meta name=\"twitter:data2\" content=\"1 minuto\" \/>\n<script type=\"application\/ld+json\" class=\"yoast-schema-graph\">{\"@context\":\"https:\/\/schema.org\",\"@graph\":[{\"@type\":\"Article\",\"@id\":\"https:\/\/www.pm.pb.gov.br\/portal\/2024\/03\/24\/sete-sao-detidos-por-suspeita-de-atuar-no-trafico-na-cidade-de-conceicao\/#article\",\"isPartOf\":{\"@id\":\"https:\/\/www.pm.pb.gov.br\/portal\/2024\/03\/24\/sete-sao-detidos-por-suspeita-de-atuar-no-trafico-na-cidade-de-conceicao\/\"},\"author\":{\"name\":\"Assessoria de Imprensa da PMPB\",\"@id\":\"https:\/\/www.pm.pb.gov.br\/portal\/#\/schema\/person\/e8454f46651c3ecf0e1ba3c1666d9947\"},\"headline\":\"Sete s\u00e3o detidos por suspeita de atuar no tr\u00e1fico na cidade de Concei\u00e7\u00e3o\",\"datePublished\":\"2024-03-24T13:26:32+00:00\",\"dateModified\":\"2024-03-24T13:26:34+00:00\",\"mainEntityOfPage\":{\"@id\":\"https:\/\/www.pm.pb.gov.br\/portal\/2024\/03\/24\/sete-sao-detidos-por-suspeita-de-atuar-no-trafico-na-cidade-de-conceicao\/\"},\"wordCount\":107,\"publisher\":{\"@id\":\"https:\/\/www.pm.pb.gov.br\/portal\/#organization\"},\"articleSection\":[\"A\u00e7\u00f5es Policiais\"],\"inLanguage\":\"pt-BR\"},{\"@type\":\"WebPage\",\"@id\":\"https:\/\/www.pm.pb.gov.br\/portal\/2024\/03\/24\/sete-sao-detidos-por-suspeita-de-atuar-no-trafico-na-cidade-de-conceicao\/\",\"url\":\"https:\/\/www.pm.pb.gov.br\/portal\/2024\/03\/24\/sete-sao-detidos-por-suspeita-de-atuar-no-trafico-na-cidade-de-conceicao\/\",\"name\":\"Sete s\u00e3o detidos por suspeita de atuar no tr\u00e1fico na cidade de Concei\u00e7\u00e3o - Pol\u00edcia Militar da Para\u00edba\",\"isPartOf\":{\"@id\":\"https:\/\/www.pm.pb.gov.br\/portal\/#website\"},\"datePublished\":\"2024-03-24T13:26:32+00:00\",\"dateModified\":\"2024-03-24T13:26:34+00:00\",\"breadcrumb\":{\"@id\":\"https:\/\/www.pm.pb.gov.br\/portal\/2024\/03\/24\/sete-sao-detidos-por-suspeita-de-atuar-no-trafico-na-cidade-de-conceicao\/#breadcrumb\"},\"inLanguage\":\"pt-BR\",\"potentialAction\":[{\"@type\":\"ReadAction\",\"target\":[\"https:\/\/www.pm.pb.gov.br\/portal\/2024\/03\/24\/sete-sao-detidos-por-suspeita-de-atuar-no-trafico-na-cidade-de-conceicao\/\"]}]},{\"@type\":\"BreadcrumbList\",\"@id\":\"https:\/\/www.pm.pb.gov.br\/portal\/2024\/03\/24\/sete-sao-detidos-por-suspeita-de-atuar-no-trafico-na-cidade-de-conceicao\/#breadcrumb\",\"itemListElement\":[{\"@type\":\"ListItem\",\"position\":1,\"name\":\"In\u00edcio\",\"item\":\"https:\/\/www.pm.pb.gov.br\/portal\/\"},{\"@type\":\"ListItem\",\"position\":2,\"name\":\"Sete s\u00e3o detidos por suspeita de atuar no tr\u00e1fico na cidade de Concei\u00e7\u00e3o\"}]},{\"@type\":\"WebSite\",\"@id\":\"https:\/\/www.pm.pb.gov.br\/portal\/#website\",\"url\":\"https:\/\/www.pm.pb.gov.br\/portal\/\",\"name\":\"Pol\u00edcia Militar da Para\u00edba\",\"description\":\"\",\"publisher\":{\"@id\":\"https:\/\/www.pm.pb.gov.br\/portal\/#organization\"},\"potentialAction\":[{\"@type\":\"SearchAction\",\"target\":{\"@type\":\"EntryPoint\",\"urlTemplate\":\"https:\/\/www.pm.pb.gov.br\/portal\/?s={search_term_string}\"},\"query-input\":\"required name=search_term_string\"}],\"inLanguage\":\"pt-BR\"},{\"@type\":\"Organization\",\"@id\":\"https:\/\/www.pm.pb.gov.br\/portal\/#organization\",\"name\":\"Pol\u00edcia Militar da Para\u00edba\",\"url\":\"https:\/\/www.pm.pb.gov.br\/portal\/\",\"logo\":{\"@type\":\"ImageObject\",\"inLanguage\":\"pt-BR\",\"@id\":\"https:\/\/www.pm.pb.gov.br\/portal\/#\/schema\/logo\/image\/\",\"url\":\"https:\/\/www.pm.pb.gov.br\/portal\/wp-content\/uploads\/2025\/03\/cropped-logo-site-mag2-1.png\",\"contentUrl\":\"https:\/\/www.pm.pb.gov.br\/portal\/wp-content\/uploads\/2025\/03\/cropped-logo-site-mag2-1.png\",\"width\":320,\"height\":90,\"caption\":\"Pol\u00edcia Militar da Para\u00edba\"},\"image\":{\"@id\":\"https:\/\/www.pm.pb.gov.br\/portal\/#\/schema\/logo\/image\/\"}},{\"@type\":\"Person\",\"@id\":\"https:\/\/www.pm.pb.gov.br\/portal\/#\/schema\/person\/e8454f46651c3ecf0e1ba3c1666d9947\",\"name\":\"Assessoria de Imprensa da PMPB\",\"image\":{\"@type\":\"ImageObject\",\"inLanguage\":\"pt-BR\",\"@id\":\"https:\/\/www.pm.pb.gov.br\/portal\/#\/schema\/person\/image\/\",\"url\":\"https:\/\/secure.gravatar.com\/avatar\/2efe197438265d1e90bd98c4c8e1acf8?s=96&d=mm&r=g\",\"contentUrl\":\"https:\/\/secure.gravatar.com\/avatar\/2efe197438265d1e90bd98c4c8e1acf8?s=96&d=mm&r=g\",\"caption\":\"Assessoria de Imprensa da PMPB\"},\"url\":\"https:\/\/www.pm.pb.gov.br\/portal\/author\/assessoria\/\"}]}<\/script>\n<!-- \/ Yoast SEO plugin. -->","yoast_head_json":{"title":"Sete s\u00e3o detidos por suspeita de atuar no tr\u00e1fico na cidade de Concei\u00e7\u00e3o - Pol\u00edcia Militar da Para\u00edba","robots":{"index":"index","follow":"follow","max-snippet":"max-snippet:-1","max-image-preview":"max-image-preview:large","max-video-preview":"max-video-preview:-1"},"canonical":"https:\/\/www.pm.pb.gov.br\/portal\/2024\/03\/24\/sete-sao-detidos-por-suspeita-de-atuar-no-trafico-na-cidade-de-conceicao\/","og_locale":"pt_BR","og_type":"article","og_title":"Sete s\u00e3o detidos por suspeita de atuar no tr\u00e1fico na cidade de Concei\u00e7\u00e3o - Pol\u00edcia Militar da Para\u00edba","og_description":"A Pol\u00edcia Militar prendeu quatro homens e apreendeu tr\u00eas adolescentes, nesse s\u00e1bado (23), no bairro Nossa Senhora de F\u00e1tima, na","og_url":"https:\/\/www.pm.pb.gov.br\/portal\/2024\/03\/24\/sete-sao-detidos-por-suspeita-de-atuar-no-trafico-na-cidade-de-conceicao\/","og_site_name":"Pol\u00edcia Militar da Para\u00edba","article_published_time":"2024-03-24T13:26:32+00:00","article_modified_time":"2024-03-24T13:26:34+00:00","og_image":[{"width":883,"height":711,"url":"http:\/\/www.pm.pb.gov.br\/portal\/wp-content\/uploads\/2024\/03\/WhatsApp-Image-2024-03-24-at-10.45.23-AM.jpeg","type":"image\/jpeg"}],"author":"Assessoria de Imprensa da PMPB","twitter_card":"summary_large_image","twitter_misc":{"Escrito por":"Assessoria de Imprensa da PMPB","Est. tempo de leitura":"1 minuto"},"schema":{"@context":"https:\/\/schema.org","@graph":[{"@type":"Article","@id":"https:\/\/www.pm.pb.gov.br\/portal\/2024\/03\/24\/sete-sao-detidos-por-suspeita-de-atuar-no-trafico-na-cidade-de-conceicao\/#article","isPartOf":{"@id":"https:\/\/www.pm.pb.gov.br\/portal\/2024\/03\/24\/sete-sao-detidos-por-suspeita-de-atuar-no-trafico-na-cidade-de-conceicao\/"},"author":{"name":"Assessoria de Imprensa da PMPB","@id":"https:\/\/www.pm.pb.gov.br\/portal\/#\/schema\/person\/e8454f46651c3ecf0e1ba3c1666d9947"},"headline":"Sete s\u00e3o detidos por suspeita de atuar no tr\u00e1fico na cidade de Concei\u00e7\u00e3o","datePublished":"2024-03-24T13:26:32+00:00","dateModified":"2024-03-24T13:26:34+00:00","mainEntityOfPage":{"@id":"https:\/\/www.pm.pb.gov.br\/portal\/2024\/03\/24\/sete-sao-detidos-por-suspeita-de-atuar-no-trafico-na-cidade-de-conceicao\/"},"wordCount":107,"publisher":{"@id":"https:\/\/www.pm.pb.gov.br\/portal\/#organization"},"articleSection":["A\u00e7\u00f5es Policiais"],"inLanguage":"pt-BR"},{"@type":"WebPage","@id":"https:\/\/www.pm.pb.gov.br\/portal\/2024\/03\/24\/sete-sao-detidos-por-suspeita-de-atuar-no-trafico-na-cidade-de-conceicao\/","url":"https:\/\/www.pm.pb.gov.br\/portal\/2024\/03\/24\/sete-sao-detidos-por-suspeita-de-atuar-no-trafico-na-cidade-de-conceicao\/","name":"Sete s\u00e3o detidos por suspeita de atuar no tr\u00e1fico na cidade de Concei\u00e7\u00e3o - Pol\u00edcia Militar da Para\u00edba","isPartOf":{"@id":"https:\/\/www.pm.pb.gov.br\/portal\/#website"},"datePublished":"2024-03-24T13:26:32+00:00","dateModified":"2024-03-24T13:26:34+00:00","breadcrumb":{"@id":"https:\/\/www.pm.pb.gov.br\/portal\/2024\/03\/24\/sete-sao-detidos-por-suspeita-de-atuar-no-trafico-na-cidade-de-conceicao\/#breadcrumb"},"inLanguage":"pt-BR","potentialAction":[{"@type":"ReadAction","target":["https:\/\/www.pm.pb.gov.br\/portal\/2024\/03\/24\/sete-sao-detidos-por-suspeita-de-atuar-no-trafico-na-cidade-de-conceicao\/"]}]},{"@type":"BreadcrumbList","@id":"https:\/\/www.pm.pb.gov.br\/portal\/2024\/03\/24\/sete-sao-detidos-por-suspeita-de-atuar-no-trafico-na-cidade-de-conceicao\/#breadcrumb","itemListElement":[{"@type":"ListItem","position":1,"name":"In\u00edcio","item":"https:\/\/www.pm.pb.gov.br\/portal\/"},{"@type":"ListItem","position":2,"name":"Sete s\u00e3o detidos por suspeita de atuar no tr\u00e1fico na cidade de Concei\u00e7\u00e3o"}]},{"@type":"WebSite","@id":"https:\/\/www.pm.pb.gov.br\/portal\/#website","url":"https:\/\/www.pm.pb.gov.br\/portal\/","name":"Pol\u00edcia Militar da Para\u00edba","description":"","publisher":{"@id":"https:\/\/www.pm.pb.gov.br\/portal\/#organization"},"potentialAction":[{"@type":"SearchAction","target":{"@type":"EntryPoint","urlTemplate":"https:\/\/www.pm.pb.gov.br\/portal\/?s={search_term_string}"},"query-input":"required name=search_term_string"}],"inLanguage":"pt-BR"},{"@type":"Organization","@id":"https:\/\/www.pm.pb.gov.br\/portal\/#organization","name":"Pol\u00edcia Militar da Para\u00edba","url":"https:\/\/www.pm.pb.gov.br\/portal\/","logo":{"@type":"ImageObject","inLanguage":"pt-BR","@id":"https:\/\/www.pm.pb.gov.br\/portal\/#\/schema\/logo\/image\/","url":"https:\/\/www.pm.pb.gov.br\/portal\/wp-content\/uploads\/2025\/03\/cropped-logo-site-mag2-1.png","contentUrl":"https:\/\/www.pm.pb.gov.br\/portal\/wp-content\/uploads\/2025\/03\/cropped-logo-site-mag2-1.png","width":320,"height":90,"caption":"Pol\u00edcia Militar da Para\u00edba"},"image":{"@id":"https:\/\/www.pm.pb.gov.br\/portal\/#\/schema\/logo\/image\/"}},{"@type":"Person","@id":"https:\/\/www.pm.pb.gov.br\/portal\/#\/schema\/person\/e8454f46651c3ecf0e1ba3c1666d9947","name":"Assessoria de Imprensa da PMPB","image":{"@type":"ImageObject","inLanguage":"pt-BR","@id":"https:\/\/www.pm.pb.gov.br\/portal\/#\/schema\/person\/image\/","url":"https:\/\/secure.gravatar.com\/avatar\/2efe197438265d1e90bd98c4c8e1acf8?s=96&d=mm&r=g","contentUrl":"https:\/\/secure.gravatar.com\/avatar\/2efe197438265d1e90bd98c4c8e1acf8?s=96&d=mm&r=g","caption":"Assessoria de Imprensa da PMPB"},"url":"https:\/\/www.pm.pb.gov.br\/portal\/author\/assessoria\/"}]}},"_links":{"self":[{"href":"https:\/\/www.pm.pb.gov.br\/portal\/wp-json\/wp\/v2\/posts\/921561"}],"collection":[{"href":"https:\/\/www.pm.pb.gov.br\/portal\/wp-json\/wp\/v2\/posts"}],"about":[{"href":"https:\/\/www.pm.pb.gov.br\/portal\/wp-json\/wp\/v2\/types\/post"}],"author":[{"embeddable":true,"href":"https:\/\/www.pm.pb.gov.br\/portal\/wp-json\/wp\/v2\/users\/5"}],"replies":[{"embeddable":true,"href":"https:\/\/www.pm.pb.gov.br\/portal\/wp-json\/wp\/v2\/comments?post=921561"}],"version-history":[{"count":1,"href":"https:\/\/www.pm.pb.gov.br\/portal\/wp-json\/wp\/v2\/posts\/921561\/revisions"}],"predecessor-version":[{"id":921562,"href":"https:\/\/www.pm.pb.gov.br\/portal\/wp-json\/wp\/v2\/posts\/921561\/revisions\/921562"}],"wp:featuredmedia":[{"embeddable":true,"href":"https:\/\/www.pm.pb.gov.br\/portal\/wp-json\/wp\/v2\/media\/921571"}],"wp:attachment":[{"href":"https:\/\/www.pm.pb.gov.br\/portal\/wp-json\/wp\/v2\/media?parent=921561"}],"wp:term":[{"taxonomy":"category","embeddable":true,"href":"https:\/\/www.pm.pb.gov.br\/portal\/wp-json\/wp\/v2\/categories?post=921561"},{"taxonomy":"post_tag","embeddable":true,"href":"https:\/\/www.pm.pb.gov.br\/portal\/wp-json\/wp\/v2\/tags?post=921561"}],"curies":[{"name":"wp","href":"https:\/\/api.w.org\/{rel}","templated":true}]}}