{"id":921524,"date":"2024-03-22T16:23:40","date_gmt":"2024-03-22T19:23:40","guid":{"rendered":"https:\/\/www.pm.pb.gov.br\/portal\/?p=921524"},"modified":"2024-03-22T16:23:43","modified_gmt":"2024-03-22T19:23:43","slug":"dois-aspirantes-a-oficial-atingem-pontuacao-da-promocao-antes-da-metade-do-estagio-probatorio","status":"publish","type":"post","link":"https:\/\/www.pm.pb.gov.br\/portal\/2024\/03\/22\/dois-aspirantes-a-oficial-atingem-pontuacao-da-promocao-antes-da-metade-do-estagio-probatorio\/","title":{"rendered":"Dois Aspirantes a Oficial atingem pontua\u00e7\u00e3o da promo\u00e7\u00e3o antes da metade do est\u00e1gio probat\u00f3rio"},"content":{"rendered":"\n<p>O comandante-geral da Pol\u00edcia Militar da Para\u00edba, coronel S\u00e9rgio Fonseca, recebeu em seu gabinete os Aspirantes a Oficial Azevedo e Tomaz, que foram os primeiros a atingirem a marca de 50 pontos do Est\u00e1gio Probat\u00f3rio dos Aspirantes 2023. O est\u00e1gio nem na metade chegou, mas a produtividade dos dois j\u00e1 garantiu a pontua\u00e7\u00e3o necess\u00e1ria para quando chegar a data de suas respectivas promo\u00e7\u00f5es ao posto de 2\u00ba tenente do Quadro de Oficiais Combatentes (COC).<br><br>Ap\u00f3s passarem tr\u00eas anos no Curso de Forma\u00e7\u00e3o de Oficiais, que incluiu conhecimentos te\u00f3ricos e pr\u00e1ticos, os aspirantes come\u00e7aram em dezembro do ano passado est\u00e1gio probat\u00f3rio, colocando em pr\u00e1tica tudo o que foi aprendido durante o CFO, tendo a produ\u00e7\u00e3o sendo contabilizada para a promo\u00e7\u00e3o ao primeiro posto do Quadro de Oficiais Combatentes (COC).<br><br>PRODUTIVIDADE QUE SOMARAM OS PONTOS DOS DOIS ASPIRANTES<br><br>02 FATD entregue dentro do prazo;<br>01 Investiga\u00e7\u00e3o Preliminar entregue dentro do prazo<br>04 Convoca\u00e7\u00f5es para exercer fun\u00e7\u00e3o inerente ao Quadro de Oficiais;<br>01 Condu\u00e7\u00e3o de pris\u00e3o em flagrante por CVLI;<br>08 Condu\u00e7\u00f5es de pris\u00e3o em flagrante por Lei Maria da Penha;<br>12 Condu\u00e7\u00f5es de pris\u00e3o em flagrante delito por CVP;<br>20 Condu\u00e7\u00f5es de pris\u00e3o em flagrante delito por outros crimes;<br>10 Condu\u00e7\u00f5es de TCO por outros crimes;<br>04 Apresenta\u00e7\u00e3o em Ju\u00edzo como testemunha de ocorr\u00eancia policial;<br>14 Apreens\u00f5es de Arma de fogo\/Muni\u00e7\u00f5es\/Explosivos;<br>12 Cumprimento de Mandados de Pris\u00e3o;<br>10 Pris\u00f5es de traficantes de drogas;<br>12 Apreens\u00f5es de ve\u00edculos produto de roubo\/furto;<br>01 Nomea\u00e7\u00e3o em Comiss\u00e3o para produ\u00e7\u00e3o de conhecimento institucional;<br>04 Elogios Individuais;<br>07 Elogios Coletivos;<br>136 Servi\u00e7os como CPU ou Auxiliar de CPU designado em 1\u00aa Fun\u00e7\u00e3o durante;<br>02 Curso interno regular conclu\u00eddo com aproveitamento (presencial);<br>02 Curso interno n\u00e3o-regular conclu\u00eddo com aproveitamento (presencial);<br>01 Curso EaD realizado pela SENASP\/ MJ;<br>07 Tempo de efetivo servi\u00e7o na Pol\u00edcia Militar da Para\u00edba (anos).<\/p>\n\n\n\n<p><img loading=\"lazy\" decoding=\"async\" width=\"2560\" height=\"1440\" class=\"wp-image-921528\" style=\"width: 800px;\" src=\"http:\/\/www.pm.pb.gov.br\/portal\/wp-content\/uploads\/2024\/03\/WhatsApp-Image-2024-03-22-at-3.13.19-PM-scaled.jpeg\" alt=\"\" srcset=\"https:\/\/www.pm.pb.gov.br\/portal\/wp-content\/uploads\/2024\/03\/WhatsApp-Image-2024-03-22-at-3.13.19-PM-scaled.jpeg 2560w, https:\/\/www.pm.pb.gov.br\/portal\/wp-content\/uploads\/2024\/03\/WhatsApp-Image-2024-03-22-at-3.13.19-PM-791x445.jpeg 791w, https:\/\/www.pm.pb.gov.br\/portal\/wp-content\/uploads\/2024\/03\/WhatsApp-Image-2024-03-22-at-3.13.19-PM-1013x570.jpeg 1013w, https:\/\/www.pm.pb.gov.br\/portal\/wp-content\/uploads\/2024\/03\/WhatsApp-Image-2024-03-22-at-3.13.19-PM-768x432.jpeg 768w, https:\/\/www.pm.pb.gov.br\/portal\/wp-content\/uploads\/2024\/03\/WhatsApp-Image-2024-03-22-at-3.13.19-PM-1536x864.jpeg 1536w, https:\/\/www.pm.pb.gov.br\/portal\/wp-content\/uploads\/2024\/03\/WhatsApp-Image-2024-03-22-at-3.13.19-PM-2048x1152.jpeg 2048w\" sizes=\"(max-width: 2560px) 100vw, 2560px\" \/><\/p>\n\n\n\n<p><img loading=\"lazy\" decoding=\"async\" width=\"1440\" height=\"2560\" class=\"wp-image-921530\" style=\"width: 800px;\" src=\"http:\/\/www.pm.pb.gov.br\/portal\/wp-content\/uploads\/2024\/03\/WhatsApp-Image-2024-03-22-at-3.13.18-PM-1-scaled.jpeg\" alt=\"\" srcset=\"https:\/\/www.pm.pb.gov.br\/portal\/wp-content\/uploads\/2024\/03\/WhatsApp-Image-2024-03-22-at-3.13.18-PM-1-scaled.jpeg 1440w, https:\/\/www.pm.pb.gov.br\/portal\/wp-content\/uploads\/2024\/03\/WhatsApp-Image-2024-03-22-at-3.13.18-PM-1-250x445.jpeg 250w, https:\/\/www.pm.pb.gov.br\/portal\/wp-content\/uploads\/2024\/03\/WhatsApp-Image-2024-03-22-at-3.13.18-PM-1-321x570.jpeg 321w, https:\/\/www.pm.pb.gov.br\/portal\/wp-content\/uploads\/2024\/03\/WhatsApp-Image-2024-03-22-at-3.13.18-PM-1-768x1365.jpeg 768w, https:\/\/www.pm.pb.gov.br\/portal\/wp-content\/uploads\/2024\/03\/WhatsApp-Image-2024-03-22-at-3.13.18-PM-1-864x1536.jpeg 864w, https:\/\/www.pm.pb.gov.br\/portal\/wp-content\/uploads\/2024\/03\/WhatsApp-Image-2024-03-22-at-3.13.18-PM-1-1152x2048.jpeg 1152w\" sizes=\"(max-width: 1440px) 100vw, 1440px\" \/><br><br><\/p>\n","protected":false},"excerpt":{"rendered":"<p>O comandante-geral da Pol\u00edcia Militar da Para\u00edba, coronel S\u00e9rgio Fonseca, recebeu em seu gabinete os Aspirantes a Oficial Azevedo e<\/p>\n","protected":false},"author":5,"featured_media":921528,"comment_status":"closed","ping_status":"closed","sticky":false,"template":"","format":"standard","meta":{"_exactmetrics_skip_tracking":false,"_exactmetrics_sitenote_active":false,"_exactmetrics_sitenote_note":"","_exactmetrics_sitenote_category":0,"footnotes":""},"categories":[4],"tags":[],"yoast_head":"<!-- This site is optimized with the Yoast SEO plugin v22.0 - https:\/\/yoast.com\/wordpress\/plugins\/seo\/ -->\n<title>Dois Aspirantes a Oficial atingem pontua\u00e7\u00e3o da promo\u00e7\u00e3o antes da metade do est\u00e1gio probat\u00f3rio - Pol\u00edcia Militar da Para\u00edba<\/title>\n<meta name=\"robots\" content=\"index, follow, max-snippet:-1, max-image-preview:large, max-video-preview:-1\" \/>\n<link rel=\"canonical\" href=\"https:\/\/www.pm.pb.gov.br\/portal\/2024\/03\/22\/dois-aspirantes-a-oficial-atingem-pontuacao-da-promocao-antes-da-metade-do-estagio-probatorio\/\" \/>\n<meta property=\"og:locale\" content=\"pt_BR\" \/>\n<meta property=\"og:type\" content=\"article\" \/>\n<meta property=\"og:title\" content=\"Dois Aspirantes a Oficial atingem pontua\u00e7\u00e3o da promo\u00e7\u00e3o antes da metade do est\u00e1gio probat\u00f3rio - Pol\u00edcia Militar da Para\u00edba\" \/>\n<meta property=\"og:description\" content=\"O comandante-geral da Pol\u00edcia Militar da Para\u00edba, coronel S\u00e9rgio Fonseca, recebeu em seu gabinete os Aspirantes a Oficial Azevedo e\" \/>\n<meta property=\"og:url\" content=\"https:\/\/www.pm.pb.gov.br\/portal\/2024\/03\/22\/dois-aspirantes-a-oficial-atingem-pontuacao-da-promocao-antes-da-metade-do-estagio-probatorio\/\" \/>\n<meta property=\"og:site_name\" content=\"Pol\u00edcia Militar da Para\u00edba\" \/>\n<meta property=\"article:published_time\" content=\"2024-03-22T19:23:40+00:00\" \/>\n<meta property=\"article:modified_time\" content=\"2024-03-22T19:23:43+00:00\" \/>\n<meta property=\"og:image\" content=\"http:\/\/www.pm.pb.gov.br\/portal\/wp-content\/uploads\/2024\/03\/WhatsApp-Image-2024-03-22-at-3.13.19-PM-scaled.jpeg\" \/>\n\t<meta property=\"og:image:width\" content=\"2560\" \/>\n\t<meta property=\"og:image:height\" content=\"1440\" \/>\n\t<meta property=\"og:image:type\" content=\"image\/jpeg\" \/>\n<meta name=\"author\" content=\"Assessoria de Imprensa da PMPB\" \/>\n<meta name=\"twitter:card\" content=\"summary_large_image\" \/>\n<meta name=\"twitter:label1\" content=\"Escrito por\" \/>\n\t<meta name=\"twitter:data1\" content=\"Assessoria de Imprensa da PMPB\" \/>\n\t<meta name=\"twitter:label2\" content=\"Est. tempo de leitura\" \/>\n\t<meta name=\"twitter:data2\" content=\"3 minutos\" \/>\n<script type=\"application\/ld+json\" class=\"yoast-schema-graph\">{\"@context\":\"https:\/\/schema.org\",\"@graph\":[{\"@type\":\"Article\",\"@id\":\"https:\/\/www.pm.pb.gov.br\/portal\/2024\/03\/22\/dois-aspirantes-a-oficial-atingem-pontuacao-da-promocao-antes-da-metade-do-estagio-probatorio\/#article\",\"isPartOf\":{\"@id\":\"https:\/\/www.pm.pb.gov.br\/portal\/2024\/03\/22\/dois-aspirantes-a-oficial-atingem-pontuacao-da-promocao-antes-da-metade-do-estagio-probatorio\/\"},\"author\":{\"name\":\"Assessoria de Imprensa da PMPB\",\"@id\":\"https:\/\/www.pm.pb.gov.br\/portal\/#\/schema\/person\/e8454f46651c3ecf0e1ba3c1666d9947\"},\"headline\":\"Dois Aspirantes a Oficial atingem pontua\u00e7\u00e3o da promo\u00e7\u00e3o antes da metade do est\u00e1gio probat\u00f3rio\",\"datePublished\":\"2024-03-22T19:23:40+00:00\",\"dateModified\":\"2024-03-22T19:23:43+00:00\",\"mainEntityOfPage\":{\"@id\":\"https:\/\/www.pm.pb.gov.br\/portal\/2024\/03\/22\/dois-aspirantes-a-oficial-atingem-pontuacao-da-promocao-antes-da-metade-do-estagio-probatorio\/\"},\"wordCount\":348,\"publisher\":{\"@id\":\"https:\/\/www.pm.pb.gov.br\/portal\/#organization\"},\"articleSection\":[\"A\u00e7\u00f5es Policiais\"],\"inLanguage\":\"pt-BR\"},{\"@type\":\"WebPage\",\"@id\":\"https:\/\/www.pm.pb.gov.br\/portal\/2024\/03\/22\/dois-aspirantes-a-oficial-atingem-pontuacao-da-promocao-antes-da-metade-do-estagio-probatorio\/\",\"url\":\"https:\/\/www.pm.pb.gov.br\/portal\/2024\/03\/22\/dois-aspirantes-a-oficial-atingem-pontuacao-da-promocao-antes-da-metade-do-estagio-probatorio\/\",\"name\":\"Dois Aspirantes a Oficial atingem pontua\u00e7\u00e3o da promo\u00e7\u00e3o antes da metade do est\u00e1gio probat\u00f3rio - Pol\u00edcia Militar da Para\u00edba\",\"isPartOf\":{\"@id\":\"https:\/\/www.pm.pb.gov.br\/portal\/#website\"},\"datePublished\":\"2024-03-22T19:23:40+00:00\",\"dateModified\":\"2024-03-22T19:23:43+00:00\",\"breadcrumb\":{\"@id\":\"https:\/\/www.pm.pb.gov.br\/portal\/2024\/03\/22\/dois-aspirantes-a-oficial-atingem-pontuacao-da-promocao-antes-da-metade-do-estagio-probatorio\/#breadcrumb\"},\"inLanguage\":\"pt-BR\",\"potentialAction\":[{\"@type\":\"ReadAction\",\"target\":[\"https:\/\/www.pm.pb.gov.br\/portal\/2024\/03\/22\/dois-aspirantes-a-oficial-atingem-pontuacao-da-promocao-antes-da-metade-do-estagio-probatorio\/\"]}]},{\"@type\":\"BreadcrumbList\",\"@id\":\"https:\/\/www.pm.pb.gov.br\/portal\/2024\/03\/22\/dois-aspirantes-a-oficial-atingem-pontuacao-da-promocao-antes-da-metade-do-estagio-probatorio\/#breadcrumb\",\"itemListElement\":[{\"@type\":\"ListItem\",\"position\":1,\"name\":\"In\u00edcio\",\"item\":\"https:\/\/www.pm.pb.gov.br\/portal\/\"},{\"@type\":\"ListItem\",\"position\":2,\"name\":\"Dois Aspirantes a Oficial atingem pontua\u00e7\u00e3o da promo\u00e7\u00e3o antes da metade do est\u00e1gio probat\u00f3rio\"}]},{\"@type\":\"WebSite\",\"@id\":\"https:\/\/www.pm.pb.gov.br\/portal\/#website\",\"url\":\"https:\/\/www.pm.pb.gov.br\/portal\/\",\"name\":\"Pol\u00edcia Militar da Para\u00edba\",\"description\":\"\",\"publisher\":{\"@id\":\"https:\/\/www.pm.pb.gov.br\/portal\/#organization\"},\"potentialAction\":[{\"@type\":\"SearchAction\",\"target\":{\"@type\":\"EntryPoint\",\"urlTemplate\":\"https:\/\/www.pm.pb.gov.br\/portal\/?s={search_term_string}\"},\"query-input\":\"required name=search_term_string\"}],\"inLanguage\":\"pt-BR\"},{\"@type\":\"Organization\",\"@id\":\"https:\/\/www.pm.pb.gov.br\/portal\/#organization\",\"name\":\"Pol\u00edcia Militar da Para\u00edba\",\"url\":\"https:\/\/www.pm.pb.gov.br\/portal\/\",\"logo\":{\"@type\":\"ImageObject\",\"inLanguage\":\"pt-BR\",\"@id\":\"https:\/\/www.pm.pb.gov.br\/portal\/#\/schema\/logo\/image\/\",\"url\":\"https:\/\/www.pm.pb.gov.br\/portal\/wp-content\/uploads\/2025\/03\/cropped-logo-site-mag2-1.png\",\"contentUrl\":\"https:\/\/www.pm.pb.gov.br\/portal\/wp-content\/uploads\/2025\/03\/cropped-logo-site-mag2-1.png\",\"width\":320,\"height\":90,\"caption\":\"Pol\u00edcia Militar da Para\u00edba\"},\"image\":{\"@id\":\"https:\/\/www.pm.pb.gov.br\/portal\/#\/schema\/logo\/image\/\"}},{\"@type\":\"Person\",\"@id\":\"https:\/\/www.pm.pb.gov.br\/portal\/#\/schema\/person\/e8454f46651c3ecf0e1ba3c1666d9947\",\"name\":\"Assessoria de Imprensa da PMPB\",\"image\":{\"@type\":\"ImageObject\",\"inLanguage\":\"pt-BR\",\"@id\":\"https:\/\/www.pm.pb.gov.br\/portal\/#\/schema\/person\/image\/\",\"url\":\"https:\/\/secure.gravatar.com\/avatar\/2efe197438265d1e90bd98c4c8e1acf8?s=96&d=mm&r=g\",\"contentUrl\":\"https:\/\/secure.gravatar.com\/avatar\/2efe197438265d1e90bd98c4c8e1acf8?s=96&d=mm&r=g\",\"caption\":\"Assessoria de Imprensa da PMPB\"},\"url\":\"https:\/\/www.pm.pb.gov.br\/portal\/author\/assessoria\/\"}]}<\/script>\n<!-- \/ Yoast SEO plugin. -->","yoast_head_json":{"title":"Dois Aspirantes a Oficial atingem pontua\u00e7\u00e3o da promo\u00e7\u00e3o antes da metade do est\u00e1gio probat\u00f3rio - Pol\u00edcia Militar da Para\u00edba","robots":{"index":"index","follow":"follow","max-snippet":"max-snippet:-1","max-image-preview":"max-image-preview:large","max-video-preview":"max-video-preview:-1"},"canonical":"https:\/\/www.pm.pb.gov.br\/portal\/2024\/03\/22\/dois-aspirantes-a-oficial-atingem-pontuacao-da-promocao-antes-da-metade-do-estagio-probatorio\/","og_locale":"pt_BR","og_type":"article","og_title":"Dois Aspirantes a Oficial atingem pontua\u00e7\u00e3o da promo\u00e7\u00e3o antes da metade do est\u00e1gio probat\u00f3rio - Pol\u00edcia Militar da Para\u00edba","og_description":"O comandante-geral da Pol\u00edcia Militar da Para\u00edba, coronel S\u00e9rgio Fonseca, recebeu em seu gabinete os Aspirantes a Oficial Azevedo e","og_url":"https:\/\/www.pm.pb.gov.br\/portal\/2024\/03\/22\/dois-aspirantes-a-oficial-atingem-pontuacao-da-promocao-antes-da-metade-do-estagio-probatorio\/","og_site_name":"Pol\u00edcia Militar da Para\u00edba","article_published_time":"2024-03-22T19:23:40+00:00","article_modified_time":"2024-03-22T19:23:43+00:00","og_image":[{"width":2560,"height":1440,"url":"http:\/\/www.pm.pb.gov.br\/portal\/wp-content\/uploads\/2024\/03\/WhatsApp-Image-2024-03-22-at-3.13.19-PM-scaled.jpeg","type":"image\/jpeg"}],"author":"Assessoria de Imprensa da PMPB","twitter_card":"summary_large_image","twitter_misc":{"Escrito por":"Assessoria de Imprensa da PMPB","Est. tempo de leitura":"3 minutos"},"schema":{"@context":"https:\/\/schema.org","@graph":[{"@type":"Article","@id":"https:\/\/www.pm.pb.gov.br\/portal\/2024\/03\/22\/dois-aspirantes-a-oficial-atingem-pontuacao-da-promocao-antes-da-metade-do-estagio-probatorio\/#article","isPartOf":{"@id":"https:\/\/www.pm.pb.gov.br\/portal\/2024\/03\/22\/dois-aspirantes-a-oficial-atingem-pontuacao-da-promocao-antes-da-metade-do-estagio-probatorio\/"},"author":{"name":"Assessoria de Imprensa da PMPB","@id":"https:\/\/www.pm.pb.gov.br\/portal\/#\/schema\/person\/e8454f46651c3ecf0e1ba3c1666d9947"},"headline":"Dois Aspirantes a Oficial atingem pontua\u00e7\u00e3o da promo\u00e7\u00e3o antes da metade do est\u00e1gio probat\u00f3rio","datePublished":"2024-03-22T19:23:40+00:00","dateModified":"2024-03-22T19:23:43+00:00","mainEntityOfPage":{"@id":"https:\/\/www.pm.pb.gov.br\/portal\/2024\/03\/22\/dois-aspirantes-a-oficial-atingem-pontuacao-da-promocao-antes-da-metade-do-estagio-probatorio\/"},"wordCount":348,"publisher":{"@id":"https:\/\/www.pm.pb.gov.br\/portal\/#organization"},"articleSection":["A\u00e7\u00f5es Policiais"],"inLanguage":"pt-BR"},{"@type":"WebPage","@id":"https:\/\/www.pm.pb.gov.br\/portal\/2024\/03\/22\/dois-aspirantes-a-oficial-atingem-pontuacao-da-promocao-antes-da-metade-do-estagio-probatorio\/","url":"https:\/\/www.pm.pb.gov.br\/portal\/2024\/03\/22\/dois-aspirantes-a-oficial-atingem-pontuacao-da-promocao-antes-da-metade-do-estagio-probatorio\/","name":"Dois Aspirantes a Oficial atingem pontua\u00e7\u00e3o da promo\u00e7\u00e3o antes da metade do est\u00e1gio probat\u00f3rio - Pol\u00edcia Militar da Para\u00edba","isPartOf":{"@id":"https:\/\/www.pm.pb.gov.br\/portal\/#website"},"datePublished":"2024-03-22T19:23:40+00:00","dateModified":"2024-03-22T19:23:43+00:00","breadcrumb":{"@id":"https:\/\/www.pm.pb.gov.br\/portal\/2024\/03\/22\/dois-aspirantes-a-oficial-atingem-pontuacao-da-promocao-antes-da-metade-do-estagio-probatorio\/#breadcrumb"},"inLanguage":"pt-BR","potentialAction":[{"@type":"ReadAction","target":["https:\/\/www.pm.pb.gov.br\/portal\/2024\/03\/22\/dois-aspirantes-a-oficial-atingem-pontuacao-da-promocao-antes-da-metade-do-estagio-probatorio\/"]}]},{"@type":"BreadcrumbList","@id":"https:\/\/www.pm.pb.gov.br\/portal\/2024\/03\/22\/dois-aspirantes-a-oficial-atingem-pontuacao-da-promocao-antes-da-metade-do-estagio-probatorio\/#breadcrumb","itemListElement":[{"@type":"ListItem","position":1,"name":"In\u00edcio","item":"https:\/\/www.pm.pb.gov.br\/portal\/"},{"@type":"ListItem","position":2,"name":"Dois Aspirantes a Oficial atingem pontua\u00e7\u00e3o da promo\u00e7\u00e3o antes da metade do est\u00e1gio probat\u00f3rio"}]},{"@type":"WebSite","@id":"https:\/\/www.pm.pb.gov.br\/portal\/#website","url":"https:\/\/www.pm.pb.gov.br\/portal\/","name":"Pol\u00edcia Militar da Para\u00edba","description":"","publisher":{"@id":"https:\/\/www.pm.pb.gov.br\/portal\/#organization"},"potentialAction":[{"@type":"SearchAction","target":{"@type":"EntryPoint","urlTemplate":"https:\/\/www.pm.pb.gov.br\/portal\/?s={search_term_string}"},"query-input":"required name=search_term_string"}],"inLanguage":"pt-BR"},{"@type":"Organization","@id":"https:\/\/www.pm.pb.gov.br\/portal\/#organization","name":"Pol\u00edcia Militar da Para\u00edba","url":"https:\/\/www.pm.pb.gov.br\/portal\/","logo":{"@type":"ImageObject","inLanguage":"pt-BR","@id":"https:\/\/www.pm.pb.gov.br\/portal\/#\/schema\/logo\/image\/","url":"https:\/\/www.pm.pb.gov.br\/portal\/wp-content\/uploads\/2025\/03\/cropped-logo-site-mag2-1.png","contentUrl":"https:\/\/www.pm.pb.gov.br\/portal\/wp-content\/uploads\/2025\/03\/cropped-logo-site-mag2-1.png","width":320,"height":90,"caption":"Pol\u00edcia Militar da Para\u00edba"},"image":{"@id":"https:\/\/www.pm.pb.gov.br\/portal\/#\/schema\/logo\/image\/"}},{"@type":"Person","@id":"https:\/\/www.pm.pb.gov.br\/portal\/#\/schema\/person\/e8454f46651c3ecf0e1ba3c1666d9947","name":"Assessoria de Imprensa da PMPB","image":{"@type":"ImageObject","inLanguage":"pt-BR","@id":"https:\/\/www.pm.pb.gov.br\/portal\/#\/schema\/person\/image\/","url":"https:\/\/secure.gravatar.com\/avatar\/2efe197438265d1e90bd98c4c8e1acf8?s=96&d=mm&r=g","contentUrl":"https:\/\/secure.gravatar.com\/avatar\/2efe197438265d1e90bd98c4c8e1acf8?s=96&d=mm&r=g","caption":"Assessoria de Imprensa da PMPB"},"url":"https:\/\/www.pm.pb.gov.br\/portal\/author\/assessoria\/"}]}},"_links":{"self":[{"href":"https:\/\/www.pm.pb.gov.br\/portal\/wp-json\/wp\/v2\/posts\/921524"}],"collection":[{"href":"https:\/\/www.pm.pb.gov.br\/portal\/wp-json\/wp\/v2\/posts"}],"about":[{"href":"https:\/\/www.pm.pb.gov.br\/portal\/wp-json\/wp\/v2\/types\/post"}],"author":[{"embeddable":true,"href":"https:\/\/www.pm.pb.gov.br\/portal\/wp-json\/wp\/v2\/users\/5"}],"replies":[{"embeddable":true,"href":"https:\/\/www.pm.pb.gov.br\/portal\/wp-json\/wp\/v2\/comments?post=921524"}],"version-history":[{"count":2,"href":"https:\/\/www.pm.pb.gov.br\/portal\/wp-json\/wp\/v2\/posts\/921524\/revisions"}],"predecessor-version":[{"id":921531,"href":"https:\/\/www.pm.pb.gov.br\/portal\/wp-json\/wp\/v2\/posts\/921524\/revisions\/921531"}],"wp:featuredmedia":[{"embeddable":true,"href":"https:\/\/www.pm.pb.gov.br\/portal\/wp-json\/wp\/v2\/media\/921528"}],"wp:attachment":[{"href":"https:\/\/www.pm.pb.gov.br\/portal\/wp-json\/wp\/v2\/media?parent=921524"}],"wp:term":[{"taxonomy":"category","embeddable":true,"href":"https:\/\/www.pm.pb.gov.br\/portal\/wp-json\/wp\/v2\/categories?post=921524"},{"taxonomy":"post_tag","embeddable":true,"href":"https:\/\/www.pm.pb.gov.br\/portal\/wp-json\/wp\/v2\/tags?post=921524"}],"curies":[{"name":"wp","href":"https:\/\/api.w.org\/{rel}","templated":true}]}}