{"id":921510,"date":"2024-03-20T12:41:09","date_gmt":"2024-03-20T15:41:09","guid":{"rendered":"https:\/\/www.pm.pb.gov.br\/portal\/?p=921510"},"modified":"2024-03-20T12:41:12","modified_gmt":"2024-03-20T15:41:12","slug":"com-auxilio-de-cameras-do-cicc-trio-e-preso-com-arma-e-drogas-perto-de-bar-de-campina-grande","status":"publish","type":"post","link":"https:\/\/www.pm.pb.gov.br\/portal\/2024\/03\/20\/com-auxilio-de-cameras-do-cicc-trio-e-preso-com-arma-e-drogas-perto-de-bar-de-campina-grande\/","title":{"rendered":"Com aux\u00edlio de c\u00e2meras do CICC, trio \u00e9 preso com arma e drogas perto de bar de Campina Grande"},"content":{"rendered":"Tr\u00eas suspeitos foram presos com um rev\u00f3lver, drogas e dinheiro, na madrugada desta quarta-feira (20), ap\u00f3s serem flagrados pelas c\u00e2meras de monitoramento do Centro Integrado de Comando e Controle de Campina Grande. O trio estava em um bar, perto do a\u00e7ude velho.  <br \/><br \/>Ap\u00f3s serem informados da situa\u00e7\u00e3o pelo CICC, os policiais da For\u00e7a T\u00e1tica do 10\u00b0 Batalh\u00e3o foram at\u00e9 o local e, durante revista, os acusados foram presos com o material. Eles foram levados para a Central de Pol\u00edcia, em Campina Grande.<br \/>","protected":false},"excerpt":{"rendered":"<p>Tr\u00eas suspeitos foram presos com um rev\u00f3lver, drogas e dinheiro, na madrugada desta quarta-feira (20), ap\u00f3s serem flagrados pelas c\u00e2meras<\/p>\n","protected":false},"author":5,"featured_media":921514,"comment_status":"closed","ping_status":"closed","sticky":false,"template":"","format":"standard","meta":{"_exactmetrics_skip_tracking":false,"_exactmetrics_sitenote_active":false,"_exactmetrics_sitenote_note":"","_exactmetrics_sitenote_category":0,"footnotes":""},"categories":[4],"tags":[],"yoast_head":"<!-- This site is optimized with the Yoast SEO plugin v22.0 - https:\/\/yoast.com\/wordpress\/plugins\/seo\/ -->\n<title>Com aux\u00edlio de c\u00e2meras do CICC, trio \u00e9 preso com arma e drogas perto de bar de Campina Grande - Pol\u00edcia Militar da Para\u00edba<\/title>\n<meta name=\"robots\" content=\"index, follow, max-snippet:-1, max-image-preview:large, max-video-preview:-1\" \/>\n<link rel=\"canonical\" href=\"https:\/\/www.pm.pb.gov.br\/portal\/2024\/03\/20\/com-auxilio-de-cameras-do-cicc-trio-e-preso-com-arma-e-drogas-perto-de-bar-de-campina-grande\/\" \/>\n<meta property=\"og:locale\" content=\"pt_BR\" \/>\n<meta property=\"og:type\" content=\"article\" \/>\n<meta property=\"og:title\" content=\"Com aux\u00edlio de c\u00e2meras do CICC, trio \u00e9 preso com arma e drogas perto de bar de Campina Grande - Pol\u00edcia Militar da Para\u00edba\" \/>\n<meta property=\"og:description\" content=\"Tr\u00eas suspeitos foram presos com um rev\u00f3lver, drogas e dinheiro, na madrugada desta quarta-feira (20), ap\u00f3s serem flagrados pelas c\u00e2meras\" \/>\n<meta property=\"og:url\" content=\"https:\/\/www.pm.pb.gov.br\/portal\/2024\/03\/20\/com-auxilio-de-cameras-do-cicc-trio-e-preso-com-arma-e-drogas-perto-de-bar-de-campina-grande\/\" \/>\n<meta property=\"og:site_name\" content=\"Pol\u00edcia Militar da Para\u00edba\" \/>\n<meta property=\"article:published_time\" content=\"2024-03-20T15:41:09+00:00\" \/>\n<meta property=\"article:modified_time\" content=\"2024-03-20T15:41:12+00:00\" \/>\n<meta property=\"og:image\" content=\"http:\/\/www.pm.pb.gov.br\/portal\/wp-content\/uploads\/2024\/03\/WhatsApp-Image-2024-03-20-at-11.55.58-AM-1.jpeg\" \/>\n\t<meta property=\"og:image:width\" content=\"800\" \/>\n\t<meta property=\"og:image:height\" content=\"445\" \/>\n\t<meta property=\"og:image:type\" content=\"image\/jpeg\" \/>\n<meta name=\"author\" content=\"Assessoria de Imprensa da PMPB\" \/>\n<meta name=\"twitter:card\" content=\"summary_large_image\" \/>\n<meta name=\"twitter:label1\" content=\"Escrito por\" \/>\n\t<meta name=\"twitter:data1\" content=\"Assessoria de Imprensa da PMPB\" \/>\n\t<meta name=\"twitter:label2\" content=\"Est. tempo de leitura\" \/>\n\t<meta name=\"twitter:data2\" content=\"1 minuto\" \/>\n<script type=\"application\/ld+json\" class=\"yoast-schema-graph\">{\"@context\":\"https:\/\/schema.org\",\"@graph\":[{\"@type\":\"Article\",\"@id\":\"https:\/\/www.pm.pb.gov.br\/portal\/2024\/03\/20\/com-auxilio-de-cameras-do-cicc-trio-e-preso-com-arma-e-drogas-perto-de-bar-de-campina-grande\/#article\",\"isPartOf\":{\"@id\":\"https:\/\/www.pm.pb.gov.br\/portal\/2024\/03\/20\/com-auxilio-de-cameras-do-cicc-trio-e-preso-com-arma-e-drogas-perto-de-bar-de-campina-grande\/\"},\"author\":{\"name\":\"Assessoria de Imprensa da PMPB\",\"@id\":\"https:\/\/www.pm.pb.gov.br\/portal\/#\/schema\/person\/e8454f46651c3ecf0e1ba3c1666d9947\"},\"headline\":\"Com aux\u00edlio de c\u00e2meras do CICC, trio \u00e9 preso com arma e drogas perto de bar de Campina Grande\",\"datePublished\":\"2024-03-20T15:41:09+00:00\",\"dateModified\":\"2024-03-20T15:41:12+00:00\",\"mainEntityOfPage\":{\"@id\":\"https:\/\/www.pm.pb.gov.br\/portal\/2024\/03\/20\/com-auxilio-de-cameras-do-cicc-trio-e-preso-com-arma-e-drogas-perto-de-bar-de-campina-grande\/\"},\"wordCount\":111,\"publisher\":{\"@id\":\"https:\/\/www.pm.pb.gov.br\/portal\/#organization\"},\"articleSection\":[\"A\u00e7\u00f5es Policiais\"],\"inLanguage\":\"pt-BR\"},{\"@type\":\"WebPage\",\"@id\":\"https:\/\/www.pm.pb.gov.br\/portal\/2024\/03\/20\/com-auxilio-de-cameras-do-cicc-trio-e-preso-com-arma-e-drogas-perto-de-bar-de-campina-grande\/\",\"url\":\"https:\/\/www.pm.pb.gov.br\/portal\/2024\/03\/20\/com-auxilio-de-cameras-do-cicc-trio-e-preso-com-arma-e-drogas-perto-de-bar-de-campina-grande\/\",\"name\":\"Com aux\u00edlio de c\u00e2meras do CICC, trio \u00e9 preso com arma e drogas perto de bar de Campina Grande - Pol\u00edcia Militar da Para\u00edba\",\"isPartOf\":{\"@id\":\"https:\/\/www.pm.pb.gov.br\/portal\/#website\"},\"datePublished\":\"2024-03-20T15:41:09+00:00\",\"dateModified\":\"2024-03-20T15:41:12+00:00\",\"breadcrumb\":{\"@id\":\"https:\/\/www.pm.pb.gov.br\/portal\/2024\/03\/20\/com-auxilio-de-cameras-do-cicc-trio-e-preso-com-arma-e-drogas-perto-de-bar-de-campina-grande\/#breadcrumb\"},\"inLanguage\":\"pt-BR\",\"potentialAction\":[{\"@type\":\"ReadAction\",\"target\":[\"https:\/\/www.pm.pb.gov.br\/portal\/2024\/03\/20\/com-auxilio-de-cameras-do-cicc-trio-e-preso-com-arma-e-drogas-perto-de-bar-de-campina-grande\/\"]}]},{\"@type\":\"BreadcrumbList\",\"@id\":\"https:\/\/www.pm.pb.gov.br\/portal\/2024\/03\/20\/com-auxilio-de-cameras-do-cicc-trio-e-preso-com-arma-e-drogas-perto-de-bar-de-campina-grande\/#breadcrumb\",\"itemListElement\":[{\"@type\":\"ListItem\",\"position\":1,\"name\":\"In\u00edcio\",\"item\":\"https:\/\/www.pm.pb.gov.br\/portal\/\"},{\"@type\":\"ListItem\",\"position\":2,\"name\":\"Com aux\u00edlio de c\u00e2meras do CICC, trio \u00e9 preso com arma e drogas perto de bar de Campina Grande\"}]},{\"@type\":\"WebSite\",\"@id\":\"https:\/\/www.pm.pb.gov.br\/portal\/#website\",\"url\":\"https:\/\/www.pm.pb.gov.br\/portal\/\",\"name\":\"Pol\u00edcia Militar da Para\u00edba\",\"description\":\"\",\"publisher\":{\"@id\":\"https:\/\/www.pm.pb.gov.br\/portal\/#organization\"},\"potentialAction\":[{\"@type\":\"SearchAction\",\"target\":{\"@type\":\"EntryPoint\",\"urlTemplate\":\"https:\/\/www.pm.pb.gov.br\/portal\/?s={search_term_string}\"},\"query-input\":\"required name=search_term_string\"}],\"inLanguage\":\"pt-BR\"},{\"@type\":\"Organization\",\"@id\":\"https:\/\/www.pm.pb.gov.br\/portal\/#organization\",\"name\":\"Pol\u00edcia Militar da Para\u00edba\",\"url\":\"https:\/\/www.pm.pb.gov.br\/portal\/\",\"logo\":{\"@type\":\"ImageObject\",\"inLanguage\":\"pt-BR\",\"@id\":\"https:\/\/www.pm.pb.gov.br\/portal\/#\/schema\/logo\/image\/\",\"url\":\"https:\/\/www.pm.pb.gov.br\/portal\/wp-content\/uploads\/2025\/03\/cropped-logo-site-mag2-1.png\",\"contentUrl\":\"https:\/\/www.pm.pb.gov.br\/portal\/wp-content\/uploads\/2025\/03\/cropped-logo-site-mag2-1.png\",\"width\":320,\"height\":90,\"caption\":\"Pol\u00edcia Militar da Para\u00edba\"},\"image\":{\"@id\":\"https:\/\/www.pm.pb.gov.br\/portal\/#\/schema\/logo\/image\/\"}},{\"@type\":\"Person\",\"@id\":\"https:\/\/www.pm.pb.gov.br\/portal\/#\/schema\/person\/e8454f46651c3ecf0e1ba3c1666d9947\",\"name\":\"Assessoria de Imprensa da PMPB\",\"image\":{\"@type\":\"ImageObject\",\"inLanguage\":\"pt-BR\",\"@id\":\"https:\/\/www.pm.pb.gov.br\/portal\/#\/schema\/person\/image\/\",\"url\":\"https:\/\/secure.gravatar.com\/avatar\/2efe197438265d1e90bd98c4c8e1acf8?s=96&d=mm&r=g\",\"contentUrl\":\"https:\/\/secure.gravatar.com\/avatar\/2efe197438265d1e90bd98c4c8e1acf8?s=96&d=mm&r=g\",\"caption\":\"Assessoria de Imprensa da PMPB\"},\"url\":\"https:\/\/www.pm.pb.gov.br\/portal\/author\/assessoria\/\"}]}<\/script>\n<!-- \/ Yoast SEO plugin. -->","yoast_head_json":{"title":"Com aux\u00edlio de c\u00e2meras do CICC, trio \u00e9 preso com arma e drogas perto de bar de Campina Grande - Pol\u00edcia Militar da Para\u00edba","robots":{"index":"index","follow":"follow","max-snippet":"max-snippet:-1","max-image-preview":"max-image-preview:large","max-video-preview":"max-video-preview:-1"},"canonical":"https:\/\/www.pm.pb.gov.br\/portal\/2024\/03\/20\/com-auxilio-de-cameras-do-cicc-trio-e-preso-com-arma-e-drogas-perto-de-bar-de-campina-grande\/","og_locale":"pt_BR","og_type":"article","og_title":"Com aux\u00edlio de c\u00e2meras do CICC, trio \u00e9 preso com arma e drogas perto de bar de Campina Grande - Pol\u00edcia Militar da Para\u00edba","og_description":"Tr\u00eas suspeitos foram presos com um rev\u00f3lver, drogas e dinheiro, na madrugada desta quarta-feira (20), ap\u00f3s serem flagrados pelas c\u00e2meras","og_url":"https:\/\/www.pm.pb.gov.br\/portal\/2024\/03\/20\/com-auxilio-de-cameras-do-cicc-trio-e-preso-com-arma-e-drogas-perto-de-bar-de-campina-grande\/","og_site_name":"Pol\u00edcia Militar da Para\u00edba","article_published_time":"2024-03-20T15:41:09+00:00","article_modified_time":"2024-03-20T15:41:12+00:00","og_image":[{"width":800,"height":445,"url":"http:\/\/www.pm.pb.gov.br\/portal\/wp-content\/uploads\/2024\/03\/WhatsApp-Image-2024-03-20-at-11.55.58-AM-1.jpeg","type":"image\/jpeg"}],"author":"Assessoria de Imprensa da PMPB","twitter_card":"summary_large_image","twitter_misc":{"Escrito por":"Assessoria de Imprensa da PMPB","Est. tempo de leitura":"1 minuto"},"schema":{"@context":"https:\/\/schema.org","@graph":[{"@type":"Article","@id":"https:\/\/www.pm.pb.gov.br\/portal\/2024\/03\/20\/com-auxilio-de-cameras-do-cicc-trio-e-preso-com-arma-e-drogas-perto-de-bar-de-campina-grande\/#article","isPartOf":{"@id":"https:\/\/www.pm.pb.gov.br\/portal\/2024\/03\/20\/com-auxilio-de-cameras-do-cicc-trio-e-preso-com-arma-e-drogas-perto-de-bar-de-campina-grande\/"},"author":{"name":"Assessoria de Imprensa da PMPB","@id":"https:\/\/www.pm.pb.gov.br\/portal\/#\/schema\/person\/e8454f46651c3ecf0e1ba3c1666d9947"},"headline":"Com aux\u00edlio de c\u00e2meras do CICC, trio \u00e9 preso com arma e drogas perto de bar de Campina Grande","datePublished":"2024-03-20T15:41:09+00:00","dateModified":"2024-03-20T15:41:12+00:00","mainEntityOfPage":{"@id":"https:\/\/www.pm.pb.gov.br\/portal\/2024\/03\/20\/com-auxilio-de-cameras-do-cicc-trio-e-preso-com-arma-e-drogas-perto-de-bar-de-campina-grande\/"},"wordCount":111,"publisher":{"@id":"https:\/\/www.pm.pb.gov.br\/portal\/#organization"},"articleSection":["A\u00e7\u00f5es Policiais"],"inLanguage":"pt-BR"},{"@type":"WebPage","@id":"https:\/\/www.pm.pb.gov.br\/portal\/2024\/03\/20\/com-auxilio-de-cameras-do-cicc-trio-e-preso-com-arma-e-drogas-perto-de-bar-de-campina-grande\/","url":"https:\/\/www.pm.pb.gov.br\/portal\/2024\/03\/20\/com-auxilio-de-cameras-do-cicc-trio-e-preso-com-arma-e-drogas-perto-de-bar-de-campina-grande\/","name":"Com aux\u00edlio de c\u00e2meras do CICC, trio \u00e9 preso com arma e drogas perto de bar de Campina Grande - Pol\u00edcia Militar da Para\u00edba","isPartOf":{"@id":"https:\/\/www.pm.pb.gov.br\/portal\/#website"},"datePublished":"2024-03-20T15:41:09+00:00","dateModified":"2024-03-20T15:41:12+00:00","breadcrumb":{"@id":"https:\/\/www.pm.pb.gov.br\/portal\/2024\/03\/20\/com-auxilio-de-cameras-do-cicc-trio-e-preso-com-arma-e-drogas-perto-de-bar-de-campina-grande\/#breadcrumb"},"inLanguage":"pt-BR","potentialAction":[{"@type":"ReadAction","target":["https:\/\/www.pm.pb.gov.br\/portal\/2024\/03\/20\/com-auxilio-de-cameras-do-cicc-trio-e-preso-com-arma-e-drogas-perto-de-bar-de-campina-grande\/"]}]},{"@type":"BreadcrumbList","@id":"https:\/\/www.pm.pb.gov.br\/portal\/2024\/03\/20\/com-auxilio-de-cameras-do-cicc-trio-e-preso-com-arma-e-drogas-perto-de-bar-de-campina-grande\/#breadcrumb","itemListElement":[{"@type":"ListItem","position":1,"name":"In\u00edcio","item":"https:\/\/www.pm.pb.gov.br\/portal\/"},{"@type":"ListItem","position":2,"name":"Com aux\u00edlio de c\u00e2meras do CICC, trio \u00e9 preso com arma e drogas perto de bar de Campina Grande"}]},{"@type":"WebSite","@id":"https:\/\/www.pm.pb.gov.br\/portal\/#website","url":"https:\/\/www.pm.pb.gov.br\/portal\/","name":"Pol\u00edcia Militar da Para\u00edba","description":"","publisher":{"@id":"https:\/\/www.pm.pb.gov.br\/portal\/#organization"},"potentialAction":[{"@type":"SearchAction","target":{"@type":"EntryPoint","urlTemplate":"https:\/\/www.pm.pb.gov.br\/portal\/?s={search_term_string}"},"query-input":"required name=search_term_string"}],"inLanguage":"pt-BR"},{"@type":"Organization","@id":"https:\/\/www.pm.pb.gov.br\/portal\/#organization","name":"Pol\u00edcia Militar da Para\u00edba","url":"https:\/\/www.pm.pb.gov.br\/portal\/","logo":{"@type":"ImageObject","inLanguage":"pt-BR","@id":"https:\/\/www.pm.pb.gov.br\/portal\/#\/schema\/logo\/image\/","url":"https:\/\/www.pm.pb.gov.br\/portal\/wp-content\/uploads\/2025\/03\/cropped-logo-site-mag2-1.png","contentUrl":"https:\/\/www.pm.pb.gov.br\/portal\/wp-content\/uploads\/2025\/03\/cropped-logo-site-mag2-1.png","width":320,"height":90,"caption":"Pol\u00edcia Militar da Para\u00edba"},"image":{"@id":"https:\/\/www.pm.pb.gov.br\/portal\/#\/schema\/logo\/image\/"}},{"@type":"Person","@id":"https:\/\/www.pm.pb.gov.br\/portal\/#\/schema\/person\/e8454f46651c3ecf0e1ba3c1666d9947","name":"Assessoria de Imprensa da PMPB","image":{"@type":"ImageObject","inLanguage":"pt-BR","@id":"https:\/\/www.pm.pb.gov.br\/portal\/#\/schema\/person\/image\/","url":"https:\/\/secure.gravatar.com\/avatar\/2efe197438265d1e90bd98c4c8e1acf8?s=96&d=mm&r=g","contentUrl":"https:\/\/secure.gravatar.com\/avatar\/2efe197438265d1e90bd98c4c8e1acf8?s=96&d=mm&r=g","caption":"Assessoria de Imprensa da PMPB"},"url":"https:\/\/www.pm.pb.gov.br\/portal\/author\/assessoria\/"}]}},"_links":{"self":[{"href":"https:\/\/www.pm.pb.gov.br\/portal\/wp-json\/wp\/v2\/posts\/921510"}],"collection":[{"href":"https:\/\/www.pm.pb.gov.br\/portal\/wp-json\/wp\/v2\/posts"}],"about":[{"href":"https:\/\/www.pm.pb.gov.br\/portal\/wp-json\/wp\/v2\/types\/post"}],"author":[{"embeddable":true,"href":"https:\/\/www.pm.pb.gov.br\/portal\/wp-json\/wp\/v2\/users\/5"}],"replies":[{"embeddable":true,"href":"https:\/\/www.pm.pb.gov.br\/portal\/wp-json\/wp\/v2\/comments?post=921510"}],"version-history":[{"count":1,"href":"https:\/\/www.pm.pb.gov.br\/portal\/wp-json\/wp\/v2\/posts\/921510\/revisions"}],"predecessor-version":[{"id":921512,"href":"https:\/\/www.pm.pb.gov.br\/portal\/wp-json\/wp\/v2\/posts\/921510\/revisions\/921512"}],"wp:featuredmedia":[{"embeddable":true,"href":"https:\/\/www.pm.pb.gov.br\/portal\/wp-json\/wp\/v2\/media\/921514"}],"wp:attachment":[{"href":"https:\/\/www.pm.pb.gov.br\/portal\/wp-json\/wp\/v2\/media?parent=921510"}],"wp:term":[{"taxonomy":"category","embeddable":true,"href":"https:\/\/www.pm.pb.gov.br\/portal\/wp-json\/wp\/v2\/categories?post=921510"},{"taxonomy":"post_tag","embeddable":true,"href":"https:\/\/www.pm.pb.gov.br\/portal\/wp-json\/wp\/v2\/tags?post=921510"}],"curies":[{"name":"wp","href":"https:\/\/api.w.org\/{rel}","templated":true}]}}