{"id":921331,"date":"2024-03-02T17:04:24","date_gmt":"2024-03-02T20:04:24","guid":{"rendered":"https:\/\/www.pm.pb.gov.br\/portal\/?p=921331"},"modified":"2024-03-02T17:04:26","modified_gmt":"2024-03-02T20:04:26","slug":"reforco-da-operacao-verao-captura-foragidos-da-justica-em-cabedelo-e-na-zona-sul-da-capital","status":"publish","type":"post","link":"https:\/\/www.pm.pb.gov.br\/portal\/2024\/03\/02\/reforco-da-operacao-verao-captura-foragidos-da-justica-em-cabedelo-e-na-zona-sul-da-capital\/","title":{"rendered":"Refor\u00e7o da Opera\u00e7\u00e3o Ver\u00e3o captura foragidos da Justi\u00e7a em Cabedelo e na zona sul da Capital"},"content":{"rendered":"\n<p>As a\u00e7\u00f5es de refor\u00e7o da Opera\u00e7\u00e3o Ver\u00e3o continuam e neste s\u00e1bado (02), mais dois foragidos da Justi\u00e7a foram capturados na grande Jo\u00e3o Pessoa. As pris\u00f5es foram realizadas pela Pol\u00edcia Militar atrav\u00e9s da For\u00e7a Regional em Cabedelo e na zona sul de Jo\u00e3o Pessoa (foto acima ilustrativa).<\/p>\n<p>No bairro do Renascer, policiais prenderam um homem condenado pelo crime de roubo e que j\u00e1 tinha um mandado de pris\u00e3o expedido pela Vara de Execu\u00e7\u00e3o Penal. J\u00e1 no bairro de Mangabeira, outro homem procurado pela Justi\u00e7a tamb\u00e9m foi localizado e preso. As ocorr\u00eancias foram apresentadas na Cidade da Pol\u00edcia Civil para os procedimentos cab\u00edveis e o devido cumprimento da pena.<\/p>\n<p><strong>Final de semana \u2013<\/strong> Desde a madrugada deste s\u00e1bado, o refor\u00e7o policial em Cabedelo conseguiu prender tr\u00eas pessoas que estavam com uma pistola e um carro roubado, no Recanto do Po\u00e7o. O combate a grupos criminosos na regi\u00e3o continua durante todo o final de semana.<\/p>\n<p>Outras a\u00e7\u00f5es da PM atrav\u00e9s de unidades de \u00e1rea j\u00e1 levaram a apreens\u00e3o de arma de fogo, colete bal\u00edstico (foto abaixo), drogas, e tr\u00eas acusados envolvidos com o tr\u00e1fico nas \u00e1reas do Centro e Zona Sul da Capital, e em Santa Rita.<\/p>\n<p><img loading=\"lazy\" decoding=\"async\" class=\" wp-image-921325 aligncenter\" src=\"http:\/\/www.pm.pb.gov.br\/portal\/wp-content\/uploads\/2024\/03\/drogas1.jpeg\" alt=\"\" width=\"595\" height=\"331\" srcset=\"https:\/\/www.pm.pb.gov.br\/portal\/wp-content\/uploads\/2024\/03\/drogas1.jpeg 800w, https:\/\/www.pm.pb.gov.br\/portal\/wp-content\/uploads\/2024\/03\/drogas1-245x136.jpeg 245w, https:\/\/www.pm.pb.gov.br\/portal\/wp-content\/uploads\/2024\/03\/drogas1-768x427.jpeg 768w\" sizes=\"(max-width: 595px) 100vw, 595px\" \/><\/p>\n\n\n","protected":false},"excerpt":{"rendered":"<p>As a\u00e7\u00f5es de refor\u00e7o da Opera\u00e7\u00e3o Ver\u00e3o continuam e neste s\u00e1bado (02), mais dois foragidos da Justi\u00e7a foram capturados na<\/p>\n","protected":false},"author":12,"featured_media":917644,"comment_status":"closed","ping_status":"closed","sticky":false,"template":"","format":"standard","meta":{"_exactmetrics_skip_tracking":false,"_exactmetrics_sitenote_active":false,"_exactmetrics_sitenote_note":"","_exactmetrics_sitenote_category":0,"footnotes":""},"categories":[4],"tags":[],"yoast_head":"<!-- This site is optimized with the Yoast SEO plugin v22.0 - https:\/\/yoast.com\/wordpress\/plugins\/seo\/ -->\n<title>Refor\u00e7o da Opera\u00e7\u00e3o Ver\u00e3o captura foragidos da Justi\u00e7a em Cabedelo e na zona sul da Capital - Pol\u00edcia Militar da Para\u00edba<\/title>\n<meta name=\"description\" content=\"Foragidos foram capturados nos bairros do Renascer e em Mangabeira; sobe para 4 o n\u00famero de presos em Cabedelo desde a madrugada.\" \/>\n<meta name=\"robots\" content=\"index, follow, max-snippet:-1, max-image-preview:large, max-video-preview:-1\" \/>\n<link rel=\"canonical\" href=\"https:\/\/www.pm.pb.gov.br\/portal\/2024\/03\/02\/reforco-da-operacao-verao-captura-foragidos-da-justica-em-cabedelo-e-na-zona-sul-da-capital\/\" \/>\n<meta property=\"og:locale\" content=\"pt_BR\" \/>\n<meta property=\"og:type\" content=\"article\" \/>\n<meta property=\"og:title\" content=\"Refor\u00e7o da Opera\u00e7\u00e3o Ver\u00e3o captura foragidos da Justi\u00e7a em Cabedelo e na zona sul da Capital - Pol\u00edcia Militar da Para\u00edba\" \/>\n<meta property=\"og:description\" content=\"Foragidos foram capturados nos bairros do Renascer e em Mangabeira; sobe para 4 o n\u00famero de presos em Cabedelo desde a madrugada.\" \/>\n<meta property=\"og:url\" content=\"https:\/\/www.pm.pb.gov.br\/portal\/2024\/03\/02\/reforco-da-operacao-verao-captura-foragidos-da-justica-em-cabedelo-e-na-zona-sul-da-capital\/\" \/>\n<meta property=\"og:site_name\" content=\"Pol\u00edcia Militar da Para\u00edba\" \/>\n<meta property=\"article:published_time\" content=\"2024-03-02T20:04:24+00:00\" \/>\n<meta property=\"article:modified_time\" content=\"2024-03-02T20:04:26+00:00\" \/>\n<meta property=\"og:image\" content=\"http:\/\/www.pm.pb.gov.br\/portal\/wp-content\/uploads\/2023\/08\/forcaregional.jpeg\" \/>\n\t<meta property=\"og:image:width\" content=\"800\" \/>\n\t<meta property=\"og:image:height\" content=\"445\" \/>\n\t<meta property=\"og:image:type\" content=\"image\/jpeg\" \/>\n<meta name=\"author\" content=\"Tarcisio Oliveira\" \/>\n<meta name=\"twitter:card\" content=\"summary_large_image\" \/>\n<meta name=\"twitter:label1\" content=\"Escrito por\" \/>\n\t<meta name=\"twitter:data1\" content=\"Tarcisio Oliveira\" \/>\n\t<meta name=\"twitter:label2\" content=\"Est. tempo de leitura\" \/>\n\t<meta name=\"twitter:data2\" content=\"2 minutos\" \/>\n<script type=\"application\/ld+json\" class=\"yoast-schema-graph\">{\"@context\":\"https:\/\/schema.org\",\"@graph\":[{\"@type\":\"Article\",\"@id\":\"https:\/\/www.pm.pb.gov.br\/portal\/2024\/03\/02\/reforco-da-operacao-verao-captura-foragidos-da-justica-em-cabedelo-e-na-zona-sul-da-capital\/#article\",\"isPartOf\":{\"@id\":\"https:\/\/www.pm.pb.gov.br\/portal\/2024\/03\/02\/reforco-da-operacao-verao-captura-foragidos-da-justica-em-cabedelo-e-na-zona-sul-da-capital\/\"},\"author\":{\"name\":\"Tarcisio Oliveira\",\"@id\":\"https:\/\/www.pm.pb.gov.br\/portal\/#\/schema\/person\/f84f56dcc78ce4357054da888b8247fd\"},\"headline\":\"Refor\u00e7o da Opera\u00e7\u00e3o Ver\u00e3o captura foragidos da Justi\u00e7a em Cabedelo e na zona sul da Capital\",\"datePublished\":\"2024-03-02T20:04:24+00:00\",\"dateModified\":\"2024-03-02T20:04:26+00:00\",\"mainEntityOfPage\":{\"@id\":\"https:\/\/www.pm.pb.gov.br\/portal\/2024\/03\/02\/reforco-da-operacao-verao-captura-foragidos-da-justica-em-cabedelo-e-na-zona-sul-da-capital\/\"},\"wordCount\":242,\"publisher\":{\"@id\":\"https:\/\/www.pm.pb.gov.br\/portal\/#organization\"},\"articleSection\":[\"A\u00e7\u00f5es Policiais\"],\"inLanguage\":\"pt-BR\"},{\"@type\":\"WebPage\",\"@id\":\"https:\/\/www.pm.pb.gov.br\/portal\/2024\/03\/02\/reforco-da-operacao-verao-captura-foragidos-da-justica-em-cabedelo-e-na-zona-sul-da-capital\/\",\"url\":\"https:\/\/www.pm.pb.gov.br\/portal\/2024\/03\/02\/reforco-da-operacao-verao-captura-foragidos-da-justica-em-cabedelo-e-na-zona-sul-da-capital\/\",\"name\":\"Refor\u00e7o da Opera\u00e7\u00e3o Ver\u00e3o captura foragidos da Justi\u00e7a em Cabedelo e na zona sul da Capital - Pol\u00edcia Militar da Para\u00edba\",\"isPartOf\":{\"@id\":\"https:\/\/www.pm.pb.gov.br\/portal\/#website\"},\"datePublished\":\"2024-03-02T20:04:24+00:00\",\"dateModified\":\"2024-03-02T20:04:26+00:00\",\"description\":\"Foragidos foram capturados nos bairros do Renascer e em Mangabeira; sobe para 4 o n\u00famero de presos em Cabedelo desde a madrugada.\",\"breadcrumb\":{\"@id\":\"https:\/\/www.pm.pb.gov.br\/portal\/2024\/03\/02\/reforco-da-operacao-verao-captura-foragidos-da-justica-em-cabedelo-e-na-zona-sul-da-capital\/#breadcrumb\"},\"inLanguage\":\"pt-BR\",\"potentialAction\":[{\"@type\":\"ReadAction\",\"target\":[\"https:\/\/www.pm.pb.gov.br\/portal\/2024\/03\/02\/reforco-da-operacao-verao-captura-foragidos-da-justica-em-cabedelo-e-na-zona-sul-da-capital\/\"]}]},{\"@type\":\"BreadcrumbList\",\"@id\":\"https:\/\/www.pm.pb.gov.br\/portal\/2024\/03\/02\/reforco-da-operacao-verao-captura-foragidos-da-justica-em-cabedelo-e-na-zona-sul-da-capital\/#breadcrumb\",\"itemListElement\":[{\"@type\":\"ListItem\",\"position\":1,\"name\":\"In\u00edcio\",\"item\":\"https:\/\/www.pm.pb.gov.br\/portal\/\"},{\"@type\":\"ListItem\",\"position\":2,\"name\":\"Refor\u00e7o da Opera\u00e7\u00e3o Ver\u00e3o captura foragidos da Justi\u00e7a em Cabedelo e na zona sul da Capital\"}]},{\"@type\":\"WebSite\",\"@id\":\"https:\/\/www.pm.pb.gov.br\/portal\/#website\",\"url\":\"https:\/\/www.pm.pb.gov.br\/portal\/\",\"name\":\"Pol\u00edcia Militar da Para\u00edba\",\"description\":\"\",\"publisher\":{\"@id\":\"https:\/\/www.pm.pb.gov.br\/portal\/#organization\"},\"potentialAction\":[{\"@type\":\"SearchAction\",\"target\":{\"@type\":\"EntryPoint\",\"urlTemplate\":\"https:\/\/www.pm.pb.gov.br\/portal\/?s={search_term_string}\"},\"query-input\":\"required name=search_term_string\"}],\"inLanguage\":\"pt-BR\"},{\"@type\":\"Organization\",\"@id\":\"https:\/\/www.pm.pb.gov.br\/portal\/#organization\",\"name\":\"Pol\u00edcia Militar da Para\u00edba\",\"url\":\"https:\/\/www.pm.pb.gov.br\/portal\/\",\"logo\":{\"@type\":\"ImageObject\",\"inLanguage\":\"pt-BR\",\"@id\":\"https:\/\/www.pm.pb.gov.br\/portal\/#\/schema\/logo\/image\/\",\"url\":\"https:\/\/www.pm.pb.gov.br\/portal\/wp-content\/uploads\/2025\/03\/cropped-logo-site-mag2-1.png\",\"contentUrl\":\"https:\/\/www.pm.pb.gov.br\/portal\/wp-content\/uploads\/2025\/03\/cropped-logo-site-mag2-1.png\",\"width\":320,\"height\":90,\"caption\":\"Pol\u00edcia Militar da Para\u00edba\"},\"image\":{\"@id\":\"https:\/\/www.pm.pb.gov.br\/portal\/#\/schema\/logo\/image\/\"}},{\"@type\":\"Person\",\"@id\":\"https:\/\/www.pm.pb.gov.br\/portal\/#\/schema\/person\/f84f56dcc78ce4357054da888b8247fd\",\"name\":\"Tarcisio Oliveira\",\"image\":{\"@type\":\"ImageObject\",\"inLanguage\":\"pt-BR\",\"@id\":\"https:\/\/www.pm.pb.gov.br\/portal\/#\/schema\/person\/image\/\",\"url\":\"https:\/\/secure.gravatar.com\/avatar\/72917b630b69d31cd0297507f34bac97?s=96&d=mm&r=g\",\"contentUrl\":\"https:\/\/secure.gravatar.com\/avatar\/72917b630b69d31cd0297507f34bac97?s=96&d=mm&r=g\",\"caption\":\"Tarcisio Oliveira\"},\"url\":\"https:\/\/www.pm.pb.gov.br\/portal\/author\/tarcisio\/\"}]}<\/script>\n<!-- \/ Yoast SEO plugin. -->","yoast_head_json":{"title":"Refor\u00e7o da Opera\u00e7\u00e3o Ver\u00e3o captura foragidos da Justi\u00e7a em Cabedelo e na zona sul da Capital - Pol\u00edcia Militar da Para\u00edba","description":"Foragidos foram capturados nos bairros do Renascer e em Mangabeira; sobe para 4 o n\u00famero de presos em Cabedelo desde a madrugada.","robots":{"index":"index","follow":"follow","max-snippet":"max-snippet:-1","max-image-preview":"max-image-preview:large","max-video-preview":"max-video-preview:-1"},"canonical":"https:\/\/www.pm.pb.gov.br\/portal\/2024\/03\/02\/reforco-da-operacao-verao-captura-foragidos-da-justica-em-cabedelo-e-na-zona-sul-da-capital\/","og_locale":"pt_BR","og_type":"article","og_title":"Refor\u00e7o da Opera\u00e7\u00e3o Ver\u00e3o captura foragidos da Justi\u00e7a em Cabedelo e na zona sul da Capital - Pol\u00edcia Militar da Para\u00edba","og_description":"Foragidos foram capturados nos bairros do Renascer e em Mangabeira; sobe para 4 o n\u00famero de presos em Cabedelo desde a madrugada.","og_url":"https:\/\/www.pm.pb.gov.br\/portal\/2024\/03\/02\/reforco-da-operacao-verao-captura-foragidos-da-justica-em-cabedelo-e-na-zona-sul-da-capital\/","og_site_name":"Pol\u00edcia Militar da Para\u00edba","article_published_time":"2024-03-02T20:04:24+00:00","article_modified_time":"2024-03-02T20:04:26+00:00","og_image":[{"width":800,"height":445,"url":"http:\/\/www.pm.pb.gov.br\/portal\/wp-content\/uploads\/2023\/08\/forcaregional.jpeg","type":"image\/jpeg"}],"author":"Tarcisio Oliveira","twitter_card":"summary_large_image","twitter_misc":{"Escrito por":"Tarcisio Oliveira","Est. tempo de leitura":"2 minutos"},"schema":{"@context":"https:\/\/schema.org","@graph":[{"@type":"Article","@id":"https:\/\/www.pm.pb.gov.br\/portal\/2024\/03\/02\/reforco-da-operacao-verao-captura-foragidos-da-justica-em-cabedelo-e-na-zona-sul-da-capital\/#article","isPartOf":{"@id":"https:\/\/www.pm.pb.gov.br\/portal\/2024\/03\/02\/reforco-da-operacao-verao-captura-foragidos-da-justica-em-cabedelo-e-na-zona-sul-da-capital\/"},"author":{"name":"Tarcisio Oliveira","@id":"https:\/\/www.pm.pb.gov.br\/portal\/#\/schema\/person\/f84f56dcc78ce4357054da888b8247fd"},"headline":"Refor\u00e7o da Opera\u00e7\u00e3o Ver\u00e3o captura foragidos da Justi\u00e7a em Cabedelo e na zona sul da Capital","datePublished":"2024-03-02T20:04:24+00:00","dateModified":"2024-03-02T20:04:26+00:00","mainEntityOfPage":{"@id":"https:\/\/www.pm.pb.gov.br\/portal\/2024\/03\/02\/reforco-da-operacao-verao-captura-foragidos-da-justica-em-cabedelo-e-na-zona-sul-da-capital\/"},"wordCount":242,"publisher":{"@id":"https:\/\/www.pm.pb.gov.br\/portal\/#organization"},"articleSection":["A\u00e7\u00f5es Policiais"],"inLanguage":"pt-BR"},{"@type":"WebPage","@id":"https:\/\/www.pm.pb.gov.br\/portal\/2024\/03\/02\/reforco-da-operacao-verao-captura-foragidos-da-justica-em-cabedelo-e-na-zona-sul-da-capital\/","url":"https:\/\/www.pm.pb.gov.br\/portal\/2024\/03\/02\/reforco-da-operacao-verao-captura-foragidos-da-justica-em-cabedelo-e-na-zona-sul-da-capital\/","name":"Refor\u00e7o da Opera\u00e7\u00e3o Ver\u00e3o captura foragidos da Justi\u00e7a em Cabedelo e na zona sul da Capital - Pol\u00edcia Militar da Para\u00edba","isPartOf":{"@id":"https:\/\/www.pm.pb.gov.br\/portal\/#website"},"datePublished":"2024-03-02T20:04:24+00:00","dateModified":"2024-03-02T20:04:26+00:00","description":"Foragidos foram capturados nos bairros do Renascer e em Mangabeira; sobe para 4 o n\u00famero de presos em Cabedelo desde a madrugada.","breadcrumb":{"@id":"https:\/\/www.pm.pb.gov.br\/portal\/2024\/03\/02\/reforco-da-operacao-verao-captura-foragidos-da-justica-em-cabedelo-e-na-zona-sul-da-capital\/#breadcrumb"},"inLanguage":"pt-BR","potentialAction":[{"@type":"ReadAction","target":["https:\/\/www.pm.pb.gov.br\/portal\/2024\/03\/02\/reforco-da-operacao-verao-captura-foragidos-da-justica-em-cabedelo-e-na-zona-sul-da-capital\/"]}]},{"@type":"BreadcrumbList","@id":"https:\/\/www.pm.pb.gov.br\/portal\/2024\/03\/02\/reforco-da-operacao-verao-captura-foragidos-da-justica-em-cabedelo-e-na-zona-sul-da-capital\/#breadcrumb","itemListElement":[{"@type":"ListItem","position":1,"name":"In\u00edcio","item":"https:\/\/www.pm.pb.gov.br\/portal\/"},{"@type":"ListItem","position":2,"name":"Refor\u00e7o da Opera\u00e7\u00e3o Ver\u00e3o captura foragidos da Justi\u00e7a em Cabedelo e na zona sul da Capital"}]},{"@type":"WebSite","@id":"https:\/\/www.pm.pb.gov.br\/portal\/#website","url":"https:\/\/www.pm.pb.gov.br\/portal\/","name":"Pol\u00edcia Militar da Para\u00edba","description":"","publisher":{"@id":"https:\/\/www.pm.pb.gov.br\/portal\/#organization"},"potentialAction":[{"@type":"SearchAction","target":{"@type":"EntryPoint","urlTemplate":"https:\/\/www.pm.pb.gov.br\/portal\/?s={search_term_string}"},"query-input":"required name=search_term_string"}],"inLanguage":"pt-BR"},{"@type":"Organization","@id":"https:\/\/www.pm.pb.gov.br\/portal\/#organization","name":"Pol\u00edcia Militar da Para\u00edba","url":"https:\/\/www.pm.pb.gov.br\/portal\/","logo":{"@type":"ImageObject","inLanguage":"pt-BR","@id":"https:\/\/www.pm.pb.gov.br\/portal\/#\/schema\/logo\/image\/","url":"https:\/\/www.pm.pb.gov.br\/portal\/wp-content\/uploads\/2025\/03\/cropped-logo-site-mag2-1.png","contentUrl":"https:\/\/www.pm.pb.gov.br\/portal\/wp-content\/uploads\/2025\/03\/cropped-logo-site-mag2-1.png","width":320,"height":90,"caption":"Pol\u00edcia Militar da Para\u00edba"},"image":{"@id":"https:\/\/www.pm.pb.gov.br\/portal\/#\/schema\/logo\/image\/"}},{"@type":"Person","@id":"https:\/\/www.pm.pb.gov.br\/portal\/#\/schema\/person\/f84f56dcc78ce4357054da888b8247fd","name":"Tarcisio Oliveira","image":{"@type":"ImageObject","inLanguage":"pt-BR","@id":"https:\/\/www.pm.pb.gov.br\/portal\/#\/schema\/person\/image\/","url":"https:\/\/secure.gravatar.com\/avatar\/72917b630b69d31cd0297507f34bac97?s=96&d=mm&r=g","contentUrl":"https:\/\/secure.gravatar.com\/avatar\/72917b630b69d31cd0297507f34bac97?s=96&d=mm&r=g","caption":"Tarcisio Oliveira"},"url":"https:\/\/www.pm.pb.gov.br\/portal\/author\/tarcisio\/"}]}},"_links":{"self":[{"href":"https:\/\/www.pm.pb.gov.br\/portal\/wp-json\/wp\/v2\/posts\/921331"}],"collection":[{"href":"https:\/\/www.pm.pb.gov.br\/portal\/wp-json\/wp\/v2\/posts"}],"about":[{"href":"https:\/\/www.pm.pb.gov.br\/portal\/wp-json\/wp\/v2\/types\/post"}],"author":[{"embeddable":true,"href":"https:\/\/www.pm.pb.gov.br\/portal\/wp-json\/wp\/v2\/users\/12"}],"replies":[{"embeddable":true,"href":"https:\/\/www.pm.pb.gov.br\/portal\/wp-json\/wp\/v2\/comments?post=921331"}],"version-history":[{"count":1,"href":"https:\/\/www.pm.pb.gov.br\/portal\/wp-json\/wp\/v2\/posts\/921331\/revisions"}],"predecessor-version":[{"id":921332,"href":"https:\/\/www.pm.pb.gov.br\/portal\/wp-json\/wp\/v2\/posts\/921331\/revisions\/921332"}],"wp:featuredmedia":[{"embeddable":true,"href":"https:\/\/www.pm.pb.gov.br\/portal\/wp-json\/wp\/v2\/media\/917644"}],"wp:attachment":[{"href":"https:\/\/www.pm.pb.gov.br\/portal\/wp-json\/wp\/v2\/media?parent=921331"}],"wp:term":[{"taxonomy":"category","embeddable":true,"href":"https:\/\/www.pm.pb.gov.br\/portal\/wp-json\/wp\/v2\/categories?post=921331"},{"taxonomy":"post_tag","embeddable":true,"href":"https:\/\/www.pm.pb.gov.br\/portal\/wp-json\/wp\/v2\/tags?post=921331"}],"curies":[{"name":"wp","href":"https:\/\/api.w.org\/{rel}","templated":true}]}}