{"id":921329,"date":"2024-03-02T06:25:00","date_gmt":"2024-03-02T09:25:00","guid":{"rendered":"https:\/\/www.pm.pb.gov.br\/portal\/?p=921329"},"modified":"2024-03-02T10:30:00","modified_gmt":"2024-03-02T13:30:00","slug":"operacao-atria-de-combate-a-violencia-contra-a-mulher-tem-inicio-na-paraiba","status":"publish","type":"post","link":"https:\/\/www.pm.pb.gov.br\/portal\/2024\/03\/02\/operacao-atria-de-combate-a-violencia-contra-a-mulher-tem-inicio-na-paraiba\/","title":{"rendered":"Opera\u00e7\u00e3o \u00c1tria de combate \u00e0 viol\u00eancia contra a mulher tem in\u00edcio na Para\u00edba"},"content":{"rendered":"\n<p>Abrindo a programa\u00e7\u00e3o do m\u00eas da Mulher, o Governo da Para\u00edba, por meio da Secretaria da Seguran\u00e7a e da Defesa Social (Sesds), lan\u00e7ou, nessa sexta-feira (1\u00ba), a Opera\u00e7\u00e3o \u00c1tria, iniciativa do Minist\u00e9rio da Justi\u00e7a e Seguran\u00e7a P\u00fablica (MJSP) que visa combater e prevenir crimes de viol\u00eancia contra a mulher em raz\u00e3o de g\u00eanero (foto acima ilustrativa).<br \/><br \/>Na Para\u00edba, onde o \u00edndice de assassinato de mulheres teve redu\u00e7\u00e3o de 13% em 2023, a opera\u00e7\u00e3o acontecer\u00e1 at\u00e9 o dia 29 de mar\u00e7o. Ela ser\u00e1 executada de forma integrada entre os \u00f3rg\u00e3os operativos da seguran\u00e7a p\u00fablica (Pol\u00edcia Militar, Pol\u00edcia Civil, Corpo de Bombeiros Militar, Instituto de Pol\u00edcia Cient\u00edfica) com apoio dos tr\u00eas Centros Integrados de Comando e Controle (CICC), em parceria com outras institui\u00e7\u00f5es.<br \/><br \/>Com a opera\u00e7\u00e3o, ser\u00e3o intensificadas a apura\u00e7\u00e3o de den\u00fancias, instaura\u00e7\u00e3o de inqu\u00e9ritos policiais, realiza\u00e7\u00e3o de atendimentos \u00e0s v\u00edtimas de viol\u00eancia dom\u00e9stica e cumprimento de mandados de pris\u00e3o de agressores, al\u00e9m da busca por suspeitos e foragidos da Justi\u00e7a por feminic\u00eddio, viol\u00eancia f\u00edsica, psicol\u00f3gica, patrimonial, moral e sexual contra mulheres.<br \/><br \/>Paralelo \u00e0s a\u00e7\u00f5es ostensivas e repressivas, na Para\u00edba tamb\u00e9m ser\u00e3o realizadas atividades de conscientiza\u00e7\u00e3o com o intuito de prevenir o cometimento de crimes em raz\u00e3o de g\u00eanero. Al\u00e9m disso, o trabalho ser\u00e1 intensificado para que as v\u00edtimas de ciclos de viol\u00eancia saibam da exist\u00eancia de uma rede de apoio com a qual elas poder\u00e3o contar no momento em que decidirem pela den\u00fancia.<br \/><br \/><strong>Opera\u00e7\u00e3o \u00c1tria\u00a0<\/strong>&#8211; \u00c1tria \u00e9 o nome da principal estrela da constela\u00e7\u00e3o denominada \u201cTri\u00e2ngulo Austral\u201d do hemisf\u00e9rio estelar sul. Tem colora\u00e7\u00e3o alaranjada e consta na bandeira do Brasil. Em alus\u00e3o \u00e0 posi\u00e7\u00e3o de destaque da estrela, o nome dado \u00e0 opera\u00e7\u00e3o ilustra a ideia de reposicionar mulheres agredidas, retirando-as da condi\u00e7\u00e3o de v\u00edtima e as devolvendo ao seu lugar.<\/p>\n<p><em>Fonte: Secom-PB<\/em><\/p>\n\n\n","protected":false},"excerpt":{"rendered":"<p>Abrindo a programa\u00e7\u00e3o do m\u00eas da Mulher, o Governo da Para\u00edba, por meio da Secretaria da Seguran\u00e7a e da Defesa<\/p>\n","protected":false},"author":12,"featured_media":918560,"comment_status":"closed","ping_status":"closed","sticky":false,"template":"","format":"standard","meta":{"_exactmetrics_skip_tracking":false,"_exactmetrics_sitenote_active":false,"_exactmetrics_sitenote_note":"","_exactmetrics_sitenote_category":0,"footnotes":""},"categories":[4],"tags":[],"yoast_head":"<!-- This site is optimized with the Yoast SEO plugin v22.0 - https:\/\/yoast.com\/wordpress\/plugins\/seo\/ -->\n<title>Opera\u00e7\u00e3o \u00c1tria de combate \u00e0 viol\u00eancia contra a mulher tem in\u00edcio na Para\u00edba - Pol\u00edcia Militar da Para\u00edba<\/title>\n<meta name=\"description\" content=\"Na Para\u00edba, o \u00edndice de assassinato de mulheres teve redu\u00e7\u00e3o de 13% em 2023; Opera\u00e7\u00e3o acontecer\u00e1 at\u00e9 o dia 29 de mar\u00e7o, de forma integrada.\" \/>\n<meta name=\"robots\" content=\"index, follow, max-snippet:-1, max-image-preview:large, max-video-preview:-1\" \/>\n<link rel=\"canonical\" href=\"https:\/\/www.pm.pb.gov.br\/portal\/2024\/03\/02\/operacao-atria-de-combate-a-violencia-contra-a-mulher-tem-inicio-na-paraiba\/\" \/>\n<meta property=\"og:locale\" content=\"pt_BR\" \/>\n<meta property=\"og:type\" content=\"article\" \/>\n<meta property=\"og:title\" content=\"Opera\u00e7\u00e3o \u00c1tria de combate \u00e0 viol\u00eancia contra a mulher tem in\u00edcio na Para\u00edba - Pol\u00edcia Militar da Para\u00edba\" \/>\n<meta property=\"og:description\" content=\"Na Para\u00edba, o \u00edndice de assassinato de mulheres teve redu\u00e7\u00e3o de 13% em 2023; Opera\u00e7\u00e3o acontecer\u00e1 at\u00e9 o dia 29 de mar\u00e7o, de forma integrada.\" \/>\n<meta property=\"og:url\" content=\"https:\/\/www.pm.pb.gov.br\/portal\/2024\/03\/02\/operacao-atria-de-combate-a-violencia-contra-a-mulher-tem-inicio-na-paraiba\/\" \/>\n<meta property=\"og:site_name\" content=\"Pol\u00edcia Militar da Para\u00edba\" \/>\n<meta property=\"article:published_time\" content=\"2024-03-02T09:25:00+00:00\" \/>\n<meta property=\"article:modified_time\" content=\"2024-03-02T13:30:00+00:00\" \/>\n<meta property=\"og:image\" content=\"http:\/\/www.pm.pb.gov.br\/portal\/wp-content\/uploads\/2023\/10\/ilustrativa_cristo.jpeg\" \/>\n\t<meta property=\"og:image:width\" content=\"800\" \/>\n\t<meta property=\"og:image:height\" content=\"445\" \/>\n\t<meta property=\"og:image:type\" content=\"image\/jpeg\" \/>\n<meta name=\"author\" content=\"Tarcisio Oliveira\" \/>\n<meta name=\"twitter:card\" content=\"summary_large_image\" \/>\n<meta name=\"twitter:label1\" content=\"Escrito por\" \/>\n\t<meta name=\"twitter:data1\" content=\"Tarcisio Oliveira\" \/>\n\t<meta name=\"twitter:label2\" content=\"Est. tempo de leitura\" \/>\n\t<meta name=\"twitter:data2\" content=\"2 minutos\" \/>\n<script type=\"application\/ld+json\" class=\"yoast-schema-graph\">{\"@context\":\"https:\/\/schema.org\",\"@graph\":[{\"@type\":\"Article\",\"@id\":\"https:\/\/www.pm.pb.gov.br\/portal\/2024\/03\/02\/operacao-atria-de-combate-a-violencia-contra-a-mulher-tem-inicio-na-paraiba\/#article\",\"isPartOf\":{\"@id\":\"https:\/\/www.pm.pb.gov.br\/portal\/2024\/03\/02\/operacao-atria-de-combate-a-violencia-contra-a-mulher-tem-inicio-na-paraiba\/\"},\"author\":{\"name\":\"Tarcisio Oliveira\",\"@id\":\"https:\/\/www.pm.pb.gov.br\/portal\/#\/schema\/person\/f84f56dcc78ce4357054da888b8247fd\"},\"headline\":\"Opera\u00e7\u00e3o \u00c1tria de combate \u00e0 viol\u00eancia contra a mulher tem in\u00edcio na Para\u00edba\",\"datePublished\":\"2024-03-02T09:25:00+00:00\",\"dateModified\":\"2024-03-02T13:30:00+00:00\",\"mainEntityOfPage\":{\"@id\":\"https:\/\/www.pm.pb.gov.br\/portal\/2024\/03\/02\/operacao-atria-de-combate-a-violencia-contra-a-mulher-tem-inicio-na-paraiba\/\"},\"wordCount\":368,\"publisher\":{\"@id\":\"https:\/\/www.pm.pb.gov.br\/portal\/#organization\"},\"articleSection\":[\"A\u00e7\u00f5es Policiais\"],\"inLanguage\":\"pt-BR\"},{\"@type\":\"WebPage\",\"@id\":\"https:\/\/www.pm.pb.gov.br\/portal\/2024\/03\/02\/operacao-atria-de-combate-a-violencia-contra-a-mulher-tem-inicio-na-paraiba\/\",\"url\":\"https:\/\/www.pm.pb.gov.br\/portal\/2024\/03\/02\/operacao-atria-de-combate-a-violencia-contra-a-mulher-tem-inicio-na-paraiba\/\",\"name\":\"Opera\u00e7\u00e3o \u00c1tria de combate \u00e0 viol\u00eancia contra a mulher tem in\u00edcio na Para\u00edba - Pol\u00edcia Militar da Para\u00edba\",\"isPartOf\":{\"@id\":\"https:\/\/www.pm.pb.gov.br\/portal\/#website\"},\"datePublished\":\"2024-03-02T09:25:00+00:00\",\"dateModified\":\"2024-03-02T13:30:00+00:00\",\"description\":\"Na Para\u00edba, o \u00edndice de assassinato de mulheres teve redu\u00e7\u00e3o de 13% em 2023; Opera\u00e7\u00e3o acontecer\u00e1 at\u00e9 o dia 29 de mar\u00e7o, de forma integrada.\",\"breadcrumb\":{\"@id\":\"https:\/\/www.pm.pb.gov.br\/portal\/2024\/03\/02\/operacao-atria-de-combate-a-violencia-contra-a-mulher-tem-inicio-na-paraiba\/#breadcrumb\"},\"inLanguage\":\"pt-BR\",\"potentialAction\":[{\"@type\":\"ReadAction\",\"target\":[\"https:\/\/www.pm.pb.gov.br\/portal\/2024\/03\/02\/operacao-atria-de-combate-a-violencia-contra-a-mulher-tem-inicio-na-paraiba\/\"]}]},{\"@type\":\"BreadcrumbList\",\"@id\":\"https:\/\/www.pm.pb.gov.br\/portal\/2024\/03\/02\/operacao-atria-de-combate-a-violencia-contra-a-mulher-tem-inicio-na-paraiba\/#breadcrumb\",\"itemListElement\":[{\"@type\":\"ListItem\",\"position\":1,\"name\":\"In\u00edcio\",\"item\":\"https:\/\/www.pm.pb.gov.br\/portal\/\"},{\"@type\":\"ListItem\",\"position\":2,\"name\":\"Opera\u00e7\u00e3o \u00c1tria de combate \u00e0 viol\u00eancia contra a mulher tem in\u00edcio na Para\u00edba\"}]},{\"@type\":\"WebSite\",\"@id\":\"https:\/\/www.pm.pb.gov.br\/portal\/#website\",\"url\":\"https:\/\/www.pm.pb.gov.br\/portal\/\",\"name\":\"Pol\u00edcia Militar da Para\u00edba\",\"description\":\"\",\"publisher\":{\"@id\":\"https:\/\/www.pm.pb.gov.br\/portal\/#organization\"},\"potentialAction\":[{\"@type\":\"SearchAction\",\"target\":{\"@type\":\"EntryPoint\",\"urlTemplate\":\"https:\/\/www.pm.pb.gov.br\/portal\/?s={search_term_string}\"},\"query-input\":\"required name=search_term_string\"}],\"inLanguage\":\"pt-BR\"},{\"@type\":\"Organization\",\"@id\":\"https:\/\/www.pm.pb.gov.br\/portal\/#organization\",\"name\":\"Pol\u00edcia Militar da Para\u00edba\",\"url\":\"https:\/\/www.pm.pb.gov.br\/portal\/\",\"logo\":{\"@type\":\"ImageObject\",\"inLanguage\":\"pt-BR\",\"@id\":\"https:\/\/www.pm.pb.gov.br\/portal\/#\/schema\/logo\/image\/\",\"url\":\"https:\/\/www.pm.pb.gov.br\/portal\/wp-content\/uploads\/2025\/03\/cropped-logo-site-mag2-1.png\",\"contentUrl\":\"https:\/\/www.pm.pb.gov.br\/portal\/wp-content\/uploads\/2025\/03\/cropped-logo-site-mag2-1.png\",\"width\":320,\"height\":90,\"caption\":\"Pol\u00edcia Militar da Para\u00edba\"},\"image\":{\"@id\":\"https:\/\/www.pm.pb.gov.br\/portal\/#\/schema\/logo\/image\/\"}},{\"@type\":\"Person\",\"@id\":\"https:\/\/www.pm.pb.gov.br\/portal\/#\/schema\/person\/f84f56dcc78ce4357054da888b8247fd\",\"name\":\"Tarcisio Oliveira\",\"image\":{\"@type\":\"ImageObject\",\"inLanguage\":\"pt-BR\",\"@id\":\"https:\/\/www.pm.pb.gov.br\/portal\/#\/schema\/person\/image\/\",\"url\":\"https:\/\/secure.gravatar.com\/avatar\/72917b630b69d31cd0297507f34bac97?s=96&d=mm&r=g\",\"contentUrl\":\"https:\/\/secure.gravatar.com\/avatar\/72917b630b69d31cd0297507f34bac97?s=96&d=mm&r=g\",\"caption\":\"Tarcisio Oliveira\"},\"url\":\"https:\/\/www.pm.pb.gov.br\/portal\/author\/tarcisio\/\"}]}<\/script>\n<!-- \/ Yoast SEO plugin. -->","yoast_head_json":{"title":"Opera\u00e7\u00e3o \u00c1tria de combate \u00e0 viol\u00eancia contra a mulher tem in\u00edcio na Para\u00edba - Pol\u00edcia Militar da Para\u00edba","description":"Na Para\u00edba, o \u00edndice de assassinato de mulheres teve redu\u00e7\u00e3o de 13% em 2023; Opera\u00e7\u00e3o acontecer\u00e1 at\u00e9 o dia 29 de mar\u00e7o, de forma integrada.","robots":{"index":"index","follow":"follow","max-snippet":"max-snippet:-1","max-image-preview":"max-image-preview:large","max-video-preview":"max-video-preview:-1"},"canonical":"https:\/\/www.pm.pb.gov.br\/portal\/2024\/03\/02\/operacao-atria-de-combate-a-violencia-contra-a-mulher-tem-inicio-na-paraiba\/","og_locale":"pt_BR","og_type":"article","og_title":"Opera\u00e7\u00e3o \u00c1tria de combate \u00e0 viol\u00eancia contra a mulher tem in\u00edcio na Para\u00edba - Pol\u00edcia Militar da Para\u00edba","og_description":"Na Para\u00edba, o \u00edndice de assassinato de mulheres teve redu\u00e7\u00e3o de 13% em 2023; Opera\u00e7\u00e3o acontecer\u00e1 at\u00e9 o dia 29 de mar\u00e7o, de forma integrada.","og_url":"https:\/\/www.pm.pb.gov.br\/portal\/2024\/03\/02\/operacao-atria-de-combate-a-violencia-contra-a-mulher-tem-inicio-na-paraiba\/","og_site_name":"Pol\u00edcia Militar da Para\u00edba","article_published_time":"2024-03-02T09:25:00+00:00","article_modified_time":"2024-03-02T13:30:00+00:00","og_image":[{"width":800,"height":445,"url":"http:\/\/www.pm.pb.gov.br\/portal\/wp-content\/uploads\/2023\/10\/ilustrativa_cristo.jpeg","type":"image\/jpeg"}],"author":"Tarcisio Oliveira","twitter_card":"summary_large_image","twitter_misc":{"Escrito por":"Tarcisio Oliveira","Est. tempo de leitura":"2 minutos"},"schema":{"@context":"https:\/\/schema.org","@graph":[{"@type":"Article","@id":"https:\/\/www.pm.pb.gov.br\/portal\/2024\/03\/02\/operacao-atria-de-combate-a-violencia-contra-a-mulher-tem-inicio-na-paraiba\/#article","isPartOf":{"@id":"https:\/\/www.pm.pb.gov.br\/portal\/2024\/03\/02\/operacao-atria-de-combate-a-violencia-contra-a-mulher-tem-inicio-na-paraiba\/"},"author":{"name":"Tarcisio Oliveira","@id":"https:\/\/www.pm.pb.gov.br\/portal\/#\/schema\/person\/f84f56dcc78ce4357054da888b8247fd"},"headline":"Opera\u00e7\u00e3o \u00c1tria de combate \u00e0 viol\u00eancia contra a mulher tem in\u00edcio na Para\u00edba","datePublished":"2024-03-02T09:25:00+00:00","dateModified":"2024-03-02T13:30:00+00:00","mainEntityOfPage":{"@id":"https:\/\/www.pm.pb.gov.br\/portal\/2024\/03\/02\/operacao-atria-de-combate-a-violencia-contra-a-mulher-tem-inicio-na-paraiba\/"},"wordCount":368,"publisher":{"@id":"https:\/\/www.pm.pb.gov.br\/portal\/#organization"},"articleSection":["A\u00e7\u00f5es Policiais"],"inLanguage":"pt-BR"},{"@type":"WebPage","@id":"https:\/\/www.pm.pb.gov.br\/portal\/2024\/03\/02\/operacao-atria-de-combate-a-violencia-contra-a-mulher-tem-inicio-na-paraiba\/","url":"https:\/\/www.pm.pb.gov.br\/portal\/2024\/03\/02\/operacao-atria-de-combate-a-violencia-contra-a-mulher-tem-inicio-na-paraiba\/","name":"Opera\u00e7\u00e3o \u00c1tria de combate \u00e0 viol\u00eancia contra a mulher tem in\u00edcio na Para\u00edba - Pol\u00edcia Militar da Para\u00edba","isPartOf":{"@id":"https:\/\/www.pm.pb.gov.br\/portal\/#website"},"datePublished":"2024-03-02T09:25:00+00:00","dateModified":"2024-03-02T13:30:00+00:00","description":"Na Para\u00edba, o \u00edndice de assassinato de mulheres teve redu\u00e7\u00e3o de 13% em 2023; Opera\u00e7\u00e3o acontecer\u00e1 at\u00e9 o dia 29 de mar\u00e7o, de forma integrada.","breadcrumb":{"@id":"https:\/\/www.pm.pb.gov.br\/portal\/2024\/03\/02\/operacao-atria-de-combate-a-violencia-contra-a-mulher-tem-inicio-na-paraiba\/#breadcrumb"},"inLanguage":"pt-BR","potentialAction":[{"@type":"ReadAction","target":["https:\/\/www.pm.pb.gov.br\/portal\/2024\/03\/02\/operacao-atria-de-combate-a-violencia-contra-a-mulher-tem-inicio-na-paraiba\/"]}]},{"@type":"BreadcrumbList","@id":"https:\/\/www.pm.pb.gov.br\/portal\/2024\/03\/02\/operacao-atria-de-combate-a-violencia-contra-a-mulher-tem-inicio-na-paraiba\/#breadcrumb","itemListElement":[{"@type":"ListItem","position":1,"name":"In\u00edcio","item":"https:\/\/www.pm.pb.gov.br\/portal\/"},{"@type":"ListItem","position":2,"name":"Opera\u00e7\u00e3o \u00c1tria de combate \u00e0 viol\u00eancia contra a mulher tem in\u00edcio na Para\u00edba"}]},{"@type":"WebSite","@id":"https:\/\/www.pm.pb.gov.br\/portal\/#website","url":"https:\/\/www.pm.pb.gov.br\/portal\/","name":"Pol\u00edcia Militar da Para\u00edba","description":"","publisher":{"@id":"https:\/\/www.pm.pb.gov.br\/portal\/#organization"},"potentialAction":[{"@type":"SearchAction","target":{"@type":"EntryPoint","urlTemplate":"https:\/\/www.pm.pb.gov.br\/portal\/?s={search_term_string}"},"query-input":"required name=search_term_string"}],"inLanguage":"pt-BR"},{"@type":"Organization","@id":"https:\/\/www.pm.pb.gov.br\/portal\/#organization","name":"Pol\u00edcia Militar da Para\u00edba","url":"https:\/\/www.pm.pb.gov.br\/portal\/","logo":{"@type":"ImageObject","inLanguage":"pt-BR","@id":"https:\/\/www.pm.pb.gov.br\/portal\/#\/schema\/logo\/image\/","url":"https:\/\/www.pm.pb.gov.br\/portal\/wp-content\/uploads\/2025\/03\/cropped-logo-site-mag2-1.png","contentUrl":"https:\/\/www.pm.pb.gov.br\/portal\/wp-content\/uploads\/2025\/03\/cropped-logo-site-mag2-1.png","width":320,"height":90,"caption":"Pol\u00edcia Militar da Para\u00edba"},"image":{"@id":"https:\/\/www.pm.pb.gov.br\/portal\/#\/schema\/logo\/image\/"}},{"@type":"Person","@id":"https:\/\/www.pm.pb.gov.br\/portal\/#\/schema\/person\/f84f56dcc78ce4357054da888b8247fd","name":"Tarcisio Oliveira","image":{"@type":"ImageObject","inLanguage":"pt-BR","@id":"https:\/\/www.pm.pb.gov.br\/portal\/#\/schema\/person\/image\/","url":"https:\/\/secure.gravatar.com\/avatar\/72917b630b69d31cd0297507f34bac97?s=96&d=mm&r=g","contentUrl":"https:\/\/secure.gravatar.com\/avatar\/72917b630b69d31cd0297507f34bac97?s=96&d=mm&r=g","caption":"Tarcisio Oliveira"},"url":"https:\/\/www.pm.pb.gov.br\/portal\/author\/tarcisio\/"}]}},"_links":{"self":[{"href":"https:\/\/www.pm.pb.gov.br\/portal\/wp-json\/wp\/v2\/posts\/921329"}],"collection":[{"href":"https:\/\/www.pm.pb.gov.br\/portal\/wp-json\/wp\/v2\/posts"}],"about":[{"href":"https:\/\/www.pm.pb.gov.br\/portal\/wp-json\/wp\/v2\/types\/post"}],"author":[{"embeddable":true,"href":"https:\/\/www.pm.pb.gov.br\/portal\/wp-json\/wp\/v2\/users\/12"}],"replies":[{"embeddable":true,"href":"https:\/\/www.pm.pb.gov.br\/portal\/wp-json\/wp\/v2\/comments?post=921329"}],"version-history":[{"count":1,"href":"https:\/\/www.pm.pb.gov.br\/portal\/wp-json\/wp\/v2\/posts\/921329\/revisions"}],"predecessor-version":[{"id":921330,"href":"https:\/\/www.pm.pb.gov.br\/portal\/wp-json\/wp\/v2\/posts\/921329\/revisions\/921330"}],"wp:featuredmedia":[{"embeddable":true,"href":"https:\/\/www.pm.pb.gov.br\/portal\/wp-json\/wp\/v2\/media\/918560"}],"wp:attachment":[{"href":"https:\/\/www.pm.pb.gov.br\/portal\/wp-json\/wp\/v2\/media?parent=921329"}],"wp:term":[{"taxonomy":"category","embeddable":true,"href":"https:\/\/www.pm.pb.gov.br\/portal\/wp-json\/wp\/v2\/categories?post=921329"},{"taxonomy":"post_tag","embeddable":true,"href":"https:\/\/www.pm.pb.gov.br\/portal\/wp-json\/wp\/v2\/tags?post=921329"}],"curies":[{"name":"wp","href":"https:\/\/api.w.org\/{rel}","templated":true}]}}