{"id":921324,"date":"2024-03-02T07:10:00","date_gmt":"2024-03-02T10:10:00","guid":{"rendered":"https:\/\/www.pm.pb.gov.br\/portal\/?p=921324"},"modified":"2024-03-02T10:17:48","modified_gmt":"2024-03-02T13:17:48","slug":"marco-comeca-com-tres-presos-arma-colete-e-drogas-apreendidas-em-acoes-de-combate-ao-trafico-na-grande-joao-pessoa","status":"publish","type":"post","link":"https:\/\/www.pm.pb.gov.br\/portal\/2024\/03\/02\/marco-comeca-com-tres-presos-arma-colete-e-drogas-apreendidas-em-acoes-de-combate-ao-trafico-na-grande-joao-pessoa\/","title":{"rendered":"Mar\u00e7o come\u00e7a com tr\u00eas presos, arma, colete e drogas apreendidas em a\u00e7\u00f5es de combate ao tr\u00e1fico na grande Jo\u00e3o Pessoa"},"content":{"rendered":"\n<p>O m\u00eas de mar\u00e7o come\u00e7ou com combate ao tr\u00e1fico de drogas na grande Jo\u00e3o Pessoa. Na noite da \u00faltima sexta-feira e primeiras horas deste s\u00e1bado (2), a Pol\u00edcia Militar prendeu tr\u00eas acusados de tr\u00e1fico, apreendeu arma de fogo, colete bal\u00edstico e mais de 200 por\u00e7\u00f5es de diversos entorpecentes.<\/p>\n<p>As a\u00e7\u00f5es ocorreram em Jo\u00e3o Pessoa e em Santa Rita. No bairro de Colinas do Sul, um rev\u00f3lver calibre 38, um colete bal\u00edstico e uma capa para colete, 14 por\u00e7\u00f5es de subst\u00e2ncia an\u00e1loga a maconha, coca\u00edna, crack, al\u00e9m de balan\u00e7a de precis\u00e3o, foram apreendidas em um ponto de tr\u00e1fico (foto principal acima).<\/p>\n<p><img loading=\"lazy\" decoding=\"async\" class=\"size-medium wp-image-921327 aligncenter\" src=\"http:\/\/www.pm.pb.gov.br\/portal\/wp-content\/uploads\/2024\/03\/WhatsApp-Image-2024-03-01-at-23.42.00-497x445.jpeg\" alt=\"\" width=\"497\" height=\"445\" srcset=\"https:\/\/www.pm.pb.gov.br\/portal\/wp-content\/uploads\/2024\/03\/WhatsApp-Image-2024-03-01-at-23.42.00-497x445.jpeg 497w, https:\/\/www.pm.pb.gov.br\/portal\/wp-content\/uploads\/2024\/03\/WhatsApp-Image-2024-03-01-at-23.42.00-636x570.jpeg 636w, https:\/\/www.pm.pb.gov.br\/portal\/wp-content\/uploads\/2024\/03\/WhatsApp-Image-2024-03-01-at-23.42.00-768x688.jpeg 768w, https:\/\/www.pm.pb.gov.br\/portal\/wp-content\/uploads\/2024\/03\/WhatsApp-Image-2024-03-01-at-23.42.00-1536x1376.jpeg 1536w, https:\/\/www.pm.pb.gov.br\/portal\/wp-content\/uploads\/2024\/03\/WhatsApp-Image-2024-03-01-at-23.42.00.jpeg 1600w\" sizes=\"(max-width: 497px) 100vw, 497px\" \/><\/p>\n<p>Em V\u00e1rzea Nova, quase 100 por\u00e7\u00f5es de maconha e coca\u00edna foram apreendidas com um homem que tamb\u00e9m estava com dinheiro e balan\u00e7a de precis\u00e3o (foto acima). J\u00e1 em Tambi\u00e1, ainda na noite de sexta, a PM apreendeu 114 por\u00e7\u00f5es de maconha e coca\u00edna com dois homens. Mais de R$ 400 tamb\u00e9m foram apreendidos na a\u00e7\u00e3o (foto abaixo).<\/p>\n<p><img loading=\"lazy\" decoding=\"async\" class=\"size-medium wp-image-921326 aligncenter\" src=\"http:\/\/www.pm.pb.gov.br\/portal\/wp-content\/uploads\/2024\/03\/WhatsApp-Image-2024-03-01-at-23.01.01-536x445.jpeg\" alt=\"\" width=\"536\" height=\"445\" srcset=\"https:\/\/www.pm.pb.gov.br\/portal\/wp-content\/uploads\/2024\/03\/WhatsApp-Image-2024-03-01-at-23.01.01-536x445.jpeg 536w, https:\/\/www.pm.pb.gov.br\/portal\/wp-content\/uploads\/2024\/03\/WhatsApp-Image-2024-03-01-at-23.01.01-686x570.jpeg 686w, https:\/\/www.pm.pb.gov.br\/portal\/wp-content\/uploads\/2024\/03\/WhatsApp-Image-2024-03-01-at-23.01.01-768x638.jpeg 768w, https:\/\/www.pm.pb.gov.br\/portal\/wp-content\/uploads\/2024\/03\/WhatsApp-Image-2024-03-01-at-23.01.01.jpeg 1201w\" sizes=\"(max-width: 536px) 100vw, 536px\" \/><\/p>\n<p>As ocorr\u00eancias foram encaminhadas para as delegacias para a devida apura\u00e7\u00e3o. Novas a\u00e7\u00f5es preventivas e de combate ao tr\u00e1fico devem acontecer neste final de semana.<\/p>\n\n\n","protected":false},"excerpt":{"rendered":"<p>O m\u00eas de mar\u00e7o come\u00e7ou com combate ao tr\u00e1fico de drogas na grande Jo\u00e3o Pessoa. Na noite da \u00faltima sexta-feira<\/p>\n","protected":false},"author":12,"featured_media":921325,"comment_status":"closed","ping_status":"closed","sticky":false,"template":"","format":"standard","meta":{"_exactmetrics_skip_tracking":false,"_exactmetrics_sitenote_active":false,"_exactmetrics_sitenote_note":"","_exactmetrics_sitenote_category":0,"footnotes":""},"categories":[4],"tags":[],"yoast_head":"<!-- This site is optimized with the Yoast SEO plugin v22.0 - https:\/\/yoast.com\/wordpress\/plugins\/seo\/ -->\n<title>Mar\u00e7o come\u00e7a com tr\u00eas presos, arma, colete e drogas apreendidas em a\u00e7\u00f5es de combate ao tr\u00e1fico na grande Jo\u00e3o Pessoa - Pol\u00edcia Militar da Para\u00edba<\/title>\n<meta name=\"description\" content=\"Novas a\u00e7\u00f5es preventivas e de combate ao tr\u00e1fico devem acontecer neste final de semana na regi\u00e3o metropolitana de Jo\u00e3o Pessoa.\" \/>\n<meta name=\"robots\" content=\"index, follow, max-snippet:-1, max-image-preview:large, max-video-preview:-1\" \/>\n<link rel=\"canonical\" href=\"https:\/\/www.pm.pb.gov.br\/portal\/2024\/03\/02\/marco-comeca-com-tres-presos-arma-colete-e-drogas-apreendidas-em-acoes-de-combate-ao-trafico-na-grande-joao-pessoa\/\" \/>\n<meta property=\"og:locale\" content=\"pt_BR\" \/>\n<meta property=\"og:type\" content=\"article\" \/>\n<meta property=\"og:title\" content=\"Mar\u00e7o come\u00e7a com tr\u00eas presos, arma, colete e drogas apreendidas em a\u00e7\u00f5es de combate ao tr\u00e1fico na grande Jo\u00e3o Pessoa - Pol\u00edcia Militar da Para\u00edba\" \/>\n<meta property=\"og:description\" content=\"Novas a\u00e7\u00f5es preventivas e de combate ao tr\u00e1fico devem acontecer neste final de semana na regi\u00e3o metropolitana de Jo\u00e3o Pessoa.\" \/>\n<meta property=\"og:url\" content=\"https:\/\/www.pm.pb.gov.br\/portal\/2024\/03\/02\/marco-comeca-com-tres-presos-arma-colete-e-drogas-apreendidas-em-acoes-de-combate-ao-trafico-na-grande-joao-pessoa\/\" \/>\n<meta property=\"og:site_name\" content=\"Pol\u00edcia Militar da Para\u00edba\" \/>\n<meta property=\"article:published_time\" content=\"2024-03-02T10:10:00+00:00\" \/>\n<meta property=\"article:modified_time\" content=\"2024-03-02T13:17:48+00:00\" \/>\n<meta property=\"og:image\" content=\"http:\/\/www.pm.pb.gov.br\/portal\/wp-content\/uploads\/2024\/03\/drogas1.jpeg\" \/>\n\t<meta property=\"og:image:width\" content=\"800\" \/>\n\t<meta property=\"og:image:height\" content=\"445\" \/>\n\t<meta property=\"og:image:type\" content=\"image\/jpeg\" \/>\n<meta name=\"author\" content=\"Tarcisio Oliveira\" \/>\n<meta name=\"twitter:card\" content=\"summary_large_image\" \/>\n<meta name=\"twitter:label1\" content=\"Escrito por\" \/>\n\t<meta name=\"twitter:data1\" content=\"Tarcisio Oliveira\" \/>\n\t<meta name=\"twitter:label2\" content=\"Est. tempo de leitura\" \/>\n\t<meta name=\"twitter:data2\" content=\"2 minutos\" \/>\n<script type=\"application\/ld+json\" class=\"yoast-schema-graph\">{\"@context\":\"https:\/\/schema.org\",\"@graph\":[{\"@type\":\"Article\",\"@id\":\"https:\/\/www.pm.pb.gov.br\/portal\/2024\/03\/02\/marco-comeca-com-tres-presos-arma-colete-e-drogas-apreendidas-em-acoes-de-combate-ao-trafico-na-grande-joao-pessoa\/#article\",\"isPartOf\":{\"@id\":\"https:\/\/www.pm.pb.gov.br\/portal\/2024\/03\/02\/marco-comeca-com-tres-presos-arma-colete-e-drogas-apreendidas-em-acoes-de-combate-ao-trafico-na-grande-joao-pessoa\/\"},\"author\":{\"name\":\"Tarcisio Oliveira\",\"@id\":\"https:\/\/www.pm.pb.gov.br\/portal\/#\/schema\/person\/f84f56dcc78ce4357054da888b8247fd\"},\"headline\":\"Mar\u00e7o come\u00e7a com tr\u00eas presos, arma, colete e drogas apreendidas em a\u00e7\u00f5es de combate ao tr\u00e1fico na grande Jo\u00e3o Pessoa\",\"datePublished\":\"2024-03-02T10:10:00+00:00\",\"dateModified\":\"2024-03-02T13:17:48+00:00\",\"mainEntityOfPage\":{\"@id\":\"https:\/\/www.pm.pb.gov.br\/portal\/2024\/03\/02\/marco-comeca-com-tres-presos-arma-colete-e-drogas-apreendidas-em-acoes-de-combate-ao-trafico-na-grande-joao-pessoa\/\"},\"wordCount\":238,\"publisher\":{\"@id\":\"https:\/\/www.pm.pb.gov.br\/portal\/#organization\"},\"articleSection\":[\"A\u00e7\u00f5es Policiais\"],\"inLanguage\":\"pt-BR\"},{\"@type\":\"WebPage\",\"@id\":\"https:\/\/www.pm.pb.gov.br\/portal\/2024\/03\/02\/marco-comeca-com-tres-presos-arma-colete-e-drogas-apreendidas-em-acoes-de-combate-ao-trafico-na-grande-joao-pessoa\/\",\"url\":\"https:\/\/www.pm.pb.gov.br\/portal\/2024\/03\/02\/marco-comeca-com-tres-presos-arma-colete-e-drogas-apreendidas-em-acoes-de-combate-ao-trafico-na-grande-joao-pessoa\/\",\"name\":\"Mar\u00e7o come\u00e7a com tr\u00eas presos, arma, colete e drogas apreendidas em a\u00e7\u00f5es de combate ao tr\u00e1fico na grande Jo\u00e3o Pessoa - Pol\u00edcia Militar da Para\u00edba\",\"isPartOf\":{\"@id\":\"https:\/\/www.pm.pb.gov.br\/portal\/#website\"},\"datePublished\":\"2024-03-02T10:10:00+00:00\",\"dateModified\":\"2024-03-02T13:17:48+00:00\",\"description\":\"Novas a\u00e7\u00f5es preventivas e de combate ao tr\u00e1fico devem acontecer neste final de semana na regi\u00e3o metropolitana de Jo\u00e3o Pessoa.\",\"breadcrumb\":{\"@id\":\"https:\/\/www.pm.pb.gov.br\/portal\/2024\/03\/02\/marco-comeca-com-tres-presos-arma-colete-e-drogas-apreendidas-em-acoes-de-combate-ao-trafico-na-grande-joao-pessoa\/#breadcrumb\"},\"inLanguage\":\"pt-BR\",\"potentialAction\":[{\"@type\":\"ReadAction\",\"target\":[\"https:\/\/www.pm.pb.gov.br\/portal\/2024\/03\/02\/marco-comeca-com-tres-presos-arma-colete-e-drogas-apreendidas-em-acoes-de-combate-ao-trafico-na-grande-joao-pessoa\/\"]}]},{\"@type\":\"BreadcrumbList\",\"@id\":\"https:\/\/www.pm.pb.gov.br\/portal\/2024\/03\/02\/marco-comeca-com-tres-presos-arma-colete-e-drogas-apreendidas-em-acoes-de-combate-ao-trafico-na-grande-joao-pessoa\/#breadcrumb\",\"itemListElement\":[{\"@type\":\"ListItem\",\"position\":1,\"name\":\"In\u00edcio\",\"item\":\"https:\/\/www.pm.pb.gov.br\/portal\/\"},{\"@type\":\"ListItem\",\"position\":2,\"name\":\"Mar\u00e7o come\u00e7a com tr\u00eas presos, arma, colete e drogas apreendidas em a\u00e7\u00f5es de combate ao tr\u00e1fico na grande Jo\u00e3o Pessoa\"}]},{\"@type\":\"WebSite\",\"@id\":\"https:\/\/www.pm.pb.gov.br\/portal\/#website\",\"url\":\"https:\/\/www.pm.pb.gov.br\/portal\/\",\"name\":\"Pol\u00edcia Militar da Para\u00edba\",\"description\":\"\",\"publisher\":{\"@id\":\"https:\/\/www.pm.pb.gov.br\/portal\/#organization\"},\"potentialAction\":[{\"@type\":\"SearchAction\",\"target\":{\"@type\":\"EntryPoint\",\"urlTemplate\":\"https:\/\/www.pm.pb.gov.br\/portal\/?s={search_term_string}\"},\"query-input\":\"required name=search_term_string\"}],\"inLanguage\":\"pt-BR\"},{\"@type\":\"Organization\",\"@id\":\"https:\/\/www.pm.pb.gov.br\/portal\/#organization\",\"name\":\"Pol\u00edcia Militar da Para\u00edba\",\"url\":\"https:\/\/www.pm.pb.gov.br\/portal\/\",\"logo\":{\"@type\":\"ImageObject\",\"inLanguage\":\"pt-BR\",\"@id\":\"https:\/\/www.pm.pb.gov.br\/portal\/#\/schema\/logo\/image\/\",\"url\":\"https:\/\/www.pm.pb.gov.br\/portal\/wp-content\/uploads\/2025\/03\/cropped-logo-site-mag2-1.png\",\"contentUrl\":\"https:\/\/www.pm.pb.gov.br\/portal\/wp-content\/uploads\/2025\/03\/cropped-logo-site-mag2-1.png\",\"width\":320,\"height\":90,\"caption\":\"Pol\u00edcia Militar da Para\u00edba\"},\"image\":{\"@id\":\"https:\/\/www.pm.pb.gov.br\/portal\/#\/schema\/logo\/image\/\"}},{\"@type\":\"Person\",\"@id\":\"https:\/\/www.pm.pb.gov.br\/portal\/#\/schema\/person\/f84f56dcc78ce4357054da888b8247fd\",\"name\":\"Tarcisio Oliveira\",\"image\":{\"@type\":\"ImageObject\",\"inLanguage\":\"pt-BR\",\"@id\":\"https:\/\/www.pm.pb.gov.br\/portal\/#\/schema\/person\/image\/\",\"url\":\"https:\/\/secure.gravatar.com\/avatar\/72917b630b69d31cd0297507f34bac97?s=96&d=mm&r=g\",\"contentUrl\":\"https:\/\/secure.gravatar.com\/avatar\/72917b630b69d31cd0297507f34bac97?s=96&d=mm&r=g\",\"caption\":\"Tarcisio Oliveira\"},\"url\":\"https:\/\/www.pm.pb.gov.br\/portal\/author\/tarcisio\/\"}]}<\/script>\n<!-- \/ Yoast SEO plugin. -->","yoast_head_json":{"title":"Mar\u00e7o come\u00e7a com tr\u00eas presos, arma, colete e drogas apreendidas em a\u00e7\u00f5es de combate ao tr\u00e1fico na grande Jo\u00e3o Pessoa - Pol\u00edcia Militar da Para\u00edba","description":"Novas a\u00e7\u00f5es preventivas e de combate ao tr\u00e1fico devem acontecer neste final de semana na regi\u00e3o metropolitana de Jo\u00e3o Pessoa.","robots":{"index":"index","follow":"follow","max-snippet":"max-snippet:-1","max-image-preview":"max-image-preview:large","max-video-preview":"max-video-preview:-1"},"canonical":"https:\/\/www.pm.pb.gov.br\/portal\/2024\/03\/02\/marco-comeca-com-tres-presos-arma-colete-e-drogas-apreendidas-em-acoes-de-combate-ao-trafico-na-grande-joao-pessoa\/","og_locale":"pt_BR","og_type":"article","og_title":"Mar\u00e7o come\u00e7a com tr\u00eas presos, arma, colete e drogas apreendidas em a\u00e7\u00f5es de combate ao tr\u00e1fico na grande Jo\u00e3o Pessoa - Pol\u00edcia Militar da Para\u00edba","og_description":"Novas a\u00e7\u00f5es preventivas e de combate ao tr\u00e1fico devem acontecer neste final de semana na regi\u00e3o metropolitana de Jo\u00e3o Pessoa.","og_url":"https:\/\/www.pm.pb.gov.br\/portal\/2024\/03\/02\/marco-comeca-com-tres-presos-arma-colete-e-drogas-apreendidas-em-acoes-de-combate-ao-trafico-na-grande-joao-pessoa\/","og_site_name":"Pol\u00edcia Militar da Para\u00edba","article_published_time":"2024-03-02T10:10:00+00:00","article_modified_time":"2024-03-02T13:17:48+00:00","og_image":[{"width":800,"height":445,"url":"http:\/\/www.pm.pb.gov.br\/portal\/wp-content\/uploads\/2024\/03\/drogas1.jpeg","type":"image\/jpeg"}],"author":"Tarcisio Oliveira","twitter_card":"summary_large_image","twitter_misc":{"Escrito por":"Tarcisio Oliveira","Est. tempo de leitura":"2 minutos"},"schema":{"@context":"https:\/\/schema.org","@graph":[{"@type":"Article","@id":"https:\/\/www.pm.pb.gov.br\/portal\/2024\/03\/02\/marco-comeca-com-tres-presos-arma-colete-e-drogas-apreendidas-em-acoes-de-combate-ao-trafico-na-grande-joao-pessoa\/#article","isPartOf":{"@id":"https:\/\/www.pm.pb.gov.br\/portal\/2024\/03\/02\/marco-comeca-com-tres-presos-arma-colete-e-drogas-apreendidas-em-acoes-de-combate-ao-trafico-na-grande-joao-pessoa\/"},"author":{"name":"Tarcisio Oliveira","@id":"https:\/\/www.pm.pb.gov.br\/portal\/#\/schema\/person\/f84f56dcc78ce4357054da888b8247fd"},"headline":"Mar\u00e7o come\u00e7a com tr\u00eas presos, arma, colete e drogas apreendidas em a\u00e7\u00f5es de combate ao tr\u00e1fico na grande Jo\u00e3o Pessoa","datePublished":"2024-03-02T10:10:00+00:00","dateModified":"2024-03-02T13:17:48+00:00","mainEntityOfPage":{"@id":"https:\/\/www.pm.pb.gov.br\/portal\/2024\/03\/02\/marco-comeca-com-tres-presos-arma-colete-e-drogas-apreendidas-em-acoes-de-combate-ao-trafico-na-grande-joao-pessoa\/"},"wordCount":238,"publisher":{"@id":"https:\/\/www.pm.pb.gov.br\/portal\/#organization"},"articleSection":["A\u00e7\u00f5es Policiais"],"inLanguage":"pt-BR"},{"@type":"WebPage","@id":"https:\/\/www.pm.pb.gov.br\/portal\/2024\/03\/02\/marco-comeca-com-tres-presos-arma-colete-e-drogas-apreendidas-em-acoes-de-combate-ao-trafico-na-grande-joao-pessoa\/","url":"https:\/\/www.pm.pb.gov.br\/portal\/2024\/03\/02\/marco-comeca-com-tres-presos-arma-colete-e-drogas-apreendidas-em-acoes-de-combate-ao-trafico-na-grande-joao-pessoa\/","name":"Mar\u00e7o come\u00e7a com tr\u00eas presos, arma, colete e drogas apreendidas em a\u00e7\u00f5es de combate ao tr\u00e1fico na grande Jo\u00e3o Pessoa - Pol\u00edcia Militar da Para\u00edba","isPartOf":{"@id":"https:\/\/www.pm.pb.gov.br\/portal\/#website"},"datePublished":"2024-03-02T10:10:00+00:00","dateModified":"2024-03-02T13:17:48+00:00","description":"Novas a\u00e7\u00f5es preventivas e de combate ao tr\u00e1fico devem acontecer neste final de semana na regi\u00e3o metropolitana de Jo\u00e3o Pessoa.","breadcrumb":{"@id":"https:\/\/www.pm.pb.gov.br\/portal\/2024\/03\/02\/marco-comeca-com-tres-presos-arma-colete-e-drogas-apreendidas-em-acoes-de-combate-ao-trafico-na-grande-joao-pessoa\/#breadcrumb"},"inLanguage":"pt-BR","potentialAction":[{"@type":"ReadAction","target":["https:\/\/www.pm.pb.gov.br\/portal\/2024\/03\/02\/marco-comeca-com-tres-presos-arma-colete-e-drogas-apreendidas-em-acoes-de-combate-ao-trafico-na-grande-joao-pessoa\/"]}]},{"@type":"BreadcrumbList","@id":"https:\/\/www.pm.pb.gov.br\/portal\/2024\/03\/02\/marco-comeca-com-tres-presos-arma-colete-e-drogas-apreendidas-em-acoes-de-combate-ao-trafico-na-grande-joao-pessoa\/#breadcrumb","itemListElement":[{"@type":"ListItem","position":1,"name":"In\u00edcio","item":"https:\/\/www.pm.pb.gov.br\/portal\/"},{"@type":"ListItem","position":2,"name":"Mar\u00e7o come\u00e7a com tr\u00eas presos, arma, colete e drogas apreendidas em a\u00e7\u00f5es de combate ao tr\u00e1fico na grande Jo\u00e3o Pessoa"}]},{"@type":"WebSite","@id":"https:\/\/www.pm.pb.gov.br\/portal\/#website","url":"https:\/\/www.pm.pb.gov.br\/portal\/","name":"Pol\u00edcia Militar da Para\u00edba","description":"","publisher":{"@id":"https:\/\/www.pm.pb.gov.br\/portal\/#organization"},"potentialAction":[{"@type":"SearchAction","target":{"@type":"EntryPoint","urlTemplate":"https:\/\/www.pm.pb.gov.br\/portal\/?s={search_term_string}"},"query-input":"required name=search_term_string"}],"inLanguage":"pt-BR"},{"@type":"Organization","@id":"https:\/\/www.pm.pb.gov.br\/portal\/#organization","name":"Pol\u00edcia Militar da Para\u00edba","url":"https:\/\/www.pm.pb.gov.br\/portal\/","logo":{"@type":"ImageObject","inLanguage":"pt-BR","@id":"https:\/\/www.pm.pb.gov.br\/portal\/#\/schema\/logo\/image\/","url":"https:\/\/www.pm.pb.gov.br\/portal\/wp-content\/uploads\/2025\/03\/cropped-logo-site-mag2-1.png","contentUrl":"https:\/\/www.pm.pb.gov.br\/portal\/wp-content\/uploads\/2025\/03\/cropped-logo-site-mag2-1.png","width":320,"height":90,"caption":"Pol\u00edcia Militar da Para\u00edba"},"image":{"@id":"https:\/\/www.pm.pb.gov.br\/portal\/#\/schema\/logo\/image\/"}},{"@type":"Person","@id":"https:\/\/www.pm.pb.gov.br\/portal\/#\/schema\/person\/f84f56dcc78ce4357054da888b8247fd","name":"Tarcisio Oliveira","image":{"@type":"ImageObject","inLanguage":"pt-BR","@id":"https:\/\/www.pm.pb.gov.br\/portal\/#\/schema\/person\/image\/","url":"https:\/\/secure.gravatar.com\/avatar\/72917b630b69d31cd0297507f34bac97?s=96&d=mm&r=g","contentUrl":"https:\/\/secure.gravatar.com\/avatar\/72917b630b69d31cd0297507f34bac97?s=96&d=mm&r=g","caption":"Tarcisio Oliveira"},"url":"https:\/\/www.pm.pb.gov.br\/portal\/author\/tarcisio\/"}]}},"_links":{"self":[{"href":"https:\/\/www.pm.pb.gov.br\/portal\/wp-json\/wp\/v2\/posts\/921324"}],"collection":[{"href":"https:\/\/www.pm.pb.gov.br\/portal\/wp-json\/wp\/v2\/posts"}],"about":[{"href":"https:\/\/www.pm.pb.gov.br\/portal\/wp-json\/wp\/v2\/types\/post"}],"author":[{"embeddable":true,"href":"https:\/\/www.pm.pb.gov.br\/portal\/wp-json\/wp\/v2\/users\/12"}],"replies":[{"embeddable":true,"href":"https:\/\/www.pm.pb.gov.br\/portal\/wp-json\/wp\/v2\/comments?post=921324"}],"version-history":[{"count":1,"href":"https:\/\/www.pm.pb.gov.br\/portal\/wp-json\/wp\/v2\/posts\/921324\/revisions"}],"predecessor-version":[{"id":921328,"href":"https:\/\/www.pm.pb.gov.br\/portal\/wp-json\/wp\/v2\/posts\/921324\/revisions\/921328"}],"wp:featuredmedia":[{"embeddable":true,"href":"https:\/\/www.pm.pb.gov.br\/portal\/wp-json\/wp\/v2\/media\/921325"}],"wp:attachment":[{"href":"https:\/\/www.pm.pb.gov.br\/portal\/wp-json\/wp\/v2\/media?parent=921324"}],"wp:term":[{"taxonomy":"category","embeddable":true,"href":"https:\/\/www.pm.pb.gov.br\/portal\/wp-json\/wp\/v2\/categories?post=921324"},{"taxonomy":"post_tag","embeddable":true,"href":"https:\/\/www.pm.pb.gov.br\/portal\/wp-json\/wp\/v2\/tags?post=921324"}],"curies":[{"name":"wp","href":"https:\/\/api.w.org\/{rel}","templated":true}]}}